{"id":42263,"date":"2020-01-14T13:59:01","date_gmt":"2020-01-14T12:59:01","guid":{"rendered":"https:\/\/mont-roig.cat\/actualitat\/noticies\/lajuntament-de-mont-roig-del-camp-signa-de-nou-el-conveni-corner-2020-per-promocionar-la-costa-daurada\/"},"modified":"2020-01-14T14:07:43","modified_gmt":"2020-01-14T13:07:43","slug":"lajuntament-de-mont-roig-del-camp-signa-de-nou-el-conveni-corner-2020-per-promocionar-la-costa-daurada","status":"publish","type":"post","link":"https:\/\/mont-roig.cat\/es\/actualitat\/noticies\/lajuntament-de-mont-roig-del-camp-signa-de-nou-el-conveni-corner-2020-per-promocionar-la-costa-daurada\/","title":{"rendered":"El Ayuntamiento de Mont-roig del Camp firma de nuevo el convenio Corner 2020 para promocionar la Costa Daurada"},"content":{"rendered":"<ul>\n<li><strong><strong><a href=\"https:\/\/mont-roig.cat\/wp-content\/uploads\/Fran-Moancho-signant-el-conveni-c\u00f3rner-Diputaci\u00f3.jpg\"><img loading=\"lazy\" decoding=\"async\" class=\"alignright wp-image-42259\" src=\"https:\/\/mont-roig.cat\/wp-content\/uploads\/Fran-Moancho-signant-el-conveni-c\u00f3rner-Diputaci\u00f3.jpg\" alt=\"\" width=\"323\" height=\"242\" srcset=\"https:\/\/mont-roig.cat\/wp-content\/uploads\/Fran-Moancho-signant-el-conveni-c\u00f3rner-Diputaci\u00f3.jpg 1600w, https:\/\/mont-roig.cat\/wp-content\/uploads\/Fran-Moancho-signant-el-conveni-c\u00f3rner-Diputaci\u00f3-500x375.jpg 500w, https:\/\/mont-roig.cat\/wp-content\/uploads\/Fran-Moancho-signant-el-conveni-c\u00f3rner-Diputaci\u00f3-1024x768.jpg 1024w, https:\/\/mont-roig.cat\/wp-content\/uploads\/Fran-Moancho-signant-el-conveni-c\u00f3rner-Diputaci\u00f3-768x576.jpg 768w, https:\/\/mont-roig.cat\/wp-content\/uploads\/Fran-Moancho-signant-el-conveni-c\u00f3rner-Diputaci\u00f3-1536x1152.jpg 1536w, https:\/\/mont-roig.cat\/wp-content\/uploads\/Fran-Moancho-signant-el-conveni-c\u00f3rner-Diputaci\u00f3-463x348.jpg 463w\" sizes=\"auto, (max-width: 323px) 100vw, 323px\" \/><\/a><\/strong><\/strong>\n<div class=\"jhH5U r-iGTtlayHQ_BA\" data-rtid=\"iGTtlayHQ_BA\">\n<div id=\"tw-ob\" class=\"tw-src-ltr\">\n<div class=\"oSioSc\">\n<div id=\"tw-target\">\n<div id=\"kAz1tf\" class=\"g9WsWb\">\n<div id=\"tw-target-text-container\" class=\"tw-ta-container tw-nfl\" tabindex=\"0\">\n<p id=\"tw-target-text\" class=\"tw-data-text tw-text-large tw-ta\" dir=\"ltr\" data-placeholder=\"Traducci\u00f3\"><strong><span lang=\"es\">Un total de 27 entes p\u00fablicos y privados, entre ellos Mont-<\/span><\/strong><strong><span lang=\"es\">roig Miami Turisme, han suscrito hoy el acuerdo que regula la participaci\u00f3n conjunta de todas las entidades en ferias nacionales, estatales e internacionales, adem\u00e1s de diversas acciones de promoci\u00f3n de la Costa Daurada, de la mano del Patronat de Turisme de la Diputaci\u00f3 de Tarragona.<\/span><\/strong><\/p>\n<\/div>\n<div id=\"z6maec\" class=\"tw-ta-container tw-nfl\">\n<pre id=\"tw-target-rmn\" class=\"tw-data-placeholder tw-text-small tw-ta\" dir=\"ltr\" data-placeholder=\"\"><\/pre>\n<\/div>\n<\/div>\n<\/div>\n<\/div>\n<\/div>\n<\/div>\n<\/li>\n<\/ul>\n<p>En su 17\u00aa edici\u00f3n, el convenio Corner prev\u00e9 la participaci\u00f3n en cinco ferias internacionales, tres ferias estatales y una nacional. Adem\u00e1s, tambi\u00e9n incluye otras acciones de marketing para dar a conocer los atractivos tur\u00edsticos de los municipios participantes en los mercados m\u00e1s importantes. La inversi\u00f3n global y conjunta ser\u00e1 de 411.335 euros (un 19% m\u00e1s respecto 2019) de los cuales la Diputaci\u00f3 de Tarragona asumir\u00e1 263.235 euros, cifra que representa un 64% del total.<\/p>\n<p><img loading=\"lazy\" decoding=\"async\" class=\"wp-image-42258 alignright\" src=\"https:\/\/mont-roig.cat\/wp-content\/uploads\/conveni-corner-foto-grupal-dipta.jpg\" alt=\"\" width=\"420\" height=\"280\" \/>El acto de firma del convenio ha tenido lugar en el sal\u00f3n de plenos de la Diputaci\u00f3 de Tarragona y ha contado con la presencia de su presidenta, Noem\u00ed Llaurad\u00f3, y de la presidenta del Patronat de Turisme, Meritxell Roig\u00e9. Los firmantes del acuerdo por este 2.020 son entes p\u00fablicos locales como los ayuntamientos Altafulla, Calafell, Cambrils, Creixell, Cunit, Mont-roig del Camp, Reus, Roda de Bar\u00e1, Salou, Tarragona, Torredembarra, Vandell\u00f3s\/L&#8217;Hospitalet de l&#8217;Infant, el Vendrell, y Vila-seca; los consejos comarcales del Baix Camp, Priorat y Conca de Barber\u00e0-La Ruta del Cister; asociaciones empresariales y entidades del \u00e1mbito privado como la Asociaci\u00f3n Hotelera Salou-Cambrils-La Pineda, la Asociaci\u00f3n de Empresarios de Hosteler\u00eda de la Provincia de Tarragona, la Asociaci\u00f3n de Campings de la Costa Dorada y las Terres de l&#8217;Ebre, la Asociaci\u00f3n de Apartamentos Tur\u00edsticos de la Costa Dorada, la Asociaci\u00f3n Costa Dorada Destino de Golf y Pitch &amp; Putt, la Estaci\u00f3n N\u00e1utica Costa Daurada, la C\u00e1mara de Comercio de Reus, Aquopolis, PortAventuraWorld; y el Patronat de Turisme de la Diputaci\u00f3n de Tarragona. El alcalde de Mont-roig del Camp, Fran Morancho, ha asistido a la presentaci\u00f3n de este convenio de colaboraci\u00f3n.<\/p>\n<p><img loading=\"lazy\" decoding=\"async\" class=\" wp-image-42256 alignright\" src=\"https:\/\/mont-roig.cat\/wp-content\/uploads\/conveni-corner-2020-dipta-salo-plens-1.jpg\" alt=\"\" width=\"313\" height=\"234\" \/><strong>Presencia en los principales mercados nacionales e internacionales<\/strong><\/p>\n<p>El convenio Corner prev\u00e9 la participaci\u00f3n en un total de diez acciones de promoci\u00f3n &#8211; una m\u00e1s que el a\u00f1o 2019 -con presencia en cert\u00e1menes feriales y otros eventos, bajo el paraguas de la Ag\u00e8ncia Catalana de Turisme. Destaca una acci\u00f3n promocional directa en la ciudad de Toulousse, dirigida al p\u00fablico franc\u00e9s, un mercado estrat\u00e9gico para el destino. La Costa Dorada estar\u00e1, adem\u00e1s, presente en los siguientes cert\u00e1menes dirigidos a p\u00fablico final: Vakantibeurs en Utrech (Holanda), Navartur en Navarra, Sevatur en el Pa\u00eds Vasco o B-Travel en Barcelona. En cuanto a ferias de car\u00e1cter profesional, la promoci\u00f3n conjunta prevista llevar\u00e1 la Costa Dorada hasta Fitur, en Madrid, y a las siguientes ferias internacionales: World Travel Market de Londres, (Reino Unido) MITT de Mosc\u00fa (Rusia), UITT de Kiev (Ucrania) y ITB de Berl\u00edn (Alemania). Tambi\u00e9n contar\u00e1 con presencia en un certamen de un producto especializado, concretamente el golf, con la lGTM que este a\u00f1o tendr\u00e1 lugar en Escocia.<\/p>\n<p>En el \u00e1mbito de la comercializaci\u00f3n y el marketing, incorporan un total de cinco propuestas online, adem\u00e1s de una campa\u00f1a de publicidad convencional dirigida a mercados emisores de proximidad: Catalunya, Espa\u00f1a y Andorra. Entre las acciones online, destaca la prevista con un portal l\u00edder del mercado para potenciar la comercializaci\u00f3n de la oferta de alojamiento de la demarcaci\u00f3n, incorporando una potente campa\u00f1a de apoyo a las ventas de los establecimientos de alojamiento.<\/p>\n<p><strong>La primera acci\u00f3n conjunta, en los Pa\u00edses Bajos<\/strong><\/p>\n<p>En el marco de la feria Vakantibeurs, la Costa Daurada se promocionar\u00e1 en Utrech entre los d\u00edas 15 y 19 de enero en la primera acci\u00f3n de promoci\u00f3n en el marco del convenio Corner 2020. Se trata de una feria dirigida tanto al p\u00fablico final como a los profesionales, considerada la m\u00e1s importante del sector tur\u00edstico dentro del mercado de los Pa\u00edses Bajos y por la que en el a\u00f1o 2019 pasaron m\u00e1s de 103.000 visitantes.<\/p>\n","protected":false},"excerpt":{"rendered":"<p>Un total de 27 entes p\u00fablicos y privados, entre ellos Mont-roig Miami Turisme, han suscrito hoy el acuerdo que regula la participaci\u00f3n conjunta de todas las entidades en ferias nacionales, estatales e internacionales, adem\u00e1s de diversas acciones de promoci\u00f3n de la Costa Daurada, de la mano del Patronat de Turisme de la Diputaci\u00f3 de Tarragona. [&hellip;]<\/p>\n","protected":false},"author":4,"featured_media":42260,"comment_status":"closed","ping_status":"closed","sticky":false,"template":"","format":"standard","meta":{"inline_featured_image":false,"_monsterinsights_skip_tracking":false,"_monsterinsights_sitenote_active":false,"_monsterinsights_sitenote_note":"","_monsterinsights_sitenote_category":0,"footnotes":""},"categories":[98,115],"tags":[],"class_list":["post-42263","post","type-post","status-publish","format-standard","has-post-thumbnail","hentry","category-ayuntamiento","category-turismo"],"yoast_head":"<!-- This site is optimized with the Yoast SEO plugin v27.4 - https:\/\/yoast.com\/product\/yoast-seo-wordpress\/ -->\n<title>El Ayuntamiento de Mont-roig del Camp firma de nuevo el convenio Corner 2020 para promocionar la Costa Daurada - Ajuntament de Mont-roig del Camp<\/title>\n<meta name=\"robots\" content=\"index, follow, max-snippet:-1, max-image-preview:large, max-video-preview:-1\" \/>\n<link rel=\"canonical\" href=\"https:\/\/mont-roig.cat\/es\/actualitat\/noticies\/lajuntament-de-mont-roig-del-camp-signa-de-nou-el-conveni-corner-2020-per-promocionar-la-costa-daurada\/\" \/>\n<meta property=\"og:locale\" content=\"es_ES\" \/>\n<meta property=\"og:type\" content=\"article\" \/>\n<meta property=\"og:title\" content=\"El Ayuntamiento de Mont-roig del Camp firma de nuevo el convenio Corner 2020 para promocionar la Costa Daurada - Ajuntament de Mont-roig del Camp\" \/>\n<meta property=\"og:description\" content=\"Un total de 27 entes p\u00fablicos y privados, entre ellos Mont-roig Miami Turisme, han suscrito hoy el acuerdo que regula la participaci\u00f3n conjunta de todas las entidades en ferias nacionales, estatales e internacionales, adem\u00e1s de diversas acciones de promoci\u00f3n de la Costa Daurada, de la mano del Patronat de Turisme de la Diputaci\u00f3 de Tarragona. [&hellip;]\" \/>\n<meta property=\"og:url\" content=\"https:\/\/mont-roig.cat\/es\/actualitat\/noticies\/lajuntament-de-mont-roig-del-camp-signa-de-nou-el-conveni-corner-2020-per-promocionar-la-costa-daurada\/\" \/>\n<meta property=\"og:site_name\" content=\"Ajuntament de Mont-roig del Camp\" \/>\n<meta property=\"article:published_time\" content=\"2020-01-14T12:59:01+00:00\" \/>\n<meta property=\"article:modified_time\" content=\"2020-01-14T13:07:43+00:00\" \/>\n<meta property=\"og:image\" content=\"https:\/\/mont-roig.cat\/wp-content\/uploads\/Fran-Moancho-signant-el-conveni-c\u00f3rner-Diputaci\u00f3.jpg\" \/>\n\t<meta property=\"og:image:width\" content=\"1600\" \/>\n\t<meta property=\"og:image:height\" content=\"1200\" \/>\n\t<meta property=\"og:image:type\" content=\"image\/jpeg\" \/>\n<meta name=\"author\" content=\"administrador\" \/>\n<meta name=\"twitter:card\" content=\"summary_large_image\" \/>\n<meta name=\"twitter:label1\" content=\"Escrito por\" \/>\n\t<meta name=\"twitter:data1\" content=\"administrador\" \/>\n\t<meta name=\"twitter:label2\" content=\"Tiempo de lectura\" \/>\n\t<meta name=\"twitter:data2\" content=\"3 minutos\" \/>\n<script type=\"application\/ld+json\" class=\"yoast-schema-graph\">{\"@context\":\"https:\\\/\\\/schema.org\",\"@graph\":[{\"@type\":\"Article\",\"@id\":\"https:\\\/\\\/mont-roig.cat\\\/es\\\/actualitat\\\/noticies\\\/lajuntament-de-mont-roig-del-camp-signa-de-nou-el-conveni-corner-2020-per-promocionar-la-costa-daurada\\\/#article\",\"isPartOf\":{\"@id\":\"https:\\\/\\\/mont-roig.cat\\\/es\\\/actualitat\\\/noticies\\\/lajuntament-de-mont-roig-del-camp-signa-de-nou-el-conveni-corner-2020-per-promocionar-la-costa-daurada\\\/\"},\"author\":{\"name\":\"administrador\",\"@id\":\"https:\\\/\\\/mont-roig.cat\\\/es\\\/#\\\/schema\\\/person\\\/f2b111789f22b7d0c3bd6786c9128cba\"},\"headline\":\"El Ayuntamiento de Mont-roig del Camp firma de nuevo el convenio Corner 2020 para promocionar la Costa Daurada\",\"datePublished\":\"2020-01-14T12:59:01+00:00\",\"dateModified\":\"2020-01-14T13:07:43+00:00\",\"mainEntityOfPage\":{\"@id\":\"https:\\\/\\\/mont-roig.cat\\\/es\\\/actualitat\\\/noticies\\\/lajuntament-de-mont-roig-del-camp-signa-de-nou-el-conveni-corner-2020-per-promocionar-la-costa-daurada\\\/\"},\"wordCount\":710,\"image\":{\"@id\":\"https:\\\/\\\/mont-roig.cat\\\/es\\\/actualitat\\\/noticies\\\/lajuntament-de-mont-roig-del-camp-signa-de-nou-el-conveni-corner-2020-per-promocionar-la-costa-daurada\\\/#primaryimage\"},\"thumbnailUrl\":\"https:\\\/\\\/mont-roig.cat\\\/wp-content\\\/uploads\\\/Fran-Moancho-signant-el-conveni-c\u00f3rner-Diputaci\u00f3.jpg\",\"articleSection\":[\"Ayuntamiento\",\"Turismo\"],\"inLanguage\":\"es\"},{\"@type\":\"WebPage\",\"@id\":\"https:\\\/\\\/mont-roig.cat\\\/es\\\/actualitat\\\/noticies\\\/lajuntament-de-mont-roig-del-camp-signa-de-nou-el-conveni-corner-2020-per-promocionar-la-costa-daurada\\\/\",\"url\":\"https:\\\/\\\/mont-roig.cat\\\/es\\\/actualitat\\\/noticies\\\/lajuntament-de-mont-roig-del-camp-signa-de-nou-el-conveni-corner-2020-per-promocionar-la-costa-daurada\\\/\",\"name\":\"El Ayuntamiento de Mont-roig del Camp firma de nuevo el convenio Corner 2020 para promocionar la Costa Daurada - Ajuntament de Mont-roig del Camp\",\"isPartOf\":{\"@id\":\"https:\\\/\\\/mont-roig.cat\\\/es\\\/#website\"},\"primaryImageOfPage\":{\"@id\":\"https:\\\/\\\/mont-roig.cat\\\/es\\\/actualitat\\\/noticies\\\/lajuntament-de-mont-roig-del-camp-signa-de-nou-el-conveni-corner-2020-per-promocionar-la-costa-daurada\\\/#primaryimage\"},\"image\":{\"@id\":\"https:\\\/\\\/mont-roig.cat\\\/es\\\/actualitat\\\/noticies\\\/lajuntament-de-mont-roig-del-camp-signa-de-nou-el-conveni-corner-2020-per-promocionar-la-costa-daurada\\\/#primaryimage\"},\"thumbnailUrl\":\"https:\\\/\\\/mont-roig.cat\\\/wp-content\\\/uploads\\\/Fran-Moancho-signant-el-conveni-c\u00f3rner-Diputaci\u00f3.jpg\",\"datePublished\":\"2020-01-14T12:59:01+00:00\",\"dateModified\":\"2020-01-14T13:07:43+00:00\",\"author\":{\"@id\":\"https:\\\/\\\/mont-roig.cat\\\/es\\\/#\\\/schema\\\/person\\\/f2b111789f22b7d0c3bd6786c9128cba\"},\"breadcrumb\":{\"@id\":\"https:\\\/\\\/mont-roig.cat\\\/es\\\/actualitat\\\/noticies\\\/lajuntament-de-mont-roig-del-camp-signa-de-nou-el-conveni-corner-2020-per-promocionar-la-costa-daurada\\\/#breadcrumb\"},\"inLanguage\":\"es\",\"potentialAction\":[{\"@type\":\"ReadAction\",\"target\":[\"https:\\\/\\\/mont-roig.cat\\\/es\\\/actualitat\\\/noticies\\\/lajuntament-de-mont-roig-del-camp-signa-de-nou-el-conveni-corner-2020-per-promocionar-la-costa-daurada\\\/\"]}]},{\"@type\":\"ImageObject\",\"inLanguage\":\"es\",\"@id\":\"https:\\\/\\\/mont-roig.cat\\\/es\\\/actualitat\\\/noticies\\\/lajuntament-de-mont-roig-del-camp-signa-de-nou-el-conveni-corner-2020-per-promocionar-la-costa-daurada\\\/#primaryimage\",\"url\":\"https:\\\/\\\/mont-roig.cat\\\/wp-content\\\/uploads\\\/Fran-Moancho-signant-el-conveni-c\u00f3rner-Diputaci\u00f3.jpg\",\"contentUrl\":\"https:\\\/\\\/mont-roig.cat\\\/wp-content\\\/uploads\\\/Fran-Moancho-signant-el-conveni-c\u00f3rner-Diputaci\u00f3.jpg\",\"width\":1600,\"height\":1200},{\"@type\":\"BreadcrumbList\",\"@id\":\"https:\\\/\\\/mont-roig.cat\\\/es\\\/actualitat\\\/noticies\\\/lajuntament-de-mont-roig-del-camp-signa-de-nou-el-conveni-corner-2020-per-promocionar-la-costa-daurada\\\/#breadcrumb\",\"itemListElement\":[{\"@type\":\"ListItem\",\"position\":1,\"name\":\"Inici\",\"item\":\"https:\\\/\\\/mont-roig.cat\\\/es\\\/pagina-de-inicio\\\/\"},{\"@type\":\"ListItem\",\"position\":2,\"name\":\"El Ayuntamiento de Mont-roig del Camp firma de nuevo el convenio Corner 2020 para promocionar la Costa Daurada\"}]},{\"@type\":\"WebSite\",\"@id\":\"https:\\\/\\\/mont-roig.cat\\\/es\\\/#website\",\"url\":\"https:\\\/\\\/mont-roig.cat\\\/es\\\/\",\"name\":\"Ajuntament de Mont-roig del Camp\",\"description\":\"Tota la informaci\u00f3 sobre la instituci\u00f3, els seus \u00f2rgans de govern, actualitat, serveis i molt m\u00e9s.\",\"potentialAction\":[{\"@type\":\"SearchAction\",\"target\":{\"@type\":\"EntryPoint\",\"urlTemplate\":\"https:\\\/\\\/mont-roig.cat\\\/es\\\/?s={search_term_string}\"},\"query-input\":{\"@type\":\"PropertyValueSpecification\",\"valueRequired\":true,\"valueName\":\"search_term_string\"}}],\"inLanguage\":\"es\"},{\"@type\":\"Person\",\"@id\":\"https:\\\/\\\/mont-roig.cat\\\/es\\\/#\\\/schema\\\/person\\\/f2b111789f22b7d0c3bd6786c9128cba\",\"name\":\"administrador\",\"image\":{\"@type\":\"ImageObject\",\"inLanguage\":\"es\",\"@id\":\"https:\\\/\\\/secure.gravatar.com\\\/avatar\\\/9137aac6891e2595c9d3036fd83bcb653b4db3c946db4c7d9b9be193c3c944bb?s=96&d=mm&r=g\",\"url\":\"https:\\\/\\\/secure.gravatar.com\\\/avatar\\\/9137aac6891e2595c9d3036fd83bcb653b4db3c946db4c7d9b9be193c3c944bb?s=96&d=mm&r=g\",\"contentUrl\":\"https:\\\/\\\/secure.gravatar.com\\\/avatar\\\/9137aac6891e2595c9d3036fd83bcb653b4db3c946db4c7d9b9be193c3c944bb?s=96&d=mm&r=g\",\"caption\":\"administrador\"},\"url\":\"https:\\\/\\\/mont-roig.cat\\\/es\\\/actualitat\\\/noticies\\\/author\\\/administrador\\\/\"}]}<\/script>\n<!-- \/ Yoast SEO plugin. -->","yoast_head_json":{"title":"El Ayuntamiento de Mont-roig del Camp firma de nuevo el convenio Corner 2020 para promocionar la Costa Daurada - Ajuntament de Mont-roig del Camp","robots":{"index":"index","follow":"follow","max-snippet":"max-snippet:-1","max-image-preview":"max-image-preview:large","max-video-preview":"max-video-preview:-1"},"canonical":"https:\/\/mont-roig.cat\/es\/actualitat\/noticies\/lajuntament-de-mont-roig-del-camp-signa-de-nou-el-conveni-corner-2020-per-promocionar-la-costa-daurada\/","og_locale":"es_ES","og_type":"article","og_title":"El Ayuntamiento de Mont-roig del Camp firma de nuevo el convenio Corner 2020 para promocionar la Costa Daurada - Ajuntament de Mont-roig del Camp","og_description":"Un total de 27 entes p\u00fablicos y privados, entre ellos Mont-roig Miami Turisme, han suscrito hoy el acuerdo que regula la participaci\u00f3n conjunta de todas las entidades en ferias nacionales, estatales e internacionales, adem\u00e1s de diversas acciones de promoci\u00f3n de la Costa Daurada, de la mano del Patronat de Turisme de la Diputaci\u00f3 de Tarragona. [&hellip;]","og_url":"https:\/\/mont-roig.cat\/es\/actualitat\/noticies\/lajuntament-de-mont-roig-del-camp-signa-de-nou-el-conveni-corner-2020-per-promocionar-la-costa-daurada\/","og_site_name":"Ajuntament de Mont-roig del Camp","article_published_time":"2020-01-14T12:59:01+00:00","article_modified_time":"2020-01-14T13:07:43+00:00","og_image":[{"width":1600,"height":1200,"url":"https:\/\/mont-roig.cat\/wp-content\/uploads\/Fran-Moancho-signant-el-conveni-c\u00f3rner-Diputaci\u00f3.jpg","type":"image\/jpeg"}],"author":"administrador","twitter_card":"summary_large_image","twitter_misc":{"Escrito por":"administrador","Tiempo de lectura":"3 minutos"},"schema":{"@context":"https:\/\/schema.org","@graph":[{"@type":"Article","@id":"https:\/\/mont-roig.cat\/es\/actualitat\/noticies\/lajuntament-de-mont-roig-del-camp-signa-de-nou-el-conveni-corner-2020-per-promocionar-la-costa-daurada\/#article","isPartOf":{"@id":"https:\/\/mont-roig.cat\/es\/actualitat\/noticies\/lajuntament-de-mont-roig-del-camp-signa-de-nou-el-conveni-corner-2020-per-promocionar-la-costa-daurada\/"},"author":{"name":"administrador","@id":"https:\/\/mont-roig.cat\/es\/#\/schema\/person\/f2b111789f22b7d0c3bd6786c9128cba"},"headline":"El Ayuntamiento de Mont-roig del Camp firma de nuevo el convenio Corner 2020 para promocionar la Costa Daurada","datePublished":"2020-01-14T12:59:01+00:00","dateModified":"2020-01-14T13:07:43+00:00","mainEntityOfPage":{"@id":"https:\/\/mont-roig.cat\/es\/actualitat\/noticies\/lajuntament-de-mont-roig-del-camp-signa-de-nou-el-conveni-corner-2020-per-promocionar-la-costa-daurada\/"},"wordCount":710,"image":{"@id":"https:\/\/mont-roig.cat\/es\/actualitat\/noticies\/lajuntament-de-mont-roig-del-camp-signa-de-nou-el-conveni-corner-2020-per-promocionar-la-costa-daurada\/#primaryimage"},"thumbnailUrl":"https:\/\/mont-roig.cat\/wp-content\/uploads\/Fran-Moancho-signant-el-conveni-c\u00f3rner-Diputaci\u00f3.jpg","articleSection":["Ayuntamiento","Turismo"],"inLanguage":"es"},{"@type":"WebPage","@id":"https:\/\/mont-roig.cat\/es\/actualitat\/noticies\/lajuntament-de-mont-roig-del-camp-signa-de-nou-el-conveni-corner-2020-per-promocionar-la-costa-daurada\/","url":"https:\/\/mont-roig.cat\/es\/actualitat\/noticies\/lajuntament-de-mont-roig-del-camp-signa-de-nou-el-conveni-corner-2020-per-promocionar-la-costa-daurada\/","name":"El Ayuntamiento de Mont-roig del Camp firma de nuevo el convenio Corner 2020 para promocionar la Costa Daurada - Ajuntament de Mont-roig del Camp","isPartOf":{"@id":"https:\/\/mont-roig.cat\/es\/#website"},"primaryImageOfPage":{"@id":"https:\/\/mont-roig.cat\/es\/actualitat\/noticies\/lajuntament-de-mont-roig-del-camp-signa-de-nou-el-conveni-corner-2020-per-promocionar-la-costa-daurada\/#primaryimage"},"image":{"@id":"https:\/\/mont-roig.cat\/es\/actualitat\/noticies\/lajuntament-de-mont-roig-del-camp-signa-de-nou-el-conveni-corner-2020-per-promocionar-la-costa-daurada\/#primaryimage"},"thumbnailUrl":"https:\/\/mont-roig.cat\/wp-content\/uploads\/Fran-Moancho-signant-el-conveni-c\u00f3rner-Diputaci\u00f3.jpg","datePublished":"2020-01-14T12:59:01+00:00","dateModified":"2020-01-14T13:07:43+00:00","author":{"@id":"https:\/\/mont-roig.cat\/es\/#\/schema\/person\/f2b111789f22b7d0c3bd6786c9128cba"},"breadcrumb":{"@id":"https:\/\/mont-roig.cat\/es\/actualitat\/noticies\/lajuntament-de-mont-roig-del-camp-signa-de-nou-el-conveni-corner-2020-per-promocionar-la-costa-daurada\/#breadcrumb"},"inLanguage":"es","potentialAction":[{"@type":"ReadAction","target":["https:\/\/mont-roig.cat\/es\/actualitat\/noticies\/lajuntament-de-mont-roig-del-camp-signa-de-nou-el-conveni-corner-2020-per-promocionar-la-costa-daurada\/"]}]},{"@type":"ImageObject","inLanguage":"es","@id":"https:\/\/mont-roig.cat\/es\/actualitat\/noticies\/lajuntament-de-mont-roig-del-camp-signa-de-nou-el-conveni-corner-2020-per-promocionar-la-costa-daurada\/#primaryimage","url":"https:\/\/mont-roig.cat\/wp-content\/uploads\/Fran-Moancho-signant-el-conveni-c\u00f3rner-Diputaci\u00f3.jpg","contentUrl":"https:\/\/mont-roig.cat\/wp-content\/uploads\/Fran-Moancho-signant-el-conveni-c\u00f3rner-Diputaci\u00f3.jpg","width":1600,"height":1200},{"@type":"BreadcrumbList","@id":"https:\/\/mont-roig.cat\/es\/actualitat\/noticies\/lajuntament-de-mont-roig-del-camp-signa-de-nou-el-conveni-corner-2020-per-promocionar-la-costa-daurada\/#breadcrumb","itemListElement":[{"@type":"ListItem","position":1,"name":"Inici","item":"https:\/\/mont-roig.cat\/es\/pagina-de-inicio\/"},{"@type":"ListItem","position":2,"name":"El Ayuntamiento de Mont-roig del Camp firma de nuevo el convenio Corner 2020 para promocionar la Costa Daurada"}]},{"@type":"WebSite","@id":"https:\/\/mont-roig.cat\/es\/#website","url":"https:\/\/mont-roig.cat\/es\/","name":"Ajuntament de Mont-roig del Camp","description":"Tota la informaci\u00f3 sobre la instituci\u00f3, els seus \u00f2rgans de govern, actualitat, serveis i molt m\u00e9s.","potentialAction":[{"@type":"SearchAction","target":{"@type":"EntryPoint","urlTemplate":"https:\/\/mont-roig.cat\/es\/?s={search_term_string}"},"query-input":{"@type":"PropertyValueSpecification","valueRequired":true,"valueName":"search_term_string"}}],"inLanguage":"es"},{"@type":"Person","@id":"https:\/\/mont-roig.cat\/es\/#\/schema\/person\/f2b111789f22b7d0c3bd6786c9128cba","name":"administrador","image":{"@type":"ImageObject","inLanguage":"es","@id":"https:\/\/secure.gravatar.com\/avatar\/9137aac6891e2595c9d3036fd83bcb653b4db3c946db4c7d9b9be193c3c944bb?s=96&d=mm&r=g","url":"https:\/\/secure.gravatar.com\/avatar\/9137aac6891e2595c9d3036fd83bcb653b4db3c946db4c7d9b9be193c3c944bb?s=96&d=mm&r=g","contentUrl":"https:\/\/secure.gravatar.com\/avatar\/9137aac6891e2595c9d3036fd83bcb653b4db3c946db4c7d9b9be193c3c944bb?s=96&d=mm&r=g","caption":"administrador"},"url":"https:\/\/mont-roig.cat\/es\/actualitat\/noticies\/author\/administrador\/"}]}},"_links":{"self":[{"href":"https:\/\/mont-roig.cat\/es\/wp-json\/wp\/v2\/posts\/42263","targetHints":{"allow":["GET"]}}],"collection":[{"href":"https:\/\/mont-roig.cat\/es\/wp-json\/wp\/v2\/posts"}],"about":[{"href":"https:\/\/mont-roig.cat\/es\/wp-json\/wp\/v2\/types\/post"}],"author":[{"embeddable":true,"href":"https:\/\/mont-roig.cat\/es\/wp-json\/wp\/v2\/users\/4"}],"replies":[{"embeddable":true,"href":"https:\/\/mont-roig.cat\/es\/wp-json\/wp\/v2\/comments?post=42263"}],"version-history":[{"count":3,"href":"https:\/\/mont-roig.cat\/es\/wp-json\/wp\/v2\/posts\/42263\/revisions"}],"predecessor-version":[{"id":42266,"href":"https:\/\/mont-roig.cat\/es\/wp-json\/wp\/v2\/posts\/42263\/revisions\/42266"}],"wp:featuredmedia":[{"embeddable":true,"href":"https:\/\/mont-roig.cat\/es\/wp-json\/wp\/v2\/media\/42260"}],"wp:attachment":[{"href":"https:\/\/mont-roig.cat\/es\/wp-json\/wp\/v2\/media?parent=42263"}],"wp:term":[{"taxonomy":"category","embeddable":true,"href":"https:\/\/mont-roig.cat\/es\/wp-json\/wp\/v2\/categories?post=42263"},{"taxonomy":"post_tag","embeddable":true,"href":"https:\/\/mont-roig.cat\/es\/wp-json\/wp\/v2\/tags?post=42263"}],"curies":[{"name":"wp","href":"https:\/\/api.w.org\/{rel}","templated":true}]}}