{"id":42272,"date":"2020-01-15T10:21:50","date_gmt":"2020-01-15T09:21:50","guid":{"rendered":"https:\/\/mont-roig.cat\/?p=42272"},"modified":"2020-01-15T10:21:50","modified_gmt":"2020-01-15T09:21:50","slug":"la-tercera-promocion-de-agentes-civicas-comienza-la-formacion-con-la-policia-local","status":"publish","type":"post","link":"https:\/\/mont-roig.cat\/es\/actualitat\/noticies\/la-tercera-promocion-de-agentes-civicas-comienza-la-formacion-con-la-policia-local\/","title":{"rendered":"La tercera promoci\u00f3n de agentes c\u00edvicas comienza la formaci\u00f3n con la Polic\u00eda Local"},"content":{"rendered":"<div id=\"attachment_42269\" style=\"width: 310px\" class=\"wp-caption alignright\"><a href=\"https:\/\/mont-roig.cat\/wp-content\/uploads\/Agents-c\u00edviques-es-formen-amb-la-Policia-Local-scaled.jpg\"><img loading=\"lazy\" decoding=\"async\" aria-describedby=\"caption-attachment-42269\" class=\"wp-image-42269\" src=\"https:\/\/mont-roig.cat\/wp-content\/uploads\/Agents-c\u00edviques-es-formen-amb-la-Policia-Local-scaled.jpg\" alt=\"\" width=\"300\" height=\"225\" srcset=\"https:\/\/mont-roig.cat\/wp-content\/uploads\/Agents-c\u00edviques-es-formen-amb-la-Policia-Local-scaled.jpg 2048w, https:\/\/mont-roig.cat\/wp-content\/uploads\/Agents-c\u00edviques-es-formen-amb-la-Policia-Local-500x375.jpg 500w, https:\/\/mont-roig.cat\/wp-content\/uploads\/Agents-c\u00edviques-es-formen-amb-la-Policia-Local-1024x768.jpg 1024w, https:\/\/mont-roig.cat\/wp-content\/uploads\/Agents-c\u00edviques-es-formen-amb-la-Policia-Local-768x576.jpg 768w, https:\/\/mont-roig.cat\/wp-content\/uploads\/Agents-c\u00edviques-es-formen-amb-la-Policia-Local-1536x1152.jpg 1536w, https:\/\/mont-roig.cat\/wp-content\/uploads\/Agents-c\u00edviques-es-formen-amb-la-Policia-Local-463x348.jpg 463w\" sizes=\"auto, (max-width: 300px) 100vw, 300px\" \/><\/a><p id=\"caption-attachment-42269\" class=\"wp-caption-text\">La Polic\u00eda Local forma a las Agentes C\u00edvicas en diversas materias<\/p><\/div>\n<ul>\n<li><strong>El barrio de La Florida volver\u00e1 a tener esta figura encargada de informar, sensibilizar y promover actitudes que fomenten la buena convivencia y el respeto entre la ciudadan\u00eda y los bienes p\u00fablicos y privados<\/strong><\/li>\n<\/ul>\n<p>El barrio de La Florida de Miami Platja volver\u00e1 a tener agentes c\u00edvicas. Tras la buena acogida de las dos ediciones anteriores y la solicitud hecha por el Pla de Barris, el Servei d&#8217;Ocupaci\u00f3 de Catalunya ha vuelto a otorgar una subvenci\u00f3n para la contrataci\u00f3n de 6 agentes c\u00edvicas y una coordinadora, de nuevo, por una duraci\u00f3n de 9 meses.<\/p>\n<p>Esta semana han comenzado el periodo de formaci\u00f3n con la Polic\u00eda Local de Mont-roig del Camp con el fin de adquirir los conocimientos b\u00e1sicos que les permitan desarrollar sus tareas de informaci\u00f3n, sensibilizaci\u00f3n y promoci\u00f3n de actitudes c\u00edvicas. Todo ello para fomentar acciones de buena convivencia y respeto entre la ciudadan\u00eda, as\u00ed como el buen uso de los bienes p\u00fablicos y privados de la ciudad.<\/p>\n<p>Durante este mes llevar\u00e1n a cabo diversos cursos formativos para conocer las tareas de una agente c\u00edvica, reconocer las zonas de intervenci\u00f3n del barrio de La Florida, conocer las ordenanzas municipales o aprender aspectos sobre la movilidad, circulaci\u00f3n y seguridad ciudadana, con el fin de poder apoyar la Polic\u00eda Local.<\/p>\n<p>Sus funciones est\u00e1n distribuidas en 4 grandes bloques: residuos dom\u00e9sticos y comerciales, movilidad, espacios p\u00fablicos y medio ambiente. As\u00ed, por ejemplo algunas de las acciones que realizar\u00e1n son la de sensibilizar a la poblaci\u00f3n sobre la recogida selectiva y separar residuos o concienciar a los conductores y ni\u00f1os de la necesidad de extremar las medidas de precauci\u00f3n en las entradas y salidas de las escuelas. Tambi\u00e9n incidir\u00e1n en mantener el buen estado del mobiliario urbano o informar\u00e1n sobre las ordenanzas p\u00fablicas. Adem\u00e1s atender\u00e1n las dudas, quejas y sugerencias de la ciudadan\u00eda y participar\u00e1n en la organizaci\u00f3n de las campa\u00f1as de civismo. Al mismo tiempo, notificar\u00e1n y describir\u00e1n las acciones poco respetuosas detectadas, sin tener, sin embargo, capacidad sancionadora.<\/p>\n<p>La figura del agente c\u00edvica dentro del barrio se convierte en el perfil m\u00e1s id\u00f3neo para llevar a cabo el desarrollo de campa\u00f1as de sensibilizaci\u00f3n ambiental incluidas en el marco de la Llei de Barris. La iniciativa permite tambi\u00e9n reducir el nivel de desempleo de las mujeres del barrio, facilitando la reinserci\u00f3n en el mundo laboral de personas desempleadas de larga duraci\u00f3n.<\/p>\n","protected":false},"excerpt":{"rendered":"<p>El barrio de La Florida volver\u00e1 a tener esta figura encargada de informar, sensibilizar y promover actitudes que fomenten la buena convivencia y el respeto entre la ciudadan\u00eda y los bienes p\u00fablicos y privados El barrio de La Florida de Miami Platja volver\u00e1 a tener agentes c\u00edvicas. Tras la buena acogida de las dos ediciones [&hellip;]<\/p>\n","protected":false},"author":4,"featured_media":42270,"comment_status":"closed","ping_status":"closed","sticky":false,"template":"","format":"standard","meta":{"inline_featured_image":false,"_monsterinsights_skip_tracking":false,"_monsterinsights_sitenote_active":false,"_monsterinsights_sitenote_note":"","_monsterinsights_sitenote_category":0,"footnotes":""},"categories":[135,113],"tags":[],"class_list":["post-42272","post","type-post","status-publish","format-standard","has-post-thumbnail","hentry","category-plan-de-barrios-es","category-seguridad"],"yoast_head":"<!-- This site is optimized with the Yoast SEO plugin v27.4 - https:\/\/yoast.com\/product\/yoast-seo-wordpress\/ -->\n<title>La tercera promoci\u00f3n de agentes c\u00edvicas comienza la formaci\u00f3n con la Polic\u00eda Local - Ajuntament de Mont-roig del Camp<\/title>\n<meta name=\"robots\" content=\"index, follow, max-snippet:-1, max-image-preview:large, max-video-preview:-1\" \/>\n<link rel=\"canonical\" href=\"https:\/\/mont-roig.cat\/es\/actualitat\/noticies\/la-tercera-promocion-de-agentes-civicas-comienza-la-formacion-con-la-policia-local\/\" \/>\n<meta property=\"og:locale\" content=\"es_ES\" \/>\n<meta property=\"og:type\" content=\"article\" \/>\n<meta property=\"og:title\" content=\"La tercera promoci\u00f3n de agentes c\u00edvicas comienza la formaci\u00f3n con la Polic\u00eda Local - Ajuntament de Mont-roig del Camp\" \/>\n<meta property=\"og:description\" content=\"El barrio de La Florida volver\u00e1 a tener esta figura encargada de informar, sensibilizar y promover actitudes que fomenten la buena convivencia y el respeto entre la ciudadan\u00eda y los bienes p\u00fablicos y privados El barrio de La Florida de Miami Platja volver\u00e1 a tener agentes c\u00edvicas. Tras la buena acogida de las dos ediciones [&hellip;]\" \/>\n<meta property=\"og:url\" content=\"https:\/\/mont-roig.cat\/es\/actualitat\/noticies\/la-tercera-promocion-de-agentes-civicas-comienza-la-formacion-con-la-policia-local\/\" \/>\n<meta property=\"og:site_name\" content=\"Ajuntament de Mont-roig del Camp\" \/>\n<meta property=\"article:published_time\" content=\"2020-01-15T09:21:50+00:00\" \/>\n<meta property=\"og:image\" content=\"https:\/\/mont-roig.cat\/wp-content\/uploads\/Agents-c\u00edviques-es-formen-amb-la-Policia-Local-1024x768.jpg\" \/>\n\t<meta property=\"og:image:width\" content=\"1024\" \/>\n\t<meta property=\"og:image:height\" content=\"768\" \/>\n\t<meta property=\"og:image:type\" content=\"image\/jpeg\" \/>\n<meta name=\"author\" content=\"administrador\" \/>\n<meta name=\"twitter:card\" content=\"summary_large_image\" \/>\n<meta name=\"twitter:label1\" content=\"Escrito por\" \/>\n\t<meta name=\"twitter:data1\" content=\"administrador\" \/>\n\t<meta name=\"twitter:label2\" content=\"Tiempo de lectura\" \/>\n\t<meta name=\"twitter:data2\" content=\"2 minutos\" \/>\n<script type=\"application\/ld+json\" class=\"yoast-schema-graph\">{\"@context\":\"https:\\\/\\\/schema.org\",\"@graph\":[{\"@type\":\"Article\",\"@id\":\"https:\\\/\\\/mont-roig.cat\\\/es\\\/actualitat\\\/noticies\\\/la-tercera-promocion-de-agentes-civicas-comienza-la-formacion-con-la-policia-local\\\/#article\",\"isPartOf\":{\"@id\":\"https:\\\/\\\/mont-roig.cat\\\/es\\\/actualitat\\\/noticies\\\/la-tercera-promocion-de-agentes-civicas-comienza-la-formacion-con-la-policia-local\\\/\"},\"author\":{\"name\":\"administrador\",\"@id\":\"https:\\\/\\\/mont-roig.cat\\\/es\\\/#\\\/schema\\\/person\\\/f2b111789f22b7d0c3bd6786c9128cba\"},\"headline\":\"La tercera promoci\u00f3n de agentes c\u00edvicas comienza la formaci\u00f3n con la Polic\u00eda Local\",\"datePublished\":\"2020-01-15T09:21:50+00:00\",\"mainEntityOfPage\":{\"@id\":\"https:\\\/\\\/mont-roig.cat\\\/es\\\/actualitat\\\/noticies\\\/la-tercera-promocion-de-agentes-civicas-comienza-la-formacion-con-la-policia-local\\\/\"},\"wordCount\":471,\"image\":{\"@id\":\"https:\\\/\\\/mont-roig.cat\\\/es\\\/actualitat\\\/noticies\\\/la-tercera-promocion-de-agentes-civicas-comienza-la-formacion-con-la-policia-local\\\/#primaryimage\"},\"thumbnailUrl\":\"https:\\\/\\\/mont-roig.cat\\\/wp-content\\\/uploads\\\/Agents-c\u00edviques-es-formen-amb-la-Policia-Local.jpg\",\"articleSection\":[\"Pla de Barris\",\"Seguridad\"],\"inLanguage\":\"es\"},{\"@type\":\"WebPage\",\"@id\":\"https:\\\/\\\/mont-roig.cat\\\/es\\\/actualitat\\\/noticies\\\/la-tercera-promocion-de-agentes-civicas-comienza-la-formacion-con-la-policia-local\\\/\",\"url\":\"https:\\\/\\\/mont-roig.cat\\\/es\\\/actualitat\\\/noticies\\\/la-tercera-promocion-de-agentes-civicas-comienza-la-formacion-con-la-policia-local\\\/\",\"name\":\"La tercera promoci\u00f3n de agentes c\u00edvicas comienza la formaci\u00f3n con la Polic\u00eda Local - Ajuntament de Mont-roig del Camp\",\"isPartOf\":{\"@id\":\"https:\\\/\\\/mont-roig.cat\\\/es\\\/#website\"},\"primaryImageOfPage\":{\"@id\":\"https:\\\/\\\/mont-roig.cat\\\/es\\\/actualitat\\\/noticies\\\/la-tercera-promocion-de-agentes-civicas-comienza-la-formacion-con-la-policia-local\\\/#primaryimage\"},\"image\":{\"@id\":\"https:\\\/\\\/mont-roig.cat\\\/es\\\/actualitat\\\/noticies\\\/la-tercera-promocion-de-agentes-civicas-comienza-la-formacion-con-la-policia-local\\\/#primaryimage\"},\"thumbnailUrl\":\"https:\\\/\\\/mont-roig.cat\\\/wp-content\\\/uploads\\\/Agents-c\u00edviques-es-formen-amb-la-Policia-Local.jpg\",\"datePublished\":\"2020-01-15T09:21:50+00:00\",\"author\":{\"@id\":\"https:\\\/\\\/mont-roig.cat\\\/es\\\/#\\\/schema\\\/person\\\/f2b111789f22b7d0c3bd6786c9128cba\"},\"breadcrumb\":{\"@id\":\"https:\\\/\\\/mont-roig.cat\\\/es\\\/actualitat\\\/noticies\\\/la-tercera-promocion-de-agentes-civicas-comienza-la-formacion-con-la-policia-local\\\/#breadcrumb\"},\"inLanguage\":\"es\",\"potentialAction\":[{\"@type\":\"ReadAction\",\"target\":[\"https:\\\/\\\/mont-roig.cat\\\/es\\\/actualitat\\\/noticies\\\/la-tercera-promocion-de-agentes-civicas-comienza-la-formacion-con-la-policia-local\\\/\"]}]},{\"@type\":\"ImageObject\",\"inLanguage\":\"es\",\"@id\":\"https:\\\/\\\/mont-roig.cat\\\/es\\\/actualitat\\\/noticies\\\/la-tercera-promocion-de-agentes-civicas-comienza-la-formacion-con-la-policia-local\\\/#primaryimage\",\"url\":\"https:\\\/\\\/mont-roig.cat\\\/wp-content\\\/uploads\\\/Agents-c\u00edviques-es-formen-amb-la-Policia-Local.jpg\",\"contentUrl\":\"https:\\\/\\\/mont-roig.cat\\\/wp-content\\\/uploads\\\/Agents-c\u00edviques-es-formen-amb-la-Policia-Local.jpg\",\"width\":2048,\"height\":1536},{\"@type\":\"BreadcrumbList\",\"@id\":\"https:\\\/\\\/mont-roig.cat\\\/es\\\/actualitat\\\/noticies\\\/la-tercera-promocion-de-agentes-civicas-comienza-la-formacion-con-la-policia-local\\\/#breadcrumb\",\"itemListElement\":[{\"@type\":\"ListItem\",\"position\":1,\"name\":\"Inici\",\"item\":\"https:\\\/\\\/mont-roig.cat\\\/es\\\/pagina-de-inicio\\\/\"},{\"@type\":\"ListItem\",\"position\":2,\"name\":\"La tercera promoci\u00f3n de agentes c\u00edvicas comienza la formaci\u00f3n con la Polic\u00eda Local\"}]},{\"@type\":\"WebSite\",\"@id\":\"https:\\\/\\\/mont-roig.cat\\\/es\\\/#website\",\"url\":\"https:\\\/\\\/mont-roig.cat\\\/es\\\/\",\"name\":\"Ajuntament de Mont-roig del Camp\",\"description\":\"Tota la informaci\u00f3 sobre la instituci\u00f3, els seus \u00f2rgans de govern, actualitat, serveis i molt m\u00e9s.\",\"potentialAction\":[{\"@type\":\"SearchAction\",\"target\":{\"@type\":\"EntryPoint\",\"urlTemplate\":\"https:\\\/\\\/mont-roig.cat\\\/es\\\/?s={search_term_string}\"},\"query-input\":{\"@type\":\"PropertyValueSpecification\",\"valueRequired\":true,\"valueName\":\"search_term_string\"}}],\"inLanguage\":\"es\"},{\"@type\":\"Person\",\"@id\":\"https:\\\/\\\/mont-roig.cat\\\/es\\\/#\\\/schema\\\/person\\\/f2b111789f22b7d0c3bd6786c9128cba\",\"name\":\"administrador\",\"image\":{\"@type\":\"ImageObject\",\"inLanguage\":\"es\",\"@id\":\"https:\\\/\\\/secure.gravatar.com\\\/avatar\\\/9137aac6891e2595c9d3036fd83bcb653b4db3c946db4c7d9b9be193c3c944bb?s=96&d=mm&r=g\",\"url\":\"https:\\\/\\\/secure.gravatar.com\\\/avatar\\\/9137aac6891e2595c9d3036fd83bcb653b4db3c946db4c7d9b9be193c3c944bb?s=96&d=mm&r=g\",\"contentUrl\":\"https:\\\/\\\/secure.gravatar.com\\\/avatar\\\/9137aac6891e2595c9d3036fd83bcb653b4db3c946db4c7d9b9be193c3c944bb?s=96&d=mm&r=g\",\"caption\":\"administrador\"},\"url\":\"https:\\\/\\\/mont-roig.cat\\\/es\\\/actualitat\\\/noticies\\\/author\\\/administrador\\\/\"}]}<\/script>\n<!-- \/ Yoast SEO plugin. -->","yoast_head_json":{"title":"La tercera promoci\u00f3n de agentes c\u00edvicas comienza la formaci\u00f3n con la Polic\u00eda Local - Ajuntament de Mont-roig del Camp","robots":{"index":"index","follow":"follow","max-snippet":"max-snippet:-1","max-image-preview":"max-image-preview:large","max-video-preview":"max-video-preview:-1"},"canonical":"https:\/\/mont-roig.cat\/es\/actualitat\/noticies\/la-tercera-promocion-de-agentes-civicas-comienza-la-formacion-con-la-policia-local\/","og_locale":"es_ES","og_type":"article","og_title":"La tercera promoci\u00f3n de agentes c\u00edvicas comienza la formaci\u00f3n con la Polic\u00eda Local - Ajuntament de Mont-roig del Camp","og_description":"El barrio de La Florida volver\u00e1 a tener esta figura encargada de informar, sensibilizar y promover actitudes que fomenten la buena convivencia y el respeto entre la ciudadan\u00eda y los bienes p\u00fablicos y privados El barrio de La Florida de Miami Platja volver\u00e1 a tener agentes c\u00edvicas. Tras la buena acogida de las dos ediciones [&hellip;]","og_url":"https:\/\/mont-roig.cat\/es\/actualitat\/noticies\/la-tercera-promocion-de-agentes-civicas-comienza-la-formacion-con-la-policia-local\/","og_site_name":"Ajuntament de Mont-roig del Camp","article_published_time":"2020-01-15T09:21:50+00:00","og_image":[{"width":1024,"height":768,"url":"https:\/\/mont-roig.cat\/wp-content\/uploads\/Agents-c\u00edviques-es-formen-amb-la-Policia-Local-1024x768.jpg","type":"image\/jpeg"}],"author":"administrador","twitter_card":"summary_large_image","twitter_misc":{"Escrito por":"administrador","Tiempo de lectura":"2 minutos"},"schema":{"@context":"https:\/\/schema.org","@graph":[{"@type":"Article","@id":"https:\/\/mont-roig.cat\/es\/actualitat\/noticies\/la-tercera-promocion-de-agentes-civicas-comienza-la-formacion-con-la-policia-local\/#article","isPartOf":{"@id":"https:\/\/mont-roig.cat\/es\/actualitat\/noticies\/la-tercera-promocion-de-agentes-civicas-comienza-la-formacion-con-la-policia-local\/"},"author":{"name":"administrador","@id":"https:\/\/mont-roig.cat\/es\/#\/schema\/person\/f2b111789f22b7d0c3bd6786c9128cba"},"headline":"La tercera promoci\u00f3n de agentes c\u00edvicas comienza la formaci\u00f3n con la Polic\u00eda Local","datePublished":"2020-01-15T09:21:50+00:00","mainEntityOfPage":{"@id":"https:\/\/mont-roig.cat\/es\/actualitat\/noticies\/la-tercera-promocion-de-agentes-civicas-comienza-la-formacion-con-la-policia-local\/"},"wordCount":471,"image":{"@id":"https:\/\/mont-roig.cat\/es\/actualitat\/noticies\/la-tercera-promocion-de-agentes-civicas-comienza-la-formacion-con-la-policia-local\/#primaryimage"},"thumbnailUrl":"https:\/\/mont-roig.cat\/wp-content\/uploads\/Agents-c\u00edviques-es-formen-amb-la-Policia-Local.jpg","articleSection":["Pla de Barris","Seguridad"],"inLanguage":"es"},{"@type":"WebPage","@id":"https:\/\/mont-roig.cat\/es\/actualitat\/noticies\/la-tercera-promocion-de-agentes-civicas-comienza-la-formacion-con-la-policia-local\/","url":"https:\/\/mont-roig.cat\/es\/actualitat\/noticies\/la-tercera-promocion-de-agentes-civicas-comienza-la-formacion-con-la-policia-local\/","name":"La tercera promoci\u00f3n de agentes c\u00edvicas comienza la formaci\u00f3n con la Polic\u00eda Local - Ajuntament de Mont-roig del Camp","isPartOf":{"@id":"https:\/\/mont-roig.cat\/es\/#website"},"primaryImageOfPage":{"@id":"https:\/\/mont-roig.cat\/es\/actualitat\/noticies\/la-tercera-promocion-de-agentes-civicas-comienza-la-formacion-con-la-policia-local\/#primaryimage"},"image":{"@id":"https:\/\/mont-roig.cat\/es\/actualitat\/noticies\/la-tercera-promocion-de-agentes-civicas-comienza-la-formacion-con-la-policia-local\/#primaryimage"},"thumbnailUrl":"https:\/\/mont-roig.cat\/wp-content\/uploads\/Agents-c\u00edviques-es-formen-amb-la-Policia-Local.jpg","datePublished":"2020-01-15T09:21:50+00:00","author":{"@id":"https:\/\/mont-roig.cat\/es\/#\/schema\/person\/f2b111789f22b7d0c3bd6786c9128cba"},"breadcrumb":{"@id":"https:\/\/mont-roig.cat\/es\/actualitat\/noticies\/la-tercera-promocion-de-agentes-civicas-comienza-la-formacion-con-la-policia-local\/#breadcrumb"},"inLanguage":"es","potentialAction":[{"@type":"ReadAction","target":["https:\/\/mont-roig.cat\/es\/actualitat\/noticies\/la-tercera-promocion-de-agentes-civicas-comienza-la-formacion-con-la-policia-local\/"]}]},{"@type":"ImageObject","inLanguage":"es","@id":"https:\/\/mont-roig.cat\/es\/actualitat\/noticies\/la-tercera-promocion-de-agentes-civicas-comienza-la-formacion-con-la-policia-local\/#primaryimage","url":"https:\/\/mont-roig.cat\/wp-content\/uploads\/Agents-c\u00edviques-es-formen-amb-la-Policia-Local.jpg","contentUrl":"https:\/\/mont-roig.cat\/wp-content\/uploads\/Agents-c\u00edviques-es-formen-amb-la-Policia-Local.jpg","width":2048,"height":1536},{"@type":"BreadcrumbList","@id":"https:\/\/mont-roig.cat\/es\/actualitat\/noticies\/la-tercera-promocion-de-agentes-civicas-comienza-la-formacion-con-la-policia-local\/#breadcrumb","itemListElement":[{"@type":"ListItem","position":1,"name":"Inici","item":"https:\/\/mont-roig.cat\/es\/pagina-de-inicio\/"},{"@type":"ListItem","position":2,"name":"La tercera promoci\u00f3n de agentes c\u00edvicas comienza la formaci\u00f3n con la Polic\u00eda Local"}]},{"@type":"WebSite","@id":"https:\/\/mont-roig.cat\/es\/#website","url":"https:\/\/mont-roig.cat\/es\/","name":"Ajuntament de Mont-roig del Camp","description":"Tota la informaci\u00f3 sobre la instituci\u00f3, els seus \u00f2rgans de govern, actualitat, serveis i molt m\u00e9s.","potentialAction":[{"@type":"SearchAction","target":{"@type":"EntryPoint","urlTemplate":"https:\/\/mont-roig.cat\/es\/?s={search_term_string}"},"query-input":{"@type":"PropertyValueSpecification","valueRequired":true,"valueName":"search_term_string"}}],"inLanguage":"es"},{"@type":"Person","@id":"https:\/\/mont-roig.cat\/es\/#\/schema\/person\/f2b111789f22b7d0c3bd6786c9128cba","name":"administrador","image":{"@type":"ImageObject","inLanguage":"es","@id":"https:\/\/secure.gravatar.com\/avatar\/9137aac6891e2595c9d3036fd83bcb653b4db3c946db4c7d9b9be193c3c944bb?s=96&d=mm&r=g","url":"https:\/\/secure.gravatar.com\/avatar\/9137aac6891e2595c9d3036fd83bcb653b4db3c946db4c7d9b9be193c3c944bb?s=96&d=mm&r=g","contentUrl":"https:\/\/secure.gravatar.com\/avatar\/9137aac6891e2595c9d3036fd83bcb653b4db3c946db4c7d9b9be193c3c944bb?s=96&d=mm&r=g","caption":"administrador"},"url":"https:\/\/mont-roig.cat\/es\/actualitat\/noticies\/author\/administrador\/"}]}},"_links":{"self":[{"href":"https:\/\/mont-roig.cat\/es\/wp-json\/wp\/v2\/posts\/42272","targetHints":{"allow":["GET"]}}],"collection":[{"href":"https:\/\/mont-roig.cat\/es\/wp-json\/wp\/v2\/posts"}],"about":[{"href":"https:\/\/mont-roig.cat\/es\/wp-json\/wp\/v2\/types\/post"}],"author":[{"embeddable":true,"href":"https:\/\/mont-roig.cat\/es\/wp-json\/wp\/v2\/users\/4"}],"replies":[{"embeddable":true,"href":"https:\/\/mont-roig.cat\/es\/wp-json\/wp\/v2\/comments?post=42272"}],"version-history":[{"count":2,"href":"https:\/\/mont-roig.cat\/es\/wp-json\/wp\/v2\/posts\/42272\/revisions"}],"predecessor-version":[{"id":42275,"href":"https:\/\/mont-roig.cat\/es\/wp-json\/wp\/v2\/posts\/42272\/revisions\/42275"}],"wp:featuredmedia":[{"embeddable":true,"href":"https:\/\/mont-roig.cat\/es\/wp-json\/wp\/v2\/media\/42270"}],"wp:attachment":[{"href":"https:\/\/mont-roig.cat\/es\/wp-json\/wp\/v2\/media?parent=42272"}],"wp:term":[{"taxonomy":"category","embeddable":true,"href":"https:\/\/mont-roig.cat\/es\/wp-json\/wp\/v2\/categories?post=42272"},{"taxonomy":"post_tag","embeddable":true,"href":"https:\/\/mont-roig.cat\/es\/wp-json\/wp\/v2\/tags?post=42272"}],"curies":[{"name":"wp","href":"https:\/\/api.w.org\/{rel}","templated":true}]}}