{"id":42424,"date":"2020-01-24T17:40:46","date_gmt":"2020-01-24T16:40:46","guid":{"rendered":"https:\/\/mont-roig.cat\/?p=42424"},"modified":"2020-01-24T17:59:37","modified_gmt":"2020-01-24T16:59:37","slug":"el-alcalde-decreta-la-prohibicion-de-acceder-a-las-calas-y-otras-zonas-afectadas-por-el-temporal","status":"publish","type":"post","link":"https:\/\/mont-roig.cat\/es\/actualitat\/noticies\/el-alcalde-decreta-la-prohibicion-de-acceder-a-las-calas-y-otras-zonas-afectadas-por-el-temporal\/","title":{"rendered":"El Alcalde decreta la prohibici\u00f3n de acceder a las calas y otras zonas afectadas por el temporal"},"content":{"rendered":"<ul>\n<li><strong>Morancho ha dictado un bando para dar a conocer estas medidas cautelares y provisionales, a la espera de los informes t\u00e9cnicos pertinentes y mientras no se pueda garantizar la seguridad de las personas en estos puntos<\/strong><\/li>\n<\/ul>\n<div id=\"attachment_42402\" style=\"width: 260px\" class=\"wp-caption alignright\"><a href=\"https:\/\/mont-roig.cat\/wp-content\/uploads\/Es-prohibeix-lacc\u00e9s-a-les-cales_.jpeg\"><img loading=\"lazy\" decoding=\"async\" aria-describedby=\"caption-attachment-42402\" class=\"wp-image-42402\" src=\"https:\/\/mont-roig.cat\/wp-content\/uploads\/Es-prohibeix-lacc\u00e9s-a-les-cales_.jpeg\" alt=\"\" width=\"250\" height=\"188\" srcset=\"https:\/\/mont-roig.cat\/wp-content\/uploads\/Es-prohibeix-lacc\u00e9s-a-les-cales_.jpeg 929w, https:\/\/mont-roig.cat\/wp-content\/uploads\/Es-prohibeix-lacc\u00e9s-a-les-cales_-500x375.jpeg 500w, https:\/\/mont-roig.cat\/wp-content\/uploads\/Es-prohibeix-lacc\u00e9s-a-les-cales_-768x576.jpeg 768w, https:\/\/mont-roig.cat\/wp-content\/uploads\/Es-prohibeix-lacc\u00e9s-a-les-cales_-463x348.jpeg 463w\" sizes=\"auto, (max-width: 250px) 100vw, 250px\" \/><\/a><p id=\"caption-attachment-42402\" class=\"wp-caption-text\">Se ha restringido el acceso a las calas<\/p><\/div>\n<p>Una vez levantada la alerta de Protecci\u00f3n Civil con relaci\u00f3n al temporal Gloria, el Ayuntamiento de Mont-roig del Camp ha llevado a cabo, este mediod\u00eda, una reuni\u00f3n de coordinaci\u00f3n para valorar los da\u00f1os que este temporal ha provocado en el municipio. Como consecuencia de esta reuni\u00f3n, que ha contado con la participaci\u00f3n de varios concejales \/ as y responsables de los departamentos del Ayuntamiento, de Nostraigua, Nostreserveis y Polic\u00eda Local, el alcalde Fran Morancho ha tomado la decisi\u00f3n de prohibir los accesos a todas las calas y zonas que cuentan con desperfectos por el temporal y donde no se puede garantizar, a estas alturas, la seguridad de las personas.<\/p>\n<p>En este sentido, el alcalde Fran Morancho ha dictado un bando en el que se proh\u00edbe el acceso a las calas del municipio, en el tramo del paseo Mar\u00edtimo entre la Cala Bot y la Cala Misteri, en el tramo del paseo Mar\u00edtimo entre los n\u00fameros 76 y 82, s\u00f3lo en el lado mar y en los parques situados en la Pltjaa Cristall y el paseo Mar\u00edtimo altura urbanizaci\u00f3n Pino Alto.<\/p>\n<h4><a href=\"https:\/\/mont-roig.cat\/wp-content\/uploads\/20200124_BAN-prohibici\u00f3-acc\u00e9s-cales-i-altres-zones-afectades-temporal.pdf\" target=\"_blank\" rel=\"noopener noreferrer\">BANDO del Alcalde de prohibici\u00f3n de acceso calas y otras zonas afectadas temporal<\/a><\/h4>\n<p>Se trata de una medida cautelar que se ha decretado por seguridad y de forma provisional mientras se est\u00e1n elaborando los informes t\u00e9cnicos que determinar\u00e1n detalladamente los da\u00f1os y los peligros para la poblaci\u00f3n, as\u00ed como las actuaciones que hay que llevar a cabo para restablecer la normalidad en estos puntos.<\/p>\n<p>El Ayuntamiento mantiene de forma paralela conversaciones con el Departamento de Costas del Estado, que ya ha trasladado al consistorio que pedir\u00e1 una valoraci\u00f3n de los da\u00f1os provocados y que enviar\u00e1 en los pr\u00f3ximos d\u00edas una carta de la delegada del Gobierno Estatal con las indicaciones sobre el procedimiento a seguir para poder hacer reclamaciones relacionadas con este temporal.<\/p>\n<div id=\"attachment_42410\" style=\"width: 260px\" class=\"wp-caption alignleft\"><a href=\"https:\/\/mont-roig.cat\/wp-content\/uploads\/Afectacions-als-camins.jpeg\"><img loading=\"lazy\" decoding=\"async\" aria-describedby=\"caption-attachment-42410\" class=\"wp-image-42410\" src=\"https:\/\/mont-roig.cat\/wp-content\/uploads\/Afectacions-als-camins.jpeg\" alt=\"\" width=\"250\" height=\"188\" srcset=\"https:\/\/mont-roig.cat\/wp-content\/uploads\/Afectacions-als-camins.jpeg 1600w, https:\/\/mont-roig.cat\/wp-content\/uploads\/Afectacions-als-camins-500x375.jpeg 500w, https:\/\/mont-roig.cat\/wp-content\/uploads\/Afectacions-als-camins-1024x768.jpeg 1024w, https:\/\/mont-roig.cat\/wp-content\/uploads\/Afectacions-als-camins-768x576.jpeg 768w, https:\/\/mont-roig.cat\/wp-content\/uploads\/Afectacions-als-camins-1536x1152.jpeg 1536w, https:\/\/mont-roig.cat\/wp-content\/uploads\/Afectacions-als-camins-463x348.jpeg 463w\" sizes=\"auto, (max-width: 250px) 100vw, 250px\" \/><\/a><p id=\"caption-attachment-42410\" class=\"wp-caption-text\">Muchos caminos tambi\u00e9n han quedado afectados<\/p><\/p><\/div>\n<div id=\"attachment_42408\" style=\"width: 260px\" class=\"wp-caption alignleft\"><a href=\"https:\/\/mont-roig.cat\/wp-content\/uploads\/Moltes-de-les-cales-han-quedat-afectades-pel-temporal-Gl\u00f2ria.jpeg\"><img loading=\"lazy\" decoding=\"async\" aria-describedby=\"caption-attachment-42408\" class=\"wp-image-42408\" src=\"https:\/\/mont-roig.cat\/wp-content\/uploads\/Moltes-de-les-cales-han-quedat-afectades-pel-temporal-Gl\u00f2ria.jpeg\" alt=\"\" width=\"250\" height=\"188\" srcset=\"https:\/\/mont-roig.cat\/wp-content\/uploads\/Moltes-de-les-cales-han-quedat-afectades-pel-temporal-Gl\u00f2ria.jpeg 1009w, https:\/\/mont-roig.cat\/wp-content\/uploads\/Moltes-de-les-cales-han-quedat-afectades-pel-temporal-Gl\u00f2ria-500x375.jpeg 500w, https:\/\/mont-roig.cat\/wp-content\/uploads\/Moltes-de-les-cales-han-quedat-afectades-pel-temporal-Gl\u00f2ria-768x576.jpeg 768w, https:\/\/mont-roig.cat\/wp-content\/uploads\/Moltes-de-les-cales-han-quedat-afectades-pel-temporal-Gl\u00f2ria-463x348.jpeg 463w\" sizes=\"auto, (max-width: 250px) 100vw, 250px\" \/><\/a><p id=\"caption-attachment-42408\" class=\"wp-caption-text\">Afectaciones del temporal en las calas<\/p><\/div>\n<p>&nbsp;<\/p>\n<p>&nbsp;<\/p>\n<p>&nbsp;<\/p>\n<p>&nbsp;<\/p>\n<p>&nbsp;<\/p>\n<p>&nbsp;<\/p>\n<p>&nbsp;<\/p>\n<p><strong>Otras medidas de urgencia<\/strong><\/p>\n<p>Debido a las fuertes lluvias, se han producido tambi\u00e9n agujeros en el asfalto de varias calles, de ah\u00ed que esta misma tarde se iniciar\u00e1n trabajos para tapar de forma provisional estos surcos que suponen peligro para la circulaci\u00f3n, para posteriormente llevar a cabo actuaciones de mejora del asfalto de estas zonas.<\/p>\n<p>Tambi\u00e9n se ha empezado a trabajar en los caminos del municipio que han quedado m\u00e1s da\u00f1ados a causa de las lluvias, especialmente los que cruzan barrancos y arroyos, para garantizar tan pronto como se pueda que vuelvan a ser transitables.<\/p>\n<p>Tambi\u00e9n Nostraigua ha iniciado una conexi\u00f3n provisional para abastecer de agua las urbanizaciones de Ribera y Guardamar, mientras se llevan a cabo tareas para desalar el pozo que abastece estas urbanizaciones y que ha quedado afectado por el temporal.<\/p>\n<p><strong>Se solicita la visita de la Oficina Comarcal de atenci\u00f3n al Consumidor<\/strong><\/p>\n<p>El Ayuntamiento ha estado en contacto permanente con Fecsa Endesa y Movistar con relaci\u00f3n a las restricciones de suministro de electricidad y de Internet que se han producido durante estos d\u00edas para que estas empresas restablezcan completamente el servicio lo antes posible.<\/p>\n<p>Por otra parte y en este mismo sentido, el Ayuntamiento se pondr\u00e1 en contacto con el Servei d&#8217;Atenci\u00f3 al Consumidor que ofrece el Consell Comarcal del Baix Camp para solicitar que se trasladen al municipio para poder atender las reclamaciones de los vecinos a las compa\u00f1\u00edas suministradoras de los servicios.<\/p>\n<p>&nbsp;<\/p>\n","protected":false},"excerpt":{"rendered":"<p>Morancho ha dictado un bando para dar a conocer estas medidas cautelares y provisionales, a la espera de los informes t\u00e9cnicos pertinentes y mientras no se pueda garantizar la seguridad de las personas en estos puntos Una vez levantada la alerta de Protecci\u00f3n Civil con relaci\u00f3n al temporal Gloria, el Ayuntamiento de Mont-roig del Camp [&hellip;]<\/p>\n","protected":false},"author":4,"featured_media":42403,"comment_status":"closed","ping_status":"closed","sticky":false,"template":"","format":"standard","meta":{"inline_featured_image":false,"_monsterinsights_skip_tracking":false,"_monsterinsights_sitenote_active":false,"_monsterinsights_sitenote_note":"","_monsterinsights_sitenote_category":0,"footnotes":""},"categories":[156,98,113,116],"tags":[],"class_list":["post-42424","post","type-post","status-publish","format-standard","has-post-thumbnail","hentry","category-alcalde-es","category-ayuntamiento","category-seguridad","category-urbanismo-y-obras"],"yoast_head":"<!-- This site is optimized with the Yoast SEO plugin v27.4 - https:\/\/yoast.com\/product\/yoast-seo-wordpress\/ -->\n<title>El Alcalde decreta la prohibici\u00f3n de acceder a las calas y otras zonas afectadas por el temporal - Ajuntament de Mont-roig del Camp<\/title>\n<meta name=\"robots\" content=\"index, follow, max-snippet:-1, max-image-preview:large, max-video-preview:-1\" \/>\n<link rel=\"canonical\" href=\"https:\/\/mont-roig.cat\/es\/actualitat\/noticies\/el-alcalde-decreta-la-prohibicion-de-acceder-a-las-calas-y-otras-zonas-afectadas-por-el-temporal\/\" \/>\n<meta property=\"og:locale\" content=\"es_ES\" \/>\n<meta property=\"og:type\" content=\"article\" \/>\n<meta property=\"og:title\" content=\"El Alcalde decreta la prohibici\u00f3n de acceder a las calas y otras zonas afectadas por el temporal - Ajuntament de Mont-roig del Camp\" \/>\n<meta property=\"og:description\" content=\"Morancho ha dictado un bando para dar a conocer estas medidas cautelares y provisionales, a la espera de los informes t\u00e9cnicos pertinentes y mientras no se pueda garantizar la seguridad de las personas en estos puntos Una vez levantada la alerta de Protecci\u00f3n Civil con relaci\u00f3n al temporal Gloria, el Ayuntamiento de Mont-roig del Camp [&hellip;]\" \/>\n<meta property=\"og:url\" content=\"https:\/\/mont-roig.cat\/es\/actualitat\/noticies\/el-alcalde-decreta-la-prohibicion-de-acceder-a-las-calas-y-otras-zonas-afectadas-por-el-temporal\/\" \/>\n<meta property=\"og:site_name\" content=\"Ajuntament de Mont-roig del Camp\" \/>\n<meta property=\"article:published_time\" content=\"2020-01-24T16:40:46+00:00\" \/>\n<meta property=\"article:modified_time\" content=\"2020-01-24T16:59:37+00:00\" \/>\n<meta property=\"og:image\" content=\"https:\/\/mont-roig.cat\/wp-content\/uploads\/Es-prohibeix-lacc\u00e9s-a-les-cales_.jpeg\" \/>\n\t<meta property=\"og:image:width\" content=\"929\" \/>\n\t<meta property=\"og:image:height\" content=\"697\" \/>\n\t<meta property=\"og:image:type\" content=\"image\/jpeg\" \/>\n<meta name=\"author\" content=\"administrador\" \/>\n<meta name=\"twitter:card\" content=\"summary_large_image\" \/>\n<meta name=\"twitter:label1\" content=\"Escrito por\" \/>\n\t<meta name=\"twitter:data1\" content=\"administrador\" \/>\n\t<meta name=\"twitter:label2\" content=\"Tiempo de lectura\" \/>\n\t<meta name=\"twitter:data2\" content=\"3 minutos\" \/>\n<script type=\"application\/ld+json\" class=\"yoast-schema-graph\">{\"@context\":\"https:\\\/\\\/schema.org\",\"@graph\":[{\"@type\":\"Article\",\"@id\":\"https:\\\/\\\/mont-roig.cat\\\/es\\\/actualitat\\\/noticies\\\/el-alcalde-decreta-la-prohibicion-de-acceder-a-las-calas-y-otras-zonas-afectadas-por-el-temporal\\\/#article\",\"isPartOf\":{\"@id\":\"https:\\\/\\\/mont-roig.cat\\\/es\\\/actualitat\\\/noticies\\\/el-alcalde-decreta-la-prohibicion-de-acceder-a-las-calas-y-otras-zonas-afectadas-por-el-temporal\\\/\"},\"author\":{\"name\":\"administrador\",\"@id\":\"https:\\\/\\\/mont-roig.cat\\\/es\\\/#\\\/schema\\\/person\\\/f2b111789f22b7d0c3bd6786c9128cba\"},\"headline\":\"El Alcalde decreta la prohibici\u00f3n de acceder a las calas y otras zonas afectadas por el temporal\",\"datePublished\":\"2020-01-24T16:40:46+00:00\",\"dateModified\":\"2020-01-24T16:59:37+00:00\",\"mainEntityOfPage\":{\"@id\":\"https:\\\/\\\/mont-roig.cat\\\/es\\\/actualitat\\\/noticies\\\/el-alcalde-decreta-la-prohibicion-de-acceder-a-las-calas-y-otras-zonas-afectadas-por-el-temporal\\\/\"},\"wordCount\":682,\"image\":{\"@id\":\"https:\\\/\\\/mont-roig.cat\\\/es\\\/actualitat\\\/noticies\\\/el-alcalde-decreta-la-prohibicion-de-acceder-a-las-calas-y-otras-zonas-afectadas-por-el-temporal\\\/#primaryimage\"},\"thumbnailUrl\":\"https:\\\/\\\/mont-roig.cat\\\/wp-content\\\/uploads\\\/Es-prohibeix-lacc\u00e9s-a-les-cales_.jpeg\",\"articleSection\":[\"Alcalde\",\"Ayuntamiento\",\"Seguridad\",\"Urbanismo y obras\"],\"inLanguage\":\"es\"},{\"@type\":\"WebPage\",\"@id\":\"https:\\\/\\\/mont-roig.cat\\\/es\\\/actualitat\\\/noticies\\\/el-alcalde-decreta-la-prohibicion-de-acceder-a-las-calas-y-otras-zonas-afectadas-por-el-temporal\\\/\",\"url\":\"https:\\\/\\\/mont-roig.cat\\\/es\\\/actualitat\\\/noticies\\\/el-alcalde-decreta-la-prohibicion-de-acceder-a-las-calas-y-otras-zonas-afectadas-por-el-temporal\\\/\",\"name\":\"El Alcalde decreta la prohibici\u00f3n de acceder a las calas y otras zonas afectadas por el temporal - Ajuntament de Mont-roig del Camp\",\"isPartOf\":{\"@id\":\"https:\\\/\\\/mont-roig.cat\\\/es\\\/#website\"},\"primaryImageOfPage\":{\"@id\":\"https:\\\/\\\/mont-roig.cat\\\/es\\\/actualitat\\\/noticies\\\/el-alcalde-decreta-la-prohibicion-de-acceder-a-las-calas-y-otras-zonas-afectadas-por-el-temporal\\\/#primaryimage\"},\"image\":{\"@id\":\"https:\\\/\\\/mont-roig.cat\\\/es\\\/actualitat\\\/noticies\\\/el-alcalde-decreta-la-prohibicion-de-acceder-a-las-calas-y-otras-zonas-afectadas-por-el-temporal\\\/#primaryimage\"},\"thumbnailUrl\":\"https:\\\/\\\/mont-roig.cat\\\/wp-content\\\/uploads\\\/Es-prohibeix-lacc\u00e9s-a-les-cales_.jpeg\",\"datePublished\":\"2020-01-24T16:40:46+00:00\",\"dateModified\":\"2020-01-24T16:59:37+00:00\",\"author\":{\"@id\":\"https:\\\/\\\/mont-roig.cat\\\/es\\\/#\\\/schema\\\/person\\\/f2b111789f22b7d0c3bd6786c9128cba\"},\"breadcrumb\":{\"@id\":\"https:\\\/\\\/mont-roig.cat\\\/es\\\/actualitat\\\/noticies\\\/el-alcalde-decreta-la-prohibicion-de-acceder-a-las-calas-y-otras-zonas-afectadas-por-el-temporal\\\/#breadcrumb\"},\"inLanguage\":\"es\",\"potentialAction\":[{\"@type\":\"ReadAction\",\"target\":[\"https:\\\/\\\/mont-roig.cat\\\/es\\\/actualitat\\\/noticies\\\/el-alcalde-decreta-la-prohibicion-de-acceder-a-las-calas-y-otras-zonas-afectadas-por-el-temporal\\\/\"]}]},{\"@type\":\"ImageObject\",\"inLanguage\":\"es\",\"@id\":\"https:\\\/\\\/mont-roig.cat\\\/es\\\/actualitat\\\/noticies\\\/el-alcalde-decreta-la-prohibicion-de-acceder-a-las-calas-y-otras-zonas-afectadas-por-el-temporal\\\/#primaryimage\",\"url\":\"https:\\\/\\\/mont-roig.cat\\\/wp-content\\\/uploads\\\/Es-prohibeix-lacc\u00e9s-a-les-cales_.jpeg\",\"contentUrl\":\"https:\\\/\\\/mont-roig.cat\\\/wp-content\\\/uploads\\\/Es-prohibeix-lacc\u00e9s-a-les-cales_.jpeg\",\"width\":929,\"height\":697},{\"@type\":\"BreadcrumbList\",\"@id\":\"https:\\\/\\\/mont-roig.cat\\\/es\\\/actualitat\\\/noticies\\\/el-alcalde-decreta-la-prohibicion-de-acceder-a-las-calas-y-otras-zonas-afectadas-por-el-temporal\\\/#breadcrumb\",\"itemListElement\":[{\"@type\":\"ListItem\",\"position\":1,\"name\":\"Inici\",\"item\":\"https:\\\/\\\/mont-roig.cat\\\/es\\\/pagina-de-inicio\\\/\"},{\"@type\":\"ListItem\",\"position\":2,\"name\":\"El Alcalde decreta la prohibici\u00f3n de acceder a las calas y otras zonas afectadas por el temporal\"}]},{\"@type\":\"WebSite\",\"@id\":\"https:\\\/\\\/mont-roig.cat\\\/es\\\/#website\",\"url\":\"https:\\\/\\\/mont-roig.cat\\\/es\\\/\",\"name\":\"Ajuntament de Mont-roig del Camp\",\"description\":\"Tota la informaci\u00f3 sobre la instituci\u00f3, els seus \u00f2rgans de govern, actualitat, serveis i molt m\u00e9s.\",\"potentialAction\":[{\"@type\":\"SearchAction\",\"target\":{\"@type\":\"EntryPoint\",\"urlTemplate\":\"https:\\\/\\\/mont-roig.cat\\\/es\\\/?s={search_term_string}\"},\"query-input\":{\"@type\":\"PropertyValueSpecification\",\"valueRequired\":true,\"valueName\":\"search_term_string\"}}],\"inLanguage\":\"es\"},{\"@type\":\"Person\",\"@id\":\"https:\\\/\\\/mont-roig.cat\\\/es\\\/#\\\/schema\\\/person\\\/f2b111789f22b7d0c3bd6786c9128cba\",\"name\":\"administrador\",\"image\":{\"@type\":\"ImageObject\",\"inLanguage\":\"es\",\"@id\":\"https:\\\/\\\/secure.gravatar.com\\\/avatar\\\/9137aac6891e2595c9d3036fd83bcb653b4db3c946db4c7d9b9be193c3c944bb?s=96&d=mm&r=g\",\"url\":\"https:\\\/\\\/secure.gravatar.com\\\/avatar\\\/9137aac6891e2595c9d3036fd83bcb653b4db3c946db4c7d9b9be193c3c944bb?s=96&d=mm&r=g\",\"contentUrl\":\"https:\\\/\\\/secure.gravatar.com\\\/avatar\\\/9137aac6891e2595c9d3036fd83bcb653b4db3c946db4c7d9b9be193c3c944bb?s=96&d=mm&r=g\",\"caption\":\"administrador\"},\"url\":\"https:\\\/\\\/mont-roig.cat\\\/es\\\/actualitat\\\/noticies\\\/author\\\/administrador\\\/\"}]}<\/script>\n<!-- \/ Yoast SEO plugin. -->","yoast_head_json":{"title":"El Alcalde decreta la prohibici\u00f3n de acceder a las calas y otras zonas afectadas por el temporal - Ajuntament de Mont-roig del Camp","robots":{"index":"index","follow":"follow","max-snippet":"max-snippet:-1","max-image-preview":"max-image-preview:large","max-video-preview":"max-video-preview:-1"},"canonical":"https:\/\/mont-roig.cat\/es\/actualitat\/noticies\/el-alcalde-decreta-la-prohibicion-de-acceder-a-las-calas-y-otras-zonas-afectadas-por-el-temporal\/","og_locale":"es_ES","og_type":"article","og_title":"El Alcalde decreta la prohibici\u00f3n de acceder a las calas y otras zonas afectadas por el temporal - Ajuntament de Mont-roig del Camp","og_description":"Morancho ha dictado un bando para dar a conocer estas medidas cautelares y provisionales, a la espera de los informes t\u00e9cnicos pertinentes y mientras no se pueda garantizar la seguridad de las personas en estos puntos Una vez levantada la alerta de Protecci\u00f3n Civil con relaci\u00f3n al temporal Gloria, el Ayuntamiento de Mont-roig del Camp [&hellip;]","og_url":"https:\/\/mont-roig.cat\/es\/actualitat\/noticies\/el-alcalde-decreta-la-prohibicion-de-acceder-a-las-calas-y-otras-zonas-afectadas-por-el-temporal\/","og_site_name":"Ajuntament de Mont-roig del Camp","article_published_time":"2020-01-24T16:40:46+00:00","article_modified_time":"2020-01-24T16:59:37+00:00","og_image":[{"width":929,"height":697,"url":"https:\/\/mont-roig.cat\/wp-content\/uploads\/Es-prohibeix-lacc\u00e9s-a-les-cales_.jpeg","type":"image\/jpeg"}],"author":"administrador","twitter_card":"summary_large_image","twitter_misc":{"Escrito por":"administrador","Tiempo de lectura":"3 minutos"},"schema":{"@context":"https:\/\/schema.org","@graph":[{"@type":"Article","@id":"https:\/\/mont-roig.cat\/es\/actualitat\/noticies\/el-alcalde-decreta-la-prohibicion-de-acceder-a-las-calas-y-otras-zonas-afectadas-por-el-temporal\/#article","isPartOf":{"@id":"https:\/\/mont-roig.cat\/es\/actualitat\/noticies\/el-alcalde-decreta-la-prohibicion-de-acceder-a-las-calas-y-otras-zonas-afectadas-por-el-temporal\/"},"author":{"name":"administrador","@id":"https:\/\/mont-roig.cat\/es\/#\/schema\/person\/f2b111789f22b7d0c3bd6786c9128cba"},"headline":"El Alcalde decreta la prohibici\u00f3n de acceder a las calas y otras zonas afectadas por el temporal","datePublished":"2020-01-24T16:40:46+00:00","dateModified":"2020-01-24T16:59:37+00:00","mainEntityOfPage":{"@id":"https:\/\/mont-roig.cat\/es\/actualitat\/noticies\/el-alcalde-decreta-la-prohibicion-de-acceder-a-las-calas-y-otras-zonas-afectadas-por-el-temporal\/"},"wordCount":682,"image":{"@id":"https:\/\/mont-roig.cat\/es\/actualitat\/noticies\/el-alcalde-decreta-la-prohibicion-de-acceder-a-las-calas-y-otras-zonas-afectadas-por-el-temporal\/#primaryimage"},"thumbnailUrl":"https:\/\/mont-roig.cat\/wp-content\/uploads\/Es-prohibeix-lacc\u00e9s-a-les-cales_.jpeg","articleSection":["Alcalde","Ayuntamiento","Seguridad","Urbanismo y obras"],"inLanguage":"es"},{"@type":"WebPage","@id":"https:\/\/mont-roig.cat\/es\/actualitat\/noticies\/el-alcalde-decreta-la-prohibicion-de-acceder-a-las-calas-y-otras-zonas-afectadas-por-el-temporal\/","url":"https:\/\/mont-roig.cat\/es\/actualitat\/noticies\/el-alcalde-decreta-la-prohibicion-de-acceder-a-las-calas-y-otras-zonas-afectadas-por-el-temporal\/","name":"El Alcalde decreta la prohibici\u00f3n de acceder a las calas y otras zonas afectadas por el temporal - Ajuntament de Mont-roig del Camp","isPartOf":{"@id":"https:\/\/mont-roig.cat\/es\/#website"},"primaryImageOfPage":{"@id":"https:\/\/mont-roig.cat\/es\/actualitat\/noticies\/el-alcalde-decreta-la-prohibicion-de-acceder-a-las-calas-y-otras-zonas-afectadas-por-el-temporal\/#primaryimage"},"image":{"@id":"https:\/\/mont-roig.cat\/es\/actualitat\/noticies\/el-alcalde-decreta-la-prohibicion-de-acceder-a-las-calas-y-otras-zonas-afectadas-por-el-temporal\/#primaryimage"},"thumbnailUrl":"https:\/\/mont-roig.cat\/wp-content\/uploads\/Es-prohibeix-lacc\u00e9s-a-les-cales_.jpeg","datePublished":"2020-01-24T16:40:46+00:00","dateModified":"2020-01-24T16:59:37+00:00","author":{"@id":"https:\/\/mont-roig.cat\/es\/#\/schema\/person\/f2b111789f22b7d0c3bd6786c9128cba"},"breadcrumb":{"@id":"https:\/\/mont-roig.cat\/es\/actualitat\/noticies\/el-alcalde-decreta-la-prohibicion-de-acceder-a-las-calas-y-otras-zonas-afectadas-por-el-temporal\/#breadcrumb"},"inLanguage":"es","potentialAction":[{"@type":"ReadAction","target":["https:\/\/mont-roig.cat\/es\/actualitat\/noticies\/el-alcalde-decreta-la-prohibicion-de-acceder-a-las-calas-y-otras-zonas-afectadas-por-el-temporal\/"]}]},{"@type":"ImageObject","inLanguage":"es","@id":"https:\/\/mont-roig.cat\/es\/actualitat\/noticies\/el-alcalde-decreta-la-prohibicion-de-acceder-a-las-calas-y-otras-zonas-afectadas-por-el-temporal\/#primaryimage","url":"https:\/\/mont-roig.cat\/wp-content\/uploads\/Es-prohibeix-lacc\u00e9s-a-les-cales_.jpeg","contentUrl":"https:\/\/mont-roig.cat\/wp-content\/uploads\/Es-prohibeix-lacc\u00e9s-a-les-cales_.jpeg","width":929,"height":697},{"@type":"BreadcrumbList","@id":"https:\/\/mont-roig.cat\/es\/actualitat\/noticies\/el-alcalde-decreta-la-prohibicion-de-acceder-a-las-calas-y-otras-zonas-afectadas-por-el-temporal\/#breadcrumb","itemListElement":[{"@type":"ListItem","position":1,"name":"Inici","item":"https:\/\/mont-roig.cat\/es\/pagina-de-inicio\/"},{"@type":"ListItem","position":2,"name":"El Alcalde decreta la prohibici\u00f3n de acceder a las calas y otras zonas afectadas por el temporal"}]},{"@type":"WebSite","@id":"https:\/\/mont-roig.cat\/es\/#website","url":"https:\/\/mont-roig.cat\/es\/","name":"Ajuntament de Mont-roig del Camp","description":"Tota la informaci\u00f3 sobre la instituci\u00f3, els seus \u00f2rgans de govern, actualitat, serveis i molt m\u00e9s.","potentialAction":[{"@type":"SearchAction","target":{"@type":"EntryPoint","urlTemplate":"https:\/\/mont-roig.cat\/es\/?s={search_term_string}"},"query-input":{"@type":"PropertyValueSpecification","valueRequired":true,"valueName":"search_term_string"}}],"inLanguage":"es"},{"@type":"Person","@id":"https:\/\/mont-roig.cat\/es\/#\/schema\/person\/f2b111789f22b7d0c3bd6786c9128cba","name":"administrador","image":{"@type":"ImageObject","inLanguage":"es","@id":"https:\/\/secure.gravatar.com\/avatar\/9137aac6891e2595c9d3036fd83bcb653b4db3c946db4c7d9b9be193c3c944bb?s=96&d=mm&r=g","url":"https:\/\/secure.gravatar.com\/avatar\/9137aac6891e2595c9d3036fd83bcb653b4db3c946db4c7d9b9be193c3c944bb?s=96&d=mm&r=g","contentUrl":"https:\/\/secure.gravatar.com\/avatar\/9137aac6891e2595c9d3036fd83bcb653b4db3c946db4c7d9b9be193c3c944bb?s=96&d=mm&r=g","caption":"administrador"},"url":"https:\/\/mont-roig.cat\/es\/actualitat\/noticies\/author\/administrador\/"}]}},"_links":{"self":[{"href":"https:\/\/mont-roig.cat\/es\/wp-json\/wp\/v2\/posts\/42424","targetHints":{"allow":["GET"]}}],"collection":[{"href":"https:\/\/mont-roig.cat\/es\/wp-json\/wp\/v2\/posts"}],"about":[{"href":"https:\/\/mont-roig.cat\/es\/wp-json\/wp\/v2\/types\/post"}],"author":[{"embeddable":true,"href":"https:\/\/mont-roig.cat\/es\/wp-json\/wp\/v2\/users\/4"}],"replies":[{"embeddable":true,"href":"https:\/\/mont-roig.cat\/es\/wp-json\/wp\/v2\/comments?post=42424"}],"version-history":[{"count":5,"href":"https:\/\/mont-roig.cat\/es\/wp-json\/wp\/v2\/posts\/42424\/revisions"}],"predecessor-version":[{"id":42429,"href":"https:\/\/mont-roig.cat\/es\/wp-json\/wp\/v2\/posts\/42424\/revisions\/42429"}],"wp:featuredmedia":[{"embeddable":true,"href":"https:\/\/mont-roig.cat\/es\/wp-json\/wp\/v2\/media\/42403"}],"wp:attachment":[{"href":"https:\/\/mont-roig.cat\/es\/wp-json\/wp\/v2\/media?parent=42424"}],"wp:term":[{"taxonomy":"category","embeddable":true,"href":"https:\/\/mont-roig.cat\/es\/wp-json\/wp\/v2\/categories?post=42424"},{"taxonomy":"post_tag","embeddable":true,"href":"https:\/\/mont-roig.cat\/es\/wp-json\/wp\/v2\/tags?post=42424"}],"curies":[{"name":"wp","href":"https:\/\/api.w.org\/{rel}","templated":true}]}}