{"id":42989,"date":"2020-02-03T09:26:29","date_gmt":"2020-02-03T08:26:29","guid":{"rendered":"https:\/\/mont-roig.cat\/actualitat\/noticies\/sobren-les-inscripcions-per-a-la-cinquena-edicio-de-la-mitja-marato-de-miami-platja\/"},"modified":"2020-02-03T09:29:24","modified_gmt":"2020-02-03T08:29:24","slug":"sobren-les-inscripcions-per-a-la-cinquena-edicio-de-la-mitja-marato-de-miami-platja","status":"publish","type":"post","link":"https:\/\/mont-roig.cat\/es\/actualitat\/noticies\/sobren-les-inscripcions-per-a-la-cinquena-edicio-de-la-mitja-marato-de-miami-platja\/","title":{"rendered":"Se abren las inscripciones para la quinta edici\u00f3n de la Media Marat\u00f3n de Miami Platja"},"content":{"rendered":"<ul>\n<li style=\"text-align: justify;\">\n<div id=\"attachment_42985\" style=\"width: 319px\" class=\"wp-caption alignright\"><a href=\"https:\/\/mont-roig.cat\/wp-content\/uploads\/33293292644_ddfedf457a_c.jpg\"><img loading=\"lazy\" decoding=\"async\" aria-describedby=\"caption-attachment-42985\" class=\"wp-image-42985\" src=\"https:\/\/mont-roig.cat\/wp-content\/uploads\/33293292644_ddfedf457a_c.jpg\" alt=\"\" width=\"309\" height=\"207\" srcset=\"https:\/\/mont-roig.cat\/wp-content\/uploads\/33293292644_ddfedf457a_c.jpg 799w, https:\/\/mont-roig.cat\/wp-content\/uploads\/33293292644_ddfedf457a_c-500x334.jpg 500w, https:\/\/mont-roig.cat\/wp-content\/uploads\/33293292644_ddfedf457a_c-768x512.jpg 768w\" sizes=\"auto, (max-width: 309px) 100vw, 309px\" \/><\/a><p id=\"caption-attachment-42985\" class=\"wp-caption-text\"><em>Participantes de la II edici\u00f3n de la Media Marat\u00f3n de Miami Platja<\/em><\/p><\/div>\n<p><strong>La competici\u00f3n tendr\u00e1 lugar el d\u00eda 11 de abril, a las 10 de la ma\u00f1ana, con carreras de 21, 10 y 5 kil\u00f3metros<\/strong><\/li>\n<\/ul>\n<p style=\"text-align: justify;\">El Ayuntamiento de Mont-roig del Camp organiza, con la producci\u00f3n ejecutiva de La Sansi i Runner\u2019s, la Media Marat\u00f3n de Miami Platja, el d\u00eda 11 de abril a las 10 de la ma\u00f1ana.<\/p>\n<p style=\"text-align: justify;\">La quinta edici\u00f3n de esta competici\u00f3n contar\u00e1, como es habitual, con tres carreras de diferente recorrido: de 21, 10 y 5 kil\u00f3metros; y con dos carreras infantiles, con el objetivo de hacerla accesible a todos los niveles. Las salidas de las carreras se har\u00e1n desde el Polideportivo de Miami Platja, y en el caso de las de promoci\u00f3n, la hora de salida ser\u00e1 a partir de las 12.30h.<\/p>\n<p style=\"text-align: justify;\">Las inscripciones ya est\u00e1n abiertas y se pueden hacer por internet a trav\u00e9s de la p\u00e1gina web <a href=\"http:\/\/www.mitjamaratomiami.com\">www.mitjamaratomiami.com<\/a>. Las inscripciones se cerrar\u00e1n tres d\u00edas antes de la carrera o una vez agotados los dorsales. En caso de que queden dorsales disponibles, las inscripciones se podr\u00e1n hacer tambi\u00e9n presencialmente el d\u00eda de la carrera.<\/p>\n<p style=\"text-align: justify;\">Todos los participantes recibir\u00e1n una camiseta t\u00e9cnica, una bolsa con varios obsequios de las empresas patrocinadoras, una medalla de <em>finisher<\/em> para los que participen en las tres carreras, adem\u00e1s de una serie de ventajas como liebres, servicios de guardarropa, de masajistas, de acogida infantil, planes de entrenamiento, sorteos y m\u00e1s sorpresas.<\/p>\n","protected":false},"excerpt":{"rendered":"<p>La competici\u00f3n tendr\u00e1 lugar el d\u00eda 11 de abril, a las 10 de la ma\u00f1ana, con carreras de 21, 10 y 5 kil\u00f3metros El Ayuntamiento de Mont-roig del Camp organiza, con la producci\u00f3n ejecutiva de La Sansi i Runner\u2019s, la Media Marat\u00f3n de Miami Platja, el d\u00eda 11 de abril a las 10 de la [&hellip;]<\/p>\n","protected":false},"author":4,"featured_media":42985,"comment_status":"closed","ping_status":"closed","sticky":false,"template":"","format":"standard","meta":{"inline_featured_image":false,"_monsterinsights_skip_tracking":false,"_monsterinsights_sitenote_active":false,"_monsterinsights_sitenote_note":"","_monsterinsights_sitenote_category":0,"footnotes":""},"categories":[98,104],"tags":[],"class_list":["post-42989","post","type-post","status-publish","format-standard","has-post-thumbnail","hentry","category-ayuntamiento","category-deportes"],"yoast_head":"<!-- This site is optimized with the Yoast SEO plugin v27.4 - https:\/\/yoast.com\/product\/yoast-seo-wordpress\/ -->\n<title>Se abren las inscripciones para la quinta edici\u00f3n de la Media Marat\u00f3n de Miami Platja - Ajuntament de Mont-roig del Camp<\/title>\n<meta name=\"robots\" content=\"index, follow, max-snippet:-1, max-image-preview:large, max-video-preview:-1\" \/>\n<link rel=\"canonical\" href=\"https:\/\/mont-roig.cat\/es\/actualitat\/noticies\/sobren-les-inscripcions-per-a-la-cinquena-edicio-de-la-mitja-marato-de-miami-platja\/\" \/>\n<meta property=\"og:locale\" content=\"es_ES\" \/>\n<meta property=\"og:type\" content=\"article\" \/>\n<meta property=\"og:title\" content=\"Se abren las inscripciones para la quinta edici\u00f3n de la Media Marat\u00f3n de Miami Platja - Ajuntament de Mont-roig del Camp\" \/>\n<meta property=\"og:description\" content=\"La competici\u00f3n tendr\u00e1 lugar el d\u00eda 11 de abril, a las 10 de la ma\u00f1ana, con carreras de 21, 10 y 5 kil\u00f3metros El Ayuntamiento de Mont-roig del Camp organiza, con la producci\u00f3n ejecutiva de La Sansi i Runner\u2019s, la Media Marat\u00f3n de Miami Platja, el d\u00eda 11 de abril a las 10 de la [&hellip;]\" \/>\n<meta property=\"og:url\" content=\"https:\/\/mont-roig.cat\/es\/actualitat\/noticies\/sobren-les-inscripcions-per-a-la-cinquena-edicio-de-la-mitja-marato-de-miami-platja\/\" \/>\n<meta property=\"og:site_name\" content=\"Ajuntament de Mont-roig del Camp\" \/>\n<meta property=\"article:published_time\" content=\"2020-02-03T08:26:29+00:00\" \/>\n<meta property=\"article:modified_time\" content=\"2020-02-03T08:29:24+00:00\" \/>\n<meta property=\"og:image\" content=\"https:\/\/mont-roig.cat\/wp-content\/uploads\/33293292644_ddfedf457a_c.jpg\" \/>\n\t<meta property=\"og:image:width\" content=\"799\" \/>\n\t<meta property=\"og:image:height\" content=\"533\" \/>\n\t<meta property=\"og:image:type\" content=\"image\/jpeg\" \/>\n<meta name=\"author\" content=\"administrador\" \/>\n<meta name=\"twitter:card\" content=\"summary_large_image\" \/>\n<meta name=\"twitter:label1\" content=\"Escrito por\" \/>\n\t<meta name=\"twitter:data1\" content=\"administrador\" \/>\n\t<meta name=\"twitter:label2\" content=\"Tiempo de lectura\" \/>\n\t<meta name=\"twitter:data2\" content=\"1 minuto\" \/>\n<script type=\"application\/ld+json\" class=\"yoast-schema-graph\">{\"@context\":\"https:\\\/\\\/schema.org\",\"@graph\":[{\"@type\":\"Article\",\"@id\":\"https:\\\/\\\/mont-roig.cat\\\/es\\\/actualitat\\\/noticies\\\/sobren-les-inscripcions-per-a-la-cinquena-edicio-de-la-mitja-marato-de-miami-platja\\\/#article\",\"isPartOf\":{\"@id\":\"https:\\\/\\\/mont-roig.cat\\\/es\\\/actualitat\\\/noticies\\\/sobren-les-inscripcions-per-a-la-cinquena-edicio-de-la-mitja-marato-de-miami-platja\\\/\"},\"author\":{\"name\":\"administrador\",\"@id\":\"https:\\\/\\\/mont-roig.cat\\\/es\\\/#\\\/schema\\\/person\\\/f2b111789f22b7d0c3bd6786c9128cba\"},\"headline\":\"Se abren las inscripciones para la quinta edici\u00f3n de la Media Marat\u00f3n de Miami Platja\",\"datePublished\":\"2020-02-03T08:26:29+00:00\",\"dateModified\":\"2020-02-03T08:29:24+00:00\",\"mainEntityOfPage\":{\"@id\":\"https:\\\/\\\/mont-roig.cat\\\/es\\\/actualitat\\\/noticies\\\/sobren-les-inscripcions-per-a-la-cinquena-edicio-de-la-mitja-marato-de-miami-platja\\\/\"},\"wordCount\":284,\"image\":{\"@id\":\"https:\\\/\\\/mont-roig.cat\\\/es\\\/actualitat\\\/noticies\\\/sobren-les-inscripcions-per-a-la-cinquena-edicio-de-la-mitja-marato-de-miami-platja\\\/#primaryimage\"},\"thumbnailUrl\":\"https:\\\/\\\/mont-roig.cat\\\/wp-content\\\/uploads\\\/33293292644_ddfedf457a_c.jpg\",\"articleSection\":[\"Ayuntamiento\",\"Deportes\"],\"inLanguage\":\"es\"},{\"@type\":\"WebPage\",\"@id\":\"https:\\\/\\\/mont-roig.cat\\\/es\\\/actualitat\\\/noticies\\\/sobren-les-inscripcions-per-a-la-cinquena-edicio-de-la-mitja-marato-de-miami-platja\\\/\",\"url\":\"https:\\\/\\\/mont-roig.cat\\\/es\\\/actualitat\\\/noticies\\\/sobren-les-inscripcions-per-a-la-cinquena-edicio-de-la-mitja-marato-de-miami-platja\\\/\",\"name\":\"Se abren las inscripciones para la quinta edici\u00f3n de la Media Marat\u00f3n de Miami Platja - Ajuntament de Mont-roig del Camp\",\"isPartOf\":{\"@id\":\"https:\\\/\\\/mont-roig.cat\\\/es\\\/#website\"},\"primaryImageOfPage\":{\"@id\":\"https:\\\/\\\/mont-roig.cat\\\/es\\\/actualitat\\\/noticies\\\/sobren-les-inscripcions-per-a-la-cinquena-edicio-de-la-mitja-marato-de-miami-platja\\\/#primaryimage\"},\"image\":{\"@id\":\"https:\\\/\\\/mont-roig.cat\\\/es\\\/actualitat\\\/noticies\\\/sobren-les-inscripcions-per-a-la-cinquena-edicio-de-la-mitja-marato-de-miami-platja\\\/#primaryimage\"},\"thumbnailUrl\":\"https:\\\/\\\/mont-roig.cat\\\/wp-content\\\/uploads\\\/33293292644_ddfedf457a_c.jpg\",\"datePublished\":\"2020-02-03T08:26:29+00:00\",\"dateModified\":\"2020-02-03T08:29:24+00:00\",\"author\":{\"@id\":\"https:\\\/\\\/mont-roig.cat\\\/es\\\/#\\\/schema\\\/person\\\/f2b111789f22b7d0c3bd6786c9128cba\"},\"breadcrumb\":{\"@id\":\"https:\\\/\\\/mont-roig.cat\\\/es\\\/actualitat\\\/noticies\\\/sobren-les-inscripcions-per-a-la-cinquena-edicio-de-la-mitja-marato-de-miami-platja\\\/#breadcrumb\"},\"inLanguage\":\"es\",\"potentialAction\":[{\"@type\":\"ReadAction\",\"target\":[\"https:\\\/\\\/mont-roig.cat\\\/es\\\/actualitat\\\/noticies\\\/sobren-les-inscripcions-per-a-la-cinquena-edicio-de-la-mitja-marato-de-miami-platja\\\/\"]}]},{\"@type\":\"ImageObject\",\"inLanguage\":\"es\",\"@id\":\"https:\\\/\\\/mont-roig.cat\\\/es\\\/actualitat\\\/noticies\\\/sobren-les-inscripcions-per-a-la-cinquena-edicio-de-la-mitja-marato-de-miami-platja\\\/#primaryimage\",\"url\":\"https:\\\/\\\/mont-roig.cat\\\/wp-content\\\/uploads\\\/33293292644_ddfedf457a_c.jpg\",\"contentUrl\":\"https:\\\/\\\/mont-roig.cat\\\/wp-content\\\/uploads\\\/33293292644_ddfedf457a_c.jpg\",\"width\":799,\"height\":533},{\"@type\":\"BreadcrumbList\",\"@id\":\"https:\\\/\\\/mont-roig.cat\\\/es\\\/actualitat\\\/noticies\\\/sobren-les-inscripcions-per-a-la-cinquena-edicio-de-la-mitja-marato-de-miami-platja\\\/#breadcrumb\",\"itemListElement\":[{\"@type\":\"ListItem\",\"position\":1,\"name\":\"Inici\",\"item\":\"https:\\\/\\\/mont-roig.cat\\\/es\\\/pagina-de-inicio\\\/\"},{\"@type\":\"ListItem\",\"position\":2,\"name\":\"Se abren las inscripciones para la quinta edici\u00f3n de la Media Marat\u00f3n de Miami Platja\"}]},{\"@type\":\"WebSite\",\"@id\":\"https:\\\/\\\/mont-roig.cat\\\/es\\\/#website\",\"url\":\"https:\\\/\\\/mont-roig.cat\\\/es\\\/\",\"name\":\"Ajuntament de Mont-roig del Camp\",\"description\":\"Tota la informaci\u00f3 sobre la instituci\u00f3, els seus \u00f2rgans de govern, actualitat, serveis i molt m\u00e9s.\",\"potentialAction\":[{\"@type\":\"SearchAction\",\"target\":{\"@type\":\"EntryPoint\",\"urlTemplate\":\"https:\\\/\\\/mont-roig.cat\\\/es\\\/?s={search_term_string}\"},\"query-input\":{\"@type\":\"PropertyValueSpecification\",\"valueRequired\":true,\"valueName\":\"search_term_string\"}}],\"inLanguage\":\"es\"},{\"@type\":\"Person\",\"@id\":\"https:\\\/\\\/mont-roig.cat\\\/es\\\/#\\\/schema\\\/person\\\/f2b111789f22b7d0c3bd6786c9128cba\",\"name\":\"administrador\",\"image\":{\"@type\":\"ImageObject\",\"inLanguage\":\"es\",\"@id\":\"https:\\\/\\\/secure.gravatar.com\\\/avatar\\\/9137aac6891e2595c9d3036fd83bcb653b4db3c946db4c7d9b9be193c3c944bb?s=96&d=mm&r=g\",\"url\":\"https:\\\/\\\/secure.gravatar.com\\\/avatar\\\/9137aac6891e2595c9d3036fd83bcb653b4db3c946db4c7d9b9be193c3c944bb?s=96&d=mm&r=g\",\"contentUrl\":\"https:\\\/\\\/secure.gravatar.com\\\/avatar\\\/9137aac6891e2595c9d3036fd83bcb653b4db3c946db4c7d9b9be193c3c944bb?s=96&d=mm&r=g\",\"caption\":\"administrador\"},\"url\":\"https:\\\/\\\/mont-roig.cat\\\/es\\\/actualitat\\\/noticies\\\/author\\\/administrador\\\/\"}]}<\/script>\n<!-- \/ Yoast SEO plugin. -->","yoast_head_json":{"title":"Se abren las inscripciones para la quinta edici\u00f3n de la Media Marat\u00f3n de Miami Platja - Ajuntament de Mont-roig del Camp","robots":{"index":"index","follow":"follow","max-snippet":"max-snippet:-1","max-image-preview":"max-image-preview:large","max-video-preview":"max-video-preview:-1"},"canonical":"https:\/\/mont-roig.cat\/es\/actualitat\/noticies\/sobren-les-inscripcions-per-a-la-cinquena-edicio-de-la-mitja-marato-de-miami-platja\/","og_locale":"es_ES","og_type":"article","og_title":"Se abren las inscripciones para la quinta edici\u00f3n de la Media Marat\u00f3n de Miami Platja - Ajuntament de Mont-roig del Camp","og_description":"La competici\u00f3n tendr\u00e1 lugar el d\u00eda 11 de abril, a las 10 de la ma\u00f1ana, con carreras de 21, 10 y 5 kil\u00f3metros El Ayuntamiento de Mont-roig del Camp organiza, con la producci\u00f3n ejecutiva de La Sansi i Runner\u2019s, la Media Marat\u00f3n de Miami Platja, el d\u00eda 11 de abril a las 10 de la [&hellip;]","og_url":"https:\/\/mont-roig.cat\/es\/actualitat\/noticies\/sobren-les-inscripcions-per-a-la-cinquena-edicio-de-la-mitja-marato-de-miami-platja\/","og_site_name":"Ajuntament de Mont-roig del Camp","article_published_time":"2020-02-03T08:26:29+00:00","article_modified_time":"2020-02-03T08:29:24+00:00","og_image":[{"width":799,"height":533,"url":"https:\/\/mont-roig.cat\/wp-content\/uploads\/33293292644_ddfedf457a_c.jpg","type":"image\/jpeg"}],"author":"administrador","twitter_card":"summary_large_image","twitter_misc":{"Escrito por":"administrador","Tiempo de lectura":"1 minuto"},"schema":{"@context":"https:\/\/schema.org","@graph":[{"@type":"Article","@id":"https:\/\/mont-roig.cat\/es\/actualitat\/noticies\/sobren-les-inscripcions-per-a-la-cinquena-edicio-de-la-mitja-marato-de-miami-platja\/#article","isPartOf":{"@id":"https:\/\/mont-roig.cat\/es\/actualitat\/noticies\/sobren-les-inscripcions-per-a-la-cinquena-edicio-de-la-mitja-marato-de-miami-platja\/"},"author":{"name":"administrador","@id":"https:\/\/mont-roig.cat\/es\/#\/schema\/person\/f2b111789f22b7d0c3bd6786c9128cba"},"headline":"Se abren las inscripciones para la quinta edici\u00f3n de la Media Marat\u00f3n de Miami Platja","datePublished":"2020-02-03T08:26:29+00:00","dateModified":"2020-02-03T08:29:24+00:00","mainEntityOfPage":{"@id":"https:\/\/mont-roig.cat\/es\/actualitat\/noticies\/sobren-les-inscripcions-per-a-la-cinquena-edicio-de-la-mitja-marato-de-miami-platja\/"},"wordCount":284,"image":{"@id":"https:\/\/mont-roig.cat\/es\/actualitat\/noticies\/sobren-les-inscripcions-per-a-la-cinquena-edicio-de-la-mitja-marato-de-miami-platja\/#primaryimage"},"thumbnailUrl":"https:\/\/mont-roig.cat\/wp-content\/uploads\/33293292644_ddfedf457a_c.jpg","articleSection":["Ayuntamiento","Deportes"],"inLanguage":"es"},{"@type":"WebPage","@id":"https:\/\/mont-roig.cat\/es\/actualitat\/noticies\/sobren-les-inscripcions-per-a-la-cinquena-edicio-de-la-mitja-marato-de-miami-platja\/","url":"https:\/\/mont-roig.cat\/es\/actualitat\/noticies\/sobren-les-inscripcions-per-a-la-cinquena-edicio-de-la-mitja-marato-de-miami-platja\/","name":"Se abren las inscripciones para la quinta edici\u00f3n de la Media Marat\u00f3n de Miami Platja - Ajuntament de Mont-roig del Camp","isPartOf":{"@id":"https:\/\/mont-roig.cat\/es\/#website"},"primaryImageOfPage":{"@id":"https:\/\/mont-roig.cat\/es\/actualitat\/noticies\/sobren-les-inscripcions-per-a-la-cinquena-edicio-de-la-mitja-marato-de-miami-platja\/#primaryimage"},"image":{"@id":"https:\/\/mont-roig.cat\/es\/actualitat\/noticies\/sobren-les-inscripcions-per-a-la-cinquena-edicio-de-la-mitja-marato-de-miami-platja\/#primaryimage"},"thumbnailUrl":"https:\/\/mont-roig.cat\/wp-content\/uploads\/33293292644_ddfedf457a_c.jpg","datePublished":"2020-02-03T08:26:29+00:00","dateModified":"2020-02-03T08:29:24+00:00","author":{"@id":"https:\/\/mont-roig.cat\/es\/#\/schema\/person\/f2b111789f22b7d0c3bd6786c9128cba"},"breadcrumb":{"@id":"https:\/\/mont-roig.cat\/es\/actualitat\/noticies\/sobren-les-inscripcions-per-a-la-cinquena-edicio-de-la-mitja-marato-de-miami-platja\/#breadcrumb"},"inLanguage":"es","potentialAction":[{"@type":"ReadAction","target":["https:\/\/mont-roig.cat\/es\/actualitat\/noticies\/sobren-les-inscripcions-per-a-la-cinquena-edicio-de-la-mitja-marato-de-miami-platja\/"]}]},{"@type":"ImageObject","inLanguage":"es","@id":"https:\/\/mont-roig.cat\/es\/actualitat\/noticies\/sobren-les-inscripcions-per-a-la-cinquena-edicio-de-la-mitja-marato-de-miami-platja\/#primaryimage","url":"https:\/\/mont-roig.cat\/wp-content\/uploads\/33293292644_ddfedf457a_c.jpg","contentUrl":"https:\/\/mont-roig.cat\/wp-content\/uploads\/33293292644_ddfedf457a_c.jpg","width":799,"height":533},{"@type":"BreadcrumbList","@id":"https:\/\/mont-roig.cat\/es\/actualitat\/noticies\/sobren-les-inscripcions-per-a-la-cinquena-edicio-de-la-mitja-marato-de-miami-platja\/#breadcrumb","itemListElement":[{"@type":"ListItem","position":1,"name":"Inici","item":"https:\/\/mont-roig.cat\/es\/pagina-de-inicio\/"},{"@type":"ListItem","position":2,"name":"Se abren las inscripciones para la quinta edici\u00f3n de la Media Marat\u00f3n de Miami Platja"}]},{"@type":"WebSite","@id":"https:\/\/mont-roig.cat\/es\/#website","url":"https:\/\/mont-roig.cat\/es\/","name":"Ajuntament de Mont-roig del Camp","description":"Tota la informaci\u00f3 sobre la instituci\u00f3, els seus \u00f2rgans de govern, actualitat, serveis i molt m\u00e9s.","potentialAction":[{"@type":"SearchAction","target":{"@type":"EntryPoint","urlTemplate":"https:\/\/mont-roig.cat\/es\/?s={search_term_string}"},"query-input":{"@type":"PropertyValueSpecification","valueRequired":true,"valueName":"search_term_string"}}],"inLanguage":"es"},{"@type":"Person","@id":"https:\/\/mont-roig.cat\/es\/#\/schema\/person\/f2b111789f22b7d0c3bd6786c9128cba","name":"administrador","image":{"@type":"ImageObject","inLanguage":"es","@id":"https:\/\/secure.gravatar.com\/avatar\/9137aac6891e2595c9d3036fd83bcb653b4db3c946db4c7d9b9be193c3c944bb?s=96&d=mm&r=g","url":"https:\/\/secure.gravatar.com\/avatar\/9137aac6891e2595c9d3036fd83bcb653b4db3c946db4c7d9b9be193c3c944bb?s=96&d=mm&r=g","contentUrl":"https:\/\/secure.gravatar.com\/avatar\/9137aac6891e2595c9d3036fd83bcb653b4db3c946db4c7d9b9be193c3c944bb?s=96&d=mm&r=g","caption":"administrador"},"url":"https:\/\/mont-roig.cat\/es\/actualitat\/noticies\/author\/administrador\/"}]}},"_links":{"self":[{"href":"https:\/\/mont-roig.cat\/es\/wp-json\/wp\/v2\/posts\/42989","targetHints":{"allow":["GET"]}}],"collection":[{"href":"https:\/\/mont-roig.cat\/es\/wp-json\/wp\/v2\/posts"}],"about":[{"href":"https:\/\/mont-roig.cat\/es\/wp-json\/wp\/v2\/types\/post"}],"author":[{"embeddable":true,"href":"https:\/\/mont-roig.cat\/es\/wp-json\/wp\/v2\/users\/4"}],"replies":[{"embeddable":true,"href":"https:\/\/mont-roig.cat\/es\/wp-json\/wp\/v2\/comments?post=42989"}],"version-history":[{"count":2,"href":"https:\/\/mont-roig.cat\/es\/wp-json\/wp\/v2\/posts\/42989\/revisions"}],"predecessor-version":[{"id":42991,"href":"https:\/\/mont-roig.cat\/es\/wp-json\/wp\/v2\/posts\/42989\/revisions\/42991"}],"wp:featuredmedia":[{"embeddable":true,"href":"https:\/\/mont-roig.cat\/es\/wp-json\/wp\/v2\/media\/42985"}],"wp:attachment":[{"href":"https:\/\/mont-roig.cat\/es\/wp-json\/wp\/v2\/media?parent=42989"}],"wp:term":[{"taxonomy":"category","embeddable":true,"href":"https:\/\/mont-roig.cat\/es\/wp-json\/wp\/v2\/categories?post=42989"},{"taxonomy":"post_tag","embeddable":true,"href":"https:\/\/mont-roig.cat\/es\/wp-json\/wp\/v2\/tags?post=42989"}],"curies":[{"name":"wp","href":"https:\/\/api.w.org\/{rel}","templated":true}]}}