{"id":43132,"date":"2020-02-06T13:02:35","date_gmt":"2020-02-06T12:02:35","guid":{"rendered":"https:\/\/mont-roig.cat\/?p=43132"},"modified":"2020-02-06T13:24:43","modified_gmt":"2020-02-06T12:24:43","slug":"arranca-la-escola-de-families-con-una-actividad-de-observacion-astronomica","status":"publish","type":"post","link":"https:\/\/mont-roig.cat\/es\/actualitat\/noticies\/arranca-la-escola-de-families-con-una-actividad-de-observacion-astronomica\/","title":{"rendered":"Arranca la Escola de Fam\u00edlies con una actividad de observaci\u00f3n astron\u00f3mica"},"content":{"rendered":"<ul>\n<li style=\"text-align: justify;\"><strong>El encuentro est\u00e1 pensado para que todos los miembros de la familia puedan compartir un rato juntos descubriendo planetas, estrellas e historias a la luz de la luna<\/strong><\/li>\n<\/ul>\n<p style=\"text-align: justify;\"><a href=\"https:\/\/mont-roig.cat\/wp-content\/uploads\/FLYER-OBSERVACI\u00d3-2020-copy.jpg\"><img loading=\"lazy\" decoding=\"async\" class=\"alignright wp-image-43111\" src=\"https:\/\/mont-roig.cat\/wp-content\/uploads\/FLYER-OBSERVACI\u00d3-2020-copy.jpg\" alt=\"\" width=\"308\" height=\"417\" srcset=\"https:\/\/mont-roig.cat\/wp-content\/uploads\/FLYER-OBSERVACI\u00d3-2020-copy.jpg 577w, https:\/\/mont-roig.cat\/wp-content\/uploads\/FLYER-OBSERVACI\u00d3-2020-copy-369x500.jpg 369w\" sizes=\"auto, (max-width: 308px) 100vw, 308px\" \/><\/a>La Escola de Fam\u00edlies, una iniciativa del Pla Educatiu d\u2019Entorn del Ayuntamiento de Mont-roig del Camp, inicia la programaci\u00f3n de actividades con un encuentro astron\u00f3mico. En esta primera propuesta todos los miembros de la familia podr\u00e1n compartir un rato juntos descubriendo planetas, estrellas e historias a la luz de la luna.<\/p>\n<p style=\"text-align: justify;\">La actividad, que ya se hab\u00eda hecho anteriormente en el instituto Miami y que ahora se abre a las familias de todos los centros educativos del municipio, tendr\u00e1 lugar el d\u00eda 10 de febrero a las seis de la tarde en el Centro Polivalente de Miami Platja, donde se realizar\u00e1 una peque\u00f1a introducci\u00f3n audiovisual mientras se acaba de oscurecer el cielo.<\/p>\n<p style=\"text-align: justify;\">A continuaci\u00f3n, a las 18.30h, las familias se organizar\u00e1n para desplazarse con sus veh\u00edculos particulares hasta la Ermita de la Mare de D\u00e9u de la Roca de Mont-roig, donde gracias a la menor contaminaci\u00f3n lum\u00ednica los participantes podr\u00e1n disfrutar mejor del cielo nocturno.<\/p>\n<p style=\"text-align: justify;\">As\u00ed, si las condiciones meteorol\u00f3gicas lo permiten, las familias tendr\u00e1n la posibilidad de aprender a orientarse en la noche con la estrella Polar y medir la latitud con el clin\u00f3metro. Adem\u00e1s, tendr\u00e1n ocasi\u00f3n de observar la Estaci\u00f3n Espacial Internacional (ISS), las constelaciones m\u00e1s importantes del cielo de invierno y descubrir varias curiosidades astron\u00f3micas.<\/p>\n<p style=\"text-align: justify;\">Se recomienda que las familias que quieran asistir al encuentro traigan prism\u00e1ticos o telescopios, si tienen, y que se descarguen las aplicaciones gratuitas <em>Heavens above<\/em> y <em>Sky map<\/em>, para poder hacer el seguimiento de los sat\u00e9lites. Tambi\u00e9n hay que llevar ropa de abrigo.<\/p>\n<p><strong>La Escola de Fam\u00edlies presentar\u00e1 pr\u00f3ximamente m\u00e1s actividades<\/strong><\/p>\n<p style=\"text-align: justify;\">Las pr\u00f3ximas semanas, la Escola de Fam\u00edlies dar\u00e1 a conocer toda la programaci\u00f3n que se ha preparado para este curso. Recordamos que esta es una iniciativa que pretende dar soporte a las familias en la educaci\u00f3n de sus hijos e hijas, mediante la cual se ofrecen actividades, talleres y excursiones. As\u00ed, el objetivo principal es abordar temas de actualidad que preocupan a las familias y proporcionar recursos para ayudarlos en su tarea educativa, programando actividades para hacer de forma conjunta con los hijos e hijas.<\/p>\n<p><strong>\u00a0<\/strong><\/p>\n<p>&nbsp;<\/p>\n","protected":false},"excerpt":{"rendered":"<p>El encuentro est\u00e1 pensado para que todos los miembros de la familia puedan compartir un rato juntos descubriendo planetas, estrellas e historias a la luz de la luna La Escola de Fam\u00edlies, una iniciativa del Pla Educatiu d\u2019Entorn del Ayuntamiento de Mont-roig del Camp, inicia la programaci\u00f3n de actividades con un encuentro astron\u00f3mico. En esta [&hellip;]<\/p>\n","protected":false},"author":4,"featured_media":43111,"comment_status":"closed","ping_status":"closed","sticky":false,"template":"","format":"standard","meta":{"inline_featured_image":false,"_monsterinsights_skip_tracking":false,"_monsterinsights_sitenote_active":false,"_monsterinsights_sitenote_note":"","_monsterinsights_sitenote_category":0,"footnotes":""},"categories":[98,103],"tags":[],"class_list":["post-43132","post","type-post","status-publish","format-standard","has-post-thumbnail","hentry","category-ayuntamiento","category-educacion"],"yoast_head":"<!-- This site is optimized with the Yoast SEO plugin v27.4 - https:\/\/yoast.com\/product\/yoast-seo-wordpress\/ -->\n<title>Arranca la Escola de Fam\u00edlies con una actividad de observaci\u00f3n astron\u00f3mica - Ajuntament de Mont-roig del Camp<\/title>\n<meta name=\"robots\" content=\"index, follow, max-snippet:-1, max-image-preview:large, max-video-preview:-1\" \/>\n<link rel=\"canonical\" href=\"https:\/\/mont-roig.cat\/es\/actualitat\/noticies\/arranca-la-escola-de-families-con-una-actividad-de-observacion-astronomica\/\" \/>\n<meta property=\"og:locale\" content=\"es_ES\" \/>\n<meta property=\"og:type\" content=\"article\" \/>\n<meta property=\"og:title\" content=\"Arranca la Escola de Fam\u00edlies con una actividad de observaci\u00f3n astron\u00f3mica - Ajuntament de Mont-roig del Camp\" \/>\n<meta property=\"og:description\" content=\"El encuentro est\u00e1 pensado para que todos los miembros de la familia puedan compartir un rato juntos descubriendo planetas, estrellas e historias a la luz de la luna La Escola de Fam\u00edlies, una iniciativa del Pla Educatiu d\u2019Entorn del Ayuntamiento de Mont-roig del Camp, inicia la programaci\u00f3n de actividades con un encuentro astron\u00f3mico. En esta [&hellip;]\" \/>\n<meta property=\"og:url\" content=\"https:\/\/mont-roig.cat\/es\/actualitat\/noticies\/arranca-la-escola-de-families-con-una-actividad-de-observacion-astronomica\/\" \/>\n<meta property=\"og:site_name\" content=\"Ajuntament de Mont-roig del Camp\" \/>\n<meta property=\"article:published_time\" content=\"2020-02-06T12:02:35+00:00\" \/>\n<meta property=\"article:modified_time\" content=\"2020-02-06T12:24:43+00:00\" \/>\n<meta property=\"og:image\" content=\"https:\/\/mont-roig.cat\/wp-content\/uploads\/FLYER-OBSERVACI\u00d3-2020-copy.jpg\" \/>\n\t<meta property=\"og:image:width\" content=\"577\" \/>\n\t<meta property=\"og:image:height\" content=\"782\" \/>\n\t<meta property=\"og:image:type\" content=\"image\/jpeg\" \/>\n<meta name=\"author\" content=\"administrador\" \/>\n<meta name=\"twitter:card\" content=\"summary_large_image\" \/>\n<meta name=\"twitter:label1\" content=\"Escrito por\" \/>\n\t<meta name=\"twitter:data1\" content=\"administrador\" \/>\n\t<meta name=\"twitter:label2\" content=\"Tiempo de lectura\" \/>\n\t<meta name=\"twitter:data2\" content=\"2 minutos\" \/>\n<script type=\"application\/ld+json\" class=\"yoast-schema-graph\">{\"@context\":\"https:\\\/\\\/schema.org\",\"@graph\":[{\"@type\":\"Article\",\"@id\":\"https:\\\/\\\/mont-roig.cat\\\/es\\\/actualitat\\\/noticies\\\/arranca-la-escola-de-families-con-una-actividad-de-observacion-astronomica\\\/#article\",\"isPartOf\":{\"@id\":\"https:\\\/\\\/mont-roig.cat\\\/es\\\/actualitat\\\/noticies\\\/arranca-la-escola-de-families-con-una-actividad-de-observacion-astronomica\\\/\"},\"author\":{\"name\":\"administrador\",\"@id\":\"https:\\\/\\\/mont-roig.cat\\\/es\\\/#\\\/schema\\\/person\\\/f2b111789f22b7d0c3bd6786c9128cba\"},\"headline\":\"Arranca la Escola de Fam\u00edlies con una actividad de observaci\u00f3n astron\u00f3mica\",\"datePublished\":\"2020-02-06T12:02:35+00:00\",\"dateModified\":\"2020-02-06T12:24:43+00:00\",\"mainEntityOfPage\":{\"@id\":\"https:\\\/\\\/mont-roig.cat\\\/es\\\/actualitat\\\/noticies\\\/arranca-la-escola-de-families-con-una-actividad-de-observacion-astronomica\\\/\"},\"wordCount\":421,\"image\":{\"@id\":\"https:\\\/\\\/mont-roig.cat\\\/es\\\/actualitat\\\/noticies\\\/arranca-la-escola-de-families-con-una-actividad-de-observacion-astronomica\\\/#primaryimage\"},\"thumbnailUrl\":\"https:\\\/\\\/mont-roig.cat\\\/wp-content\\\/uploads\\\/FLYER-OBSERVACI\u00d3-2020-copy.jpg\",\"articleSection\":[\"Ayuntamiento\",\"Educaci\u00f3n\"],\"inLanguage\":\"es\"},{\"@type\":\"WebPage\",\"@id\":\"https:\\\/\\\/mont-roig.cat\\\/es\\\/actualitat\\\/noticies\\\/arranca-la-escola-de-families-con-una-actividad-de-observacion-astronomica\\\/\",\"url\":\"https:\\\/\\\/mont-roig.cat\\\/es\\\/actualitat\\\/noticies\\\/arranca-la-escola-de-families-con-una-actividad-de-observacion-astronomica\\\/\",\"name\":\"Arranca la Escola de Fam\u00edlies con una actividad de observaci\u00f3n astron\u00f3mica - Ajuntament de Mont-roig del Camp\",\"isPartOf\":{\"@id\":\"https:\\\/\\\/mont-roig.cat\\\/es\\\/#website\"},\"primaryImageOfPage\":{\"@id\":\"https:\\\/\\\/mont-roig.cat\\\/es\\\/actualitat\\\/noticies\\\/arranca-la-escola-de-families-con-una-actividad-de-observacion-astronomica\\\/#primaryimage\"},\"image\":{\"@id\":\"https:\\\/\\\/mont-roig.cat\\\/es\\\/actualitat\\\/noticies\\\/arranca-la-escola-de-families-con-una-actividad-de-observacion-astronomica\\\/#primaryimage\"},\"thumbnailUrl\":\"https:\\\/\\\/mont-roig.cat\\\/wp-content\\\/uploads\\\/FLYER-OBSERVACI\u00d3-2020-copy.jpg\",\"datePublished\":\"2020-02-06T12:02:35+00:00\",\"dateModified\":\"2020-02-06T12:24:43+00:00\",\"author\":{\"@id\":\"https:\\\/\\\/mont-roig.cat\\\/es\\\/#\\\/schema\\\/person\\\/f2b111789f22b7d0c3bd6786c9128cba\"},\"breadcrumb\":{\"@id\":\"https:\\\/\\\/mont-roig.cat\\\/es\\\/actualitat\\\/noticies\\\/arranca-la-escola-de-families-con-una-actividad-de-observacion-astronomica\\\/#breadcrumb\"},\"inLanguage\":\"es\",\"potentialAction\":[{\"@type\":\"ReadAction\",\"target\":[\"https:\\\/\\\/mont-roig.cat\\\/es\\\/actualitat\\\/noticies\\\/arranca-la-escola-de-families-con-una-actividad-de-observacion-astronomica\\\/\"]}]},{\"@type\":\"ImageObject\",\"inLanguage\":\"es\",\"@id\":\"https:\\\/\\\/mont-roig.cat\\\/es\\\/actualitat\\\/noticies\\\/arranca-la-escola-de-families-con-una-actividad-de-observacion-astronomica\\\/#primaryimage\",\"url\":\"https:\\\/\\\/mont-roig.cat\\\/wp-content\\\/uploads\\\/FLYER-OBSERVACI\u00d3-2020-copy.jpg\",\"contentUrl\":\"https:\\\/\\\/mont-roig.cat\\\/wp-content\\\/uploads\\\/FLYER-OBSERVACI\u00d3-2020-copy.jpg\",\"width\":577,\"height\":782},{\"@type\":\"BreadcrumbList\",\"@id\":\"https:\\\/\\\/mont-roig.cat\\\/es\\\/actualitat\\\/noticies\\\/arranca-la-escola-de-families-con-una-actividad-de-observacion-astronomica\\\/#breadcrumb\",\"itemListElement\":[{\"@type\":\"ListItem\",\"position\":1,\"name\":\"Inici\",\"item\":\"https:\\\/\\\/mont-roig.cat\\\/es\\\/pagina-de-inicio\\\/\"},{\"@type\":\"ListItem\",\"position\":2,\"name\":\"Arranca la Escola de Fam\u00edlies con una actividad de observaci\u00f3n astron\u00f3mica\"}]},{\"@type\":\"WebSite\",\"@id\":\"https:\\\/\\\/mont-roig.cat\\\/es\\\/#website\",\"url\":\"https:\\\/\\\/mont-roig.cat\\\/es\\\/\",\"name\":\"Ajuntament de Mont-roig del Camp\",\"description\":\"Tota la informaci\u00f3 sobre la instituci\u00f3, els seus \u00f2rgans de govern, actualitat, serveis i molt m\u00e9s.\",\"potentialAction\":[{\"@type\":\"SearchAction\",\"target\":{\"@type\":\"EntryPoint\",\"urlTemplate\":\"https:\\\/\\\/mont-roig.cat\\\/es\\\/?s={search_term_string}\"},\"query-input\":{\"@type\":\"PropertyValueSpecification\",\"valueRequired\":true,\"valueName\":\"search_term_string\"}}],\"inLanguage\":\"es\"},{\"@type\":\"Person\",\"@id\":\"https:\\\/\\\/mont-roig.cat\\\/es\\\/#\\\/schema\\\/person\\\/f2b111789f22b7d0c3bd6786c9128cba\",\"name\":\"administrador\",\"image\":{\"@type\":\"ImageObject\",\"inLanguage\":\"es\",\"@id\":\"https:\\\/\\\/secure.gravatar.com\\\/avatar\\\/9137aac6891e2595c9d3036fd83bcb653b4db3c946db4c7d9b9be193c3c944bb?s=96&d=mm&r=g\",\"url\":\"https:\\\/\\\/secure.gravatar.com\\\/avatar\\\/9137aac6891e2595c9d3036fd83bcb653b4db3c946db4c7d9b9be193c3c944bb?s=96&d=mm&r=g\",\"contentUrl\":\"https:\\\/\\\/secure.gravatar.com\\\/avatar\\\/9137aac6891e2595c9d3036fd83bcb653b4db3c946db4c7d9b9be193c3c944bb?s=96&d=mm&r=g\",\"caption\":\"administrador\"},\"url\":\"https:\\\/\\\/mont-roig.cat\\\/es\\\/actualitat\\\/noticies\\\/author\\\/administrador\\\/\"}]}<\/script>\n<!-- \/ Yoast SEO plugin. -->","yoast_head_json":{"title":"Arranca la Escola de Fam\u00edlies con una actividad de observaci\u00f3n astron\u00f3mica - Ajuntament de Mont-roig del Camp","robots":{"index":"index","follow":"follow","max-snippet":"max-snippet:-1","max-image-preview":"max-image-preview:large","max-video-preview":"max-video-preview:-1"},"canonical":"https:\/\/mont-roig.cat\/es\/actualitat\/noticies\/arranca-la-escola-de-families-con-una-actividad-de-observacion-astronomica\/","og_locale":"es_ES","og_type":"article","og_title":"Arranca la Escola de Fam\u00edlies con una actividad de observaci\u00f3n astron\u00f3mica - Ajuntament de Mont-roig del Camp","og_description":"El encuentro est\u00e1 pensado para que todos los miembros de la familia puedan compartir un rato juntos descubriendo planetas, estrellas e historias a la luz de la luna La Escola de Fam\u00edlies, una iniciativa del Pla Educatiu d\u2019Entorn del Ayuntamiento de Mont-roig del Camp, inicia la programaci\u00f3n de actividades con un encuentro astron\u00f3mico. En esta [&hellip;]","og_url":"https:\/\/mont-roig.cat\/es\/actualitat\/noticies\/arranca-la-escola-de-families-con-una-actividad-de-observacion-astronomica\/","og_site_name":"Ajuntament de Mont-roig del Camp","article_published_time":"2020-02-06T12:02:35+00:00","article_modified_time":"2020-02-06T12:24:43+00:00","og_image":[{"width":577,"height":782,"url":"https:\/\/mont-roig.cat\/wp-content\/uploads\/FLYER-OBSERVACI\u00d3-2020-copy.jpg","type":"image\/jpeg"}],"author":"administrador","twitter_card":"summary_large_image","twitter_misc":{"Escrito por":"administrador","Tiempo de lectura":"2 minutos"},"schema":{"@context":"https:\/\/schema.org","@graph":[{"@type":"Article","@id":"https:\/\/mont-roig.cat\/es\/actualitat\/noticies\/arranca-la-escola-de-families-con-una-actividad-de-observacion-astronomica\/#article","isPartOf":{"@id":"https:\/\/mont-roig.cat\/es\/actualitat\/noticies\/arranca-la-escola-de-families-con-una-actividad-de-observacion-astronomica\/"},"author":{"name":"administrador","@id":"https:\/\/mont-roig.cat\/es\/#\/schema\/person\/f2b111789f22b7d0c3bd6786c9128cba"},"headline":"Arranca la Escola de Fam\u00edlies con una actividad de observaci\u00f3n astron\u00f3mica","datePublished":"2020-02-06T12:02:35+00:00","dateModified":"2020-02-06T12:24:43+00:00","mainEntityOfPage":{"@id":"https:\/\/mont-roig.cat\/es\/actualitat\/noticies\/arranca-la-escola-de-families-con-una-actividad-de-observacion-astronomica\/"},"wordCount":421,"image":{"@id":"https:\/\/mont-roig.cat\/es\/actualitat\/noticies\/arranca-la-escola-de-families-con-una-actividad-de-observacion-astronomica\/#primaryimage"},"thumbnailUrl":"https:\/\/mont-roig.cat\/wp-content\/uploads\/FLYER-OBSERVACI\u00d3-2020-copy.jpg","articleSection":["Ayuntamiento","Educaci\u00f3n"],"inLanguage":"es"},{"@type":"WebPage","@id":"https:\/\/mont-roig.cat\/es\/actualitat\/noticies\/arranca-la-escola-de-families-con-una-actividad-de-observacion-astronomica\/","url":"https:\/\/mont-roig.cat\/es\/actualitat\/noticies\/arranca-la-escola-de-families-con-una-actividad-de-observacion-astronomica\/","name":"Arranca la Escola de Fam\u00edlies con una actividad de observaci\u00f3n astron\u00f3mica - Ajuntament de Mont-roig del Camp","isPartOf":{"@id":"https:\/\/mont-roig.cat\/es\/#website"},"primaryImageOfPage":{"@id":"https:\/\/mont-roig.cat\/es\/actualitat\/noticies\/arranca-la-escola-de-families-con-una-actividad-de-observacion-astronomica\/#primaryimage"},"image":{"@id":"https:\/\/mont-roig.cat\/es\/actualitat\/noticies\/arranca-la-escola-de-families-con-una-actividad-de-observacion-astronomica\/#primaryimage"},"thumbnailUrl":"https:\/\/mont-roig.cat\/wp-content\/uploads\/FLYER-OBSERVACI\u00d3-2020-copy.jpg","datePublished":"2020-02-06T12:02:35+00:00","dateModified":"2020-02-06T12:24:43+00:00","author":{"@id":"https:\/\/mont-roig.cat\/es\/#\/schema\/person\/f2b111789f22b7d0c3bd6786c9128cba"},"breadcrumb":{"@id":"https:\/\/mont-roig.cat\/es\/actualitat\/noticies\/arranca-la-escola-de-families-con-una-actividad-de-observacion-astronomica\/#breadcrumb"},"inLanguage":"es","potentialAction":[{"@type":"ReadAction","target":["https:\/\/mont-roig.cat\/es\/actualitat\/noticies\/arranca-la-escola-de-families-con-una-actividad-de-observacion-astronomica\/"]}]},{"@type":"ImageObject","inLanguage":"es","@id":"https:\/\/mont-roig.cat\/es\/actualitat\/noticies\/arranca-la-escola-de-families-con-una-actividad-de-observacion-astronomica\/#primaryimage","url":"https:\/\/mont-roig.cat\/wp-content\/uploads\/FLYER-OBSERVACI\u00d3-2020-copy.jpg","contentUrl":"https:\/\/mont-roig.cat\/wp-content\/uploads\/FLYER-OBSERVACI\u00d3-2020-copy.jpg","width":577,"height":782},{"@type":"BreadcrumbList","@id":"https:\/\/mont-roig.cat\/es\/actualitat\/noticies\/arranca-la-escola-de-families-con-una-actividad-de-observacion-astronomica\/#breadcrumb","itemListElement":[{"@type":"ListItem","position":1,"name":"Inici","item":"https:\/\/mont-roig.cat\/es\/pagina-de-inicio\/"},{"@type":"ListItem","position":2,"name":"Arranca la Escola de Fam\u00edlies con una actividad de observaci\u00f3n astron\u00f3mica"}]},{"@type":"WebSite","@id":"https:\/\/mont-roig.cat\/es\/#website","url":"https:\/\/mont-roig.cat\/es\/","name":"Ajuntament de Mont-roig del Camp","description":"Tota la informaci\u00f3 sobre la instituci\u00f3, els seus \u00f2rgans de govern, actualitat, serveis i molt m\u00e9s.","potentialAction":[{"@type":"SearchAction","target":{"@type":"EntryPoint","urlTemplate":"https:\/\/mont-roig.cat\/es\/?s={search_term_string}"},"query-input":{"@type":"PropertyValueSpecification","valueRequired":true,"valueName":"search_term_string"}}],"inLanguage":"es"},{"@type":"Person","@id":"https:\/\/mont-roig.cat\/es\/#\/schema\/person\/f2b111789f22b7d0c3bd6786c9128cba","name":"administrador","image":{"@type":"ImageObject","inLanguage":"es","@id":"https:\/\/secure.gravatar.com\/avatar\/9137aac6891e2595c9d3036fd83bcb653b4db3c946db4c7d9b9be193c3c944bb?s=96&d=mm&r=g","url":"https:\/\/secure.gravatar.com\/avatar\/9137aac6891e2595c9d3036fd83bcb653b4db3c946db4c7d9b9be193c3c944bb?s=96&d=mm&r=g","contentUrl":"https:\/\/secure.gravatar.com\/avatar\/9137aac6891e2595c9d3036fd83bcb653b4db3c946db4c7d9b9be193c3c944bb?s=96&d=mm&r=g","caption":"administrador"},"url":"https:\/\/mont-roig.cat\/es\/actualitat\/noticies\/author\/administrador\/"}]}},"_links":{"self":[{"href":"https:\/\/mont-roig.cat\/es\/wp-json\/wp\/v2\/posts\/43132","targetHints":{"allow":["GET"]}}],"collection":[{"href":"https:\/\/mont-roig.cat\/es\/wp-json\/wp\/v2\/posts"}],"about":[{"href":"https:\/\/mont-roig.cat\/es\/wp-json\/wp\/v2\/types\/post"}],"author":[{"embeddable":true,"href":"https:\/\/mont-roig.cat\/es\/wp-json\/wp\/v2\/users\/4"}],"replies":[{"embeddable":true,"href":"https:\/\/mont-roig.cat\/es\/wp-json\/wp\/v2\/comments?post=43132"}],"version-history":[{"count":2,"href":"https:\/\/mont-roig.cat\/es\/wp-json\/wp\/v2\/posts\/43132\/revisions"}],"predecessor-version":[{"id":43135,"href":"https:\/\/mont-roig.cat\/es\/wp-json\/wp\/v2\/posts\/43132\/revisions\/43135"}],"wp:featuredmedia":[{"embeddable":true,"href":"https:\/\/mont-roig.cat\/es\/wp-json\/wp\/v2\/media\/43111"}],"wp:attachment":[{"href":"https:\/\/mont-roig.cat\/es\/wp-json\/wp\/v2\/media?parent=43132"}],"wp:term":[{"taxonomy":"category","embeddable":true,"href":"https:\/\/mont-roig.cat\/es\/wp-json\/wp\/v2\/categories?post=43132"},{"taxonomy":"post_tag","embeddable":true,"href":"https:\/\/mont-roig.cat\/es\/wp-json\/wp\/v2\/tags?post=43132"}],"curies":[{"name":"wp","href":"https:\/\/api.w.org\/{rel}","templated":true}]}}