{"id":43155,"date":"2020-02-06T13:48:31","date_gmt":"2020-02-06T12:48:31","guid":{"rendered":"https:\/\/mont-roig.cat\/actualitat\/noticies\/comencen-els-tallers-esportius-que-impulsa-lajuntament-a-linstitut-antoni-ballester\/"},"modified":"2020-02-06T13:50:59","modified_gmt":"2020-02-06T12:50:59","slug":"comencen-els-tallers-esportius-que-impulsa-lajuntament-a-linstitut-antoni-ballester","status":"publish","type":"post","link":"https:\/\/mont-roig.cat\/es\/actualitat\/noticies\/comencen-els-tallers-esportius-que-impulsa-lajuntament-a-linstitut-antoni-ballester\/","title":{"rendered":"Comienzan los talleres deportivos que impulsa el Ayuntamiento en el instituto Antoni Ballester"},"content":{"rendered":"<ul>\n<li style=\"text-align: justify;\"><strong>Participa el alumnado de 1\u00ba de ESO a trav\u00e9s de cinco deportes diferentes, toc-bol, p\u00e1del, f\u00fatbol burbuja, tenis y lacrosse<\/strong><\/li>\n<\/ul>\n<div id=\"attachment_43151\" style=\"width: 347px\" class=\"wp-caption alignright\"><a href=\"https:\/\/mont-roig.cat\/wp-content\/uploads\/tocbol-1.jpg\"><img loading=\"lazy\" decoding=\"async\" aria-describedby=\"caption-attachment-43151\" class=\"wp-image-43151\" src=\"https:\/\/mont-roig.cat\/wp-content\/uploads\/tocbol-1.jpg\" alt=\"\" width=\"337\" height=\"178\" srcset=\"https:\/\/mont-roig.cat\/wp-content\/uploads\/tocbol-1.jpg 1386w, https:\/\/mont-roig.cat\/wp-content\/uploads\/tocbol-1-500x264.jpg 500w, https:\/\/mont-roig.cat\/wp-content\/uploads\/tocbol-1-1024x541.jpg 1024w, https:\/\/mont-roig.cat\/wp-content\/uploads\/tocbol-1-768x406.jpg 768w\" sizes=\"auto, (max-width: 337px) 100vw, 337px\" \/><\/a><p id=\"caption-attachment-43151\" class=\"wp-caption-text\">Uno de los monitores explicando a los alumnos y alumnas la mec\u00e1nica del toc-bol\u00a0<\/p><\/div>\n<p style=\"text-align: justify;\">El Ayuntamiento de Mont-roig del Camp impulsa, por tercer a\u00f1o consecutivo, varias actividades deportivas para el alumnado de secundaria del Institut Antoni Ballester de Mont-roig del Camp. El objetivo es participar de forma activa en el programa educativo del instituto como parte importante de la educaci\u00f3n f\u00edsica del alumno.<\/p>\n<p style=\"text-align: justify;\">Este mi\u00e9rcoles los alumnos de 1\u00aa de ESO han comenzado los cinco talleres que se alargar\u00e1n hasta finales de mayo, en un total de 15 sesiones.<\/p>\n<p style=\"text-align: justify;\">De esta tradici\u00f3n destaca el incremento del n\u00famero de alumnos y la introducci\u00f3n del taller de lacrosse. Los otros talleres que se llevan a cabo son toc-bol, p\u00e1del, f\u00fatbol burbuja y tenis.<\/p>\n<p><a href=\"https:\/\/mont-roig.cat\/wp-content\/uploads\/OLLS2157.jpg\"><img loading=\"lazy\" decoding=\"async\" class=\"alignleft wp-image-43141\" src=\"https:\/\/mont-roig.cat\/wp-content\/uploads\/OLLS2157.jpg\" alt=\"\" width=\"250\" height=\"188\" srcset=\"https:\/\/mont-roig.cat\/wp-content\/uploads\/OLLS2157.jpg 1600w, https:\/\/mont-roig.cat\/wp-content\/uploads\/OLLS2157-500x375.jpg 500w, https:\/\/mont-roig.cat\/wp-content\/uploads\/OLLS2157-1024x768.jpg 1024w, https:\/\/mont-roig.cat\/wp-content\/uploads\/OLLS2157-768x576.jpg 768w, https:\/\/mont-roig.cat\/wp-content\/uploads\/OLLS2157-1536x1152.jpg 1536w, https:\/\/mont-roig.cat\/wp-content\/uploads\/OLLS2157-463x348.jpg 463w\" sizes=\"auto, (max-width: 250px) 100vw, 250px\" \/><\/a><\/p>\n<p><a href=\"https:\/\/mont-roig.cat\/wp-content\/uploads\/GBOI2673.jpg\"><img loading=\"lazy\" decoding=\"async\" class=\"alignleft wp-image-43139\" src=\"https:\/\/mont-roig.cat\/wp-content\/uploads\/GBOI2673.jpg\" alt=\"\" width=\"250\" height=\"188\" srcset=\"https:\/\/mont-roig.cat\/wp-content\/uploads\/GBOI2673.jpg 1600w, https:\/\/mont-roig.cat\/wp-content\/uploads\/GBOI2673-500x375.jpg 500w, https:\/\/mont-roig.cat\/wp-content\/uploads\/GBOI2673-1024x768.jpg 1024w, https:\/\/mont-roig.cat\/wp-content\/uploads\/GBOI2673-768x576.jpg 768w, https:\/\/mont-roig.cat\/wp-content\/uploads\/GBOI2673-1536x1152.jpg 1536w, https:\/\/mont-roig.cat\/wp-content\/uploads\/GBOI2673-463x348.jpg 463w\" sizes=\"auto, (max-width: 250px) 100vw, 250px\" \/><\/a><\/p>\n<p><a href=\"https:\/\/mont-roig.cat\/wp-content\/uploads\/RMUD0422.jpg\"><img loading=\"lazy\" decoding=\"async\" class=\"alignleft wp-image-43143\" src=\"https:\/\/mont-roig.cat\/wp-content\/uploads\/RMUD0422.jpg\" alt=\"\" width=\"250\" height=\"188\" srcset=\"https:\/\/mont-roig.cat\/wp-content\/uploads\/RMUD0422.jpg 1600w, https:\/\/mont-roig.cat\/wp-content\/uploads\/RMUD0422-500x375.jpg 500w, https:\/\/mont-roig.cat\/wp-content\/uploads\/RMUD0422-1024x768.jpg 1024w, https:\/\/mont-roig.cat\/wp-content\/uploads\/RMUD0422-768x576.jpg 768w, https:\/\/mont-roig.cat\/wp-content\/uploads\/RMUD0422-1536x1152.jpg 1536w, https:\/\/mont-roig.cat\/wp-content\/uploads\/RMUD0422-463x348.jpg 463w\" sizes=\"auto, (max-width: 250px) 100vw, 250px\" \/><\/a><a href=\"https:\/\/mont-roig.cat\/wp-content\/uploads\/XLGO2280.jpg\"><img loading=\"lazy\" decoding=\"async\" class=\"alignleft wp-image-43147\" src=\"https:\/\/mont-roig.cat\/wp-content\/uploads\/XLGO2280.jpg\" alt=\"\" width=\"250\" height=\"188\" srcset=\"https:\/\/mont-roig.cat\/wp-content\/uploads\/XLGO2280.jpg 1600w, https:\/\/mont-roig.cat\/wp-content\/uploads\/XLGO2280-500x375.jpg 500w, https:\/\/mont-roig.cat\/wp-content\/uploads\/XLGO2280-1024x768.jpg 1024w, https:\/\/mont-roig.cat\/wp-content\/uploads\/XLGO2280-768x576.jpg 768w, https:\/\/mont-roig.cat\/wp-content\/uploads\/XLGO2280-1536x1152.jpg 1536w, https:\/\/mont-roig.cat\/wp-content\/uploads\/XLGO2280-463x348.jpg 463w\" sizes=\"auto, (max-width: 250px) 100vw, 250px\" \/><\/a><\/p>\n","protected":false},"excerpt":{"rendered":"<p>Participa el alumnado de 1\u00ba de ESO a trav\u00e9s de cinco deportes diferentes, toc-bol, p\u00e1del, f\u00fatbol burbuja, tenis y lacrosse El Ayuntamiento de Mont-roig del Camp impulsa, por tercer a\u00f1o consecutivo, varias actividades deportivas para el alumnado de secundaria del Institut Antoni Ballester de Mont-roig del Camp. El objetivo es participar de forma activa en [&hellip;]<\/p>\n","protected":false},"author":4,"featured_media":43152,"comment_status":"closed","ping_status":"closed","sticky":false,"template":"","format":"standard","meta":{"inline_featured_image":false,"_monsterinsights_skip_tracking":false,"_monsterinsights_sitenote_active":false,"_monsterinsights_sitenote_note":"","_monsterinsights_sitenote_category":0,"footnotes":""},"categories":[98,103],"tags":[],"class_list":["post-43155","post","type-post","status-publish","format-standard","has-post-thumbnail","hentry","category-ayuntamiento","category-educacion"],"yoast_head":"<!-- This site is optimized with the Yoast SEO plugin v27.4 - https:\/\/yoast.com\/product\/yoast-seo-wordpress\/ -->\n<title>Comienzan los talleres deportivos que impulsa el Ayuntamiento en el instituto Antoni Ballester - Ajuntament de Mont-roig del Camp<\/title>\n<meta name=\"robots\" content=\"index, follow, max-snippet:-1, max-image-preview:large, max-video-preview:-1\" \/>\n<link rel=\"canonical\" href=\"https:\/\/mont-roig.cat\/es\/actualitat\/noticies\/comencen-els-tallers-esportius-que-impulsa-lajuntament-a-linstitut-antoni-ballester\/\" \/>\n<meta property=\"og:locale\" content=\"es_ES\" \/>\n<meta property=\"og:type\" content=\"article\" \/>\n<meta property=\"og:title\" content=\"Comienzan los talleres deportivos que impulsa el Ayuntamiento en el instituto Antoni Ballester - Ajuntament de Mont-roig del Camp\" \/>\n<meta property=\"og:description\" content=\"Participa el alumnado de 1\u00ba de ESO a trav\u00e9s de cinco deportes diferentes, toc-bol, p\u00e1del, f\u00fatbol burbuja, tenis y lacrosse El Ayuntamiento de Mont-roig del Camp impulsa, por tercer a\u00f1o consecutivo, varias actividades deportivas para el alumnado de secundaria del Institut Antoni Ballester de Mont-roig del Camp. El objetivo es participar de forma activa en [&hellip;]\" \/>\n<meta property=\"og:url\" content=\"https:\/\/mont-roig.cat\/es\/actualitat\/noticies\/comencen-els-tallers-esportius-que-impulsa-lajuntament-a-linstitut-antoni-ballester\/\" \/>\n<meta property=\"og:site_name\" content=\"Ajuntament de Mont-roig del Camp\" \/>\n<meta property=\"article:published_time\" content=\"2020-02-06T12:48:31+00:00\" \/>\n<meta property=\"article:modified_time\" content=\"2020-02-06T12:50:59+00:00\" \/>\n<meta property=\"og:image\" content=\"https:\/\/mont-roig.cat\/wp-content\/uploads\/tocbol-1.jpg\" \/>\n\t<meta property=\"og:image:width\" content=\"1386\" \/>\n\t<meta property=\"og:image:height\" content=\"732\" \/>\n\t<meta property=\"og:image:type\" content=\"image\/jpeg\" \/>\n<meta name=\"author\" content=\"administrador\" \/>\n<meta name=\"twitter:card\" content=\"summary_large_image\" \/>\n<meta name=\"twitter:label1\" content=\"Escrito por\" \/>\n\t<meta name=\"twitter:data1\" content=\"administrador\" \/>\n\t<meta name=\"twitter:label2\" content=\"Tiempo de lectura\" \/>\n\t<meta name=\"twitter:data2\" content=\"1 minuto\" \/>\n<script type=\"application\/ld+json\" class=\"yoast-schema-graph\">{\"@context\":\"https:\\\/\\\/schema.org\",\"@graph\":[{\"@type\":\"Article\",\"@id\":\"https:\\\/\\\/mont-roig.cat\\\/es\\\/actualitat\\\/noticies\\\/comencen-els-tallers-esportius-que-impulsa-lajuntament-a-linstitut-antoni-ballester\\\/#article\",\"isPartOf\":{\"@id\":\"https:\\\/\\\/mont-roig.cat\\\/es\\\/actualitat\\\/noticies\\\/comencen-els-tallers-esportius-que-impulsa-lajuntament-a-linstitut-antoni-ballester\\\/\"},\"author\":{\"name\":\"administrador\",\"@id\":\"https:\\\/\\\/mont-roig.cat\\\/es\\\/#\\\/schema\\\/person\\\/f2b111789f22b7d0c3bd6786c9128cba\"},\"headline\":\"Comienzan los talleres deportivos que impulsa el Ayuntamiento en el instituto Antoni Ballester\",\"datePublished\":\"2020-02-06T12:48:31+00:00\",\"dateModified\":\"2020-02-06T12:50:59+00:00\",\"mainEntityOfPage\":{\"@id\":\"https:\\\/\\\/mont-roig.cat\\\/es\\\/actualitat\\\/noticies\\\/comencen-els-tallers-esportius-que-impulsa-lajuntament-a-linstitut-antoni-ballester\\\/\"},\"wordCount\":172,\"image\":{\"@id\":\"https:\\\/\\\/mont-roig.cat\\\/es\\\/actualitat\\\/noticies\\\/comencen-els-tallers-esportius-que-impulsa-lajuntament-a-linstitut-antoni-ballester\\\/#primaryimage\"},\"thumbnailUrl\":\"https:\\\/\\\/mont-roig.cat\\\/wp-content\\\/uploads\\\/tocbol-1.jpg\",\"articleSection\":[\"Ayuntamiento\",\"Educaci\u00f3n\"],\"inLanguage\":\"es\"},{\"@type\":\"WebPage\",\"@id\":\"https:\\\/\\\/mont-roig.cat\\\/es\\\/actualitat\\\/noticies\\\/comencen-els-tallers-esportius-que-impulsa-lajuntament-a-linstitut-antoni-ballester\\\/\",\"url\":\"https:\\\/\\\/mont-roig.cat\\\/es\\\/actualitat\\\/noticies\\\/comencen-els-tallers-esportius-que-impulsa-lajuntament-a-linstitut-antoni-ballester\\\/\",\"name\":\"Comienzan los talleres deportivos que impulsa el Ayuntamiento en el instituto Antoni Ballester - Ajuntament de Mont-roig del Camp\",\"isPartOf\":{\"@id\":\"https:\\\/\\\/mont-roig.cat\\\/es\\\/#website\"},\"primaryImageOfPage\":{\"@id\":\"https:\\\/\\\/mont-roig.cat\\\/es\\\/actualitat\\\/noticies\\\/comencen-els-tallers-esportius-que-impulsa-lajuntament-a-linstitut-antoni-ballester\\\/#primaryimage\"},\"image\":{\"@id\":\"https:\\\/\\\/mont-roig.cat\\\/es\\\/actualitat\\\/noticies\\\/comencen-els-tallers-esportius-que-impulsa-lajuntament-a-linstitut-antoni-ballester\\\/#primaryimage\"},\"thumbnailUrl\":\"https:\\\/\\\/mont-roig.cat\\\/wp-content\\\/uploads\\\/tocbol-1.jpg\",\"datePublished\":\"2020-02-06T12:48:31+00:00\",\"dateModified\":\"2020-02-06T12:50:59+00:00\",\"author\":{\"@id\":\"https:\\\/\\\/mont-roig.cat\\\/es\\\/#\\\/schema\\\/person\\\/f2b111789f22b7d0c3bd6786c9128cba\"},\"breadcrumb\":{\"@id\":\"https:\\\/\\\/mont-roig.cat\\\/es\\\/actualitat\\\/noticies\\\/comencen-els-tallers-esportius-que-impulsa-lajuntament-a-linstitut-antoni-ballester\\\/#breadcrumb\"},\"inLanguage\":\"es\",\"potentialAction\":[{\"@type\":\"ReadAction\",\"target\":[\"https:\\\/\\\/mont-roig.cat\\\/es\\\/actualitat\\\/noticies\\\/comencen-els-tallers-esportius-que-impulsa-lajuntament-a-linstitut-antoni-ballester\\\/\"]}]},{\"@type\":\"ImageObject\",\"inLanguage\":\"es\",\"@id\":\"https:\\\/\\\/mont-roig.cat\\\/es\\\/actualitat\\\/noticies\\\/comencen-els-tallers-esportius-que-impulsa-lajuntament-a-linstitut-antoni-ballester\\\/#primaryimage\",\"url\":\"https:\\\/\\\/mont-roig.cat\\\/wp-content\\\/uploads\\\/tocbol-1.jpg\",\"contentUrl\":\"https:\\\/\\\/mont-roig.cat\\\/wp-content\\\/uploads\\\/tocbol-1.jpg\",\"width\":1386,\"height\":732},{\"@type\":\"BreadcrumbList\",\"@id\":\"https:\\\/\\\/mont-roig.cat\\\/es\\\/actualitat\\\/noticies\\\/comencen-els-tallers-esportius-que-impulsa-lajuntament-a-linstitut-antoni-ballester\\\/#breadcrumb\",\"itemListElement\":[{\"@type\":\"ListItem\",\"position\":1,\"name\":\"Inici\",\"item\":\"https:\\\/\\\/mont-roig.cat\\\/es\\\/pagina-de-inicio\\\/\"},{\"@type\":\"ListItem\",\"position\":2,\"name\":\"Comienzan los talleres deportivos que impulsa el Ayuntamiento en el instituto Antoni Ballester\"}]},{\"@type\":\"WebSite\",\"@id\":\"https:\\\/\\\/mont-roig.cat\\\/es\\\/#website\",\"url\":\"https:\\\/\\\/mont-roig.cat\\\/es\\\/\",\"name\":\"Ajuntament de Mont-roig del Camp\",\"description\":\"Tota la informaci\u00f3 sobre la instituci\u00f3, els seus \u00f2rgans de govern, actualitat, serveis i molt m\u00e9s.\",\"potentialAction\":[{\"@type\":\"SearchAction\",\"target\":{\"@type\":\"EntryPoint\",\"urlTemplate\":\"https:\\\/\\\/mont-roig.cat\\\/es\\\/?s={search_term_string}\"},\"query-input\":{\"@type\":\"PropertyValueSpecification\",\"valueRequired\":true,\"valueName\":\"search_term_string\"}}],\"inLanguage\":\"es\"},{\"@type\":\"Person\",\"@id\":\"https:\\\/\\\/mont-roig.cat\\\/es\\\/#\\\/schema\\\/person\\\/f2b111789f22b7d0c3bd6786c9128cba\",\"name\":\"administrador\",\"image\":{\"@type\":\"ImageObject\",\"inLanguage\":\"es\",\"@id\":\"https:\\\/\\\/secure.gravatar.com\\\/avatar\\\/9137aac6891e2595c9d3036fd83bcb653b4db3c946db4c7d9b9be193c3c944bb?s=96&d=mm&r=g\",\"url\":\"https:\\\/\\\/secure.gravatar.com\\\/avatar\\\/9137aac6891e2595c9d3036fd83bcb653b4db3c946db4c7d9b9be193c3c944bb?s=96&d=mm&r=g\",\"contentUrl\":\"https:\\\/\\\/secure.gravatar.com\\\/avatar\\\/9137aac6891e2595c9d3036fd83bcb653b4db3c946db4c7d9b9be193c3c944bb?s=96&d=mm&r=g\",\"caption\":\"administrador\"},\"url\":\"https:\\\/\\\/mont-roig.cat\\\/es\\\/actualitat\\\/noticies\\\/author\\\/administrador\\\/\"}]}<\/script>\n<!-- \/ Yoast SEO plugin. -->","yoast_head_json":{"title":"Comienzan los talleres deportivos que impulsa el Ayuntamiento en el instituto Antoni Ballester - Ajuntament de Mont-roig del Camp","robots":{"index":"index","follow":"follow","max-snippet":"max-snippet:-1","max-image-preview":"max-image-preview:large","max-video-preview":"max-video-preview:-1"},"canonical":"https:\/\/mont-roig.cat\/es\/actualitat\/noticies\/comencen-els-tallers-esportius-que-impulsa-lajuntament-a-linstitut-antoni-ballester\/","og_locale":"es_ES","og_type":"article","og_title":"Comienzan los talleres deportivos que impulsa el Ayuntamiento en el instituto Antoni Ballester - Ajuntament de Mont-roig del Camp","og_description":"Participa el alumnado de 1\u00ba de ESO a trav\u00e9s de cinco deportes diferentes, toc-bol, p\u00e1del, f\u00fatbol burbuja, tenis y lacrosse El Ayuntamiento de Mont-roig del Camp impulsa, por tercer a\u00f1o consecutivo, varias actividades deportivas para el alumnado de secundaria del Institut Antoni Ballester de Mont-roig del Camp. El objetivo es participar de forma activa en [&hellip;]","og_url":"https:\/\/mont-roig.cat\/es\/actualitat\/noticies\/comencen-els-tallers-esportius-que-impulsa-lajuntament-a-linstitut-antoni-ballester\/","og_site_name":"Ajuntament de Mont-roig del Camp","article_published_time":"2020-02-06T12:48:31+00:00","article_modified_time":"2020-02-06T12:50:59+00:00","og_image":[{"width":1386,"height":732,"url":"https:\/\/mont-roig.cat\/wp-content\/uploads\/tocbol-1.jpg","type":"image\/jpeg"}],"author":"administrador","twitter_card":"summary_large_image","twitter_misc":{"Escrito por":"administrador","Tiempo de lectura":"1 minuto"},"schema":{"@context":"https:\/\/schema.org","@graph":[{"@type":"Article","@id":"https:\/\/mont-roig.cat\/es\/actualitat\/noticies\/comencen-els-tallers-esportius-que-impulsa-lajuntament-a-linstitut-antoni-ballester\/#article","isPartOf":{"@id":"https:\/\/mont-roig.cat\/es\/actualitat\/noticies\/comencen-els-tallers-esportius-que-impulsa-lajuntament-a-linstitut-antoni-ballester\/"},"author":{"name":"administrador","@id":"https:\/\/mont-roig.cat\/es\/#\/schema\/person\/f2b111789f22b7d0c3bd6786c9128cba"},"headline":"Comienzan los talleres deportivos que impulsa el Ayuntamiento en el instituto Antoni Ballester","datePublished":"2020-02-06T12:48:31+00:00","dateModified":"2020-02-06T12:50:59+00:00","mainEntityOfPage":{"@id":"https:\/\/mont-roig.cat\/es\/actualitat\/noticies\/comencen-els-tallers-esportius-que-impulsa-lajuntament-a-linstitut-antoni-ballester\/"},"wordCount":172,"image":{"@id":"https:\/\/mont-roig.cat\/es\/actualitat\/noticies\/comencen-els-tallers-esportius-que-impulsa-lajuntament-a-linstitut-antoni-ballester\/#primaryimage"},"thumbnailUrl":"https:\/\/mont-roig.cat\/wp-content\/uploads\/tocbol-1.jpg","articleSection":["Ayuntamiento","Educaci\u00f3n"],"inLanguage":"es"},{"@type":"WebPage","@id":"https:\/\/mont-roig.cat\/es\/actualitat\/noticies\/comencen-els-tallers-esportius-que-impulsa-lajuntament-a-linstitut-antoni-ballester\/","url":"https:\/\/mont-roig.cat\/es\/actualitat\/noticies\/comencen-els-tallers-esportius-que-impulsa-lajuntament-a-linstitut-antoni-ballester\/","name":"Comienzan los talleres deportivos que impulsa el Ayuntamiento en el instituto Antoni Ballester - Ajuntament de Mont-roig del Camp","isPartOf":{"@id":"https:\/\/mont-roig.cat\/es\/#website"},"primaryImageOfPage":{"@id":"https:\/\/mont-roig.cat\/es\/actualitat\/noticies\/comencen-els-tallers-esportius-que-impulsa-lajuntament-a-linstitut-antoni-ballester\/#primaryimage"},"image":{"@id":"https:\/\/mont-roig.cat\/es\/actualitat\/noticies\/comencen-els-tallers-esportius-que-impulsa-lajuntament-a-linstitut-antoni-ballester\/#primaryimage"},"thumbnailUrl":"https:\/\/mont-roig.cat\/wp-content\/uploads\/tocbol-1.jpg","datePublished":"2020-02-06T12:48:31+00:00","dateModified":"2020-02-06T12:50:59+00:00","author":{"@id":"https:\/\/mont-roig.cat\/es\/#\/schema\/person\/f2b111789f22b7d0c3bd6786c9128cba"},"breadcrumb":{"@id":"https:\/\/mont-roig.cat\/es\/actualitat\/noticies\/comencen-els-tallers-esportius-que-impulsa-lajuntament-a-linstitut-antoni-ballester\/#breadcrumb"},"inLanguage":"es","potentialAction":[{"@type":"ReadAction","target":["https:\/\/mont-roig.cat\/es\/actualitat\/noticies\/comencen-els-tallers-esportius-que-impulsa-lajuntament-a-linstitut-antoni-ballester\/"]}]},{"@type":"ImageObject","inLanguage":"es","@id":"https:\/\/mont-roig.cat\/es\/actualitat\/noticies\/comencen-els-tallers-esportius-que-impulsa-lajuntament-a-linstitut-antoni-ballester\/#primaryimage","url":"https:\/\/mont-roig.cat\/wp-content\/uploads\/tocbol-1.jpg","contentUrl":"https:\/\/mont-roig.cat\/wp-content\/uploads\/tocbol-1.jpg","width":1386,"height":732},{"@type":"BreadcrumbList","@id":"https:\/\/mont-roig.cat\/es\/actualitat\/noticies\/comencen-els-tallers-esportius-que-impulsa-lajuntament-a-linstitut-antoni-ballester\/#breadcrumb","itemListElement":[{"@type":"ListItem","position":1,"name":"Inici","item":"https:\/\/mont-roig.cat\/es\/pagina-de-inicio\/"},{"@type":"ListItem","position":2,"name":"Comienzan los talleres deportivos que impulsa el Ayuntamiento en el instituto Antoni Ballester"}]},{"@type":"WebSite","@id":"https:\/\/mont-roig.cat\/es\/#website","url":"https:\/\/mont-roig.cat\/es\/","name":"Ajuntament de Mont-roig del Camp","description":"Tota la informaci\u00f3 sobre la instituci\u00f3, els seus \u00f2rgans de govern, actualitat, serveis i molt m\u00e9s.","potentialAction":[{"@type":"SearchAction","target":{"@type":"EntryPoint","urlTemplate":"https:\/\/mont-roig.cat\/es\/?s={search_term_string}"},"query-input":{"@type":"PropertyValueSpecification","valueRequired":true,"valueName":"search_term_string"}}],"inLanguage":"es"},{"@type":"Person","@id":"https:\/\/mont-roig.cat\/es\/#\/schema\/person\/f2b111789f22b7d0c3bd6786c9128cba","name":"administrador","image":{"@type":"ImageObject","inLanguage":"es","@id":"https:\/\/secure.gravatar.com\/avatar\/9137aac6891e2595c9d3036fd83bcb653b4db3c946db4c7d9b9be193c3c944bb?s=96&d=mm&r=g","url":"https:\/\/secure.gravatar.com\/avatar\/9137aac6891e2595c9d3036fd83bcb653b4db3c946db4c7d9b9be193c3c944bb?s=96&d=mm&r=g","contentUrl":"https:\/\/secure.gravatar.com\/avatar\/9137aac6891e2595c9d3036fd83bcb653b4db3c946db4c7d9b9be193c3c944bb?s=96&d=mm&r=g","caption":"administrador"},"url":"https:\/\/mont-roig.cat\/es\/actualitat\/noticies\/author\/administrador\/"}]}},"_links":{"self":[{"href":"https:\/\/mont-roig.cat\/es\/wp-json\/wp\/v2\/posts\/43155","targetHints":{"allow":["GET"]}}],"collection":[{"href":"https:\/\/mont-roig.cat\/es\/wp-json\/wp\/v2\/posts"}],"about":[{"href":"https:\/\/mont-roig.cat\/es\/wp-json\/wp\/v2\/types\/post"}],"author":[{"embeddable":true,"href":"https:\/\/mont-roig.cat\/es\/wp-json\/wp\/v2\/users\/4"}],"replies":[{"embeddable":true,"href":"https:\/\/mont-roig.cat\/es\/wp-json\/wp\/v2\/comments?post=43155"}],"version-history":[{"count":2,"href":"https:\/\/mont-roig.cat\/es\/wp-json\/wp\/v2\/posts\/43155\/revisions"}],"predecessor-version":[{"id":43157,"href":"https:\/\/mont-roig.cat\/es\/wp-json\/wp\/v2\/posts\/43155\/revisions\/43157"}],"wp:featuredmedia":[{"embeddable":true,"href":"https:\/\/mont-roig.cat\/es\/wp-json\/wp\/v2\/media\/43152"}],"wp:attachment":[{"href":"https:\/\/mont-roig.cat\/es\/wp-json\/wp\/v2\/media?parent=43155"}],"wp:term":[{"taxonomy":"category","embeddable":true,"href":"https:\/\/mont-roig.cat\/es\/wp-json\/wp\/v2\/categories?post=43155"},{"taxonomy":"post_tag","embeddable":true,"href":"https:\/\/mont-roig.cat\/es\/wp-json\/wp\/v2\/tags?post=43155"}],"curies":[{"name":"wp","href":"https:\/\/api.w.org\/{rel}","templated":true}]}}