{"id":43183,"date":"2020-02-07T08:33:53","date_gmt":"2020-02-07T07:33:53","guid":{"rendered":"https:\/\/mont-roig.cat\/actualitat\/noticies\/les-festes-de-carnaval-tornaran-a-omplir-els-carrers-de-mont-roig-i-miami-platja-de-disfresses-confeti-i-molta-diversio\/"},"modified":"2020-02-20T12:41:59","modified_gmt":"2020-02-20T11:41:59","slug":"les-festes-de-carnaval-tornaran-a-omplir-els-carrers-de-mont-roig-i-miami-platja-de-disfresses-confeti-i-molta-diversio","status":"publish","type":"post","link":"https:\/\/mont-roig.cat\/es\/actualitat\/noticies\/les-festes-de-carnaval-tornaran-a-omplir-els-carrers-de-mont-roig-i-miami-platja-de-disfresses-confeti-i-molta-diversio\/","title":{"rendered":"Las fiestas de Carnaval volver\u00e1n a llenar las calles de Mont-roig y Miami Platja de disfraces, confeti y mucha diversi\u00f3n"},"content":{"rendered":"<ul>\n<li style=\"text-align: justify;\"><strong>La celebraci\u00f3n tendr\u00e1 lugar los d\u00edas 21 y 22 de febrero con los bailes y \u201crues de llu\u00efment\u201d y finaliza el d\u00eda 25 con una sardinada popular <\/strong><\/li>\n<\/ul>\n<p style=\"text-align: justify;\"><strong><a href=\"https:\/\/mont-roig.cat\/wp-content\/uploads\/carnaval_agenda.png\"><img loading=\"lazy\" decoding=\"async\" class=\"alignright wp-image-43180\" src=\"https:\/\/mont-roig.cat\/wp-content\/uploads\/carnaval_agenda.png\" alt=\"\" width=\"305\" height=\"154\" srcset=\"https:\/\/mont-roig.cat\/wp-content\/uploads\/carnaval_agenda.png 717w, https:\/\/mont-roig.cat\/wp-content\/uploads\/carnaval_agenda-500x252.png 500w\" sizes=\"auto, (max-width: 305px) 100vw, 305px\" \/><\/a><\/strong>Mont-roig y Miami Platja celebrar\u00e1n, los d\u00edas 21, 22 y 25 de febrero los actos de Carnaval. La celebraci\u00f3n contar\u00e1 este a\u00f1o con algunas novedades pensadas para mejorar la organizaci\u00f3n de toda la fiesta.<\/p>\n<p style=\"text-align: justify;\">Aunque inicialmente se hab\u00eda previsto que el Baile de Parejas se har\u00eda en el Casal de Joves K1, finalmente se llevar\u00e1 a cabo en el polideportivo municipal porque el aforo se ha superado. Para participar es necesario inscribirse hasta el 19 de febrero, enviando un correo a <a href=\"mailto:festes@mont-roig.cat\">festes@mont-roig.cat<\/a>\u00a0o bien llamando al 977 172 706. En caso de superar el aforo m\u00e1ximo de la sala de baile, se llevar\u00e1 a cabo en el polideportivo municipal.<\/p>\n<p style=\"text-align: justify;\">Tambi\u00e9n se pide, que las collas que participen en la r\u00faa infantil del s\u00e1bado en Mont-roig, se inscriban para poder organizarla mejor.<\/p>\n<p style=\"text-align: justify;\">Por otra parte, en Miami Platja la novedad de esta edici\u00f3n es que el Miamodromo har\u00e1 parada en la avenida Barcelona, a la altura del Centro Comercial Illa. Adem\u00e1s, una vez hechas las exhibiciones de todas las collas participantes, en el mismo lugar, todos podr\u00e1n disfrutar de un rato de baile con la mejor m\u00fasica de todos los tiempos.<\/p>\n<p style=\"text-align: justify;\">Adem\u00e1s, se han ajustado los horarios de la r\u00faa de Miami Platja para que toda la fiesta luzca, de manera que una vez que los participantes lleguen al polideportivo, puedan ya cenar y seguidamente de comienzo el baile.<\/p>\n<p style=\"text-align: justify;\"><strong>Las \u201crues de llu\u00efment\u201d del s\u00e1bado, el acto m\u00e1s esperado<\/strong><\/p>\n<p style=\"text-align: justify;\">La programaci\u00f3n comenzar\u00e1 el viernes 21 de febrero, con el baile infantil de disfraces, que tendr\u00e1 lugar en el polideportivo municipal de Miami Platja, a las cinco y media de la tarde. Tambi\u00e9n para los m\u00e1s peque\u00f1os, el s\u00e1bado por la tarde en Mont-roig, tendr\u00e1 lugar la r\u00faa de los ni\u00f1os y ni\u00f1as y, cuando lleguen al polideportivo, el baile infantil.<\/p>\n<p style=\"text-align: justify;\">Las \u201crues de llu\u00efment\u201d se iniciaran a las siete y media de la tarde en Miami Platja, y a las diez y media de la noche en Mont-roig. En el transcurso de los bailes de disfraces se dar\u00e1n a conocer los ganadores\/as de los concursos de comparsas y carrozas.<\/p>\n<p style=\"text-align: justify;\">La programaci\u00f3n de Carnaval finalizar\u00e1 el martes 25 de febrero con una sardinada popular en el aparcamiento de la Casa de Cultura.<\/p>\n<p><strong>Inscripciones abiertas para participar en el concurso de Comparsas y Carrozas<\/strong><\/p>\n<p style=\"text-align: justify;\">El Ayuntamiento de Mont-roig del Camp organiza, de nuevo, el concurso de Carrozas y Comparsas en el marco de las fiestas de Carnaval. Se establecen, de nuevo, varios premios, de 300, 200 y 100 para las collas que ganen el 1r, 2\u00ba y 3r premio de carroza, y 300, 150 y 50 euros para las collas que ganen las tres primeras posiciones de la categor\u00eda de comparsa. Adem\u00e1s, todas las collas inscritas que participen en el concurso y que no reciban ning\u00fan premio, ser\u00e1n obsequiadas con un jam\u00f3n.<\/p>\n<p style=\"text-align: justify;\">El periodo de inscripci\u00f3n al concurso finaliza el 19 de febrero. Las inscripciones pueden hacerse en las Oficinas Municipales de Atenci\u00f3n Ciudadana en horario de 9 a 14 horas, de lunes a viernes. Y tambi\u00e9n a trav\u00e9s <a href=\"https:\/\/mont-roig.eadministracio.cat\/catalog\/t\/454555fe-322d-471e-8066-7d77454f9bae\">de este enlace de la Sede Electr\u00f3nica<\/a>.<\/p>\n<p style=\"text-align: justify;\">Los jurados valorar\u00e1n elementos como la coreograf\u00eda, la belleza del disfraz y la originalidad en el caso de las comparsas, as\u00ed como la dificultad de elaboraci\u00f3n y los acabados del veh\u00edculo en el caso de las carrozas.<\/p>\n<p><a href=\"https:\/\/mont-roig.cat\/wp-content\/uploads\/Bases-reguladores-del-Concurs-de-la-Rua-de-Carnaval-municipal-2020.pdf\">Consultad las Bases reguladores del Concurso de la R\u00faa de Carnaval 2020<\/a><\/p>\n<p><a href=\"https:\/\/mont-roig.cat\/wp-content\/uploads\/MR_Carnaval-2020_Cartell-A3_Mont-roig-definitiu.pdf\">Cartel de Carnaval de Mont-roig<\/a><\/p>\n<p><a href=\"https:\/\/mont-roig.cat\/wp-content\/uploads\/MR_Carnaval-2020_Cartell-A3_Miami-Platja-definitiu.pdf\">Cartel de Carnaval de Miami Platja<\/a><\/p>\n","protected":false},"excerpt":{"rendered":"<p>La celebraci\u00f3n tendr\u00e1 lugar los d\u00edas 21 y 22 de febrero con los bailes y \u201crues de llu\u00efment\u201d y finaliza el d\u00eda 25 con una sardinada popular Mont-roig y Miami Platja celebrar\u00e1n, los d\u00edas 21, 22 y 25 de febrero los actos de Carnaval. La celebraci\u00f3n contar\u00e1 este a\u00f1o con algunas novedades pensadas para mejorar [&hellip;]<\/p>\n","protected":false},"author":4,"featured_media":43180,"comment_status":"closed","ping_status":"closed","sticky":false,"template":"","format":"standard","meta":{"inline_featured_image":false,"_monsterinsights_skip_tracking":false,"_monsterinsights_sitenote_active":false,"_monsterinsights_sitenote_note":"","_monsterinsights_sitenote_category":0,"footnotes":""},"categories":[98,105],"tags":[],"class_list":["post-43183","post","type-post","status-publish","format-standard","has-post-thumbnail","hentry","category-ayuntamiento","category-fiestas"],"yoast_head":"<!-- This site is optimized with the Yoast SEO plugin v27.4 - https:\/\/yoast.com\/product\/yoast-seo-wordpress\/ -->\n<title>Las fiestas de Carnaval volver\u00e1n a llenar las calles de Mont-roig y Miami Platja de disfraces, confeti y mucha diversi\u00f3n - Ajuntament de Mont-roig del Camp<\/title>\n<meta name=\"robots\" content=\"index, follow, max-snippet:-1, max-image-preview:large, max-video-preview:-1\" \/>\n<link rel=\"canonical\" href=\"https:\/\/mont-roig.cat\/es\/actualitat\/noticies\/les-festes-de-carnaval-tornaran-a-omplir-els-carrers-de-mont-roig-i-miami-platja-de-disfresses-confeti-i-molta-diversio\/\" \/>\n<meta property=\"og:locale\" content=\"es_ES\" \/>\n<meta property=\"og:type\" content=\"article\" \/>\n<meta property=\"og:title\" content=\"Las fiestas de Carnaval volver\u00e1n a llenar las calles de Mont-roig y Miami Platja de disfraces, confeti y mucha diversi\u00f3n - Ajuntament de Mont-roig del Camp\" \/>\n<meta property=\"og:description\" content=\"La celebraci\u00f3n tendr\u00e1 lugar los d\u00edas 21 y 22 de febrero con los bailes y \u201crues de llu\u00efment\u201d y finaliza el d\u00eda 25 con una sardinada popular Mont-roig y Miami Platja celebrar\u00e1n, los d\u00edas 21, 22 y 25 de febrero los actos de Carnaval. La celebraci\u00f3n contar\u00e1 este a\u00f1o con algunas novedades pensadas para mejorar [&hellip;]\" \/>\n<meta property=\"og:url\" content=\"https:\/\/mont-roig.cat\/es\/actualitat\/noticies\/les-festes-de-carnaval-tornaran-a-omplir-els-carrers-de-mont-roig-i-miami-platja-de-disfresses-confeti-i-molta-diversio\/\" \/>\n<meta property=\"og:site_name\" content=\"Ajuntament de Mont-roig del Camp\" \/>\n<meta property=\"article:published_time\" content=\"2020-02-07T07:33:53+00:00\" \/>\n<meta property=\"article:modified_time\" content=\"2020-02-20T11:41:59+00:00\" \/>\n<meta property=\"og:image\" content=\"https:\/\/mont-roig.cat\/wp-content\/uploads\/carnaval_agenda.png\" \/>\n\t<meta property=\"og:image:width\" content=\"717\" \/>\n\t<meta property=\"og:image:height\" content=\"362\" \/>\n\t<meta property=\"og:image:type\" content=\"image\/png\" \/>\n<meta name=\"author\" content=\"administrador\" \/>\n<meta name=\"twitter:card\" content=\"summary_large_image\" \/>\n<meta name=\"twitter:label1\" content=\"Escrito por\" \/>\n\t<meta name=\"twitter:data1\" content=\"administrador\" \/>\n\t<meta name=\"twitter:label2\" content=\"Tiempo de lectura\" \/>\n\t<meta name=\"twitter:data2\" content=\"3 minutos\" \/>\n<script type=\"application\/ld+json\" class=\"yoast-schema-graph\">{\"@context\":\"https:\\\/\\\/schema.org\",\"@graph\":[{\"@type\":\"Article\",\"@id\":\"https:\\\/\\\/mont-roig.cat\\\/es\\\/actualitat\\\/noticies\\\/les-festes-de-carnaval-tornaran-a-omplir-els-carrers-de-mont-roig-i-miami-platja-de-disfresses-confeti-i-molta-diversio\\\/#article\",\"isPartOf\":{\"@id\":\"https:\\\/\\\/mont-roig.cat\\\/es\\\/actualitat\\\/noticies\\\/les-festes-de-carnaval-tornaran-a-omplir-els-carrers-de-mont-roig-i-miami-platja-de-disfresses-confeti-i-molta-diversio\\\/\"},\"author\":{\"name\":\"administrador\",\"@id\":\"https:\\\/\\\/mont-roig.cat\\\/es\\\/#\\\/schema\\\/person\\\/f2b111789f22b7d0c3bd6786c9128cba\"},\"headline\":\"Las fiestas de Carnaval volver\u00e1n a llenar las calles de Mont-roig y Miami Platja de disfraces, confeti y mucha diversi\u00f3n\",\"datePublished\":\"2020-02-07T07:33:53+00:00\",\"dateModified\":\"2020-02-20T11:41:59+00:00\",\"mainEntityOfPage\":{\"@id\":\"https:\\\/\\\/mont-roig.cat\\\/es\\\/actualitat\\\/noticies\\\/les-festes-de-carnaval-tornaran-a-omplir-els-carrers-de-mont-roig-i-miami-platja-de-disfresses-confeti-i-molta-diversio\\\/\"},\"wordCount\":652,\"image\":{\"@id\":\"https:\\\/\\\/mont-roig.cat\\\/es\\\/actualitat\\\/noticies\\\/les-festes-de-carnaval-tornaran-a-omplir-els-carrers-de-mont-roig-i-miami-platja-de-disfresses-confeti-i-molta-diversio\\\/#primaryimage\"},\"thumbnailUrl\":\"https:\\\/\\\/mont-roig.cat\\\/wp-content\\\/uploads\\\/carnaval_agenda.png\",\"articleSection\":[\"Ayuntamiento\",\"Festes\"],\"inLanguage\":\"es\"},{\"@type\":\"WebPage\",\"@id\":\"https:\\\/\\\/mont-roig.cat\\\/es\\\/actualitat\\\/noticies\\\/les-festes-de-carnaval-tornaran-a-omplir-els-carrers-de-mont-roig-i-miami-platja-de-disfresses-confeti-i-molta-diversio\\\/\",\"url\":\"https:\\\/\\\/mont-roig.cat\\\/es\\\/actualitat\\\/noticies\\\/les-festes-de-carnaval-tornaran-a-omplir-els-carrers-de-mont-roig-i-miami-platja-de-disfresses-confeti-i-molta-diversio\\\/\",\"name\":\"Las fiestas de Carnaval volver\u00e1n a llenar las calles de Mont-roig y Miami Platja de disfraces, confeti y mucha diversi\u00f3n - Ajuntament de Mont-roig del Camp\",\"isPartOf\":{\"@id\":\"https:\\\/\\\/mont-roig.cat\\\/es\\\/#website\"},\"primaryImageOfPage\":{\"@id\":\"https:\\\/\\\/mont-roig.cat\\\/es\\\/actualitat\\\/noticies\\\/les-festes-de-carnaval-tornaran-a-omplir-els-carrers-de-mont-roig-i-miami-platja-de-disfresses-confeti-i-molta-diversio\\\/#primaryimage\"},\"image\":{\"@id\":\"https:\\\/\\\/mont-roig.cat\\\/es\\\/actualitat\\\/noticies\\\/les-festes-de-carnaval-tornaran-a-omplir-els-carrers-de-mont-roig-i-miami-platja-de-disfresses-confeti-i-molta-diversio\\\/#primaryimage\"},\"thumbnailUrl\":\"https:\\\/\\\/mont-roig.cat\\\/wp-content\\\/uploads\\\/carnaval_agenda.png\",\"datePublished\":\"2020-02-07T07:33:53+00:00\",\"dateModified\":\"2020-02-20T11:41:59+00:00\",\"author\":{\"@id\":\"https:\\\/\\\/mont-roig.cat\\\/es\\\/#\\\/schema\\\/person\\\/f2b111789f22b7d0c3bd6786c9128cba\"},\"breadcrumb\":{\"@id\":\"https:\\\/\\\/mont-roig.cat\\\/es\\\/actualitat\\\/noticies\\\/les-festes-de-carnaval-tornaran-a-omplir-els-carrers-de-mont-roig-i-miami-platja-de-disfresses-confeti-i-molta-diversio\\\/#breadcrumb\"},\"inLanguage\":\"es\",\"potentialAction\":[{\"@type\":\"ReadAction\",\"target\":[\"https:\\\/\\\/mont-roig.cat\\\/es\\\/actualitat\\\/noticies\\\/les-festes-de-carnaval-tornaran-a-omplir-els-carrers-de-mont-roig-i-miami-platja-de-disfresses-confeti-i-molta-diversio\\\/\"]}]},{\"@type\":\"ImageObject\",\"inLanguage\":\"es\",\"@id\":\"https:\\\/\\\/mont-roig.cat\\\/es\\\/actualitat\\\/noticies\\\/les-festes-de-carnaval-tornaran-a-omplir-els-carrers-de-mont-roig-i-miami-platja-de-disfresses-confeti-i-molta-diversio\\\/#primaryimage\",\"url\":\"https:\\\/\\\/mont-roig.cat\\\/wp-content\\\/uploads\\\/carnaval_agenda.png\",\"contentUrl\":\"https:\\\/\\\/mont-roig.cat\\\/wp-content\\\/uploads\\\/carnaval_agenda.png\",\"width\":717,\"height\":362},{\"@type\":\"BreadcrumbList\",\"@id\":\"https:\\\/\\\/mont-roig.cat\\\/es\\\/actualitat\\\/noticies\\\/les-festes-de-carnaval-tornaran-a-omplir-els-carrers-de-mont-roig-i-miami-platja-de-disfresses-confeti-i-molta-diversio\\\/#breadcrumb\",\"itemListElement\":[{\"@type\":\"ListItem\",\"position\":1,\"name\":\"Inici\",\"item\":\"https:\\\/\\\/mont-roig.cat\\\/es\\\/pagina-de-inicio\\\/\"},{\"@type\":\"ListItem\",\"position\":2,\"name\":\"Las fiestas de Carnaval volver\u00e1n a llenar las calles de Mont-roig y Miami Platja de disfraces, confeti y mucha diversi\u00f3n\"}]},{\"@type\":\"WebSite\",\"@id\":\"https:\\\/\\\/mont-roig.cat\\\/es\\\/#website\",\"url\":\"https:\\\/\\\/mont-roig.cat\\\/es\\\/\",\"name\":\"Ajuntament de Mont-roig del Camp\",\"description\":\"Tota la informaci\u00f3 sobre la instituci\u00f3, els seus \u00f2rgans de govern, actualitat, serveis i molt m\u00e9s.\",\"potentialAction\":[{\"@type\":\"SearchAction\",\"target\":{\"@type\":\"EntryPoint\",\"urlTemplate\":\"https:\\\/\\\/mont-roig.cat\\\/es\\\/?s={search_term_string}\"},\"query-input\":{\"@type\":\"PropertyValueSpecification\",\"valueRequired\":true,\"valueName\":\"search_term_string\"}}],\"inLanguage\":\"es\"},{\"@type\":\"Person\",\"@id\":\"https:\\\/\\\/mont-roig.cat\\\/es\\\/#\\\/schema\\\/person\\\/f2b111789f22b7d0c3bd6786c9128cba\",\"name\":\"administrador\",\"image\":{\"@type\":\"ImageObject\",\"inLanguage\":\"es\",\"@id\":\"https:\\\/\\\/secure.gravatar.com\\\/avatar\\\/9137aac6891e2595c9d3036fd83bcb653b4db3c946db4c7d9b9be193c3c944bb?s=96&d=mm&r=g\",\"url\":\"https:\\\/\\\/secure.gravatar.com\\\/avatar\\\/9137aac6891e2595c9d3036fd83bcb653b4db3c946db4c7d9b9be193c3c944bb?s=96&d=mm&r=g\",\"contentUrl\":\"https:\\\/\\\/secure.gravatar.com\\\/avatar\\\/9137aac6891e2595c9d3036fd83bcb653b4db3c946db4c7d9b9be193c3c944bb?s=96&d=mm&r=g\",\"caption\":\"administrador\"},\"url\":\"https:\\\/\\\/mont-roig.cat\\\/es\\\/actualitat\\\/noticies\\\/author\\\/administrador\\\/\"}]}<\/script>\n<!-- \/ Yoast SEO plugin. -->","yoast_head_json":{"title":"Las fiestas de Carnaval volver\u00e1n a llenar las calles de Mont-roig y Miami Platja de disfraces, confeti y mucha diversi\u00f3n - Ajuntament de Mont-roig del Camp","robots":{"index":"index","follow":"follow","max-snippet":"max-snippet:-1","max-image-preview":"max-image-preview:large","max-video-preview":"max-video-preview:-1"},"canonical":"https:\/\/mont-roig.cat\/es\/actualitat\/noticies\/les-festes-de-carnaval-tornaran-a-omplir-els-carrers-de-mont-roig-i-miami-platja-de-disfresses-confeti-i-molta-diversio\/","og_locale":"es_ES","og_type":"article","og_title":"Las fiestas de Carnaval volver\u00e1n a llenar las calles de Mont-roig y Miami Platja de disfraces, confeti y mucha diversi\u00f3n - Ajuntament de Mont-roig del Camp","og_description":"La celebraci\u00f3n tendr\u00e1 lugar los d\u00edas 21 y 22 de febrero con los bailes y \u201crues de llu\u00efment\u201d y finaliza el d\u00eda 25 con una sardinada popular Mont-roig y Miami Platja celebrar\u00e1n, los d\u00edas 21, 22 y 25 de febrero los actos de Carnaval. La celebraci\u00f3n contar\u00e1 este a\u00f1o con algunas novedades pensadas para mejorar [&hellip;]","og_url":"https:\/\/mont-roig.cat\/es\/actualitat\/noticies\/les-festes-de-carnaval-tornaran-a-omplir-els-carrers-de-mont-roig-i-miami-platja-de-disfresses-confeti-i-molta-diversio\/","og_site_name":"Ajuntament de Mont-roig del Camp","article_published_time":"2020-02-07T07:33:53+00:00","article_modified_time":"2020-02-20T11:41:59+00:00","og_image":[{"width":717,"height":362,"url":"https:\/\/mont-roig.cat\/wp-content\/uploads\/carnaval_agenda.png","type":"image\/png"}],"author":"administrador","twitter_card":"summary_large_image","twitter_misc":{"Escrito por":"administrador","Tiempo de lectura":"3 minutos"},"schema":{"@context":"https:\/\/schema.org","@graph":[{"@type":"Article","@id":"https:\/\/mont-roig.cat\/es\/actualitat\/noticies\/les-festes-de-carnaval-tornaran-a-omplir-els-carrers-de-mont-roig-i-miami-platja-de-disfresses-confeti-i-molta-diversio\/#article","isPartOf":{"@id":"https:\/\/mont-roig.cat\/es\/actualitat\/noticies\/les-festes-de-carnaval-tornaran-a-omplir-els-carrers-de-mont-roig-i-miami-platja-de-disfresses-confeti-i-molta-diversio\/"},"author":{"name":"administrador","@id":"https:\/\/mont-roig.cat\/es\/#\/schema\/person\/f2b111789f22b7d0c3bd6786c9128cba"},"headline":"Las fiestas de Carnaval volver\u00e1n a llenar las calles de Mont-roig y Miami Platja de disfraces, confeti y mucha diversi\u00f3n","datePublished":"2020-02-07T07:33:53+00:00","dateModified":"2020-02-20T11:41:59+00:00","mainEntityOfPage":{"@id":"https:\/\/mont-roig.cat\/es\/actualitat\/noticies\/les-festes-de-carnaval-tornaran-a-omplir-els-carrers-de-mont-roig-i-miami-platja-de-disfresses-confeti-i-molta-diversio\/"},"wordCount":652,"image":{"@id":"https:\/\/mont-roig.cat\/es\/actualitat\/noticies\/les-festes-de-carnaval-tornaran-a-omplir-els-carrers-de-mont-roig-i-miami-platja-de-disfresses-confeti-i-molta-diversio\/#primaryimage"},"thumbnailUrl":"https:\/\/mont-roig.cat\/wp-content\/uploads\/carnaval_agenda.png","articleSection":["Ayuntamiento","Festes"],"inLanguage":"es"},{"@type":"WebPage","@id":"https:\/\/mont-roig.cat\/es\/actualitat\/noticies\/les-festes-de-carnaval-tornaran-a-omplir-els-carrers-de-mont-roig-i-miami-platja-de-disfresses-confeti-i-molta-diversio\/","url":"https:\/\/mont-roig.cat\/es\/actualitat\/noticies\/les-festes-de-carnaval-tornaran-a-omplir-els-carrers-de-mont-roig-i-miami-platja-de-disfresses-confeti-i-molta-diversio\/","name":"Las fiestas de Carnaval volver\u00e1n a llenar las calles de Mont-roig y Miami Platja de disfraces, confeti y mucha diversi\u00f3n - Ajuntament de Mont-roig del Camp","isPartOf":{"@id":"https:\/\/mont-roig.cat\/es\/#website"},"primaryImageOfPage":{"@id":"https:\/\/mont-roig.cat\/es\/actualitat\/noticies\/les-festes-de-carnaval-tornaran-a-omplir-els-carrers-de-mont-roig-i-miami-platja-de-disfresses-confeti-i-molta-diversio\/#primaryimage"},"image":{"@id":"https:\/\/mont-roig.cat\/es\/actualitat\/noticies\/les-festes-de-carnaval-tornaran-a-omplir-els-carrers-de-mont-roig-i-miami-platja-de-disfresses-confeti-i-molta-diversio\/#primaryimage"},"thumbnailUrl":"https:\/\/mont-roig.cat\/wp-content\/uploads\/carnaval_agenda.png","datePublished":"2020-02-07T07:33:53+00:00","dateModified":"2020-02-20T11:41:59+00:00","author":{"@id":"https:\/\/mont-roig.cat\/es\/#\/schema\/person\/f2b111789f22b7d0c3bd6786c9128cba"},"breadcrumb":{"@id":"https:\/\/mont-roig.cat\/es\/actualitat\/noticies\/les-festes-de-carnaval-tornaran-a-omplir-els-carrers-de-mont-roig-i-miami-platja-de-disfresses-confeti-i-molta-diversio\/#breadcrumb"},"inLanguage":"es","potentialAction":[{"@type":"ReadAction","target":["https:\/\/mont-roig.cat\/es\/actualitat\/noticies\/les-festes-de-carnaval-tornaran-a-omplir-els-carrers-de-mont-roig-i-miami-platja-de-disfresses-confeti-i-molta-diversio\/"]}]},{"@type":"ImageObject","inLanguage":"es","@id":"https:\/\/mont-roig.cat\/es\/actualitat\/noticies\/les-festes-de-carnaval-tornaran-a-omplir-els-carrers-de-mont-roig-i-miami-platja-de-disfresses-confeti-i-molta-diversio\/#primaryimage","url":"https:\/\/mont-roig.cat\/wp-content\/uploads\/carnaval_agenda.png","contentUrl":"https:\/\/mont-roig.cat\/wp-content\/uploads\/carnaval_agenda.png","width":717,"height":362},{"@type":"BreadcrumbList","@id":"https:\/\/mont-roig.cat\/es\/actualitat\/noticies\/les-festes-de-carnaval-tornaran-a-omplir-els-carrers-de-mont-roig-i-miami-platja-de-disfresses-confeti-i-molta-diversio\/#breadcrumb","itemListElement":[{"@type":"ListItem","position":1,"name":"Inici","item":"https:\/\/mont-roig.cat\/es\/pagina-de-inicio\/"},{"@type":"ListItem","position":2,"name":"Las fiestas de Carnaval volver\u00e1n a llenar las calles de Mont-roig y Miami Platja de disfraces, confeti y mucha diversi\u00f3n"}]},{"@type":"WebSite","@id":"https:\/\/mont-roig.cat\/es\/#website","url":"https:\/\/mont-roig.cat\/es\/","name":"Ajuntament de Mont-roig del Camp","description":"Tota la informaci\u00f3 sobre la instituci\u00f3, els seus \u00f2rgans de govern, actualitat, serveis i molt m\u00e9s.","potentialAction":[{"@type":"SearchAction","target":{"@type":"EntryPoint","urlTemplate":"https:\/\/mont-roig.cat\/es\/?s={search_term_string}"},"query-input":{"@type":"PropertyValueSpecification","valueRequired":true,"valueName":"search_term_string"}}],"inLanguage":"es"},{"@type":"Person","@id":"https:\/\/mont-roig.cat\/es\/#\/schema\/person\/f2b111789f22b7d0c3bd6786c9128cba","name":"administrador","image":{"@type":"ImageObject","inLanguage":"es","@id":"https:\/\/secure.gravatar.com\/avatar\/9137aac6891e2595c9d3036fd83bcb653b4db3c946db4c7d9b9be193c3c944bb?s=96&d=mm&r=g","url":"https:\/\/secure.gravatar.com\/avatar\/9137aac6891e2595c9d3036fd83bcb653b4db3c946db4c7d9b9be193c3c944bb?s=96&d=mm&r=g","contentUrl":"https:\/\/secure.gravatar.com\/avatar\/9137aac6891e2595c9d3036fd83bcb653b4db3c946db4c7d9b9be193c3c944bb?s=96&d=mm&r=g","caption":"administrador"},"url":"https:\/\/mont-roig.cat\/es\/actualitat\/noticies\/author\/administrador\/"}]}},"_links":{"self":[{"href":"https:\/\/mont-roig.cat\/es\/wp-json\/wp\/v2\/posts\/43183","targetHints":{"allow":["GET"]}}],"collection":[{"href":"https:\/\/mont-roig.cat\/es\/wp-json\/wp\/v2\/posts"}],"about":[{"href":"https:\/\/mont-roig.cat\/es\/wp-json\/wp\/v2\/types\/post"}],"author":[{"embeddable":true,"href":"https:\/\/mont-roig.cat\/es\/wp-json\/wp\/v2\/users\/4"}],"replies":[{"embeddable":true,"href":"https:\/\/mont-roig.cat\/es\/wp-json\/wp\/v2\/comments?post=43183"}],"version-history":[{"count":4,"href":"https:\/\/mont-roig.cat\/es\/wp-json\/wp\/v2\/posts\/43183\/revisions"}],"predecessor-version":[{"id":43184,"href":"https:\/\/mont-roig.cat\/es\/wp-json\/wp\/v2\/posts\/43183\/revisions\/43184"}],"wp:featuredmedia":[{"embeddable":true,"href":"https:\/\/mont-roig.cat\/es\/wp-json\/wp\/v2\/media\/43180"}],"wp:attachment":[{"href":"https:\/\/mont-roig.cat\/es\/wp-json\/wp\/v2\/media?parent=43183"}],"wp:term":[{"taxonomy":"category","embeddable":true,"href":"https:\/\/mont-roig.cat\/es\/wp-json\/wp\/v2\/categories?post=43183"},{"taxonomy":"post_tag","embeddable":true,"href":"https:\/\/mont-roig.cat\/es\/wp-json\/wp\/v2\/tags?post=43183"}],"curies":[{"name":"wp","href":"https:\/\/api.w.org\/{rel}","templated":true}]}}