{"id":43230,"date":"2020-02-10T13:34:44","date_gmt":"2020-02-10T12:34:44","guid":{"rendered":"https:\/\/mont-roig.cat\/actualitat\/noticies\/lajuntament-de-mont-roig-del-camp-intensifica-la-lluita-contra-la-processionaria\/"},"modified":"2020-02-10T13:50:16","modified_gmt":"2020-02-10T12:50:16","slug":"lajuntament-de-mont-roig-del-camp-intensifica-la-lluita-contra-la-processionaria","status":"publish","type":"post","link":"https:\/\/mont-roig.cat\/es\/actualitat\/noticies\/lajuntament-de-mont-roig-del-camp-intensifica-la-lluita-contra-la-processionaria\/","title":{"rendered":"El Ayuntamiento de Mont-roig del Camp intensifica la lucha contra la procesionaria"},"content":{"rendered":"<ul>\n<li style=\"text-align: justify;\"><strong>Se han iniciado los trabajos de extracci\u00f3n manual de bolsas para eliminar las orugas que han conseguido sobrevivir a los tratamientos de prevenci\u00f3n realizados durante el oto\u00f1o<\/strong><\/li>\n<li style=\"text-align: justify;\"><strong>Se han abierto m\u00e1s de 15 expedientes para requerir a los propietarios de fincas privadas que lleven a cabo las actuaciones oportunas para evitar que las orugas invadan la v\u00eda p\u00fablica<\/strong><\/li>\n<\/ul>\n<div id=\"attachment_43225\" style=\"width: 315px\" class=\"wp-caption alignright\"><a href=\"https:\/\/mont-roig.cat\/wp-content\/uploads\/4.jpg\"><img loading=\"lazy\" decoding=\"async\" aria-describedby=\"caption-attachment-43225\" class=\"wp-image-43225\" src=\"https:\/\/mont-roig.cat\/wp-content\/uploads\/4.jpg\" alt=\"\" width=\"305\" height=\"236\" \/><\/a><p id=\"caption-attachment-43225\" class=\"wp-caption-text\">Tareas de extracci\u00f3n manual de las bolsas de orugas<\/p><\/div>\n<p style=\"text-align: justify;\">El Ayuntamiento de Mont-roig del Camp contin\u00faa la lucha contra la procesionaria con varias acciones encaminadas a eliminar esta plaga. Despu\u00e9s de las actuaciones preventivas llevadas a cabo durante el oto\u00f1o, este mes de febrero se han iniciado las intervenciones puntuales de extracci\u00f3n manual de bolsas de la v\u00eda p\u00fablica.<\/p>\n<p style=\"text-align: justify;\">En las zonas p\u00fablicas donde se detectan pinos con bolsas de orugas se procede a cortarlas y eliminarlas mediante un cami\u00f3n cesta y, en el caso de las orugas que ya han llegado hasta la v\u00eda p\u00fablica, se procede a eliminarlas qu\u00edmicamente.<\/p>\n<p style=\"text-align: justify;\"><strong>La colaboraci\u00f3n de los propietarios de fincas privadas es imprescindible<\/strong><\/p>\n<p style=\"text-align: justify;\">Paralelamente, y teniendo en cuenta que hay espacios privados donde el Ayuntamiento no puede actuar, se est\u00e1n haciendo requerimientos a los propietarios de fincas privadas donde hay pinos con bolsas para que estos lleven a cabo las actuaciones oportunas. A trav\u00e9s de las inspecciones hechas y de las quejas interpuestas por los vecinos, se han abierto ya m\u00e1s de 15 expedientes en dos semanas. En este sentido, el Ayuntamiento hace un llamamiento a la colaboraci\u00f3n vecinal para que las orugas de los pinos de su propiedad no invadan las zonas p\u00fablicas u otras propiedades.<\/p>\n<p style=\"text-align: justify;\">Cabe recordar que el Ayuntamiento cuenta con tr\u00edpticos informativos y de concienciaci\u00f3n ciudadana que incluyen informaci\u00f3n sobre los tratamientos que realiza, recomendaciones para los vecinos que tienen pinos en sus jardines y consejos a seguir en caso de irritaci\u00f3n. En estos casos, la atenci\u00f3n m\u00e9dica de urgencia, o veterinaria, en el caso de los animales dom\u00e9sticos, evitar\u00e1 posibles complicaciones.<\/p>\n<p style=\"text-align: justify;\"><a href=\"https:\/\/mont-roig.cat\/wp-content\/uploads\/triptic_processionaria_ESP_v3-1.pdf\">Tr\u00edptico informativo procesionaria<\/a><\/p>\n<p style=\"text-align: justify;\"><strong>Cada a\u00f1o se aumentan las medidas y los recursos<\/strong><\/p>\n<p style=\"text-align: justify;\">El Ayuntamiento destina cada a\u00f1o m\u00e1s recursos a la lucha contra la procesionaria, as\u00ed como a la puesta en marcha de nuevas medidas.<\/p>\n<p style=\"text-align: justify;\">Durante los meses de septiembre y octubre se realizaron tratamientos preventivos de la procesionaria en las zonas p\u00fablicas del municipio mediante el larvicida biol\u00f3gico <em>Bacillus thuringensis Kurstaki<\/em>, que se aplica a trav\u00e9s de un equipo de nebulizaci\u00f3n a\u00e9reo y que se va reforzando durante los meses de febrero y marzo. Se trata de un producto especial, inocuo y que impide el desarrollo de las larvas.<\/p>\n<p style=\"text-align: justify;\">Tambi\u00e9n el pasado mes de septiembre, el Departamento de Agricultura de la Generalitat hizo un tratamiento a\u00e9reo con un helic\u00f3ptero por los alrededores de la Ermita Mare de D\u00e9u de la Roca de Mont-roig, as\u00ed como en la carretera de Pratdip, hasta la zona de Planes del Rei, y en la carretera de Colldejou.<\/p>\n<p style=\"text-align: justify;\">Posteriormente a este tratamiento a\u00e9reo, se llev\u00f3 a cabo el tratamiento de endoterapia vegetal en 110 \u00e1rboles, una innovadora t\u00e9cnica para el control de plagas y enfermedades de los \u00e1rboles, que consiste en introducir, mediante inyecciones con mochila de presi\u00f3n, nutrientes, insecticidas y fungicidas en el tejido vascular de los \u00e1rboles.<\/p>\n<p style=\"text-align: justify;\">Adem\u00e1s, en 2018 se instalaron 200 cajas nido para p\u00e1jaros por todo el municipio, escuelas, zonas verdes y especialmente en zonas con pinos, y est\u00e1 previsto instalar 20 cajas para colonias de murci\u00e9lagos, que se colocar\u00e1n en zonas especialmente h\u00famedas y con alta concentraci\u00f3n de mosca negra y mosquito tigre. Estas iniciativas son las m\u00e1s ecol\u00f3gicas, ya que se utilizan depredadores naturales para controlar la plaga.<\/p>\n<p><a href=\"https:\/\/mont-roig.cat\/wp-content\/uploads\/1-2.jpg\"><img loading=\"lazy\" decoding=\"async\" class=\"alignleft wp-image-43218\" src=\"https:\/\/mont-roig.cat\/wp-content\/uploads\/1-2.jpg\" alt=\"\" width=\"200\" height=\"150\" srcset=\"https:\/\/mont-roig.cat\/wp-content\/uploads\/1-2.jpg 1600w, https:\/\/mont-roig.cat\/wp-content\/uploads\/1-2-500x375.jpg 500w, https:\/\/mont-roig.cat\/wp-content\/uploads\/1-2-1024x768.jpg 1024w, https:\/\/mont-roig.cat\/wp-content\/uploads\/1-2-768x576.jpg 768w, https:\/\/mont-roig.cat\/wp-content\/uploads\/1-2-1536x1152.jpg 1536w, https:\/\/mont-roig.cat\/wp-content\/uploads\/1-2-463x348.jpg 463w\" sizes=\"auto, (max-width: 200px) 100vw, 200px\" \/><\/a><a href=\"https:\/\/mont-roig.cat\/wp-content\/uploads\/2-1.jpg\"><img loading=\"lazy\" decoding=\"async\" class=\"alignleft wp-image-43220\" src=\"https:\/\/mont-roig.cat\/wp-content\/uploads\/2-1.jpg\" alt=\"\" width=\"200\" height=\"150\" srcset=\"https:\/\/mont-roig.cat\/wp-content\/uploads\/2-1.jpg 1600w, https:\/\/mont-roig.cat\/wp-content\/uploads\/2-1-500x375.jpg 500w, https:\/\/mont-roig.cat\/wp-content\/uploads\/2-1-1024x768.jpg 1024w, https:\/\/mont-roig.cat\/wp-content\/uploads\/2-1-768x576.jpg 768w, https:\/\/mont-roig.cat\/wp-content\/uploads\/2-1-1536x1152.jpg 1536w, https:\/\/mont-roig.cat\/wp-content\/uploads\/2-1-463x348.jpg 463w\" sizes=\"auto, (max-width: 200px) 100vw, 200px\" \/><\/a><a href=\"https:\/\/mont-roig.cat\/wp-content\/uploads\/QXQI0816.jpg\"><img loading=\"lazy\" decoding=\"async\" class=\"alignleft wp-image-43226\" src=\"https:\/\/mont-roig.cat\/wp-content\/uploads\/QXQI0816.jpg\" alt=\"\" width=\"200\" height=\"150\" srcset=\"https:\/\/mont-roig.cat\/wp-content\/uploads\/QXQI0816.jpg 1600w, https:\/\/mont-roig.cat\/wp-content\/uploads\/QXQI0816-500x375.jpg 500w, https:\/\/mont-roig.cat\/wp-content\/uploads\/QXQI0816-1024x768.jpg 1024w, https:\/\/mont-roig.cat\/wp-content\/uploads\/QXQI0816-768x576.jpg 768w, https:\/\/mont-roig.cat\/wp-content\/uploads\/QXQI0816-1536x1152.jpg 1536w, https:\/\/mont-roig.cat\/wp-content\/uploads\/QXQI0816-463x348.jpg 463w\" sizes=\"auto, (max-width: 200px) 100vw, 200px\" \/><\/a><\/p>\n","protected":false},"excerpt":{"rendered":"<p>Se han iniciado los trabajos de extracci\u00f3n manual de bolsas para eliminar las orugas que han conseguido sobrevivir a los tratamientos de prevenci\u00f3n realizados durante el oto\u00f1o Se han abierto m\u00e1s de 15 expedientes para requerir a los propietarios de fincas privadas que lleven a cabo las actuaciones oportunas para evitar que las orugas invadan [&hellip;]<\/p>\n","protected":false},"author":4,"featured_media":43225,"comment_status":"closed","ping_status":"closed","sticky":false,"template":"","format":"standard","meta":{"inline_featured_image":false,"_monsterinsights_skip_tracking":false,"_monsterinsights_sitenote_active":false,"_monsterinsights_sitenote_note":"","_monsterinsights_sitenote_category":0,"footnotes":""},"categories":[98,71,107],"tags":[],"class_list":["post-43230","post","type-post","status-publish","format-standard","has-post-thumbnail","hentry","category-ayuntamiento","category-general-es","category-medio-ambiente"],"yoast_head":"<!-- This site is optimized with the Yoast SEO plugin v27.4 - https:\/\/yoast.com\/product\/yoast-seo-wordpress\/ -->\n<title>El Ayuntamiento de Mont-roig del Camp intensifica la lucha contra la procesionaria - Ajuntament de Mont-roig del Camp<\/title>\n<meta name=\"robots\" content=\"index, follow, max-snippet:-1, max-image-preview:large, max-video-preview:-1\" \/>\n<link rel=\"canonical\" href=\"https:\/\/mont-roig.cat\/es\/actualitat\/noticies\/lajuntament-de-mont-roig-del-camp-intensifica-la-lluita-contra-la-processionaria\/\" \/>\n<meta property=\"og:locale\" content=\"es_ES\" \/>\n<meta property=\"og:type\" content=\"article\" \/>\n<meta property=\"og:title\" content=\"El Ayuntamiento de Mont-roig del Camp intensifica la lucha contra la procesionaria - Ajuntament de Mont-roig del Camp\" \/>\n<meta property=\"og:description\" content=\"Se han iniciado los trabajos de extracci\u00f3n manual de bolsas para eliminar las orugas que han conseguido sobrevivir a los tratamientos de prevenci\u00f3n realizados durante el oto\u00f1o Se han abierto m\u00e1s de 15 expedientes para requerir a los propietarios de fincas privadas que lleven a cabo las actuaciones oportunas para evitar que las orugas invadan [&hellip;]\" \/>\n<meta property=\"og:url\" content=\"https:\/\/mont-roig.cat\/es\/actualitat\/noticies\/lajuntament-de-mont-roig-del-camp-intensifica-la-lluita-contra-la-processionaria\/\" \/>\n<meta property=\"og:site_name\" content=\"Ajuntament de Mont-roig del Camp\" \/>\n<meta property=\"article:published_time\" content=\"2020-02-10T12:34:44+00:00\" \/>\n<meta property=\"article:modified_time\" content=\"2020-02-10T12:50:16+00:00\" \/>\n<meta property=\"og:image\" content=\"https:\/\/mont-roig.cat\/wp-content\/uploads\/4-1024x793.jpg\" \/>\n\t<meta property=\"og:image:width\" content=\"1024\" \/>\n\t<meta property=\"og:image:height\" content=\"793\" \/>\n\t<meta property=\"og:image:type\" content=\"image\/jpeg\" \/>\n<meta name=\"author\" content=\"administrador\" \/>\n<meta name=\"twitter:card\" content=\"summary_large_image\" \/>\n<meta name=\"twitter:label1\" content=\"Escrito por\" \/>\n\t<meta name=\"twitter:data1\" content=\"administrador\" \/>\n\t<meta name=\"twitter:label2\" content=\"Tiempo de lectura\" \/>\n\t<meta name=\"twitter:data2\" content=\"3 minutos\" \/>\n<script type=\"application\/ld+json\" class=\"yoast-schema-graph\">{\"@context\":\"https:\\\/\\\/schema.org\",\"@graph\":[{\"@type\":\"Article\",\"@id\":\"https:\\\/\\\/mont-roig.cat\\\/es\\\/actualitat\\\/noticies\\\/lajuntament-de-mont-roig-del-camp-intensifica-la-lluita-contra-la-processionaria\\\/#article\",\"isPartOf\":{\"@id\":\"https:\\\/\\\/mont-roig.cat\\\/es\\\/actualitat\\\/noticies\\\/lajuntament-de-mont-roig-del-camp-intensifica-la-lluita-contra-la-processionaria\\\/\"},\"author\":{\"name\":\"administrador\",\"@id\":\"https:\\\/\\\/mont-roig.cat\\\/es\\\/#\\\/schema\\\/person\\\/f2b111789f22b7d0c3bd6786c9128cba\"},\"headline\":\"El Ayuntamiento de Mont-roig del Camp intensifica la lucha contra la procesionaria\",\"datePublished\":\"2020-02-10T12:34:44+00:00\",\"dateModified\":\"2020-02-10T12:50:16+00:00\",\"mainEntityOfPage\":{\"@id\":\"https:\\\/\\\/mont-roig.cat\\\/es\\\/actualitat\\\/noticies\\\/lajuntament-de-mont-roig-del-camp-intensifica-la-lluita-contra-la-processionaria\\\/\"},\"wordCount\":661,\"image\":{\"@id\":\"https:\\\/\\\/mont-roig.cat\\\/es\\\/actualitat\\\/noticies\\\/lajuntament-de-mont-roig-del-camp-intensifica-la-lluita-contra-la-processionaria\\\/#primaryimage\"},\"thumbnailUrl\":\"https:\\\/\\\/mont-roig.cat\\\/wp-content\\\/uploads\\\/4.jpg\",\"articleSection\":[\"Ayuntamiento\",\"General\",\"Medio Ambiente\"],\"inLanguage\":\"es\"},{\"@type\":\"WebPage\",\"@id\":\"https:\\\/\\\/mont-roig.cat\\\/es\\\/actualitat\\\/noticies\\\/lajuntament-de-mont-roig-del-camp-intensifica-la-lluita-contra-la-processionaria\\\/\",\"url\":\"https:\\\/\\\/mont-roig.cat\\\/es\\\/actualitat\\\/noticies\\\/lajuntament-de-mont-roig-del-camp-intensifica-la-lluita-contra-la-processionaria\\\/\",\"name\":\"El Ayuntamiento de Mont-roig del Camp intensifica la lucha contra la procesionaria - Ajuntament de Mont-roig del Camp\",\"isPartOf\":{\"@id\":\"https:\\\/\\\/mont-roig.cat\\\/es\\\/#website\"},\"primaryImageOfPage\":{\"@id\":\"https:\\\/\\\/mont-roig.cat\\\/es\\\/actualitat\\\/noticies\\\/lajuntament-de-mont-roig-del-camp-intensifica-la-lluita-contra-la-processionaria\\\/#primaryimage\"},\"image\":{\"@id\":\"https:\\\/\\\/mont-roig.cat\\\/es\\\/actualitat\\\/noticies\\\/lajuntament-de-mont-roig-del-camp-intensifica-la-lluita-contra-la-processionaria\\\/#primaryimage\"},\"thumbnailUrl\":\"https:\\\/\\\/mont-roig.cat\\\/wp-content\\\/uploads\\\/4.jpg\",\"datePublished\":\"2020-02-10T12:34:44+00:00\",\"dateModified\":\"2020-02-10T12:50:16+00:00\",\"author\":{\"@id\":\"https:\\\/\\\/mont-roig.cat\\\/es\\\/#\\\/schema\\\/person\\\/f2b111789f22b7d0c3bd6786c9128cba\"},\"breadcrumb\":{\"@id\":\"https:\\\/\\\/mont-roig.cat\\\/es\\\/actualitat\\\/noticies\\\/lajuntament-de-mont-roig-del-camp-intensifica-la-lluita-contra-la-processionaria\\\/#breadcrumb\"},\"inLanguage\":\"es\",\"potentialAction\":[{\"@type\":\"ReadAction\",\"target\":[\"https:\\\/\\\/mont-roig.cat\\\/es\\\/actualitat\\\/noticies\\\/lajuntament-de-mont-roig-del-camp-intensifica-la-lluita-contra-la-processionaria\\\/\"]}]},{\"@type\":\"ImageObject\",\"inLanguage\":\"es\",\"@id\":\"https:\\\/\\\/mont-roig.cat\\\/es\\\/actualitat\\\/noticies\\\/lajuntament-de-mont-roig-del-camp-intensifica-la-lluita-contra-la-processionaria\\\/#primaryimage\",\"url\":\"https:\\\/\\\/mont-roig.cat\\\/wp-content\\\/uploads\\\/4.jpg\",\"contentUrl\":\"https:\\\/\\\/mont-roig.cat\\\/wp-content\\\/uploads\\\/4.jpg\",\"width\":2048,\"height\":1585},{\"@type\":\"BreadcrumbList\",\"@id\":\"https:\\\/\\\/mont-roig.cat\\\/es\\\/actualitat\\\/noticies\\\/lajuntament-de-mont-roig-del-camp-intensifica-la-lluita-contra-la-processionaria\\\/#breadcrumb\",\"itemListElement\":[{\"@type\":\"ListItem\",\"position\":1,\"name\":\"Inici\",\"item\":\"https:\\\/\\\/mont-roig.cat\\\/es\\\/pagina-de-inicio\\\/\"},{\"@type\":\"ListItem\",\"position\":2,\"name\":\"El Ayuntamiento de Mont-roig del Camp intensifica la lucha contra la procesionaria\"}]},{\"@type\":\"WebSite\",\"@id\":\"https:\\\/\\\/mont-roig.cat\\\/es\\\/#website\",\"url\":\"https:\\\/\\\/mont-roig.cat\\\/es\\\/\",\"name\":\"Ajuntament de Mont-roig del Camp\",\"description\":\"Tota la informaci\u00f3 sobre la instituci\u00f3, els seus \u00f2rgans de govern, actualitat, serveis i molt m\u00e9s.\",\"potentialAction\":[{\"@type\":\"SearchAction\",\"target\":{\"@type\":\"EntryPoint\",\"urlTemplate\":\"https:\\\/\\\/mont-roig.cat\\\/es\\\/?s={search_term_string}\"},\"query-input\":{\"@type\":\"PropertyValueSpecification\",\"valueRequired\":true,\"valueName\":\"search_term_string\"}}],\"inLanguage\":\"es\"},{\"@type\":\"Person\",\"@id\":\"https:\\\/\\\/mont-roig.cat\\\/es\\\/#\\\/schema\\\/person\\\/f2b111789f22b7d0c3bd6786c9128cba\",\"name\":\"administrador\",\"image\":{\"@type\":\"ImageObject\",\"inLanguage\":\"es\",\"@id\":\"https:\\\/\\\/secure.gravatar.com\\\/avatar\\\/9137aac6891e2595c9d3036fd83bcb653b4db3c946db4c7d9b9be193c3c944bb?s=96&d=mm&r=g\",\"url\":\"https:\\\/\\\/secure.gravatar.com\\\/avatar\\\/9137aac6891e2595c9d3036fd83bcb653b4db3c946db4c7d9b9be193c3c944bb?s=96&d=mm&r=g\",\"contentUrl\":\"https:\\\/\\\/secure.gravatar.com\\\/avatar\\\/9137aac6891e2595c9d3036fd83bcb653b4db3c946db4c7d9b9be193c3c944bb?s=96&d=mm&r=g\",\"caption\":\"administrador\"},\"url\":\"https:\\\/\\\/mont-roig.cat\\\/es\\\/actualitat\\\/noticies\\\/author\\\/administrador\\\/\"}]}<\/script>\n<!-- \/ Yoast SEO plugin. -->","yoast_head_json":{"title":"El Ayuntamiento de Mont-roig del Camp intensifica la lucha contra la procesionaria - Ajuntament de Mont-roig del Camp","robots":{"index":"index","follow":"follow","max-snippet":"max-snippet:-1","max-image-preview":"max-image-preview:large","max-video-preview":"max-video-preview:-1"},"canonical":"https:\/\/mont-roig.cat\/es\/actualitat\/noticies\/lajuntament-de-mont-roig-del-camp-intensifica-la-lluita-contra-la-processionaria\/","og_locale":"es_ES","og_type":"article","og_title":"El Ayuntamiento de Mont-roig del Camp intensifica la lucha contra la procesionaria - Ajuntament de Mont-roig del Camp","og_description":"Se han iniciado los trabajos de extracci\u00f3n manual de bolsas para eliminar las orugas que han conseguido sobrevivir a los tratamientos de prevenci\u00f3n realizados durante el oto\u00f1o Se han abierto m\u00e1s de 15 expedientes para requerir a los propietarios de fincas privadas que lleven a cabo las actuaciones oportunas para evitar que las orugas invadan [&hellip;]","og_url":"https:\/\/mont-roig.cat\/es\/actualitat\/noticies\/lajuntament-de-mont-roig-del-camp-intensifica-la-lluita-contra-la-processionaria\/","og_site_name":"Ajuntament de Mont-roig del Camp","article_published_time":"2020-02-10T12:34:44+00:00","article_modified_time":"2020-02-10T12:50:16+00:00","og_image":[{"width":1024,"height":793,"url":"https:\/\/mont-roig.cat\/wp-content\/uploads\/4-1024x793.jpg","type":"image\/jpeg"}],"author":"administrador","twitter_card":"summary_large_image","twitter_misc":{"Escrito por":"administrador","Tiempo de lectura":"3 minutos"},"schema":{"@context":"https:\/\/schema.org","@graph":[{"@type":"Article","@id":"https:\/\/mont-roig.cat\/es\/actualitat\/noticies\/lajuntament-de-mont-roig-del-camp-intensifica-la-lluita-contra-la-processionaria\/#article","isPartOf":{"@id":"https:\/\/mont-roig.cat\/es\/actualitat\/noticies\/lajuntament-de-mont-roig-del-camp-intensifica-la-lluita-contra-la-processionaria\/"},"author":{"name":"administrador","@id":"https:\/\/mont-roig.cat\/es\/#\/schema\/person\/f2b111789f22b7d0c3bd6786c9128cba"},"headline":"El Ayuntamiento de Mont-roig del Camp intensifica la lucha contra la procesionaria","datePublished":"2020-02-10T12:34:44+00:00","dateModified":"2020-02-10T12:50:16+00:00","mainEntityOfPage":{"@id":"https:\/\/mont-roig.cat\/es\/actualitat\/noticies\/lajuntament-de-mont-roig-del-camp-intensifica-la-lluita-contra-la-processionaria\/"},"wordCount":661,"image":{"@id":"https:\/\/mont-roig.cat\/es\/actualitat\/noticies\/lajuntament-de-mont-roig-del-camp-intensifica-la-lluita-contra-la-processionaria\/#primaryimage"},"thumbnailUrl":"https:\/\/mont-roig.cat\/wp-content\/uploads\/4.jpg","articleSection":["Ayuntamiento","General","Medio Ambiente"],"inLanguage":"es"},{"@type":"WebPage","@id":"https:\/\/mont-roig.cat\/es\/actualitat\/noticies\/lajuntament-de-mont-roig-del-camp-intensifica-la-lluita-contra-la-processionaria\/","url":"https:\/\/mont-roig.cat\/es\/actualitat\/noticies\/lajuntament-de-mont-roig-del-camp-intensifica-la-lluita-contra-la-processionaria\/","name":"El Ayuntamiento de Mont-roig del Camp intensifica la lucha contra la procesionaria - Ajuntament de Mont-roig del Camp","isPartOf":{"@id":"https:\/\/mont-roig.cat\/es\/#website"},"primaryImageOfPage":{"@id":"https:\/\/mont-roig.cat\/es\/actualitat\/noticies\/lajuntament-de-mont-roig-del-camp-intensifica-la-lluita-contra-la-processionaria\/#primaryimage"},"image":{"@id":"https:\/\/mont-roig.cat\/es\/actualitat\/noticies\/lajuntament-de-mont-roig-del-camp-intensifica-la-lluita-contra-la-processionaria\/#primaryimage"},"thumbnailUrl":"https:\/\/mont-roig.cat\/wp-content\/uploads\/4.jpg","datePublished":"2020-02-10T12:34:44+00:00","dateModified":"2020-02-10T12:50:16+00:00","author":{"@id":"https:\/\/mont-roig.cat\/es\/#\/schema\/person\/f2b111789f22b7d0c3bd6786c9128cba"},"breadcrumb":{"@id":"https:\/\/mont-roig.cat\/es\/actualitat\/noticies\/lajuntament-de-mont-roig-del-camp-intensifica-la-lluita-contra-la-processionaria\/#breadcrumb"},"inLanguage":"es","potentialAction":[{"@type":"ReadAction","target":["https:\/\/mont-roig.cat\/es\/actualitat\/noticies\/lajuntament-de-mont-roig-del-camp-intensifica-la-lluita-contra-la-processionaria\/"]}]},{"@type":"ImageObject","inLanguage":"es","@id":"https:\/\/mont-roig.cat\/es\/actualitat\/noticies\/lajuntament-de-mont-roig-del-camp-intensifica-la-lluita-contra-la-processionaria\/#primaryimage","url":"https:\/\/mont-roig.cat\/wp-content\/uploads\/4.jpg","contentUrl":"https:\/\/mont-roig.cat\/wp-content\/uploads\/4.jpg","width":2048,"height":1585},{"@type":"BreadcrumbList","@id":"https:\/\/mont-roig.cat\/es\/actualitat\/noticies\/lajuntament-de-mont-roig-del-camp-intensifica-la-lluita-contra-la-processionaria\/#breadcrumb","itemListElement":[{"@type":"ListItem","position":1,"name":"Inici","item":"https:\/\/mont-roig.cat\/es\/pagina-de-inicio\/"},{"@type":"ListItem","position":2,"name":"El Ayuntamiento de Mont-roig del Camp intensifica la lucha contra la procesionaria"}]},{"@type":"WebSite","@id":"https:\/\/mont-roig.cat\/es\/#website","url":"https:\/\/mont-roig.cat\/es\/","name":"Ajuntament de Mont-roig del Camp","description":"Tota la informaci\u00f3 sobre la instituci\u00f3, els seus \u00f2rgans de govern, actualitat, serveis i molt m\u00e9s.","potentialAction":[{"@type":"SearchAction","target":{"@type":"EntryPoint","urlTemplate":"https:\/\/mont-roig.cat\/es\/?s={search_term_string}"},"query-input":{"@type":"PropertyValueSpecification","valueRequired":true,"valueName":"search_term_string"}}],"inLanguage":"es"},{"@type":"Person","@id":"https:\/\/mont-roig.cat\/es\/#\/schema\/person\/f2b111789f22b7d0c3bd6786c9128cba","name":"administrador","image":{"@type":"ImageObject","inLanguage":"es","@id":"https:\/\/secure.gravatar.com\/avatar\/9137aac6891e2595c9d3036fd83bcb653b4db3c946db4c7d9b9be193c3c944bb?s=96&d=mm&r=g","url":"https:\/\/secure.gravatar.com\/avatar\/9137aac6891e2595c9d3036fd83bcb653b4db3c946db4c7d9b9be193c3c944bb?s=96&d=mm&r=g","contentUrl":"https:\/\/secure.gravatar.com\/avatar\/9137aac6891e2595c9d3036fd83bcb653b4db3c946db4c7d9b9be193c3c944bb?s=96&d=mm&r=g","caption":"administrador"},"url":"https:\/\/mont-roig.cat\/es\/actualitat\/noticies\/author\/administrador\/"}]}},"_links":{"self":[{"href":"https:\/\/mont-roig.cat\/es\/wp-json\/wp\/v2\/posts\/43230","targetHints":{"allow":["GET"]}}],"collection":[{"href":"https:\/\/mont-roig.cat\/es\/wp-json\/wp\/v2\/posts"}],"about":[{"href":"https:\/\/mont-roig.cat\/es\/wp-json\/wp\/v2\/types\/post"}],"author":[{"embeddable":true,"href":"https:\/\/mont-roig.cat\/es\/wp-json\/wp\/v2\/users\/4"}],"replies":[{"embeddable":true,"href":"https:\/\/mont-roig.cat\/es\/wp-json\/wp\/v2\/comments?post=43230"}],"version-history":[{"count":3,"href":"https:\/\/mont-roig.cat\/es\/wp-json\/wp\/v2\/posts\/43230\/revisions"}],"predecessor-version":[{"id":43235,"href":"https:\/\/mont-roig.cat\/es\/wp-json\/wp\/v2\/posts\/43230\/revisions\/43235"}],"wp:featuredmedia":[{"embeddable":true,"href":"https:\/\/mont-roig.cat\/es\/wp-json\/wp\/v2\/media\/43225"}],"wp:attachment":[{"href":"https:\/\/mont-roig.cat\/es\/wp-json\/wp\/v2\/media?parent=43230"}],"wp:term":[{"taxonomy":"category","embeddable":true,"href":"https:\/\/mont-roig.cat\/es\/wp-json\/wp\/v2\/categories?post=43230"},{"taxonomy":"post_tag","embeddable":true,"href":"https:\/\/mont-roig.cat\/es\/wp-json\/wp\/v2\/tags?post=43230"}],"curies":[{"name":"wp","href":"https:\/\/api.w.org\/{rel}","templated":true}]}}