{"id":43306,"date":"2020-02-13T14:24:16","date_gmt":"2020-02-13T13:24:16","guid":{"rendered":"https:\/\/mont-roig.cat\/actualitat\/noticies\/les-terceres-jornades-del-calcot-posen-de-valor-la-gastronomia-de-mont-roig-i-miami-platja-i-el-calcot-cultivat-al-municipi\/"},"modified":"2020-02-13T14:33:42","modified_gmt":"2020-02-13T13:33:42","slug":"les-terceres-jornades-del-calcot-posen-de-valor-la-gastronomia-de-mont-roig-i-miami-platja-i-el-calcot-cultivat-al-municipi","status":"publish","type":"post","link":"https:\/\/mont-roig.cat\/es\/actualitat\/noticies\/les-terceres-jornades-del-calcot-posen-de-valor-la-gastronomia-de-mont-roig-i-miami-platja-i-el-calcot-cultivat-al-municipi\/","title":{"rendered":"Las terceras Jornadas del Cal\u00e7ot ponen en valor la gastronom\u00eda de Mont-roig y Miami Platja y el cal\u00e7ot cultivado en el municipio"},"content":{"rendered":"<ul>\n<li style=\"text-align: justify;\"><strong>Del 14 de febrero al 1 de marzo, varios restaurantes prepararan platos y men\u00fas con esta cebolla como gran protagonista<\/strong><\/li>\n<\/ul>\n<div id=\"attachment_43294\" style=\"width: 320px\" class=\"wp-caption alignright\"><a href=\"https:\/\/mont-roig.cat\/wp-content\/uploads\/2-2-scaled.jpg\"><img loading=\"lazy\" decoding=\"async\" aria-describedby=\"caption-attachment-43294\" class=\"wp-image-43294\" src=\"https:\/\/mont-roig.cat\/wp-content\/uploads\/2-2-scaled.jpg\" alt=\"\" width=\"310\" height=\"232\" srcset=\"https:\/\/mont-roig.cat\/wp-content\/uploads\/2-2-scaled.jpg 2048w, https:\/\/mont-roig.cat\/wp-content\/uploads\/2-2-500x375.jpg 500w, https:\/\/mont-roig.cat\/wp-content\/uploads\/2-2-1024x768.jpg 1024w, https:\/\/mont-roig.cat\/wp-content\/uploads\/2-2-768x576.jpg 768w, https:\/\/mont-roig.cat\/wp-content\/uploads\/2-2-1536x1152.jpg 1536w, https:\/\/mont-roig.cat\/wp-content\/uploads\/2-2-463x348.jpg 463w\" sizes=\"auto, (max-width: 310px) 100vw, 310px\" \/><\/a><p id=\"caption-attachment-43294\" class=\"wp-caption-text\">Concejales y concejalas del Ayuntamiento con los participantes de la III edici\u00f3n de las Jornadas Gastron\u00f3micas del Cal\u00e7ot<\/p><\/div>\n<p style=\"text-align: justify;\">La tercera edici\u00f3n de las Jornades Gastron\u00f2miques del Cal\u00e7ot de Mont-roig y Miami Platja que impulsa el Ayuntamiento a trav\u00e9s de Mont-roig Miami Turisme, arrancan ma\u00f1ana 14 de febrero y se alargar\u00e1n hasta el d\u00eda 1 de marzo. Esta iniciativa, que se ha presentado este jueves por la ma\u00f1ana en la finca del productor local Arran de Terra, contar\u00e1 con la participaci\u00f3n de once establecimientos de restauraci\u00f3n y varios agricultores que cultivan este producto en el municipio.<\/p>\n<p style=\"text-align: justify;\">Las jornadas tienen un doble objetivo, seg\u00fan ha explicado en la presentaci\u00f3n el alcalde Fran Morancho, \u201cpor un lado, se trata de ayudar a generar movimiento en los establecimientos de restauraci\u00f3n local durante la temporada baja del mes de febrero, y por otro, potenciar los cal\u00e7ots elaborados por media docena de productores de la localidad, que entre todos ellos pueden llegar a comerciar alrededor de 6 millones de cal\u00e7ots de un sabor y una calidad excelentes\u201d.<\/p>\n<p style=\"text-align: justify;\">Estas jornadas gastron\u00f3micas con el cal\u00e7ot como protagonista nacieron hace tres a\u00f1os, cuando se decidi\u00f3 promover y potenciar un calendario gastron\u00f3mico propio que actualmente forman 4 jornadas m\u00e1s (Fira del Vi, Ruta de la Tapa, Jornades del Pop i Jornades de l\u2019arr\u00f2s de tardor), seg\u00fan ha recordado la concejala de Turismo, Yolanda P\u00e9rez, que tambi\u00e9n se ha mostrado satisfecha de la participaci\u00f3n de establecimientos de todo el municipio, de Miami Platja i de Mont-roig, y de la buena acogida entre el p\u00fablico local y tambi\u00e9n de la demarcaci\u00f3n.<\/p>\n<p style=\"text-align: justify;\"><strong>Varias propuestas y precios<\/strong><\/p>\n<p style=\"text-align: justify;\">Los restaurantes ofrecen una propuesta variada y con precios que oscilan entre 3,5 y 35 euros. Se trata de tapas, platos y men\u00fas elaborados con cal\u00e7ot con precios de 12 o 20\/25 euros, as\u00ed como cal\u00e7otadas completas por 30\/35 euros. De hecho, uno de los objetivos es favorecer la presencia del cal\u00e7ot en la restauraci\u00f3n del municipio m\u00e1s all\u00e1 de la tradicional cal\u00e7otada.<\/p>\n<p>&nbsp;<\/p>\n<p><a href=\"https:\/\/mont-roig.cat\/wp-content\/uploads\/Jornades-Gastron\u00f2miques-del-Cal\u00e7ot-2020.pdf\">En este enlace pod\u00e9is consultar el programa completo de las Jornadas Gastron\u00f3micas del Cal\u00e7ot 2020<\/a><\/p>\n<p><a href=\"https:\/\/mont-roig.cat\/wp-content\/uploads\/IMG_3664-scaled.jpg\"><img loading=\"lazy\" decoding=\"async\" class=\"alignleft wp-image-43300\" src=\"https:\/\/mont-roig.cat\/wp-content\/uploads\/IMG_3664-scaled.jpg\" alt=\"\" width=\"200\" height=\"150\" srcset=\"https:\/\/mont-roig.cat\/wp-content\/uploads\/IMG_3664-scaled.jpg 2048w, https:\/\/mont-roig.cat\/wp-content\/uploads\/IMG_3664-500x375.jpg 500w, https:\/\/mont-roig.cat\/wp-content\/uploads\/IMG_3664-1024x768.jpg 1024w, https:\/\/mont-roig.cat\/wp-content\/uploads\/IMG_3664-768x576.jpg 768w, https:\/\/mont-roig.cat\/wp-content\/uploads\/IMG_3664-1536x1152.jpg 1536w, https:\/\/mont-roig.cat\/wp-content\/uploads\/IMG_3664-463x348.jpg 463w\" sizes=\"auto, (max-width: 200px) 100vw, 200px\" \/><\/a><a href=\"https:\/\/mont-roig.cat\/wp-content\/uploads\/4-1-scaled.jpg\"><img loading=\"lazy\" decoding=\"async\" class=\"alignleft wp-image-43298\" src=\"https:\/\/mont-roig.cat\/wp-content\/uploads\/4-1-scaled.jpg\" alt=\"\" width=\"200\" height=\"150\" srcset=\"https:\/\/mont-roig.cat\/wp-content\/uploads\/4-1-scaled.jpg 2048w, https:\/\/mont-roig.cat\/wp-content\/uploads\/4-1-500x375.jpg 500w, https:\/\/mont-roig.cat\/wp-content\/uploads\/4-1-1024x768.jpg 1024w, https:\/\/mont-roig.cat\/wp-content\/uploads\/4-1-768x576.jpg 768w, https:\/\/mont-roig.cat\/wp-content\/uploads\/4-1-1536x1152.jpg 1536w, https:\/\/mont-roig.cat\/wp-content\/uploads\/4-1-463x348.jpg 463w\" sizes=\"auto, (max-width: 200px) 100vw, 200px\" \/><\/a><a href=\"https:\/\/mont-roig.cat\/wp-content\/uploads\/3-2-scaled.jpg\"><img loading=\"lazy\" decoding=\"async\" class=\"alignleft wp-image-43296\" src=\"https:\/\/mont-roig.cat\/wp-content\/uploads\/3-2-scaled.jpg\" alt=\"\" width=\"200\" height=\"150\" srcset=\"https:\/\/mont-roig.cat\/wp-content\/uploads\/3-2-scaled.jpg 2048w, https:\/\/mont-roig.cat\/wp-content\/uploads\/3-2-500x375.jpg 500w, https:\/\/mont-roig.cat\/wp-content\/uploads\/3-2-1024x768.jpg 1024w, https:\/\/mont-roig.cat\/wp-content\/uploads\/3-2-768x576.jpg 768w, https:\/\/mont-roig.cat\/wp-content\/uploads\/3-2-1536x1152.jpg 1536w, https:\/\/mont-roig.cat\/wp-content\/uploads\/3-2-463x348.jpg 463w\" sizes=\"auto, (max-width: 200px) 100vw, 200px\" \/><\/a><\/p>\n","protected":false},"excerpt":{"rendered":"<p>Del 14 de febrero al 1 de marzo, varios restaurantes prepararan platos y men\u00fas con esta cebolla como gran protagonista La tercera edici\u00f3n de las Jornades Gastron\u00f2miques del Cal\u00e7ot de Mont-roig y Miami Platja que impulsa el Ayuntamiento a trav\u00e9s de Mont-roig Miami Turisme, arrancan ma\u00f1ana 14 de febrero y se alargar\u00e1n hasta el d\u00eda [&hellip;]<\/p>\n","protected":false},"author":4,"featured_media":43295,"comment_status":"closed","ping_status":"closed","sticky":false,"template":"","format":"standard","meta":{"inline_featured_image":false,"_monsterinsights_skip_tracking":false,"_monsterinsights_sitenote_active":false,"_monsterinsights_sitenote_note":"","_monsterinsights_sitenote_category":0,"footnotes":""},"categories":[98,115],"tags":[],"class_list":["post-43306","post","type-post","status-publish","format-standard","has-post-thumbnail","hentry","category-ayuntamiento","category-turismo"],"yoast_head":"<!-- This site is optimized with the Yoast SEO plugin v27.4 - https:\/\/yoast.com\/product\/yoast-seo-wordpress\/ -->\n<title>Las terceras Jornadas del Cal\u00e7ot ponen en valor la gastronom\u00eda de Mont-roig y Miami Platja y el cal\u00e7ot cultivado en el municipio - Ajuntament de Mont-roig del Camp<\/title>\n<meta name=\"robots\" content=\"index, follow, max-snippet:-1, max-image-preview:large, max-video-preview:-1\" \/>\n<link rel=\"canonical\" href=\"https:\/\/mont-roig.cat\/es\/actualitat\/noticies\/les-terceres-jornades-del-calcot-posen-de-valor-la-gastronomia-de-mont-roig-i-miami-platja-i-el-calcot-cultivat-al-municipi\/\" \/>\n<meta property=\"og:locale\" content=\"es_ES\" \/>\n<meta property=\"og:type\" content=\"article\" \/>\n<meta property=\"og:title\" content=\"Las terceras Jornadas del Cal\u00e7ot ponen en valor la gastronom\u00eda de Mont-roig y Miami Platja y el cal\u00e7ot cultivado en el municipio - Ajuntament de Mont-roig del Camp\" \/>\n<meta property=\"og:description\" content=\"Del 14 de febrero al 1 de marzo, varios restaurantes prepararan platos y men\u00fas con esta cebolla como gran protagonista La tercera edici\u00f3n de las Jornades Gastron\u00f2miques del Cal\u00e7ot de Mont-roig y Miami Platja que impulsa el Ayuntamiento a trav\u00e9s de Mont-roig Miami Turisme, arrancan ma\u00f1ana 14 de febrero y se alargar\u00e1n hasta el d\u00eda [&hellip;]\" \/>\n<meta property=\"og:url\" content=\"https:\/\/mont-roig.cat\/es\/actualitat\/noticies\/les-terceres-jornades-del-calcot-posen-de-valor-la-gastronomia-de-mont-roig-i-miami-platja-i-el-calcot-cultivat-al-municipi\/\" \/>\n<meta property=\"og:site_name\" content=\"Ajuntament de Mont-roig del Camp\" \/>\n<meta property=\"article:published_time\" content=\"2020-02-13T13:24:16+00:00\" \/>\n<meta property=\"article:modified_time\" content=\"2020-02-13T13:33:42+00:00\" \/>\n<meta property=\"og:image\" content=\"https:\/\/mont-roig.cat\/wp-content\/uploads\/2-2-1024x768.jpg\" \/>\n\t<meta property=\"og:image:width\" content=\"1024\" \/>\n\t<meta property=\"og:image:height\" content=\"768\" \/>\n\t<meta property=\"og:image:type\" content=\"image\/jpeg\" \/>\n<meta name=\"author\" content=\"administrador\" \/>\n<meta name=\"twitter:card\" content=\"summary_large_image\" \/>\n<meta name=\"twitter:label1\" content=\"Escrito por\" \/>\n\t<meta name=\"twitter:data1\" content=\"administrador\" \/>\n\t<meta name=\"twitter:label2\" content=\"Tiempo de lectura\" \/>\n\t<meta name=\"twitter:data2\" content=\"2 minutos\" \/>\n<script type=\"application\/ld+json\" class=\"yoast-schema-graph\">{\"@context\":\"https:\\\/\\\/schema.org\",\"@graph\":[{\"@type\":\"Article\",\"@id\":\"https:\\\/\\\/mont-roig.cat\\\/es\\\/actualitat\\\/noticies\\\/les-terceres-jornades-del-calcot-posen-de-valor-la-gastronomia-de-mont-roig-i-miami-platja-i-el-calcot-cultivat-al-municipi\\\/#article\",\"isPartOf\":{\"@id\":\"https:\\\/\\\/mont-roig.cat\\\/es\\\/actualitat\\\/noticies\\\/les-terceres-jornades-del-calcot-posen-de-valor-la-gastronomia-de-mont-roig-i-miami-platja-i-el-calcot-cultivat-al-municipi\\\/\"},\"author\":{\"name\":\"administrador\",\"@id\":\"https:\\\/\\\/mont-roig.cat\\\/es\\\/#\\\/schema\\\/person\\\/f2b111789f22b7d0c3bd6786c9128cba\"},\"headline\":\"Las terceras Jornadas del Cal\u00e7ot ponen en valor la gastronom\u00eda de Mont-roig y Miami Platja y el cal\u00e7ot cultivado en el municipio\",\"datePublished\":\"2020-02-13T13:24:16+00:00\",\"dateModified\":\"2020-02-13T13:33:42+00:00\",\"mainEntityOfPage\":{\"@id\":\"https:\\\/\\\/mont-roig.cat\\\/es\\\/actualitat\\\/noticies\\\/les-terceres-jornades-del-calcot-posen-de-valor-la-gastronomia-de-mont-roig-i-miami-platja-i-el-calcot-cultivat-al-municipi\\\/\"},\"wordCount\":425,\"image\":{\"@id\":\"https:\\\/\\\/mont-roig.cat\\\/es\\\/actualitat\\\/noticies\\\/les-terceres-jornades-del-calcot-posen-de-valor-la-gastronomia-de-mont-roig-i-miami-platja-i-el-calcot-cultivat-al-municipi\\\/#primaryimage\"},\"thumbnailUrl\":\"https:\\\/\\\/mont-roig.cat\\\/wp-content\\\/uploads\\\/2-2.jpg\",\"articleSection\":[\"Ayuntamiento\",\"Turismo\"],\"inLanguage\":\"es\"},{\"@type\":\"WebPage\",\"@id\":\"https:\\\/\\\/mont-roig.cat\\\/es\\\/actualitat\\\/noticies\\\/les-terceres-jornades-del-calcot-posen-de-valor-la-gastronomia-de-mont-roig-i-miami-platja-i-el-calcot-cultivat-al-municipi\\\/\",\"url\":\"https:\\\/\\\/mont-roig.cat\\\/es\\\/actualitat\\\/noticies\\\/les-terceres-jornades-del-calcot-posen-de-valor-la-gastronomia-de-mont-roig-i-miami-platja-i-el-calcot-cultivat-al-municipi\\\/\",\"name\":\"Las terceras Jornadas del Cal\u00e7ot ponen en valor la gastronom\u00eda de Mont-roig y Miami Platja y el cal\u00e7ot cultivado en el municipio - Ajuntament de Mont-roig del Camp\",\"isPartOf\":{\"@id\":\"https:\\\/\\\/mont-roig.cat\\\/es\\\/#website\"},\"primaryImageOfPage\":{\"@id\":\"https:\\\/\\\/mont-roig.cat\\\/es\\\/actualitat\\\/noticies\\\/les-terceres-jornades-del-calcot-posen-de-valor-la-gastronomia-de-mont-roig-i-miami-platja-i-el-calcot-cultivat-al-municipi\\\/#primaryimage\"},\"image\":{\"@id\":\"https:\\\/\\\/mont-roig.cat\\\/es\\\/actualitat\\\/noticies\\\/les-terceres-jornades-del-calcot-posen-de-valor-la-gastronomia-de-mont-roig-i-miami-platja-i-el-calcot-cultivat-al-municipi\\\/#primaryimage\"},\"thumbnailUrl\":\"https:\\\/\\\/mont-roig.cat\\\/wp-content\\\/uploads\\\/2-2.jpg\",\"datePublished\":\"2020-02-13T13:24:16+00:00\",\"dateModified\":\"2020-02-13T13:33:42+00:00\",\"author\":{\"@id\":\"https:\\\/\\\/mont-roig.cat\\\/es\\\/#\\\/schema\\\/person\\\/f2b111789f22b7d0c3bd6786c9128cba\"},\"breadcrumb\":{\"@id\":\"https:\\\/\\\/mont-roig.cat\\\/es\\\/actualitat\\\/noticies\\\/les-terceres-jornades-del-calcot-posen-de-valor-la-gastronomia-de-mont-roig-i-miami-platja-i-el-calcot-cultivat-al-municipi\\\/#breadcrumb\"},\"inLanguage\":\"es\",\"potentialAction\":[{\"@type\":\"ReadAction\",\"target\":[\"https:\\\/\\\/mont-roig.cat\\\/es\\\/actualitat\\\/noticies\\\/les-terceres-jornades-del-calcot-posen-de-valor-la-gastronomia-de-mont-roig-i-miami-platja-i-el-calcot-cultivat-al-municipi\\\/\"]}]},{\"@type\":\"ImageObject\",\"inLanguage\":\"es\",\"@id\":\"https:\\\/\\\/mont-roig.cat\\\/es\\\/actualitat\\\/noticies\\\/les-terceres-jornades-del-calcot-posen-de-valor-la-gastronomia-de-mont-roig-i-miami-platja-i-el-calcot-cultivat-al-municipi\\\/#primaryimage\",\"url\":\"https:\\\/\\\/mont-roig.cat\\\/wp-content\\\/uploads\\\/2-2.jpg\",\"contentUrl\":\"https:\\\/\\\/mont-roig.cat\\\/wp-content\\\/uploads\\\/2-2.jpg\",\"width\":2048,\"height\":1536},{\"@type\":\"BreadcrumbList\",\"@id\":\"https:\\\/\\\/mont-roig.cat\\\/es\\\/actualitat\\\/noticies\\\/les-terceres-jornades-del-calcot-posen-de-valor-la-gastronomia-de-mont-roig-i-miami-platja-i-el-calcot-cultivat-al-municipi\\\/#breadcrumb\",\"itemListElement\":[{\"@type\":\"ListItem\",\"position\":1,\"name\":\"Inici\",\"item\":\"https:\\\/\\\/mont-roig.cat\\\/es\\\/pagina-de-inicio\\\/\"},{\"@type\":\"ListItem\",\"position\":2,\"name\":\"Las terceras Jornadas del Cal\u00e7ot ponen en valor la gastronom\u00eda de Mont-roig y Miami Platja y el cal\u00e7ot cultivado en el municipio\"}]},{\"@type\":\"WebSite\",\"@id\":\"https:\\\/\\\/mont-roig.cat\\\/es\\\/#website\",\"url\":\"https:\\\/\\\/mont-roig.cat\\\/es\\\/\",\"name\":\"Ajuntament de Mont-roig del Camp\",\"description\":\"Tota la informaci\u00f3 sobre la instituci\u00f3, els seus \u00f2rgans de govern, actualitat, serveis i molt m\u00e9s.\",\"potentialAction\":[{\"@type\":\"SearchAction\",\"target\":{\"@type\":\"EntryPoint\",\"urlTemplate\":\"https:\\\/\\\/mont-roig.cat\\\/es\\\/?s={search_term_string}\"},\"query-input\":{\"@type\":\"PropertyValueSpecification\",\"valueRequired\":true,\"valueName\":\"search_term_string\"}}],\"inLanguage\":\"es\"},{\"@type\":\"Person\",\"@id\":\"https:\\\/\\\/mont-roig.cat\\\/es\\\/#\\\/schema\\\/person\\\/f2b111789f22b7d0c3bd6786c9128cba\",\"name\":\"administrador\",\"image\":{\"@type\":\"ImageObject\",\"inLanguage\":\"es\",\"@id\":\"https:\\\/\\\/secure.gravatar.com\\\/avatar\\\/9137aac6891e2595c9d3036fd83bcb653b4db3c946db4c7d9b9be193c3c944bb?s=96&d=mm&r=g\",\"url\":\"https:\\\/\\\/secure.gravatar.com\\\/avatar\\\/9137aac6891e2595c9d3036fd83bcb653b4db3c946db4c7d9b9be193c3c944bb?s=96&d=mm&r=g\",\"contentUrl\":\"https:\\\/\\\/secure.gravatar.com\\\/avatar\\\/9137aac6891e2595c9d3036fd83bcb653b4db3c946db4c7d9b9be193c3c944bb?s=96&d=mm&r=g\",\"caption\":\"administrador\"},\"url\":\"https:\\\/\\\/mont-roig.cat\\\/es\\\/actualitat\\\/noticies\\\/author\\\/administrador\\\/\"}]}<\/script>\n<!-- \/ Yoast SEO plugin. -->","yoast_head_json":{"title":"Las terceras Jornadas del Cal\u00e7ot ponen en valor la gastronom\u00eda de Mont-roig y Miami Platja y el cal\u00e7ot cultivado en el municipio - Ajuntament de Mont-roig del Camp","robots":{"index":"index","follow":"follow","max-snippet":"max-snippet:-1","max-image-preview":"max-image-preview:large","max-video-preview":"max-video-preview:-1"},"canonical":"https:\/\/mont-roig.cat\/es\/actualitat\/noticies\/les-terceres-jornades-del-calcot-posen-de-valor-la-gastronomia-de-mont-roig-i-miami-platja-i-el-calcot-cultivat-al-municipi\/","og_locale":"es_ES","og_type":"article","og_title":"Las terceras Jornadas del Cal\u00e7ot ponen en valor la gastronom\u00eda de Mont-roig y Miami Platja y el cal\u00e7ot cultivado en el municipio - Ajuntament de Mont-roig del Camp","og_description":"Del 14 de febrero al 1 de marzo, varios restaurantes prepararan platos y men\u00fas con esta cebolla como gran protagonista La tercera edici\u00f3n de las Jornades Gastron\u00f2miques del Cal\u00e7ot de Mont-roig y Miami Platja que impulsa el Ayuntamiento a trav\u00e9s de Mont-roig Miami Turisme, arrancan ma\u00f1ana 14 de febrero y se alargar\u00e1n hasta el d\u00eda [&hellip;]","og_url":"https:\/\/mont-roig.cat\/es\/actualitat\/noticies\/les-terceres-jornades-del-calcot-posen-de-valor-la-gastronomia-de-mont-roig-i-miami-platja-i-el-calcot-cultivat-al-municipi\/","og_site_name":"Ajuntament de Mont-roig del Camp","article_published_time":"2020-02-13T13:24:16+00:00","article_modified_time":"2020-02-13T13:33:42+00:00","og_image":[{"width":1024,"height":768,"url":"https:\/\/mont-roig.cat\/wp-content\/uploads\/2-2-1024x768.jpg","type":"image\/jpeg"}],"author":"administrador","twitter_card":"summary_large_image","twitter_misc":{"Escrito por":"administrador","Tiempo de lectura":"2 minutos"},"schema":{"@context":"https:\/\/schema.org","@graph":[{"@type":"Article","@id":"https:\/\/mont-roig.cat\/es\/actualitat\/noticies\/les-terceres-jornades-del-calcot-posen-de-valor-la-gastronomia-de-mont-roig-i-miami-platja-i-el-calcot-cultivat-al-municipi\/#article","isPartOf":{"@id":"https:\/\/mont-roig.cat\/es\/actualitat\/noticies\/les-terceres-jornades-del-calcot-posen-de-valor-la-gastronomia-de-mont-roig-i-miami-platja-i-el-calcot-cultivat-al-municipi\/"},"author":{"name":"administrador","@id":"https:\/\/mont-roig.cat\/es\/#\/schema\/person\/f2b111789f22b7d0c3bd6786c9128cba"},"headline":"Las terceras Jornadas del Cal\u00e7ot ponen en valor la gastronom\u00eda de Mont-roig y Miami Platja y el cal\u00e7ot cultivado en el municipio","datePublished":"2020-02-13T13:24:16+00:00","dateModified":"2020-02-13T13:33:42+00:00","mainEntityOfPage":{"@id":"https:\/\/mont-roig.cat\/es\/actualitat\/noticies\/les-terceres-jornades-del-calcot-posen-de-valor-la-gastronomia-de-mont-roig-i-miami-platja-i-el-calcot-cultivat-al-municipi\/"},"wordCount":425,"image":{"@id":"https:\/\/mont-roig.cat\/es\/actualitat\/noticies\/les-terceres-jornades-del-calcot-posen-de-valor-la-gastronomia-de-mont-roig-i-miami-platja-i-el-calcot-cultivat-al-municipi\/#primaryimage"},"thumbnailUrl":"https:\/\/mont-roig.cat\/wp-content\/uploads\/2-2.jpg","articleSection":["Ayuntamiento","Turismo"],"inLanguage":"es"},{"@type":"WebPage","@id":"https:\/\/mont-roig.cat\/es\/actualitat\/noticies\/les-terceres-jornades-del-calcot-posen-de-valor-la-gastronomia-de-mont-roig-i-miami-platja-i-el-calcot-cultivat-al-municipi\/","url":"https:\/\/mont-roig.cat\/es\/actualitat\/noticies\/les-terceres-jornades-del-calcot-posen-de-valor-la-gastronomia-de-mont-roig-i-miami-platja-i-el-calcot-cultivat-al-municipi\/","name":"Las terceras Jornadas del Cal\u00e7ot ponen en valor la gastronom\u00eda de Mont-roig y Miami Platja y el cal\u00e7ot cultivado en el municipio - Ajuntament de Mont-roig del Camp","isPartOf":{"@id":"https:\/\/mont-roig.cat\/es\/#website"},"primaryImageOfPage":{"@id":"https:\/\/mont-roig.cat\/es\/actualitat\/noticies\/les-terceres-jornades-del-calcot-posen-de-valor-la-gastronomia-de-mont-roig-i-miami-platja-i-el-calcot-cultivat-al-municipi\/#primaryimage"},"image":{"@id":"https:\/\/mont-roig.cat\/es\/actualitat\/noticies\/les-terceres-jornades-del-calcot-posen-de-valor-la-gastronomia-de-mont-roig-i-miami-platja-i-el-calcot-cultivat-al-municipi\/#primaryimage"},"thumbnailUrl":"https:\/\/mont-roig.cat\/wp-content\/uploads\/2-2.jpg","datePublished":"2020-02-13T13:24:16+00:00","dateModified":"2020-02-13T13:33:42+00:00","author":{"@id":"https:\/\/mont-roig.cat\/es\/#\/schema\/person\/f2b111789f22b7d0c3bd6786c9128cba"},"breadcrumb":{"@id":"https:\/\/mont-roig.cat\/es\/actualitat\/noticies\/les-terceres-jornades-del-calcot-posen-de-valor-la-gastronomia-de-mont-roig-i-miami-platja-i-el-calcot-cultivat-al-municipi\/#breadcrumb"},"inLanguage":"es","potentialAction":[{"@type":"ReadAction","target":["https:\/\/mont-roig.cat\/es\/actualitat\/noticies\/les-terceres-jornades-del-calcot-posen-de-valor-la-gastronomia-de-mont-roig-i-miami-platja-i-el-calcot-cultivat-al-municipi\/"]}]},{"@type":"ImageObject","inLanguage":"es","@id":"https:\/\/mont-roig.cat\/es\/actualitat\/noticies\/les-terceres-jornades-del-calcot-posen-de-valor-la-gastronomia-de-mont-roig-i-miami-platja-i-el-calcot-cultivat-al-municipi\/#primaryimage","url":"https:\/\/mont-roig.cat\/wp-content\/uploads\/2-2.jpg","contentUrl":"https:\/\/mont-roig.cat\/wp-content\/uploads\/2-2.jpg","width":2048,"height":1536},{"@type":"BreadcrumbList","@id":"https:\/\/mont-roig.cat\/es\/actualitat\/noticies\/les-terceres-jornades-del-calcot-posen-de-valor-la-gastronomia-de-mont-roig-i-miami-platja-i-el-calcot-cultivat-al-municipi\/#breadcrumb","itemListElement":[{"@type":"ListItem","position":1,"name":"Inici","item":"https:\/\/mont-roig.cat\/es\/pagina-de-inicio\/"},{"@type":"ListItem","position":2,"name":"Las terceras Jornadas del Cal\u00e7ot ponen en valor la gastronom\u00eda de Mont-roig y Miami Platja y el cal\u00e7ot cultivado en el municipio"}]},{"@type":"WebSite","@id":"https:\/\/mont-roig.cat\/es\/#website","url":"https:\/\/mont-roig.cat\/es\/","name":"Ajuntament de Mont-roig del Camp","description":"Tota la informaci\u00f3 sobre la instituci\u00f3, els seus \u00f2rgans de govern, actualitat, serveis i molt m\u00e9s.","potentialAction":[{"@type":"SearchAction","target":{"@type":"EntryPoint","urlTemplate":"https:\/\/mont-roig.cat\/es\/?s={search_term_string}"},"query-input":{"@type":"PropertyValueSpecification","valueRequired":true,"valueName":"search_term_string"}}],"inLanguage":"es"},{"@type":"Person","@id":"https:\/\/mont-roig.cat\/es\/#\/schema\/person\/f2b111789f22b7d0c3bd6786c9128cba","name":"administrador","image":{"@type":"ImageObject","inLanguage":"es","@id":"https:\/\/secure.gravatar.com\/avatar\/9137aac6891e2595c9d3036fd83bcb653b4db3c946db4c7d9b9be193c3c944bb?s=96&d=mm&r=g","url":"https:\/\/secure.gravatar.com\/avatar\/9137aac6891e2595c9d3036fd83bcb653b4db3c946db4c7d9b9be193c3c944bb?s=96&d=mm&r=g","contentUrl":"https:\/\/secure.gravatar.com\/avatar\/9137aac6891e2595c9d3036fd83bcb653b4db3c946db4c7d9b9be193c3c944bb?s=96&d=mm&r=g","caption":"administrador"},"url":"https:\/\/mont-roig.cat\/es\/actualitat\/noticies\/author\/administrador\/"}]}},"_links":{"self":[{"href":"https:\/\/mont-roig.cat\/es\/wp-json\/wp\/v2\/posts\/43306","targetHints":{"allow":["GET"]}}],"collection":[{"href":"https:\/\/mont-roig.cat\/es\/wp-json\/wp\/v2\/posts"}],"about":[{"href":"https:\/\/mont-roig.cat\/es\/wp-json\/wp\/v2\/types\/post"}],"author":[{"embeddable":true,"href":"https:\/\/mont-roig.cat\/es\/wp-json\/wp\/v2\/users\/4"}],"replies":[{"embeddable":true,"href":"https:\/\/mont-roig.cat\/es\/wp-json\/wp\/v2\/comments?post=43306"}],"version-history":[{"count":3,"href":"https:\/\/mont-roig.cat\/es\/wp-json\/wp\/v2\/posts\/43306\/revisions"}],"predecessor-version":[{"id":43312,"href":"https:\/\/mont-roig.cat\/es\/wp-json\/wp\/v2\/posts\/43306\/revisions\/43312"}],"wp:featuredmedia":[{"embeddable":true,"href":"https:\/\/mont-roig.cat\/es\/wp-json\/wp\/v2\/media\/43295"}],"wp:attachment":[{"href":"https:\/\/mont-roig.cat\/es\/wp-json\/wp\/v2\/media?parent=43306"}],"wp:term":[{"taxonomy":"category","embeddable":true,"href":"https:\/\/mont-roig.cat\/es\/wp-json\/wp\/v2\/categories?post=43306"},{"taxonomy":"post_tag","embeddable":true,"href":"https:\/\/mont-roig.cat\/es\/wp-json\/wp\/v2\/tags?post=43306"}],"curies":[{"name":"wp","href":"https:\/\/api.w.org\/{rel}","templated":true}]}}