{"id":43474,"date":"2020-02-21T15:24:50","date_gmt":"2020-02-21T14:24:50","guid":{"rendered":"https:\/\/mont-roig.cat\/?p=43474"},"modified":"2020-02-21T15:24:50","modified_gmt":"2020-02-21T14:24:50","slug":"el-ayuntamiento-de-mont-roig-del-camp-aprueba-un-presupuesto-de-27-millones-de-euros-para-2020","status":"publish","type":"post","link":"https:\/\/mont-roig.cat\/es\/actualitat\/noticies\/el-ayuntamiento-de-mont-roig-del-camp-aprueba-un-presupuesto-de-27-millones-de-euros-para-2020\/","title":{"rendered":"El Ayuntamiento de Mont-roig del Camp aprueba un presupuesto de 27 millones de euros para 2020"},"content":{"rendered":"<p><strong>\u2022 Este presupuesto contempla el arranque de las acciones incluidas en el Plan Estrat\u00e9gico de Municipio 2020-2030<\/strong><br \/>\n<strong>\u2022 La inversi\u00f3n prevista supone un importante incremento respecto al a\u00f1o anterior y se sit\u00faa en 2,4 millones de euros, destacando la apuesta por la transici\u00f3n energ\u00e9tica y la finalizaci\u00f3n del proyecto del Pla de Barris<\/strong><\/p>\n<div id=\"attachment_43469\" style=\"width: 310px\" class=\"wp-caption alignright\"><a href=\"https:\/\/mont-roig.cat\/wp-content\/uploads\/Ple-extraordinari_aprovaci\u00f3-pressupost-1-scaled.jpg\"><img loading=\"lazy\" decoding=\"async\" aria-describedby=\"caption-attachment-43469\" class=\"wp-image-43469\" src=\"https:\/\/mont-roig.cat\/wp-content\/uploads\/Ple-extraordinari_aprovaci\u00f3-pressupost-1-500x375.jpg\" alt=\"\" width=\"300\" height=\"225\" srcset=\"https:\/\/mont-roig.cat\/wp-content\/uploads\/Ple-extraordinari_aprovaci\u00f3-pressupost-1-500x375.jpg 500w, https:\/\/mont-roig.cat\/wp-content\/uploads\/Ple-extraordinari_aprovaci\u00f3-pressupost-1-1024x768.jpg 1024w, https:\/\/mont-roig.cat\/wp-content\/uploads\/Ple-extraordinari_aprovaci\u00f3-pressupost-1-768x576.jpg 768w, https:\/\/mont-roig.cat\/wp-content\/uploads\/Ple-extraordinari_aprovaci\u00f3-pressupost-1-1536x1152.jpg 1536w, https:\/\/mont-roig.cat\/wp-content\/uploads\/Ple-extraordinari_aprovaci\u00f3-pressupost-1-scaled.jpg 2048w, https:\/\/mont-roig.cat\/wp-content\/uploads\/Ple-extraordinari_aprovaci\u00f3-pressupost-1-463x348.jpg 463w\" sizes=\"auto, (max-width: 300px) 100vw, 300px\" \/><\/a><p id=\"caption-attachment-43469\" class=\"wp-caption-text\">Sesi\u00f3n plenaria extraordinaria en la que se han aprobado los presupuestos para 2020.<\/p><\/div>\n<p>El Ayuntamiento de Mont-roig del Camp ha aprobado este viernes, en sesi\u00f3n plenaria extraordinaria, el Presupuesto Municipal para el ejercicio de 2020. El presupuesto consolidado, incorporando las cuentas del mismo Ayuntamiento y las Entidades P\u00fablicas Empresariales Nostreserveis y Nostraigua, asciende a 27,07 millones de euros. Con relaci\u00f3n a las cuentas s\u00f3lo del Ayuntamiento, estas ascienden a 23,64 millones de euros, lo que supone un 15% m\u00e1s que el a\u00f1o pasado. En cuanto a las inversiones estas son de 2,4 millones de euros, siete veces m\u00e1s que las inversiones del \u00faltimo ejercicio.<\/p>\n<p>Las cuentas se han aprobado con los votos a favor del equipo de gobierno (PSC e Impulso Mont-roig Miami) y Ciutadans, la abstenci\u00f3n de ERC-MES-AM y Ara Verds per M\u00e9s y los votos en contra de Junts per Mont-roig-Miami.<\/p>\n<p>Destaca de este presupuesto que se pone manos a la obra en el cumplimiento del Plan Estrat\u00e9gico de Municipio 2020-2030. Con estas cuentas, y con los recursos humanos propios del Ayuntamiento, se ejecutar\u00e1n o se dar\u00e1 inicio a la mitad de las 109 acciones previstas en el Plan que se elabor\u00f3 \u200b\u200bcon la participaci\u00f3n de la ciudadan\u00eda y fue aprobado el pasado mandato con el apoyo de pr\u00e1cticamente todo el consistorio.<\/p>\n<p><strong>Estabilidad presupuestaria<\/strong><\/p>\n<p>Se trata de un presupuesto\u00a0 de continuaci\u00f3n que responde a criterios de equilibrio y cumple todas las exigencias legales en materia de estabilidad y sostenibilidad financiera. Al mismo tiempo, supone un incremento importante en el apartado de inversiones respecto al presupuesto del a\u00f1o pasado, alcanzando los 2,4 millones, cerca de 7 veces m\u00e1s que en el \u00faltimo ejercicio y recuperando al mismo tiempo los datos inversores de los \u00faltimos a\u00f1os antes del descenso del ejercicio del 2019. Esta subida de la inversi\u00f3n prevista es consecuencia en parte del incremento en un 15% de los ingresos por un repunte en las licencias de obras extraordinarias.<\/p>\n<p>Las \u00e1reas que se incrementan m\u00e1s son, sobre todo, Pla de Barris, que inicia su \u00faltimo a\u00f1o con voluntad de ejecutar el m\u00e1ximo de proyectos pendientes; Turismo, Caminos y Medio Ambiente, y la gesti\u00f3n de basuras y limpieza viaria, coincidiendo con la voluntad de mejora y renovaci\u00f3n del servicio. El cap\u00edtulo de personal y el Fondo de Contingencia (ubicado en \u00d3rganos de Gobierno) tambi\u00e9n suponen un incremento importante para reforzar los recursos humanos municipales.<\/p>\n<p>Adem\u00e1s, el presupuesto contempla una redistribuci\u00f3n de gasto social en algunas \u00e1reas que absorber\u00e1n el alza de las pol\u00edticas de protecci\u00f3n social: se prev\u00e9 el refuerzo de personal adscrito al \u00e1rea de las personas, a la vez que se incrementa la financiaci\u00f3n de proyectos sociales en el marco del Pla de Barris.<\/p>\n<p><strong>Detalle de las inversiones municipales<\/strong><\/p>\n<p>Las inversiones m\u00e1s importantes que contempla el presupuesto, una gran parte financiadas por otras administraciones, son la dotaci\u00f3n de autoconsumo energ\u00e9tico en los edificios municipales mediante placas fotovoltaicas que asciende a 994.000 euros, financiados en parte por el IDAE. Esta inversi\u00f3n favorecer\u00e1 la reducci\u00f3n del consumo energ\u00e9tico de los edificios municipales y est\u00e1 previsto que en seis a\u00f1os se amortice la inversi\u00f3n inicial. El presupuesto contempla la construcci\u00f3n de una nueva oficina de turismo (308.000 euros), financiada en parte por el Ministerio de Turismo; unos nuevos vestuarios y mejoras en la zona deportiva de Mont-roig (230.000 euros), y las inversiones previstas en el Pla de Barris, especialmente la eliminaci\u00f3n de barreras arquitect\u00f3nicas en el \u00e1mbito, la construcci\u00f3n de carriles bici y otras mejoras que superan los 500.000 euros en su conjunto.<\/p>\n<p><strong>Entidades municipales<\/strong><\/p>\n<p>En cuanto al presupuesto de las dos entidades p\u00fablicas municipales, el de Nostreserveis, que es de 4.256.933&#8217;88 \u20ac, se incrementa en un 14%, mientras que Nostraigua, cifrado en 3.081.391 \u20ac tiene un descenso del 32% .<\/p>\n<p>Consulta en este enlace el detalle del presupuesto del Ayuntamiento de Mont-roig del Camp:<\/p>\n<ul>\n<li><a href=\"https:\/\/mont-roig.cat\/wp-content\/uploads\/PRESSUPOST_Ajuntament-de-Mont-roig-del-Camp-2020.pdf\" target=\"_blank\" rel=\"noopener noreferrer\">Presupuesto_Ajuntament de Mont-roig del Camp 2020<\/a><\/li>\n<\/ul>\n","protected":false},"excerpt":{"rendered":"<p>\u2022 Este presupuesto contempla el arranque de las acciones incluidas en el Plan Estrat\u00e9gico de Municipio 2020-2030 \u2022 La inversi\u00f3n prevista supone un importante incremento respecto al a\u00f1o anterior y se sit\u00faa en 2,4 millones de euros, destacando la apuesta por la transici\u00f3n energ\u00e9tica y la finalizaci\u00f3n del proyecto del Pla de Barris El Ayuntamiento [&hellip;]<\/p>\n","protected":false},"author":4,"featured_media":43470,"comment_status":"closed","ping_status":"closed","sticky":false,"template":"","format":"standard","meta":{"inline_featured_image":false,"_monsterinsights_skip_tracking":false,"_monsterinsights_sitenote_active":false,"_monsterinsights_sitenote_note":"","_monsterinsights_sitenote_category":0,"footnotes":""},"categories":[98],"tags":[],"class_list":["post-43474","post","type-post","status-publish","format-standard","has-post-thumbnail","hentry","category-ayuntamiento"],"yoast_head":"<!-- This site is optimized with the Yoast SEO plugin v27.4 - https:\/\/yoast.com\/product\/yoast-seo-wordpress\/ -->\n<title>El Ayuntamiento de Mont-roig del Camp aprueba un presupuesto de 27 millones de euros para 2020 - Ajuntament de Mont-roig del Camp<\/title>\n<meta name=\"robots\" content=\"index, follow, max-snippet:-1, max-image-preview:large, max-video-preview:-1\" \/>\n<link rel=\"canonical\" href=\"https:\/\/mont-roig.cat\/es\/actualitat\/noticies\/el-ayuntamiento-de-mont-roig-del-camp-aprueba-un-presupuesto-de-27-millones-de-euros-para-2020\/\" \/>\n<meta property=\"og:locale\" content=\"es_ES\" \/>\n<meta property=\"og:type\" content=\"article\" \/>\n<meta property=\"og:title\" content=\"El Ayuntamiento de Mont-roig del Camp aprueba un presupuesto de 27 millones de euros para 2020 - Ajuntament de Mont-roig del Camp\" \/>\n<meta property=\"og:description\" content=\"\u2022 Este presupuesto contempla el arranque de las acciones incluidas en el Plan Estrat\u00e9gico de Municipio 2020-2030 \u2022 La inversi\u00f3n prevista supone un importante incremento respecto al a\u00f1o anterior y se sit\u00faa en 2,4 millones de euros, destacando la apuesta por la transici\u00f3n energ\u00e9tica y la finalizaci\u00f3n del proyecto del Pla de Barris El Ayuntamiento [&hellip;]\" \/>\n<meta property=\"og:url\" content=\"https:\/\/mont-roig.cat\/es\/actualitat\/noticies\/el-ayuntamiento-de-mont-roig-del-camp-aprueba-un-presupuesto-de-27-millones-de-euros-para-2020\/\" \/>\n<meta property=\"og:site_name\" content=\"Ajuntament de Mont-roig del Camp\" \/>\n<meta property=\"article:published_time\" content=\"2020-02-21T14:24:50+00:00\" \/>\n<meta property=\"og:image\" content=\"https:\/\/mont-roig.cat\/wp-content\/uploads\/Ple-extraordinari_aprovaci\u00f3-pressupost-1.jpg\" \/>\n\t<meta property=\"og:image:width\" content=\"2048\" \/>\n\t<meta property=\"og:image:height\" content=\"1536\" \/>\n\t<meta property=\"og:image:type\" content=\"image\/jpeg\" \/>\n<meta name=\"author\" content=\"administrador\" \/>\n<meta name=\"twitter:card\" content=\"summary_large_image\" \/>\n<meta name=\"twitter:label1\" content=\"Escrito por\" \/>\n\t<meta name=\"twitter:data1\" content=\"administrador\" \/>\n\t<meta name=\"twitter:label2\" content=\"Tiempo de lectura\" \/>\n\t<meta name=\"twitter:data2\" content=\"4 minutos\" \/>\n<script type=\"application\/ld+json\" class=\"yoast-schema-graph\">{\"@context\":\"https:\\\/\\\/schema.org\",\"@graph\":[{\"@type\":\"Article\",\"@id\":\"https:\\\/\\\/mont-roig.cat\\\/es\\\/actualitat\\\/noticies\\\/el-ayuntamiento-de-mont-roig-del-camp-aprueba-un-presupuesto-de-27-millones-de-euros-para-2020\\\/#article\",\"isPartOf\":{\"@id\":\"https:\\\/\\\/mont-roig.cat\\\/es\\\/actualitat\\\/noticies\\\/el-ayuntamiento-de-mont-roig-del-camp-aprueba-un-presupuesto-de-27-millones-de-euros-para-2020\\\/\"},\"author\":{\"name\":\"administrador\",\"@id\":\"https:\\\/\\\/mont-roig.cat\\\/es\\\/#\\\/schema\\\/person\\\/f2b111789f22b7d0c3bd6786c9128cba\"},\"headline\":\"El Ayuntamiento de Mont-roig del Camp aprueba un presupuesto de 27 millones de euros para 2020\",\"datePublished\":\"2020-02-21T14:24:50+00:00\",\"mainEntityOfPage\":{\"@id\":\"https:\\\/\\\/mont-roig.cat\\\/es\\\/actualitat\\\/noticies\\\/el-ayuntamiento-de-mont-roig-del-camp-aprueba-un-presupuesto-de-27-millones-de-euros-para-2020\\\/\"},\"wordCount\":745,\"image\":{\"@id\":\"https:\\\/\\\/mont-roig.cat\\\/es\\\/actualitat\\\/noticies\\\/el-ayuntamiento-de-mont-roig-del-camp-aprueba-un-presupuesto-de-27-millones-de-euros-para-2020\\\/#primaryimage\"},\"thumbnailUrl\":\"https:\\\/\\\/mont-roig.cat\\\/wp-content\\\/uploads\\\/Ple-extraordinari_aprovaci\u00f3-pressupost-1.jpg\",\"articleSection\":[\"Ayuntamiento\"],\"inLanguage\":\"es\"},{\"@type\":\"WebPage\",\"@id\":\"https:\\\/\\\/mont-roig.cat\\\/es\\\/actualitat\\\/noticies\\\/el-ayuntamiento-de-mont-roig-del-camp-aprueba-un-presupuesto-de-27-millones-de-euros-para-2020\\\/\",\"url\":\"https:\\\/\\\/mont-roig.cat\\\/es\\\/actualitat\\\/noticies\\\/el-ayuntamiento-de-mont-roig-del-camp-aprueba-un-presupuesto-de-27-millones-de-euros-para-2020\\\/\",\"name\":\"El Ayuntamiento de Mont-roig del Camp aprueba un presupuesto de 27 millones de euros para 2020 - Ajuntament de Mont-roig del Camp\",\"isPartOf\":{\"@id\":\"https:\\\/\\\/mont-roig.cat\\\/es\\\/#website\"},\"primaryImageOfPage\":{\"@id\":\"https:\\\/\\\/mont-roig.cat\\\/es\\\/actualitat\\\/noticies\\\/el-ayuntamiento-de-mont-roig-del-camp-aprueba-un-presupuesto-de-27-millones-de-euros-para-2020\\\/#primaryimage\"},\"image\":{\"@id\":\"https:\\\/\\\/mont-roig.cat\\\/es\\\/actualitat\\\/noticies\\\/el-ayuntamiento-de-mont-roig-del-camp-aprueba-un-presupuesto-de-27-millones-de-euros-para-2020\\\/#primaryimage\"},\"thumbnailUrl\":\"https:\\\/\\\/mont-roig.cat\\\/wp-content\\\/uploads\\\/Ple-extraordinari_aprovaci\u00f3-pressupost-1.jpg\",\"datePublished\":\"2020-02-21T14:24:50+00:00\",\"author\":{\"@id\":\"https:\\\/\\\/mont-roig.cat\\\/es\\\/#\\\/schema\\\/person\\\/f2b111789f22b7d0c3bd6786c9128cba\"},\"breadcrumb\":{\"@id\":\"https:\\\/\\\/mont-roig.cat\\\/es\\\/actualitat\\\/noticies\\\/el-ayuntamiento-de-mont-roig-del-camp-aprueba-un-presupuesto-de-27-millones-de-euros-para-2020\\\/#breadcrumb\"},\"inLanguage\":\"es\",\"potentialAction\":[{\"@type\":\"ReadAction\",\"target\":[\"https:\\\/\\\/mont-roig.cat\\\/es\\\/actualitat\\\/noticies\\\/el-ayuntamiento-de-mont-roig-del-camp-aprueba-un-presupuesto-de-27-millones-de-euros-para-2020\\\/\"]}]},{\"@type\":\"ImageObject\",\"inLanguage\":\"es\",\"@id\":\"https:\\\/\\\/mont-roig.cat\\\/es\\\/actualitat\\\/noticies\\\/el-ayuntamiento-de-mont-roig-del-camp-aprueba-un-presupuesto-de-27-millones-de-euros-para-2020\\\/#primaryimage\",\"url\":\"https:\\\/\\\/mont-roig.cat\\\/wp-content\\\/uploads\\\/Ple-extraordinari_aprovaci\u00f3-pressupost-1.jpg\",\"contentUrl\":\"https:\\\/\\\/mont-roig.cat\\\/wp-content\\\/uploads\\\/Ple-extraordinari_aprovaci\u00f3-pressupost-1.jpg\",\"width\":2048,\"height\":1536},{\"@type\":\"BreadcrumbList\",\"@id\":\"https:\\\/\\\/mont-roig.cat\\\/es\\\/actualitat\\\/noticies\\\/el-ayuntamiento-de-mont-roig-del-camp-aprueba-un-presupuesto-de-27-millones-de-euros-para-2020\\\/#breadcrumb\",\"itemListElement\":[{\"@type\":\"ListItem\",\"position\":1,\"name\":\"Inici\",\"item\":\"https:\\\/\\\/mont-roig.cat\\\/es\\\/pagina-de-inicio\\\/\"},{\"@type\":\"ListItem\",\"position\":2,\"name\":\"El Ayuntamiento de Mont-roig del Camp aprueba un presupuesto de 27 millones de euros para 2020\"}]},{\"@type\":\"WebSite\",\"@id\":\"https:\\\/\\\/mont-roig.cat\\\/es\\\/#website\",\"url\":\"https:\\\/\\\/mont-roig.cat\\\/es\\\/\",\"name\":\"Ajuntament de Mont-roig del Camp\",\"description\":\"Tota la informaci\u00f3 sobre la instituci\u00f3, els seus \u00f2rgans de govern, actualitat, serveis i molt m\u00e9s.\",\"potentialAction\":[{\"@type\":\"SearchAction\",\"target\":{\"@type\":\"EntryPoint\",\"urlTemplate\":\"https:\\\/\\\/mont-roig.cat\\\/es\\\/?s={search_term_string}\"},\"query-input\":{\"@type\":\"PropertyValueSpecification\",\"valueRequired\":true,\"valueName\":\"search_term_string\"}}],\"inLanguage\":\"es\"},{\"@type\":\"Person\",\"@id\":\"https:\\\/\\\/mont-roig.cat\\\/es\\\/#\\\/schema\\\/person\\\/f2b111789f22b7d0c3bd6786c9128cba\",\"name\":\"administrador\",\"image\":{\"@type\":\"ImageObject\",\"inLanguage\":\"es\",\"@id\":\"https:\\\/\\\/secure.gravatar.com\\\/avatar\\\/9137aac6891e2595c9d3036fd83bcb653b4db3c946db4c7d9b9be193c3c944bb?s=96&d=mm&r=g\",\"url\":\"https:\\\/\\\/secure.gravatar.com\\\/avatar\\\/9137aac6891e2595c9d3036fd83bcb653b4db3c946db4c7d9b9be193c3c944bb?s=96&d=mm&r=g\",\"contentUrl\":\"https:\\\/\\\/secure.gravatar.com\\\/avatar\\\/9137aac6891e2595c9d3036fd83bcb653b4db3c946db4c7d9b9be193c3c944bb?s=96&d=mm&r=g\",\"caption\":\"administrador\"},\"url\":\"https:\\\/\\\/mont-roig.cat\\\/es\\\/actualitat\\\/noticies\\\/author\\\/administrador\\\/\"}]}<\/script>\n<!-- \/ Yoast SEO plugin. -->","yoast_head_json":{"title":"El Ayuntamiento de Mont-roig del Camp aprueba un presupuesto de 27 millones de euros para 2020 - Ajuntament de Mont-roig del Camp","robots":{"index":"index","follow":"follow","max-snippet":"max-snippet:-1","max-image-preview":"max-image-preview:large","max-video-preview":"max-video-preview:-1"},"canonical":"https:\/\/mont-roig.cat\/es\/actualitat\/noticies\/el-ayuntamiento-de-mont-roig-del-camp-aprueba-un-presupuesto-de-27-millones-de-euros-para-2020\/","og_locale":"es_ES","og_type":"article","og_title":"El Ayuntamiento de Mont-roig del Camp aprueba un presupuesto de 27 millones de euros para 2020 - Ajuntament de Mont-roig del Camp","og_description":"\u2022 Este presupuesto contempla el arranque de las acciones incluidas en el Plan Estrat\u00e9gico de Municipio 2020-2030 \u2022 La inversi\u00f3n prevista supone un importante incremento respecto al a\u00f1o anterior y se sit\u00faa en 2,4 millones de euros, destacando la apuesta por la transici\u00f3n energ\u00e9tica y la finalizaci\u00f3n del proyecto del Pla de Barris El Ayuntamiento [&hellip;]","og_url":"https:\/\/mont-roig.cat\/es\/actualitat\/noticies\/el-ayuntamiento-de-mont-roig-del-camp-aprueba-un-presupuesto-de-27-millones-de-euros-para-2020\/","og_site_name":"Ajuntament de Mont-roig del Camp","article_published_time":"2020-02-21T14:24:50+00:00","og_image":[{"width":2048,"height":1536,"url":"https:\/\/mont-roig.cat\/wp-content\/uploads\/Ple-extraordinari_aprovaci\u00f3-pressupost-1.jpg","type":"image\/jpeg"}],"author":"administrador","twitter_card":"summary_large_image","twitter_misc":{"Escrito por":"administrador","Tiempo de lectura":"4 minutos"},"schema":{"@context":"https:\/\/schema.org","@graph":[{"@type":"Article","@id":"https:\/\/mont-roig.cat\/es\/actualitat\/noticies\/el-ayuntamiento-de-mont-roig-del-camp-aprueba-un-presupuesto-de-27-millones-de-euros-para-2020\/#article","isPartOf":{"@id":"https:\/\/mont-roig.cat\/es\/actualitat\/noticies\/el-ayuntamiento-de-mont-roig-del-camp-aprueba-un-presupuesto-de-27-millones-de-euros-para-2020\/"},"author":{"name":"administrador","@id":"https:\/\/mont-roig.cat\/es\/#\/schema\/person\/f2b111789f22b7d0c3bd6786c9128cba"},"headline":"El Ayuntamiento de Mont-roig del Camp aprueba un presupuesto de 27 millones de euros para 2020","datePublished":"2020-02-21T14:24:50+00:00","mainEntityOfPage":{"@id":"https:\/\/mont-roig.cat\/es\/actualitat\/noticies\/el-ayuntamiento-de-mont-roig-del-camp-aprueba-un-presupuesto-de-27-millones-de-euros-para-2020\/"},"wordCount":745,"image":{"@id":"https:\/\/mont-roig.cat\/es\/actualitat\/noticies\/el-ayuntamiento-de-mont-roig-del-camp-aprueba-un-presupuesto-de-27-millones-de-euros-para-2020\/#primaryimage"},"thumbnailUrl":"https:\/\/mont-roig.cat\/wp-content\/uploads\/Ple-extraordinari_aprovaci\u00f3-pressupost-1.jpg","articleSection":["Ayuntamiento"],"inLanguage":"es"},{"@type":"WebPage","@id":"https:\/\/mont-roig.cat\/es\/actualitat\/noticies\/el-ayuntamiento-de-mont-roig-del-camp-aprueba-un-presupuesto-de-27-millones-de-euros-para-2020\/","url":"https:\/\/mont-roig.cat\/es\/actualitat\/noticies\/el-ayuntamiento-de-mont-roig-del-camp-aprueba-un-presupuesto-de-27-millones-de-euros-para-2020\/","name":"El Ayuntamiento de Mont-roig del Camp aprueba un presupuesto de 27 millones de euros para 2020 - Ajuntament de Mont-roig del Camp","isPartOf":{"@id":"https:\/\/mont-roig.cat\/es\/#website"},"primaryImageOfPage":{"@id":"https:\/\/mont-roig.cat\/es\/actualitat\/noticies\/el-ayuntamiento-de-mont-roig-del-camp-aprueba-un-presupuesto-de-27-millones-de-euros-para-2020\/#primaryimage"},"image":{"@id":"https:\/\/mont-roig.cat\/es\/actualitat\/noticies\/el-ayuntamiento-de-mont-roig-del-camp-aprueba-un-presupuesto-de-27-millones-de-euros-para-2020\/#primaryimage"},"thumbnailUrl":"https:\/\/mont-roig.cat\/wp-content\/uploads\/Ple-extraordinari_aprovaci\u00f3-pressupost-1.jpg","datePublished":"2020-02-21T14:24:50+00:00","author":{"@id":"https:\/\/mont-roig.cat\/es\/#\/schema\/person\/f2b111789f22b7d0c3bd6786c9128cba"},"breadcrumb":{"@id":"https:\/\/mont-roig.cat\/es\/actualitat\/noticies\/el-ayuntamiento-de-mont-roig-del-camp-aprueba-un-presupuesto-de-27-millones-de-euros-para-2020\/#breadcrumb"},"inLanguage":"es","potentialAction":[{"@type":"ReadAction","target":["https:\/\/mont-roig.cat\/es\/actualitat\/noticies\/el-ayuntamiento-de-mont-roig-del-camp-aprueba-un-presupuesto-de-27-millones-de-euros-para-2020\/"]}]},{"@type":"ImageObject","inLanguage":"es","@id":"https:\/\/mont-roig.cat\/es\/actualitat\/noticies\/el-ayuntamiento-de-mont-roig-del-camp-aprueba-un-presupuesto-de-27-millones-de-euros-para-2020\/#primaryimage","url":"https:\/\/mont-roig.cat\/wp-content\/uploads\/Ple-extraordinari_aprovaci\u00f3-pressupost-1.jpg","contentUrl":"https:\/\/mont-roig.cat\/wp-content\/uploads\/Ple-extraordinari_aprovaci\u00f3-pressupost-1.jpg","width":2048,"height":1536},{"@type":"BreadcrumbList","@id":"https:\/\/mont-roig.cat\/es\/actualitat\/noticies\/el-ayuntamiento-de-mont-roig-del-camp-aprueba-un-presupuesto-de-27-millones-de-euros-para-2020\/#breadcrumb","itemListElement":[{"@type":"ListItem","position":1,"name":"Inici","item":"https:\/\/mont-roig.cat\/es\/pagina-de-inicio\/"},{"@type":"ListItem","position":2,"name":"El Ayuntamiento de Mont-roig del Camp aprueba un presupuesto de 27 millones de euros para 2020"}]},{"@type":"WebSite","@id":"https:\/\/mont-roig.cat\/es\/#website","url":"https:\/\/mont-roig.cat\/es\/","name":"Ajuntament de Mont-roig del Camp","description":"Tota la informaci\u00f3 sobre la instituci\u00f3, els seus \u00f2rgans de govern, actualitat, serveis i molt m\u00e9s.","potentialAction":[{"@type":"SearchAction","target":{"@type":"EntryPoint","urlTemplate":"https:\/\/mont-roig.cat\/es\/?s={search_term_string}"},"query-input":{"@type":"PropertyValueSpecification","valueRequired":true,"valueName":"search_term_string"}}],"inLanguage":"es"},{"@type":"Person","@id":"https:\/\/mont-roig.cat\/es\/#\/schema\/person\/f2b111789f22b7d0c3bd6786c9128cba","name":"administrador","image":{"@type":"ImageObject","inLanguage":"es","@id":"https:\/\/secure.gravatar.com\/avatar\/9137aac6891e2595c9d3036fd83bcb653b4db3c946db4c7d9b9be193c3c944bb?s=96&d=mm&r=g","url":"https:\/\/secure.gravatar.com\/avatar\/9137aac6891e2595c9d3036fd83bcb653b4db3c946db4c7d9b9be193c3c944bb?s=96&d=mm&r=g","contentUrl":"https:\/\/secure.gravatar.com\/avatar\/9137aac6891e2595c9d3036fd83bcb653b4db3c946db4c7d9b9be193c3c944bb?s=96&d=mm&r=g","caption":"administrador"},"url":"https:\/\/mont-roig.cat\/es\/actualitat\/noticies\/author\/administrador\/"}]}},"_links":{"self":[{"href":"https:\/\/mont-roig.cat\/es\/wp-json\/wp\/v2\/posts\/43474","targetHints":{"allow":["GET"]}}],"collection":[{"href":"https:\/\/mont-roig.cat\/es\/wp-json\/wp\/v2\/posts"}],"about":[{"href":"https:\/\/mont-roig.cat\/es\/wp-json\/wp\/v2\/types\/post"}],"author":[{"embeddable":true,"href":"https:\/\/mont-roig.cat\/es\/wp-json\/wp\/v2\/users\/4"}],"replies":[{"embeddable":true,"href":"https:\/\/mont-roig.cat\/es\/wp-json\/wp\/v2\/comments?post=43474"}],"version-history":[{"count":2,"href":"https:\/\/mont-roig.cat\/es\/wp-json\/wp\/v2\/posts\/43474\/revisions"}],"predecessor-version":[{"id":43476,"href":"https:\/\/mont-roig.cat\/es\/wp-json\/wp\/v2\/posts\/43474\/revisions\/43476"}],"wp:featuredmedia":[{"embeddable":true,"href":"https:\/\/mont-roig.cat\/es\/wp-json\/wp\/v2\/media\/43470"}],"wp:attachment":[{"href":"https:\/\/mont-roig.cat\/es\/wp-json\/wp\/v2\/media?parent=43474"}],"wp:term":[{"taxonomy":"category","embeddable":true,"href":"https:\/\/mont-roig.cat\/es\/wp-json\/wp\/v2\/categories?post=43474"},{"taxonomy":"post_tag","embeddable":true,"href":"https:\/\/mont-roig.cat\/es\/wp-json\/wp\/v2\/tags?post=43474"}],"curies":[{"name":"wp","href":"https:\/\/api.w.org\/{rel}","templated":true}]}}