{"id":43538,"date":"2020-02-26T12:17:31","date_gmt":"2020-02-26T11:17:31","guid":{"rendered":"https:\/\/mont-roig.cat\/actualitat\/noticies\/sobren-les-inscripcions-i-es-posen-a-la-venda-els-tiquets-pels-actes-de-sant-josep\/"},"modified":"2022-02-08T21:07:10","modified_gmt":"2022-02-08T20:07:10","slug":"sobren-les-inscripcions-i-es-posen-a-la-venda-els-tiquets-pels-actes-de-sant-josep","status":"publish","type":"post","link":"https:\/\/mont-roig.cat\/es\/actualitat\/noticies\/sobren-les-inscripcions-i-es-posen-a-la-venda-els-tiquets-pels-actes-de-sant-josep\/","title":{"rendered":"Se abren las inscripciones y se ponen a la venta los tiques para los actos de Sant Josep"},"content":{"rendered":"<ul>\n<li style=\"text-align: justify;\"><strong>Ya est\u00e1n a la venta las entradas anticipadas para la cal\u00e7otada popular y el mon\u00f3logo que ofrecer\u00e1 la humorista Sara Escudero<\/strong><\/li>\n<li style=\"text-align: justify;\"><strong>Se buscan participantes para bailar en un baile improvisado el d\u00eda 21 de marzo<\/strong><\/li>\n<\/ul>\n<p style=\"text-align: justify;\">La fiesta mayor de Sant Josep de Miami Platja, que se celebrar\u00e1 del 19 al 22 de marzo, traer\u00e1 un programa repleto de actividades festivas para todos los p\u00fablicos. Entre los platos fuertes que se presentan este a\u00f1o hay un mon\u00f3logo de la humorista, actriz, presentadora de televisi\u00f3n y locutora de radio Sara Escudero, que mantiene que los lemas de su vida son el amor y el humor y que tenemos que aprender a re\u00edrnos de nosotros mismos para tener la diversi\u00f3n garantizada para toda la vida.<\/p>\n<p style=\"text-align: justify;\">Las entradas anticipadas para disfrutar de este espect\u00e1culo ya est\u00e1n a la venta en la Oficina de Fiestas (Sala 2) del Centro Polivalente de Miami Platja, y se pueden adquirir de lunes a viernes, de 9 a 14 horas. Tambi\u00e9n se pueden comprar a trav\u00e9s\u00a0<a href=\"https:\/\/entradium.com\/es\/events\/sara-escudero\">de este enlace<\/a> del portal web de Entradium, hasta el d\u00eda 20 de marzo, por el precio de 10 euros.<\/p>\n<p style=\"text-align: justify;\">La cal\u00e7otada popular, que se celebrar\u00e1 el d\u00eda 19 de marzo, permitir\u00e1 disfrutar de 15 cal\u00e7ots, longaniza, panceta, chorizo y pan por 5 euros. Los tiquets, en este caso se pueden comprar de forma anticipada en la Oficina de Fiestas, hasta\u00a0 el d\u00eda 16 de marzo. Tambi\u00e9n se pueden realizar reservas por correo electr\u00f3nico a <a href=\"mailto:festes@mont-roig.cat\">festes@mont-roig.cat<\/a> y a trav\u00e9s del tel\u00e9fono 977 17 27 06.<\/p>\n<p style=\"text-align: justify;\"><strong>Se buscan participantes para una segundo\u00a0<\/strong><strong>baile improvisado<\/strong><\/p>\n<p style=\"text-align: justify;\">Por otro lado, con el objetivo de animar a los vecinos y vecinas a participar activamente en les fiestas de Sant Josep, el Ayuntamiento de Mont-roig del Camp est\u00e1 preparando un\u00a0baile improvisado, despu\u00e9s del \u00e9xito que tuvo la que se llev\u00f3 a cabo el a\u00f1o pasado coincidiendo tambi\u00e9n con estas fiestas. La actividad busca la participaci\u00f3n del m\u00e1ximo de personas posible para bailar de forma conjunta una coreograf\u00eda en la calle.<\/p>\n<p style=\"text-align: justify;\">Quien quiera participar en el\u00a0baile improvisado, que se realizar\u00e1 el d\u00eda 21 de marzo, se puede apuntar enviando un correo electr\u00f3nico a festes@mont-roig.cat i recibir\u00e1 toda la informaci\u00f3n sobre la coreograf\u00eda. En el mensaje hay que poner nombre, apellidos y tel\u00e9fono. Los ensayos tendr\u00e1n lugar el viernes 13 y martes 17 de marzo a las ocho de la tarde.<\/p>\n<p style=\"text-align: justify;\">La coreograf\u00eda que se bailar\u00e1 es muy f\u00e1cil y b\u00e1sica, de tal manera que personas de todas las edades podr\u00e1n adherirse a esta acci\u00f3n colectiva, que se realiza en un lugar p\u00fablico, durante un breve espacio de tiempo y que se ha puesto de moda en los \u00faltimos a\u00f1os.<\/p>\n","protected":false},"excerpt":{"rendered":"<p>Ya est\u00e1n a la venta las entradas anticipadas para la cal\u00e7otada popular y el mon\u00f3logo que ofrecer\u00e1 la humorista Sara Escudero Se buscan participantes para bailar en un baile improvisado el d\u00eda 21 de marzo La fiesta mayor de Sant Josep de Miami Platja, que se celebrar\u00e1 del 19 al 22 de marzo, traer\u00e1 un [&hellip;]<\/p>\n","protected":false},"author":4,"featured_media":0,"comment_status":"closed","ping_status":"closed","sticky":false,"template":"","format":"standard","meta":{"inline_featured_image":false,"_monsterinsights_skip_tracking":false,"_monsterinsights_sitenote_active":false,"_monsterinsights_sitenote_note":"","_monsterinsights_sitenote_category":0,"footnotes":""},"categories":[98,105,71],"tags":[],"class_list":["post-43538","post","type-post","status-publish","format-standard","hentry","category-ayuntamiento","category-fiestas","category-general-es"],"yoast_head":"<!-- This site is optimized with the Yoast SEO plugin v27.4 - https:\/\/yoast.com\/product\/yoast-seo-wordpress\/ -->\n<title>Se abren las inscripciones y se ponen a la venta los tiques para los actos de Sant Josep - Ajuntament de Mont-roig del Camp<\/title>\n<meta name=\"robots\" content=\"index, follow, max-snippet:-1, max-image-preview:large, max-video-preview:-1\" \/>\n<link rel=\"canonical\" href=\"https:\/\/mont-roig.cat\/es\/actualitat\/noticies\/sobren-les-inscripcions-i-es-posen-a-la-venda-els-tiquets-pels-actes-de-sant-josep\/\" \/>\n<meta property=\"og:locale\" content=\"es_ES\" \/>\n<meta property=\"og:type\" content=\"article\" \/>\n<meta property=\"og:title\" content=\"Se abren las inscripciones y se ponen a la venta los tiques para los actos de Sant Josep - Ajuntament de Mont-roig del Camp\" \/>\n<meta property=\"og:description\" content=\"Ya est\u00e1n a la venta las entradas anticipadas para la cal\u00e7otada popular y el mon\u00f3logo que ofrecer\u00e1 la humorista Sara Escudero Se buscan participantes para bailar en un baile improvisado el d\u00eda 21 de marzo La fiesta mayor de Sant Josep de Miami Platja, que se celebrar\u00e1 del 19 al 22 de marzo, traer\u00e1 un [&hellip;]\" \/>\n<meta property=\"og:url\" content=\"https:\/\/mont-roig.cat\/es\/actualitat\/noticies\/sobren-les-inscripcions-i-es-posen-a-la-venda-els-tiquets-pels-actes-de-sant-josep\/\" \/>\n<meta property=\"og:site_name\" content=\"Ajuntament de Mont-roig del Camp\" \/>\n<meta property=\"article:published_time\" content=\"2020-02-26T11:17:31+00:00\" \/>\n<meta property=\"article:modified_time\" content=\"2022-02-08T20:07:10+00:00\" \/>\n<meta property=\"og:image\" content=\"https:\/\/mont-roig.cat\/wp-content\/uploads\/aj-mont-roig-2.jpg\" \/>\n\t<meta property=\"og:image:width\" content=\"1200\" \/>\n\t<meta property=\"og:image:height\" content=\"600\" \/>\n\t<meta property=\"og:image:type\" content=\"image\/jpeg\" \/>\n<meta name=\"author\" content=\"administrador\" \/>\n<meta name=\"twitter:card\" content=\"summary_large_image\" \/>\n<meta name=\"twitter:label1\" content=\"Escrito por\" \/>\n\t<meta name=\"twitter:data1\" content=\"administrador\" \/>\n\t<meta name=\"twitter:label2\" content=\"Tiempo de lectura\" \/>\n\t<meta name=\"twitter:data2\" content=\"3 minutos\" \/>\n<script type=\"application\/ld+json\" class=\"yoast-schema-graph\">{\"@context\":\"https:\\\/\\\/schema.org\",\"@graph\":[{\"@type\":\"Article\",\"@id\":\"https:\\\/\\\/mont-roig.cat\\\/es\\\/actualitat\\\/noticies\\\/sobren-les-inscripcions-i-es-posen-a-la-venda-els-tiquets-pels-actes-de-sant-josep\\\/#article\",\"isPartOf\":{\"@id\":\"https:\\\/\\\/mont-roig.cat\\\/es\\\/actualitat\\\/noticies\\\/sobren-les-inscripcions-i-es-posen-a-la-venda-els-tiquets-pels-actes-de-sant-josep\\\/\"},\"author\":{\"name\":\"administrador\",\"@id\":\"https:\\\/\\\/mont-roig.cat\\\/es\\\/#\\\/schema\\\/person\\\/f2b111789f22b7d0c3bd6786c9128cba\"},\"headline\":\"Se abren las inscripciones y se ponen a la venta los tiques para los actos de Sant Josep\",\"datePublished\":\"2020-02-26T11:17:31+00:00\",\"dateModified\":\"2022-02-08T20:07:10+00:00\",\"mainEntityOfPage\":{\"@id\":\"https:\\\/\\\/mont-roig.cat\\\/es\\\/actualitat\\\/noticies\\\/sobren-les-inscripcions-i-es-posen-a-la-venda-els-tiquets-pels-actes-de-sant-josep\\\/\"},\"wordCount\":486,\"articleSection\":[\"Ayuntamiento\",\"Festes\",\"General\"],\"inLanguage\":\"es\"},{\"@type\":\"WebPage\",\"@id\":\"https:\\\/\\\/mont-roig.cat\\\/es\\\/actualitat\\\/noticies\\\/sobren-les-inscripcions-i-es-posen-a-la-venda-els-tiquets-pels-actes-de-sant-josep\\\/\",\"url\":\"https:\\\/\\\/mont-roig.cat\\\/es\\\/actualitat\\\/noticies\\\/sobren-les-inscripcions-i-es-posen-a-la-venda-els-tiquets-pels-actes-de-sant-josep\\\/\",\"name\":\"Se abren las inscripciones y se ponen a la venta los tiques para los actos de Sant Josep - Ajuntament de Mont-roig del Camp\",\"isPartOf\":{\"@id\":\"https:\\\/\\\/mont-roig.cat\\\/es\\\/#website\"},\"datePublished\":\"2020-02-26T11:17:31+00:00\",\"dateModified\":\"2022-02-08T20:07:10+00:00\",\"author\":{\"@id\":\"https:\\\/\\\/mont-roig.cat\\\/es\\\/#\\\/schema\\\/person\\\/f2b111789f22b7d0c3bd6786c9128cba\"},\"breadcrumb\":{\"@id\":\"https:\\\/\\\/mont-roig.cat\\\/es\\\/actualitat\\\/noticies\\\/sobren-les-inscripcions-i-es-posen-a-la-venda-els-tiquets-pels-actes-de-sant-josep\\\/#breadcrumb\"},\"inLanguage\":\"es\",\"potentialAction\":[{\"@type\":\"ReadAction\",\"target\":[\"https:\\\/\\\/mont-roig.cat\\\/es\\\/actualitat\\\/noticies\\\/sobren-les-inscripcions-i-es-posen-a-la-venda-els-tiquets-pels-actes-de-sant-josep\\\/\"]}]},{\"@type\":\"BreadcrumbList\",\"@id\":\"https:\\\/\\\/mont-roig.cat\\\/es\\\/actualitat\\\/noticies\\\/sobren-les-inscripcions-i-es-posen-a-la-venda-els-tiquets-pels-actes-de-sant-josep\\\/#breadcrumb\",\"itemListElement\":[{\"@type\":\"ListItem\",\"position\":1,\"name\":\"Inici\",\"item\":\"https:\\\/\\\/mont-roig.cat\\\/es\\\/pagina-de-inicio\\\/\"},{\"@type\":\"ListItem\",\"position\":2,\"name\":\"Se abren las inscripciones y se ponen a la venta los tiques para los actos de Sant Josep\"}]},{\"@type\":\"WebSite\",\"@id\":\"https:\\\/\\\/mont-roig.cat\\\/es\\\/#website\",\"url\":\"https:\\\/\\\/mont-roig.cat\\\/es\\\/\",\"name\":\"Ajuntament de Mont-roig del Camp\",\"description\":\"Tota la informaci\u00f3 sobre la instituci\u00f3, els seus \u00f2rgans de govern, actualitat, serveis i molt m\u00e9s.\",\"potentialAction\":[{\"@type\":\"SearchAction\",\"target\":{\"@type\":\"EntryPoint\",\"urlTemplate\":\"https:\\\/\\\/mont-roig.cat\\\/es\\\/?s={search_term_string}\"},\"query-input\":{\"@type\":\"PropertyValueSpecification\",\"valueRequired\":true,\"valueName\":\"search_term_string\"}}],\"inLanguage\":\"es\"},{\"@type\":\"Person\",\"@id\":\"https:\\\/\\\/mont-roig.cat\\\/es\\\/#\\\/schema\\\/person\\\/f2b111789f22b7d0c3bd6786c9128cba\",\"name\":\"administrador\",\"image\":{\"@type\":\"ImageObject\",\"inLanguage\":\"es\",\"@id\":\"https:\\\/\\\/secure.gravatar.com\\\/avatar\\\/9137aac6891e2595c9d3036fd83bcb653b4db3c946db4c7d9b9be193c3c944bb?s=96&d=mm&r=g\",\"url\":\"https:\\\/\\\/secure.gravatar.com\\\/avatar\\\/9137aac6891e2595c9d3036fd83bcb653b4db3c946db4c7d9b9be193c3c944bb?s=96&d=mm&r=g\",\"contentUrl\":\"https:\\\/\\\/secure.gravatar.com\\\/avatar\\\/9137aac6891e2595c9d3036fd83bcb653b4db3c946db4c7d9b9be193c3c944bb?s=96&d=mm&r=g\",\"caption\":\"administrador\"},\"url\":\"https:\\\/\\\/mont-roig.cat\\\/es\\\/actualitat\\\/noticies\\\/author\\\/administrador\\\/\"}]}<\/script>\n<!-- \/ Yoast SEO plugin. -->","yoast_head_json":{"title":"Se abren las inscripciones y se ponen a la venta los tiques para los actos de Sant Josep - Ajuntament de Mont-roig del Camp","robots":{"index":"index","follow":"follow","max-snippet":"max-snippet:-1","max-image-preview":"max-image-preview:large","max-video-preview":"max-video-preview:-1"},"canonical":"https:\/\/mont-roig.cat\/es\/actualitat\/noticies\/sobren-les-inscripcions-i-es-posen-a-la-venda-els-tiquets-pels-actes-de-sant-josep\/","og_locale":"es_ES","og_type":"article","og_title":"Se abren las inscripciones y se ponen a la venta los tiques para los actos de Sant Josep - Ajuntament de Mont-roig del Camp","og_description":"Ya est\u00e1n a la venta las entradas anticipadas para la cal\u00e7otada popular y el mon\u00f3logo que ofrecer\u00e1 la humorista Sara Escudero Se buscan participantes para bailar en un baile improvisado el d\u00eda 21 de marzo La fiesta mayor de Sant Josep de Miami Platja, que se celebrar\u00e1 del 19 al 22 de marzo, traer\u00e1 un [&hellip;]","og_url":"https:\/\/mont-roig.cat\/es\/actualitat\/noticies\/sobren-les-inscripcions-i-es-posen-a-la-venda-els-tiquets-pels-actes-de-sant-josep\/","og_site_name":"Ajuntament de Mont-roig del Camp","article_published_time":"2020-02-26T11:17:31+00:00","article_modified_time":"2022-02-08T20:07:10+00:00","og_image":[{"width":1200,"height":600,"url":"https:\/\/mont-roig.cat\/wp-content\/uploads\/aj-mont-roig-2.jpg","type":"image\/jpeg"}],"author":"administrador","twitter_card":"summary_large_image","twitter_misc":{"Escrito por":"administrador","Tiempo de lectura":"3 minutos"},"schema":{"@context":"https:\/\/schema.org","@graph":[{"@type":"Article","@id":"https:\/\/mont-roig.cat\/es\/actualitat\/noticies\/sobren-les-inscripcions-i-es-posen-a-la-venda-els-tiquets-pels-actes-de-sant-josep\/#article","isPartOf":{"@id":"https:\/\/mont-roig.cat\/es\/actualitat\/noticies\/sobren-les-inscripcions-i-es-posen-a-la-venda-els-tiquets-pels-actes-de-sant-josep\/"},"author":{"name":"administrador","@id":"https:\/\/mont-roig.cat\/es\/#\/schema\/person\/f2b111789f22b7d0c3bd6786c9128cba"},"headline":"Se abren las inscripciones y se ponen a la venta los tiques para los actos de Sant Josep","datePublished":"2020-02-26T11:17:31+00:00","dateModified":"2022-02-08T20:07:10+00:00","mainEntityOfPage":{"@id":"https:\/\/mont-roig.cat\/es\/actualitat\/noticies\/sobren-les-inscripcions-i-es-posen-a-la-venda-els-tiquets-pels-actes-de-sant-josep\/"},"wordCount":486,"articleSection":["Ayuntamiento","Festes","General"],"inLanguage":"es"},{"@type":"WebPage","@id":"https:\/\/mont-roig.cat\/es\/actualitat\/noticies\/sobren-les-inscripcions-i-es-posen-a-la-venda-els-tiquets-pels-actes-de-sant-josep\/","url":"https:\/\/mont-roig.cat\/es\/actualitat\/noticies\/sobren-les-inscripcions-i-es-posen-a-la-venda-els-tiquets-pels-actes-de-sant-josep\/","name":"Se abren las inscripciones y se ponen a la venta los tiques para los actos de Sant Josep - Ajuntament de Mont-roig del Camp","isPartOf":{"@id":"https:\/\/mont-roig.cat\/es\/#website"},"datePublished":"2020-02-26T11:17:31+00:00","dateModified":"2022-02-08T20:07:10+00:00","author":{"@id":"https:\/\/mont-roig.cat\/es\/#\/schema\/person\/f2b111789f22b7d0c3bd6786c9128cba"},"breadcrumb":{"@id":"https:\/\/mont-roig.cat\/es\/actualitat\/noticies\/sobren-les-inscripcions-i-es-posen-a-la-venda-els-tiquets-pels-actes-de-sant-josep\/#breadcrumb"},"inLanguage":"es","potentialAction":[{"@type":"ReadAction","target":["https:\/\/mont-roig.cat\/es\/actualitat\/noticies\/sobren-les-inscripcions-i-es-posen-a-la-venda-els-tiquets-pels-actes-de-sant-josep\/"]}]},{"@type":"BreadcrumbList","@id":"https:\/\/mont-roig.cat\/es\/actualitat\/noticies\/sobren-les-inscripcions-i-es-posen-a-la-venda-els-tiquets-pels-actes-de-sant-josep\/#breadcrumb","itemListElement":[{"@type":"ListItem","position":1,"name":"Inici","item":"https:\/\/mont-roig.cat\/es\/pagina-de-inicio\/"},{"@type":"ListItem","position":2,"name":"Se abren las inscripciones y se ponen a la venta los tiques para los actos de Sant Josep"}]},{"@type":"WebSite","@id":"https:\/\/mont-roig.cat\/es\/#website","url":"https:\/\/mont-roig.cat\/es\/","name":"Ajuntament de Mont-roig del Camp","description":"Tota la informaci\u00f3 sobre la instituci\u00f3, els seus \u00f2rgans de govern, actualitat, serveis i molt m\u00e9s.","potentialAction":[{"@type":"SearchAction","target":{"@type":"EntryPoint","urlTemplate":"https:\/\/mont-roig.cat\/es\/?s={search_term_string}"},"query-input":{"@type":"PropertyValueSpecification","valueRequired":true,"valueName":"search_term_string"}}],"inLanguage":"es"},{"@type":"Person","@id":"https:\/\/mont-roig.cat\/es\/#\/schema\/person\/f2b111789f22b7d0c3bd6786c9128cba","name":"administrador","image":{"@type":"ImageObject","inLanguage":"es","@id":"https:\/\/secure.gravatar.com\/avatar\/9137aac6891e2595c9d3036fd83bcb653b4db3c946db4c7d9b9be193c3c944bb?s=96&d=mm&r=g","url":"https:\/\/secure.gravatar.com\/avatar\/9137aac6891e2595c9d3036fd83bcb653b4db3c946db4c7d9b9be193c3c944bb?s=96&d=mm&r=g","contentUrl":"https:\/\/secure.gravatar.com\/avatar\/9137aac6891e2595c9d3036fd83bcb653b4db3c946db4c7d9b9be193c3c944bb?s=96&d=mm&r=g","caption":"administrador"},"url":"https:\/\/mont-roig.cat\/es\/actualitat\/noticies\/author\/administrador\/"}]}},"_links":{"self":[{"href":"https:\/\/mont-roig.cat\/es\/wp-json\/wp\/v2\/posts\/43538","targetHints":{"allow":["GET"]}}],"collection":[{"href":"https:\/\/mont-roig.cat\/es\/wp-json\/wp\/v2\/posts"}],"about":[{"href":"https:\/\/mont-roig.cat\/es\/wp-json\/wp\/v2\/types\/post"}],"author":[{"embeddable":true,"href":"https:\/\/mont-roig.cat\/es\/wp-json\/wp\/v2\/users\/4"}],"replies":[{"embeddable":true,"href":"https:\/\/mont-roig.cat\/es\/wp-json\/wp\/v2\/comments?post=43538"}],"version-history":[{"count":4,"href":"https:\/\/mont-roig.cat\/es\/wp-json\/wp\/v2\/posts\/43538\/revisions"}],"predecessor-version":[{"id":60546,"href":"https:\/\/mont-roig.cat\/es\/wp-json\/wp\/v2\/posts\/43538\/revisions\/60546"}],"wp:attachment":[{"href":"https:\/\/mont-roig.cat\/es\/wp-json\/wp\/v2\/media?parent=43538"}],"wp:term":[{"taxonomy":"category","embeddable":true,"href":"https:\/\/mont-roig.cat\/es\/wp-json\/wp\/v2\/categories?post=43538"},{"taxonomy":"post_tag","embeddable":true,"href":"https:\/\/mont-roig.cat\/es\/wp-json\/wp\/v2\/tags?post=43538"}],"curies":[{"name":"wp","href":"https:\/\/api.w.org\/{rel}","templated":true}]}}