{"id":43583,"date":"2020-02-28T12:07:07","date_gmt":"2020-02-28T11:07:07","guid":{"rendered":"https:\/\/mont-roig.cat\/actualitat\/noticies\/els-centres-educatius-del-municipi-sadhereixen-al-programa-golf-a-les-escoles\/"},"modified":"2020-02-28T12:09:34","modified_gmt":"2020-02-28T11:09:34","slug":"els-centres-educatius-del-municipi-sadhereixen-al-programa-golf-a-les-escoles","status":"publish","type":"post","link":"https:\/\/mont-roig.cat\/es\/actualitat\/noticies\/els-centres-educatius-del-municipi-sadhereixen-al-programa-golf-a-les-escoles\/","title":{"rendered":"Los centros educativos del municipio se adhieren al Programa Golf a les Escoles"},"content":{"rendered":"<ul>\n<li style=\"text-align: justify;\"><strong>La iniciativa tiene el objetivo de aproximar a los escolares de primaria a este deporte y convertirlo en una pr\u00e1ctica deportiva m\u00e1s dentro de la asignatura de Educaci\u00f3n F\u00edsica<\/strong><\/li>\n<li style=\"text-align: justify;\"><strong>El Club de Golf Bonmont ha acogido este jueves una jornada formativa para el profesorado, hecho que ha servido para iniciar este proyecto que contar\u00e1 tambi\u00e9n con clases de bautismo de golf y un torneo<\/strong><\/li>\n<\/ul>\n<div id=\"attachment_43571\" style=\"width: 325px\" class=\"wp-caption alignright\"><a href=\"https:\/\/mont-roig.cat\/wp-content\/uploads\/1.jpeg\"><img loading=\"lazy\" decoding=\"async\" aria-describedby=\"caption-attachment-43571\" class=\"wp-image-43571\" src=\"https:\/\/mont-roig.cat\/wp-content\/uploads\/1-500x375.jpeg\" alt=\"\" width=\"315\" height=\"236\" srcset=\"https:\/\/mont-roig.cat\/wp-content\/uploads\/1-500x375.jpeg 500w, https:\/\/mont-roig.cat\/wp-content\/uploads\/1-768x576.jpeg 768w, https:\/\/mont-roig.cat\/wp-content\/uploads\/1-463x348.jpeg 463w, https:\/\/mont-roig.cat\/wp-content\/uploads\/1.jpeg 1021w\" sizes=\"auto, (max-width: 315px) 100vw, 315px\" \/><\/a><p id=\"caption-attachment-43571\" class=\"wp-caption-text\">Profesores\/as de Educaci\u00f3n F\u00edsica de los centros del municipio y representantes de la Federaci\u00f3 Catalana de Golf con las concejalas de Educaci\u00f3n y Turismo y el concejal de Deportes<\/p><\/div>\n<p style=\"text-align: justify;\">Las escuelas Mare de D\u00e9u de la Roca, Joan Mir\u00f3 y Marcel\u00b7l\u00ed Esquius, con el soporte del Ayuntamiento de Mont-roig del Camp, se han adherido al Programa Golf a les Escoles. Se trata de una iniciativa de la Federaci\u00f3 Catalana de Golf para dar a conocer este deporte a los ni\u00f1os y ni\u00f1as de los centros educativos y fomentar su pr\u00e1ctica dentro de la asignatura de Educaci\u00f3n F\u00edsica. En esta ocasi\u00f3n, el proyecto, que ya se ha implantado en m\u00e1s de 70 centros escolares de toda Catalu\u00f1a, est\u00e1 impulsado por el Club de Golf Bonmont Terres Noves, con el objetivo de acercar estas instalaciones al alumnado del municipio.<\/p>\n<p style=\"text-align: justify;\">Precisamente, el Club de Golf Bonmont ha acogido este jueves una jornada de formaci\u00f3n para el profesorado de educaci\u00f3n f\u00edsica de los tres centros educativos del municipio, para orientarlos y ofrecerles una formaci\u00f3n te\u00f3rica y pr\u00e1ctica b\u00e1sica.<\/p>\n<p style=\"text-align: justify;\">La sesi\u00f3n formativa ha sido positivamente valorada por los profesores\/as que han acabado muy contentos con la experiencia y con ganas de trasladar los conocimientos adquiridos al alumnado. Adem\u00e1s, esta primera fase del programa ha contado con el soporte de las concejalas de Educaci\u00f3n, Francis Ortiz i de Turismo, Yolanda P\u00e9rez, y del concejal de Deportes, \u00c1ngel Redondo, que han acompa\u00f1ado al profesorado en esta jornada de formaci\u00f3n.<\/p>\n<p style=\"text-align: justify;\">La segunda fase del programa Golf a les Escoles consiste en poner en marcha la actividad en uno de los cursos de primaria de cada centro. Para hacerlo posible la Federaci\u00f3n ha cedido a las escuelas un kit de material deportivo did\u00e1ctico y de juego, as\u00ed como un equipo de material para llevar a cabo las actividades y ejercicios.<\/p>\n<p style=\"text-align: justify;\">Una vez probado el golf en clase y adquiridas las nociones b\u00e1sicas y unos buenos fundamentos t\u00e9cnicos, el alumnado y sus familiares podr\u00e1n asistir a una clase de bautismo. As\u00ed, el Club de Golf Bonmont ofrecer\u00e1 clases de bautismo gratuitas para que puedan probar este deporte y conocer el campo de golf del municipio. La iniciativa permitir\u00e1 abrir las instalaciones a la ciudadan\u00eda y poner en valor este equipamiento deportivo que est\u00e1 cualificado como el segundo mejor de campo de Catalu\u00f1a y el tercero de Espa\u00f1a. El programa Golf a les Escoles finalizar\u00e1 con un torneo de golf entre los centros educativos.<\/p>\n<p><a href=\"https:\/\/mont-roig.cat\/wp-content\/uploads\/2.jpeg\"><img loading=\"lazy\" decoding=\"async\" class=\"alignleft wp-image-43573\" src=\"https:\/\/mont-roig.cat\/wp-content\/uploads\/2-500x375.jpeg\" alt=\"\" width=\"250\" height=\"188\" srcset=\"https:\/\/mont-roig.cat\/wp-content\/uploads\/2-500x375.jpeg 500w, https:\/\/mont-roig.cat\/wp-content\/uploads\/2-768x576.jpeg 768w, https:\/\/mont-roig.cat\/wp-content\/uploads\/2-463x348.jpeg 463w, https:\/\/mont-roig.cat\/wp-content\/uploads\/2.jpeg 1024w\" sizes=\"auto, (max-width: 250px) 100vw, 250px\" \/><\/a><img loading=\"lazy\" decoding=\"async\" class=\"wp-image-43575 alignleft\" src=\"https:\/\/mont-roig.cat\/wp-content\/uploads\/3-500x375.jpeg\" alt=\"\" width=\"250\" height=\"188\" srcset=\"https:\/\/mont-roig.cat\/wp-content\/uploads\/3-500x375.jpeg 500w, https:\/\/mont-roig.cat\/wp-content\/uploads\/3-768x576.jpeg 768w, https:\/\/mont-roig.cat\/wp-content\/uploads\/3-463x348.jpeg 463w, https:\/\/mont-roig.cat\/wp-content\/uploads\/3.jpeg 1024w\" sizes=\"auto, (max-width: 250px) 100vw, 250px\" \/><a href=\"https:\/\/mont-roig.cat\/wp-content\/uploads\/4.jpeg\"><img loading=\"lazy\" decoding=\"async\" class=\"wp-image-43577 alignleft\" src=\"https:\/\/mont-roig.cat\/wp-content\/uploads\/4-500x375.jpeg\" alt=\"\" width=\"250\" height=\"188\" srcset=\"https:\/\/mont-roig.cat\/wp-content\/uploads\/4-500x375.jpeg 500w, https:\/\/mont-roig.cat\/wp-content\/uploads\/4-768x576.jpeg 768w, https:\/\/mont-roig.cat\/wp-content\/uploads\/4-463x348.jpeg 463w, https:\/\/mont-roig.cat\/wp-content\/uploads\/4.jpeg 1024w\" sizes=\"auto, (max-width: 250px) 100vw, 250px\" \/><\/a><a href=\"https:\/\/mont-roig.cat\/wp-content\/uploads\/5.jpeg\"><img loading=\"lazy\" decoding=\"async\" class=\"alignleft wp-image-43579\" src=\"https:\/\/mont-roig.cat\/wp-content\/uploads\/5-500x375.jpeg\" alt=\"\" width=\"250\" height=\"188\" srcset=\"https:\/\/mont-roig.cat\/wp-content\/uploads\/5-500x375.jpeg 500w, https:\/\/mont-roig.cat\/wp-content\/uploads\/5-768x576.jpeg 768w, https:\/\/mont-roig.cat\/wp-content\/uploads\/5-463x348.jpeg 463w, https:\/\/mont-roig.cat\/wp-content\/uploads\/5.jpeg 1024w\" sizes=\"auto, (max-width: 250px) 100vw, 250px\" \/><\/a><\/p>\n","protected":false},"excerpt":{"rendered":"<p>La iniciativa tiene el objetivo de aproximar a los escolares de primaria a este deporte y convertirlo en una pr\u00e1ctica deportiva m\u00e1s dentro de la asignatura de Educaci\u00f3n F\u00edsica El Club de Golf Bonmont ha acogido este jueves una jornada formativa para el profesorado, hecho que ha servido para iniciar este proyecto que contar\u00e1 tambi\u00e9n [&hellip;]<\/p>\n","protected":false},"author":4,"featured_media":43572,"comment_status":"closed","ping_status":"closed","sticky":false,"template":"","format":"standard","meta":{"inline_featured_image":false,"_monsterinsights_skip_tracking":false,"_monsterinsights_sitenote_active":false,"_monsterinsights_sitenote_note":"","_monsterinsights_sitenote_category":0,"footnotes":""},"categories":[98,104,103,71,115],"tags":[],"class_list":["post-43583","post","type-post","status-publish","format-standard","has-post-thumbnail","hentry","category-ayuntamiento","category-deportes","category-educacion","category-general-es","category-turismo"],"yoast_head":"<!-- This site is optimized with the Yoast SEO plugin v27.4 - https:\/\/yoast.com\/product\/yoast-seo-wordpress\/ -->\n<title>Los centros educativos del municipio se adhieren al Programa Golf a les Escoles - Ajuntament de Mont-roig del Camp<\/title>\n<meta name=\"robots\" content=\"index, follow, max-snippet:-1, max-image-preview:large, max-video-preview:-1\" \/>\n<link rel=\"canonical\" href=\"https:\/\/mont-roig.cat\/es\/actualitat\/noticies\/els-centres-educatius-del-municipi-sadhereixen-al-programa-golf-a-les-escoles\/\" \/>\n<meta property=\"og:locale\" content=\"es_ES\" \/>\n<meta property=\"og:type\" content=\"article\" \/>\n<meta property=\"og:title\" content=\"Los centros educativos del municipio se adhieren al Programa Golf a les Escoles - Ajuntament de Mont-roig del Camp\" \/>\n<meta property=\"og:description\" content=\"La iniciativa tiene el objetivo de aproximar a los escolares de primaria a este deporte y convertirlo en una pr\u00e1ctica deportiva m\u00e1s dentro de la asignatura de Educaci\u00f3n F\u00edsica El Club de Golf Bonmont ha acogido este jueves una jornada formativa para el profesorado, hecho que ha servido para iniciar este proyecto que contar\u00e1 tambi\u00e9n [&hellip;]\" \/>\n<meta property=\"og:url\" content=\"https:\/\/mont-roig.cat\/es\/actualitat\/noticies\/els-centres-educatius-del-municipi-sadhereixen-al-programa-golf-a-les-escoles\/\" \/>\n<meta property=\"og:site_name\" content=\"Ajuntament de Mont-roig del Camp\" \/>\n<meta property=\"article:published_time\" content=\"2020-02-28T11:07:07+00:00\" \/>\n<meta property=\"article:modified_time\" content=\"2020-02-28T11:09:34+00:00\" \/>\n<meta property=\"og:image\" content=\"https:\/\/mont-roig.cat\/wp-content\/uploads\/1.jpeg\" \/>\n\t<meta property=\"og:image:width\" content=\"1021\" \/>\n\t<meta property=\"og:image:height\" content=\"766\" \/>\n\t<meta property=\"og:image:type\" content=\"image\/jpeg\" \/>\n<meta name=\"author\" content=\"administrador\" \/>\n<meta name=\"twitter:card\" content=\"summary_large_image\" \/>\n<meta name=\"twitter:label1\" content=\"Escrito por\" \/>\n\t<meta name=\"twitter:data1\" content=\"administrador\" \/>\n\t<meta name=\"twitter:label2\" content=\"Tiempo de lectura\" \/>\n\t<meta name=\"twitter:data2\" content=\"3 minutos\" \/>\n<script type=\"application\/ld+json\" class=\"yoast-schema-graph\">{\"@context\":\"https:\\\/\\\/schema.org\",\"@graph\":[{\"@type\":\"Article\",\"@id\":\"https:\\\/\\\/mont-roig.cat\\\/es\\\/actualitat\\\/noticies\\\/els-centres-educatius-del-municipi-sadhereixen-al-programa-golf-a-les-escoles\\\/#article\",\"isPartOf\":{\"@id\":\"https:\\\/\\\/mont-roig.cat\\\/es\\\/actualitat\\\/noticies\\\/els-centres-educatius-del-municipi-sadhereixen-al-programa-golf-a-les-escoles\\\/\"},\"author\":{\"name\":\"administrador\",\"@id\":\"https:\\\/\\\/mont-roig.cat\\\/es\\\/#\\\/schema\\\/person\\\/f2b111789f22b7d0c3bd6786c9128cba\"},\"headline\":\"Los centros educativos del municipio se adhieren al Programa Golf a les Escoles\",\"datePublished\":\"2020-02-28T11:07:07+00:00\",\"dateModified\":\"2020-02-28T11:09:34+00:00\",\"mainEntityOfPage\":{\"@id\":\"https:\\\/\\\/mont-roig.cat\\\/es\\\/actualitat\\\/noticies\\\/els-centres-educatius-del-municipi-sadhereixen-al-programa-golf-a-les-escoles\\\/\"},\"wordCount\":527,\"image\":{\"@id\":\"https:\\\/\\\/mont-roig.cat\\\/es\\\/actualitat\\\/noticies\\\/els-centres-educatius-del-municipi-sadhereixen-al-programa-golf-a-les-escoles\\\/#primaryimage\"},\"thumbnailUrl\":\"https:\\\/\\\/mont-roig.cat\\\/wp-content\\\/uploads\\\/1.jpeg\",\"articleSection\":[\"Ayuntamiento\",\"Deportes\",\"Educaci\u00f3n\",\"General\",\"Turismo\"],\"inLanguage\":\"es\"},{\"@type\":\"WebPage\",\"@id\":\"https:\\\/\\\/mont-roig.cat\\\/es\\\/actualitat\\\/noticies\\\/els-centres-educatius-del-municipi-sadhereixen-al-programa-golf-a-les-escoles\\\/\",\"url\":\"https:\\\/\\\/mont-roig.cat\\\/es\\\/actualitat\\\/noticies\\\/els-centres-educatius-del-municipi-sadhereixen-al-programa-golf-a-les-escoles\\\/\",\"name\":\"Los centros educativos del municipio se adhieren al Programa Golf a les Escoles - Ajuntament de Mont-roig del Camp\",\"isPartOf\":{\"@id\":\"https:\\\/\\\/mont-roig.cat\\\/es\\\/#website\"},\"primaryImageOfPage\":{\"@id\":\"https:\\\/\\\/mont-roig.cat\\\/es\\\/actualitat\\\/noticies\\\/els-centres-educatius-del-municipi-sadhereixen-al-programa-golf-a-les-escoles\\\/#primaryimage\"},\"image\":{\"@id\":\"https:\\\/\\\/mont-roig.cat\\\/es\\\/actualitat\\\/noticies\\\/els-centres-educatius-del-municipi-sadhereixen-al-programa-golf-a-les-escoles\\\/#primaryimage\"},\"thumbnailUrl\":\"https:\\\/\\\/mont-roig.cat\\\/wp-content\\\/uploads\\\/1.jpeg\",\"datePublished\":\"2020-02-28T11:07:07+00:00\",\"dateModified\":\"2020-02-28T11:09:34+00:00\",\"author\":{\"@id\":\"https:\\\/\\\/mont-roig.cat\\\/es\\\/#\\\/schema\\\/person\\\/f2b111789f22b7d0c3bd6786c9128cba\"},\"breadcrumb\":{\"@id\":\"https:\\\/\\\/mont-roig.cat\\\/es\\\/actualitat\\\/noticies\\\/els-centres-educatius-del-municipi-sadhereixen-al-programa-golf-a-les-escoles\\\/#breadcrumb\"},\"inLanguage\":\"es\",\"potentialAction\":[{\"@type\":\"ReadAction\",\"target\":[\"https:\\\/\\\/mont-roig.cat\\\/es\\\/actualitat\\\/noticies\\\/els-centres-educatius-del-municipi-sadhereixen-al-programa-golf-a-les-escoles\\\/\"]}]},{\"@type\":\"ImageObject\",\"inLanguage\":\"es\",\"@id\":\"https:\\\/\\\/mont-roig.cat\\\/es\\\/actualitat\\\/noticies\\\/els-centres-educatius-del-municipi-sadhereixen-al-programa-golf-a-les-escoles\\\/#primaryimage\",\"url\":\"https:\\\/\\\/mont-roig.cat\\\/wp-content\\\/uploads\\\/1.jpeg\",\"contentUrl\":\"https:\\\/\\\/mont-roig.cat\\\/wp-content\\\/uploads\\\/1.jpeg\",\"width\":1021,\"height\":766},{\"@type\":\"BreadcrumbList\",\"@id\":\"https:\\\/\\\/mont-roig.cat\\\/es\\\/actualitat\\\/noticies\\\/els-centres-educatius-del-municipi-sadhereixen-al-programa-golf-a-les-escoles\\\/#breadcrumb\",\"itemListElement\":[{\"@type\":\"ListItem\",\"position\":1,\"name\":\"Inici\",\"item\":\"https:\\\/\\\/mont-roig.cat\\\/es\\\/pagina-de-inicio\\\/\"},{\"@type\":\"ListItem\",\"position\":2,\"name\":\"Los centros educativos del municipio se adhieren al Programa Golf a les Escoles\"}]},{\"@type\":\"WebSite\",\"@id\":\"https:\\\/\\\/mont-roig.cat\\\/es\\\/#website\",\"url\":\"https:\\\/\\\/mont-roig.cat\\\/es\\\/\",\"name\":\"Ajuntament de Mont-roig del Camp\",\"description\":\"Tota la informaci\u00f3 sobre la instituci\u00f3, els seus \u00f2rgans de govern, actualitat, serveis i molt m\u00e9s.\",\"potentialAction\":[{\"@type\":\"SearchAction\",\"target\":{\"@type\":\"EntryPoint\",\"urlTemplate\":\"https:\\\/\\\/mont-roig.cat\\\/es\\\/?s={search_term_string}\"},\"query-input\":{\"@type\":\"PropertyValueSpecification\",\"valueRequired\":true,\"valueName\":\"search_term_string\"}}],\"inLanguage\":\"es\"},{\"@type\":\"Person\",\"@id\":\"https:\\\/\\\/mont-roig.cat\\\/es\\\/#\\\/schema\\\/person\\\/f2b111789f22b7d0c3bd6786c9128cba\",\"name\":\"administrador\",\"image\":{\"@type\":\"ImageObject\",\"inLanguage\":\"es\",\"@id\":\"https:\\\/\\\/secure.gravatar.com\\\/avatar\\\/9137aac6891e2595c9d3036fd83bcb653b4db3c946db4c7d9b9be193c3c944bb?s=96&d=mm&r=g\",\"url\":\"https:\\\/\\\/secure.gravatar.com\\\/avatar\\\/9137aac6891e2595c9d3036fd83bcb653b4db3c946db4c7d9b9be193c3c944bb?s=96&d=mm&r=g\",\"contentUrl\":\"https:\\\/\\\/secure.gravatar.com\\\/avatar\\\/9137aac6891e2595c9d3036fd83bcb653b4db3c946db4c7d9b9be193c3c944bb?s=96&d=mm&r=g\",\"caption\":\"administrador\"},\"url\":\"https:\\\/\\\/mont-roig.cat\\\/es\\\/actualitat\\\/noticies\\\/author\\\/administrador\\\/\"}]}<\/script>\n<!-- \/ Yoast SEO plugin. -->","yoast_head_json":{"title":"Los centros educativos del municipio se adhieren al Programa Golf a les Escoles - Ajuntament de Mont-roig del Camp","robots":{"index":"index","follow":"follow","max-snippet":"max-snippet:-1","max-image-preview":"max-image-preview:large","max-video-preview":"max-video-preview:-1"},"canonical":"https:\/\/mont-roig.cat\/es\/actualitat\/noticies\/els-centres-educatius-del-municipi-sadhereixen-al-programa-golf-a-les-escoles\/","og_locale":"es_ES","og_type":"article","og_title":"Los centros educativos del municipio se adhieren al Programa Golf a les Escoles - Ajuntament de Mont-roig del Camp","og_description":"La iniciativa tiene el objetivo de aproximar a los escolares de primaria a este deporte y convertirlo en una pr\u00e1ctica deportiva m\u00e1s dentro de la asignatura de Educaci\u00f3n F\u00edsica El Club de Golf Bonmont ha acogido este jueves una jornada formativa para el profesorado, hecho que ha servido para iniciar este proyecto que contar\u00e1 tambi\u00e9n [&hellip;]","og_url":"https:\/\/mont-roig.cat\/es\/actualitat\/noticies\/els-centres-educatius-del-municipi-sadhereixen-al-programa-golf-a-les-escoles\/","og_site_name":"Ajuntament de Mont-roig del Camp","article_published_time":"2020-02-28T11:07:07+00:00","article_modified_time":"2020-02-28T11:09:34+00:00","og_image":[{"width":1021,"height":766,"url":"https:\/\/mont-roig.cat\/wp-content\/uploads\/1.jpeg","type":"image\/jpeg"}],"author":"administrador","twitter_card":"summary_large_image","twitter_misc":{"Escrito por":"administrador","Tiempo de lectura":"3 minutos"},"schema":{"@context":"https:\/\/schema.org","@graph":[{"@type":"Article","@id":"https:\/\/mont-roig.cat\/es\/actualitat\/noticies\/els-centres-educatius-del-municipi-sadhereixen-al-programa-golf-a-les-escoles\/#article","isPartOf":{"@id":"https:\/\/mont-roig.cat\/es\/actualitat\/noticies\/els-centres-educatius-del-municipi-sadhereixen-al-programa-golf-a-les-escoles\/"},"author":{"name":"administrador","@id":"https:\/\/mont-roig.cat\/es\/#\/schema\/person\/f2b111789f22b7d0c3bd6786c9128cba"},"headline":"Los centros educativos del municipio se adhieren al Programa Golf a les Escoles","datePublished":"2020-02-28T11:07:07+00:00","dateModified":"2020-02-28T11:09:34+00:00","mainEntityOfPage":{"@id":"https:\/\/mont-roig.cat\/es\/actualitat\/noticies\/els-centres-educatius-del-municipi-sadhereixen-al-programa-golf-a-les-escoles\/"},"wordCount":527,"image":{"@id":"https:\/\/mont-roig.cat\/es\/actualitat\/noticies\/els-centres-educatius-del-municipi-sadhereixen-al-programa-golf-a-les-escoles\/#primaryimage"},"thumbnailUrl":"https:\/\/mont-roig.cat\/wp-content\/uploads\/1.jpeg","articleSection":["Ayuntamiento","Deportes","Educaci\u00f3n","General","Turismo"],"inLanguage":"es"},{"@type":"WebPage","@id":"https:\/\/mont-roig.cat\/es\/actualitat\/noticies\/els-centres-educatius-del-municipi-sadhereixen-al-programa-golf-a-les-escoles\/","url":"https:\/\/mont-roig.cat\/es\/actualitat\/noticies\/els-centres-educatius-del-municipi-sadhereixen-al-programa-golf-a-les-escoles\/","name":"Los centros educativos del municipio se adhieren al Programa Golf a les Escoles - Ajuntament de Mont-roig del Camp","isPartOf":{"@id":"https:\/\/mont-roig.cat\/es\/#website"},"primaryImageOfPage":{"@id":"https:\/\/mont-roig.cat\/es\/actualitat\/noticies\/els-centres-educatius-del-municipi-sadhereixen-al-programa-golf-a-les-escoles\/#primaryimage"},"image":{"@id":"https:\/\/mont-roig.cat\/es\/actualitat\/noticies\/els-centres-educatius-del-municipi-sadhereixen-al-programa-golf-a-les-escoles\/#primaryimage"},"thumbnailUrl":"https:\/\/mont-roig.cat\/wp-content\/uploads\/1.jpeg","datePublished":"2020-02-28T11:07:07+00:00","dateModified":"2020-02-28T11:09:34+00:00","author":{"@id":"https:\/\/mont-roig.cat\/es\/#\/schema\/person\/f2b111789f22b7d0c3bd6786c9128cba"},"breadcrumb":{"@id":"https:\/\/mont-roig.cat\/es\/actualitat\/noticies\/els-centres-educatius-del-municipi-sadhereixen-al-programa-golf-a-les-escoles\/#breadcrumb"},"inLanguage":"es","potentialAction":[{"@type":"ReadAction","target":["https:\/\/mont-roig.cat\/es\/actualitat\/noticies\/els-centres-educatius-del-municipi-sadhereixen-al-programa-golf-a-les-escoles\/"]}]},{"@type":"ImageObject","inLanguage":"es","@id":"https:\/\/mont-roig.cat\/es\/actualitat\/noticies\/els-centres-educatius-del-municipi-sadhereixen-al-programa-golf-a-les-escoles\/#primaryimage","url":"https:\/\/mont-roig.cat\/wp-content\/uploads\/1.jpeg","contentUrl":"https:\/\/mont-roig.cat\/wp-content\/uploads\/1.jpeg","width":1021,"height":766},{"@type":"BreadcrumbList","@id":"https:\/\/mont-roig.cat\/es\/actualitat\/noticies\/els-centres-educatius-del-municipi-sadhereixen-al-programa-golf-a-les-escoles\/#breadcrumb","itemListElement":[{"@type":"ListItem","position":1,"name":"Inici","item":"https:\/\/mont-roig.cat\/es\/pagina-de-inicio\/"},{"@type":"ListItem","position":2,"name":"Los centros educativos del municipio se adhieren al Programa Golf a les Escoles"}]},{"@type":"WebSite","@id":"https:\/\/mont-roig.cat\/es\/#website","url":"https:\/\/mont-roig.cat\/es\/","name":"Ajuntament de Mont-roig del Camp","description":"Tota la informaci\u00f3 sobre la instituci\u00f3, els seus \u00f2rgans de govern, actualitat, serveis i molt m\u00e9s.","potentialAction":[{"@type":"SearchAction","target":{"@type":"EntryPoint","urlTemplate":"https:\/\/mont-roig.cat\/es\/?s={search_term_string}"},"query-input":{"@type":"PropertyValueSpecification","valueRequired":true,"valueName":"search_term_string"}}],"inLanguage":"es"},{"@type":"Person","@id":"https:\/\/mont-roig.cat\/es\/#\/schema\/person\/f2b111789f22b7d0c3bd6786c9128cba","name":"administrador","image":{"@type":"ImageObject","inLanguage":"es","@id":"https:\/\/secure.gravatar.com\/avatar\/9137aac6891e2595c9d3036fd83bcb653b4db3c946db4c7d9b9be193c3c944bb?s=96&d=mm&r=g","url":"https:\/\/secure.gravatar.com\/avatar\/9137aac6891e2595c9d3036fd83bcb653b4db3c946db4c7d9b9be193c3c944bb?s=96&d=mm&r=g","contentUrl":"https:\/\/secure.gravatar.com\/avatar\/9137aac6891e2595c9d3036fd83bcb653b4db3c946db4c7d9b9be193c3c944bb?s=96&d=mm&r=g","caption":"administrador"},"url":"https:\/\/mont-roig.cat\/es\/actualitat\/noticies\/author\/administrador\/"}]}},"_links":{"self":[{"href":"https:\/\/mont-roig.cat\/es\/wp-json\/wp\/v2\/posts\/43583","targetHints":{"allow":["GET"]}}],"collection":[{"href":"https:\/\/mont-roig.cat\/es\/wp-json\/wp\/v2\/posts"}],"about":[{"href":"https:\/\/mont-roig.cat\/es\/wp-json\/wp\/v2\/types\/post"}],"author":[{"embeddable":true,"href":"https:\/\/mont-roig.cat\/es\/wp-json\/wp\/v2\/users\/4"}],"replies":[{"embeddable":true,"href":"https:\/\/mont-roig.cat\/es\/wp-json\/wp\/v2\/comments?post=43583"}],"version-history":[{"count":3,"href":"https:\/\/mont-roig.cat\/es\/wp-json\/wp\/v2\/posts\/43583\/revisions"}],"predecessor-version":[{"id":43586,"href":"https:\/\/mont-roig.cat\/es\/wp-json\/wp\/v2\/posts\/43583\/revisions\/43586"}],"wp:featuredmedia":[{"embeddable":true,"href":"https:\/\/mont-roig.cat\/es\/wp-json\/wp\/v2\/media\/43572"}],"wp:attachment":[{"href":"https:\/\/mont-roig.cat\/es\/wp-json\/wp\/v2\/media?parent=43583"}],"wp:term":[{"taxonomy":"category","embeddable":true,"href":"https:\/\/mont-roig.cat\/es\/wp-json\/wp\/v2\/categories?post=43583"},{"taxonomy":"post_tag","embeddable":true,"href":"https:\/\/mont-roig.cat\/es\/wp-json\/wp\/v2\/tags?post=43583"}],"curies":[{"name":"wp","href":"https:\/\/api.w.org\/{rel}","templated":true}]}}