{"id":43616,"date":"2020-02-28T15:26:27","date_gmt":"2020-02-28T14:26:27","guid":{"rendered":"https:\/\/mont-roig.cat\/actualitat\/noticies\/lajuntament-convoca-als-veins-i-comerciants-de-la-placa-miramar-a-una-reunio-informativa-sobre-lestat-actual-de-les-obres\/"},"modified":"2020-02-28T15:30:06","modified_gmt":"2020-02-28T14:30:06","slug":"lajuntament-convoca-als-veins-i-comerciants-de-la-placa-miramar-a-una-reunio-informativa-sobre-lestat-actual-de-les-obres","status":"publish","type":"post","link":"https:\/\/mont-roig.cat\/es\/actualitat\/noticies\/lajuntament-convoca-als-veins-i-comerciants-de-la-placa-miramar-a-una-reunio-informativa-sobre-lestat-actual-de-les-obres\/","title":{"rendered":"El Ayuntamiento convoca a los vecinos y comerciantes de la plaza Miramar a una reuni\u00f3n informativa sobre el estado actual de las obras"},"content":{"rendered":"<div id=\"attachment_43612\" style=\"width: 325px\" class=\"wp-caption alignright\"><img loading=\"lazy\" decoding=\"async\" aria-describedby=\"caption-attachment-43612\" class=\"wp-image-43612\" src=\"https:\/\/mont-roig.cat\/wp-content\/uploads\/Pla\u00e7a-Miramar-500x375.jpeg\" alt=\"\" width=\"315\" height=\"236\" srcset=\"https:\/\/mont-roig.cat\/wp-content\/uploads\/Pla\u00e7a-Miramar-500x375.jpeg 500w, https:\/\/mont-roig.cat\/wp-content\/uploads\/Pla\u00e7a-Miramar-1024x768.jpeg 1024w, https:\/\/mont-roig.cat\/wp-content\/uploads\/Pla\u00e7a-Miramar-768x576.jpeg 768w, https:\/\/mont-roig.cat\/wp-content\/uploads\/Pla\u00e7a-Miramar-1536x1152.jpeg 1536w, https:\/\/mont-roig.cat\/wp-content\/uploads\/Pla\u00e7a-Miramar-463x348.jpeg 463w, https:\/\/mont-roig.cat\/wp-content\/uploads\/Pla\u00e7a-Miramar.jpeg 1600w\" sizes=\"auto, (max-width: 315px) 100vw, 315px\" \/><p id=\"caption-attachment-43612\" class=\"wp-caption-text\">Estado actual de las obras de remodelaci\u00f3n de la Plaza Miramar<\/p><\/div>\n<ul>\n<li><strong>Ser\u00e1 el mi\u00e9rcoles 4 de marzo, a las 20 h, en la Casa de Cultura<\/strong><\/li>\n<\/ul>\n<p style=\"text-align: justify;\">El Ayuntamiento de Mont-roig del Camp llevar\u00e1 a cabo una reuni\u00f3n informativa sobre la evoluci\u00f3n de las obras de remodelaci\u00f3n de la plaza Miramar de Mont-roig. El encuentro, que est\u00e1 abierto a todo el vecindario y comerciantes de la zona, tiene el objetivo de poner al d\u00eda a la ciudadan\u00eda sobre el estado actual de las obras.<\/p>\n<p style=\"text-align: justify;\">La reuni\u00f3n tendr\u00e1 lugar el d\u00eda 4 de marzo de 2020 a las ocho de la tarde en la Casa de Cultura Agust\u00ed Sard\u00e0 y los asistentes podr\u00e1n formular preguntas y resolver cualquier duda que puedan tener.<\/p>\n","protected":false},"excerpt":{"rendered":"<p>Ser\u00e1 el mi\u00e9rcoles 4 de marzo, a las 20 h, en la Casa de Cultura El Ayuntamiento de Mont-roig del Camp llevar\u00e1 a cabo una reuni\u00f3n informativa sobre la evoluci\u00f3n de las obras de remodelaci\u00f3n de la plaza Miramar de Mont-roig. El encuentro, que est\u00e1 abierto a todo el vecindario y comerciantes de la zona, [&hellip;]<\/p>\n","protected":false},"author":4,"featured_media":43613,"comment_status":"closed","ping_status":"closed","sticky":false,"template":"","format":"standard","meta":{"inline_featured_image":false,"_monsterinsights_skip_tracking":false,"_monsterinsights_sitenote_active":false,"_monsterinsights_sitenote_note":"","_monsterinsights_sitenote_category":0,"footnotes":""},"categories":[98,116],"tags":[],"class_list":["post-43616","post","type-post","status-publish","format-standard","has-post-thumbnail","hentry","category-ayuntamiento","category-urbanismo-y-obras"],"yoast_head":"<!-- This site is optimized with the Yoast SEO plugin v27.4 - https:\/\/yoast.com\/product\/yoast-seo-wordpress\/ -->\n<title>El Ayuntamiento convoca a los vecinos y comerciantes de la plaza Miramar a una reuni\u00f3n informativa sobre el estado actual de las obras - Ajuntament de Mont-roig del Camp<\/title>\n<meta name=\"robots\" content=\"index, follow, max-snippet:-1, max-image-preview:large, max-video-preview:-1\" \/>\n<link rel=\"canonical\" href=\"https:\/\/mont-roig.cat\/es\/actualitat\/noticies\/lajuntament-convoca-als-veins-i-comerciants-de-la-placa-miramar-a-una-reunio-informativa-sobre-lestat-actual-de-les-obres\/\" \/>\n<meta property=\"og:locale\" content=\"es_ES\" \/>\n<meta property=\"og:type\" content=\"article\" \/>\n<meta property=\"og:title\" content=\"El Ayuntamiento convoca a los vecinos y comerciantes de la plaza Miramar a una reuni\u00f3n informativa sobre el estado actual de las obras - Ajuntament de Mont-roig del Camp\" \/>\n<meta property=\"og:description\" content=\"Ser\u00e1 el mi\u00e9rcoles 4 de marzo, a las 20 h, en la Casa de Cultura El Ayuntamiento de Mont-roig del Camp llevar\u00e1 a cabo una reuni\u00f3n informativa sobre la evoluci\u00f3n de las obras de remodelaci\u00f3n de la plaza Miramar de Mont-roig. El encuentro, que est\u00e1 abierto a todo el vecindario y comerciantes de la zona, [&hellip;]\" \/>\n<meta property=\"og:url\" content=\"https:\/\/mont-roig.cat\/es\/actualitat\/noticies\/lajuntament-convoca-als-veins-i-comerciants-de-la-placa-miramar-a-una-reunio-informativa-sobre-lestat-actual-de-les-obres\/\" \/>\n<meta property=\"og:site_name\" content=\"Ajuntament de Mont-roig del Camp\" \/>\n<meta property=\"article:published_time\" content=\"2020-02-28T14:26:27+00:00\" \/>\n<meta property=\"article:modified_time\" content=\"2020-02-28T14:30:06+00:00\" \/>\n<meta property=\"og:image\" content=\"https:\/\/mont-roig.cat\/wp-content\/uploads\/Pla\u00e7a-Miramar.jpeg\" \/>\n\t<meta property=\"og:image:width\" content=\"1600\" \/>\n\t<meta property=\"og:image:height\" content=\"1200\" \/>\n\t<meta property=\"og:image:type\" content=\"image\/jpeg\" \/>\n<meta name=\"author\" content=\"administrador\" \/>\n<meta name=\"twitter:card\" content=\"summary_large_image\" \/>\n<meta name=\"twitter:label1\" content=\"Escrito por\" \/>\n\t<meta name=\"twitter:data1\" content=\"administrador\" \/>\n\t<meta name=\"twitter:label2\" content=\"Tiempo de lectura\" \/>\n\t<meta name=\"twitter:data2\" content=\"1 minuto\" \/>\n<script type=\"application\/ld+json\" class=\"yoast-schema-graph\">{\"@context\":\"https:\\\/\\\/schema.org\",\"@graph\":[{\"@type\":\"Article\",\"@id\":\"https:\\\/\\\/mont-roig.cat\\\/es\\\/actualitat\\\/noticies\\\/lajuntament-convoca-als-veins-i-comerciants-de-la-placa-miramar-a-una-reunio-informativa-sobre-lestat-actual-de-les-obres\\\/#article\",\"isPartOf\":{\"@id\":\"https:\\\/\\\/mont-roig.cat\\\/es\\\/actualitat\\\/noticies\\\/lajuntament-convoca-als-veins-i-comerciants-de-la-placa-miramar-a-una-reunio-informativa-sobre-lestat-actual-de-les-obres\\\/\"},\"author\":{\"name\":\"administrador\",\"@id\":\"https:\\\/\\\/mont-roig.cat\\\/es\\\/#\\\/schema\\\/person\\\/f2b111789f22b7d0c3bd6786c9128cba\"},\"headline\":\"El Ayuntamiento convoca a los vecinos y comerciantes de la plaza Miramar a una reuni\u00f3n informativa sobre el estado actual de las obras\",\"datePublished\":\"2020-02-28T14:26:27+00:00\",\"dateModified\":\"2020-02-28T14:30:06+00:00\",\"mainEntityOfPage\":{\"@id\":\"https:\\\/\\\/mont-roig.cat\\\/es\\\/actualitat\\\/noticies\\\/lajuntament-convoca-als-veins-i-comerciants-de-la-placa-miramar-a-una-reunio-informativa-sobre-lestat-actual-de-les-obres\\\/\"},\"wordCount\":157,\"image\":{\"@id\":\"https:\\\/\\\/mont-roig.cat\\\/es\\\/actualitat\\\/noticies\\\/lajuntament-convoca-als-veins-i-comerciants-de-la-placa-miramar-a-una-reunio-informativa-sobre-lestat-actual-de-les-obres\\\/#primaryimage\"},\"thumbnailUrl\":\"https:\\\/\\\/mont-roig.cat\\\/wp-content\\\/uploads\\\/Pla\u00e7a-Miramar.jpeg\",\"articleSection\":[\"Ayuntamiento\",\"Urbanismo y obras\"],\"inLanguage\":\"es\"},{\"@type\":\"WebPage\",\"@id\":\"https:\\\/\\\/mont-roig.cat\\\/es\\\/actualitat\\\/noticies\\\/lajuntament-convoca-als-veins-i-comerciants-de-la-placa-miramar-a-una-reunio-informativa-sobre-lestat-actual-de-les-obres\\\/\",\"url\":\"https:\\\/\\\/mont-roig.cat\\\/es\\\/actualitat\\\/noticies\\\/lajuntament-convoca-als-veins-i-comerciants-de-la-placa-miramar-a-una-reunio-informativa-sobre-lestat-actual-de-les-obres\\\/\",\"name\":\"El Ayuntamiento convoca a los vecinos y comerciantes de la plaza Miramar a una reuni\u00f3n informativa sobre el estado actual de las obras - Ajuntament de Mont-roig del Camp\",\"isPartOf\":{\"@id\":\"https:\\\/\\\/mont-roig.cat\\\/es\\\/#website\"},\"primaryImageOfPage\":{\"@id\":\"https:\\\/\\\/mont-roig.cat\\\/es\\\/actualitat\\\/noticies\\\/lajuntament-convoca-als-veins-i-comerciants-de-la-placa-miramar-a-una-reunio-informativa-sobre-lestat-actual-de-les-obres\\\/#primaryimage\"},\"image\":{\"@id\":\"https:\\\/\\\/mont-roig.cat\\\/es\\\/actualitat\\\/noticies\\\/lajuntament-convoca-als-veins-i-comerciants-de-la-placa-miramar-a-una-reunio-informativa-sobre-lestat-actual-de-les-obres\\\/#primaryimage\"},\"thumbnailUrl\":\"https:\\\/\\\/mont-roig.cat\\\/wp-content\\\/uploads\\\/Pla\u00e7a-Miramar.jpeg\",\"datePublished\":\"2020-02-28T14:26:27+00:00\",\"dateModified\":\"2020-02-28T14:30:06+00:00\",\"author\":{\"@id\":\"https:\\\/\\\/mont-roig.cat\\\/es\\\/#\\\/schema\\\/person\\\/f2b111789f22b7d0c3bd6786c9128cba\"},\"breadcrumb\":{\"@id\":\"https:\\\/\\\/mont-roig.cat\\\/es\\\/actualitat\\\/noticies\\\/lajuntament-convoca-als-veins-i-comerciants-de-la-placa-miramar-a-una-reunio-informativa-sobre-lestat-actual-de-les-obres\\\/#breadcrumb\"},\"inLanguage\":\"es\",\"potentialAction\":[{\"@type\":\"ReadAction\",\"target\":[\"https:\\\/\\\/mont-roig.cat\\\/es\\\/actualitat\\\/noticies\\\/lajuntament-convoca-als-veins-i-comerciants-de-la-placa-miramar-a-una-reunio-informativa-sobre-lestat-actual-de-les-obres\\\/\"]}]},{\"@type\":\"ImageObject\",\"inLanguage\":\"es\",\"@id\":\"https:\\\/\\\/mont-roig.cat\\\/es\\\/actualitat\\\/noticies\\\/lajuntament-convoca-als-veins-i-comerciants-de-la-placa-miramar-a-una-reunio-informativa-sobre-lestat-actual-de-les-obres\\\/#primaryimage\",\"url\":\"https:\\\/\\\/mont-roig.cat\\\/wp-content\\\/uploads\\\/Pla\u00e7a-Miramar.jpeg\",\"contentUrl\":\"https:\\\/\\\/mont-roig.cat\\\/wp-content\\\/uploads\\\/Pla\u00e7a-Miramar.jpeg\",\"width\":1600,\"height\":1200},{\"@type\":\"BreadcrumbList\",\"@id\":\"https:\\\/\\\/mont-roig.cat\\\/es\\\/actualitat\\\/noticies\\\/lajuntament-convoca-als-veins-i-comerciants-de-la-placa-miramar-a-una-reunio-informativa-sobre-lestat-actual-de-les-obres\\\/#breadcrumb\",\"itemListElement\":[{\"@type\":\"ListItem\",\"position\":1,\"name\":\"Inici\",\"item\":\"https:\\\/\\\/mont-roig.cat\\\/es\\\/pagina-de-inicio\\\/\"},{\"@type\":\"ListItem\",\"position\":2,\"name\":\"El Ayuntamiento convoca a los vecinos y comerciantes de la plaza Miramar a una reuni\u00f3n informativa sobre el estado actual de las obras\"}]},{\"@type\":\"WebSite\",\"@id\":\"https:\\\/\\\/mont-roig.cat\\\/es\\\/#website\",\"url\":\"https:\\\/\\\/mont-roig.cat\\\/es\\\/\",\"name\":\"Ajuntament de Mont-roig del Camp\",\"description\":\"Tota la informaci\u00f3 sobre la instituci\u00f3, els seus \u00f2rgans de govern, actualitat, serveis i molt m\u00e9s.\",\"potentialAction\":[{\"@type\":\"SearchAction\",\"target\":{\"@type\":\"EntryPoint\",\"urlTemplate\":\"https:\\\/\\\/mont-roig.cat\\\/es\\\/?s={search_term_string}\"},\"query-input\":{\"@type\":\"PropertyValueSpecification\",\"valueRequired\":true,\"valueName\":\"search_term_string\"}}],\"inLanguage\":\"es\"},{\"@type\":\"Person\",\"@id\":\"https:\\\/\\\/mont-roig.cat\\\/es\\\/#\\\/schema\\\/person\\\/f2b111789f22b7d0c3bd6786c9128cba\",\"name\":\"administrador\",\"image\":{\"@type\":\"ImageObject\",\"inLanguage\":\"es\",\"@id\":\"https:\\\/\\\/secure.gravatar.com\\\/avatar\\\/9137aac6891e2595c9d3036fd83bcb653b4db3c946db4c7d9b9be193c3c944bb?s=96&d=mm&r=g\",\"url\":\"https:\\\/\\\/secure.gravatar.com\\\/avatar\\\/9137aac6891e2595c9d3036fd83bcb653b4db3c946db4c7d9b9be193c3c944bb?s=96&d=mm&r=g\",\"contentUrl\":\"https:\\\/\\\/secure.gravatar.com\\\/avatar\\\/9137aac6891e2595c9d3036fd83bcb653b4db3c946db4c7d9b9be193c3c944bb?s=96&d=mm&r=g\",\"caption\":\"administrador\"},\"url\":\"https:\\\/\\\/mont-roig.cat\\\/es\\\/actualitat\\\/noticies\\\/author\\\/administrador\\\/\"}]}<\/script>\n<!-- \/ Yoast SEO plugin. -->","yoast_head_json":{"title":"El Ayuntamiento convoca a los vecinos y comerciantes de la plaza Miramar a una reuni\u00f3n informativa sobre el estado actual de las obras - Ajuntament de Mont-roig del Camp","robots":{"index":"index","follow":"follow","max-snippet":"max-snippet:-1","max-image-preview":"max-image-preview:large","max-video-preview":"max-video-preview:-1"},"canonical":"https:\/\/mont-roig.cat\/es\/actualitat\/noticies\/lajuntament-convoca-als-veins-i-comerciants-de-la-placa-miramar-a-una-reunio-informativa-sobre-lestat-actual-de-les-obres\/","og_locale":"es_ES","og_type":"article","og_title":"El Ayuntamiento convoca a los vecinos y comerciantes de la plaza Miramar a una reuni\u00f3n informativa sobre el estado actual de las obras - Ajuntament de Mont-roig del Camp","og_description":"Ser\u00e1 el mi\u00e9rcoles 4 de marzo, a las 20 h, en la Casa de Cultura El Ayuntamiento de Mont-roig del Camp llevar\u00e1 a cabo una reuni\u00f3n informativa sobre la evoluci\u00f3n de las obras de remodelaci\u00f3n de la plaza Miramar de Mont-roig. El encuentro, que est\u00e1 abierto a todo el vecindario y comerciantes de la zona, [&hellip;]","og_url":"https:\/\/mont-roig.cat\/es\/actualitat\/noticies\/lajuntament-convoca-als-veins-i-comerciants-de-la-placa-miramar-a-una-reunio-informativa-sobre-lestat-actual-de-les-obres\/","og_site_name":"Ajuntament de Mont-roig del Camp","article_published_time":"2020-02-28T14:26:27+00:00","article_modified_time":"2020-02-28T14:30:06+00:00","og_image":[{"width":1600,"height":1200,"url":"https:\/\/mont-roig.cat\/wp-content\/uploads\/Pla\u00e7a-Miramar.jpeg","type":"image\/jpeg"}],"author":"administrador","twitter_card":"summary_large_image","twitter_misc":{"Escrito por":"administrador","Tiempo de lectura":"1 minuto"},"schema":{"@context":"https:\/\/schema.org","@graph":[{"@type":"Article","@id":"https:\/\/mont-roig.cat\/es\/actualitat\/noticies\/lajuntament-convoca-als-veins-i-comerciants-de-la-placa-miramar-a-una-reunio-informativa-sobre-lestat-actual-de-les-obres\/#article","isPartOf":{"@id":"https:\/\/mont-roig.cat\/es\/actualitat\/noticies\/lajuntament-convoca-als-veins-i-comerciants-de-la-placa-miramar-a-una-reunio-informativa-sobre-lestat-actual-de-les-obres\/"},"author":{"name":"administrador","@id":"https:\/\/mont-roig.cat\/es\/#\/schema\/person\/f2b111789f22b7d0c3bd6786c9128cba"},"headline":"El Ayuntamiento convoca a los vecinos y comerciantes de la plaza Miramar a una reuni\u00f3n informativa sobre el estado actual de las obras","datePublished":"2020-02-28T14:26:27+00:00","dateModified":"2020-02-28T14:30:06+00:00","mainEntityOfPage":{"@id":"https:\/\/mont-roig.cat\/es\/actualitat\/noticies\/lajuntament-convoca-als-veins-i-comerciants-de-la-placa-miramar-a-una-reunio-informativa-sobre-lestat-actual-de-les-obres\/"},"wordCount":157,"image":{"@id":"https:\/\/mont-roig.cat\/es\/actualitat\/noticies\/lajuntament-convoca-als-veins-i-comerciants-de-la-placa-miramar-a-una-reunio-informativa-sobre-lestat-actual-de-les-obres\/#primaryimage"},"thumbnailUrl":"https:\/\/mont-roig.cat\/wp-content\/uploads\/Pla\u00e7a-Miramar.jpeg","articleSection":["Ayuntamiento","Urbanismo y obras"],"inLanguage":"es"},{"@type":"WebPage","@id":"https:\/\/mont-roig.cat\/es\/actualitat\/noticies\/lajuntament-convoca-als-veins-i-comerciants-de-la-placa-miramar-a-una-reunio-informativa-sobre-lestat-actual-de-les-obres\/","url":"https:\/\/mont-roig.cat\/es\/actualitat\/noticies\/lajuntament-convoca-als-veins-i-comerciants-de-la-placa-miramar-a-una-reunio-informativa-sobre-lestat-actual-de-les-obres\/","name":"El Ayuntamiento convoca a los vecinos y comerciantes de la plaza Miramar a una reuni\u00f3n informativa sobre el estado actual de las obras - Ajuntament de Mont-roig del Camp","isPartOf":{"@id":"https:\/\/mont-roig.cat\/es\/#website"},"primaryImageOfPage":{"@id":"https:\/\/mont-roig.cat\/es\/actualitat\/noticies\/lajuntament-convoca-als-veins-i-comerciants-de-la-placa-miramar-a-una-reunio-informativa-sobre-lestat-actual-de-les-obres\/#primaryimage"},"image":{"@id":"https:\/\/mont-roig.cat\/es\/actualitat\/noticies\/lajuntament-convoca-als-veins-i-comerciants-de-la-placa-miramar-a-una-reunio-informativa-sobre-lestat-actual-de-les-obres\/#primaryimage"},"thumbnailUrl":"https:\/\/mont-roig.cat\/wp-content\/uploads\/Pla\u00e7a-Miramar.jpeg","datePublished":"2020-02-28T14:26:27+00:00","dateModified":"2020-02-28T14:30:06+00:00","author":{"@id":"https:\/\/mont-roig.cat\/es\/#\/schema\/person\/f2b111789f22b7d0c3bd6786c9128cba"},"breadcrumb":{"@id":"https:\/\/mont-roig.cat\/es\/actualitat\/noticies\/lajuntament-convoca-als-veins-i-comerciants-de-la-placa-miramar-a-una-reunio-informativa-sobre-lestat-actual-de-les-obres\/#breadcrumb"},"inLanguage":"es","potentialAction":[{"@type":"ReadAction","target":["https:\/\/mont-roig.cat\/es\/actualitat\/noticies\/lajuntament-convoca-als-veins-i-comerciants-de-la-placa-miramar-a-una-reunio-informativa-sobre-lestat-actual-de-les-obres\/"]}]},{"@type":"ImageObject","inLanguage":"es","@id":"https:\/\/mont-roig.cat\/es\/actualitat\/noticies\/lajuntament-convoca-als-veins-i-comerciants-de-la-placa-miramar-a-una-reunio-informativa-sobre-lestat-actual-de-les-obres\/#primaryimage","url":"https:\/\/mont-roig.cat\/wp-content\/uploads\/Pla\u00e7a-Miramar.jpeg","contentUrl":"https:\/\/mont-roig.cat\/wp-content\/uploads\/Pla\u00e7a-Miramar.jpeg","width":1600,"height":1200},{"@type":"BreadcrumbList","@id":"https:\/\/mont-roig.cat\/es\/actualitat\/noticies\/lajuntament-convoca-als-veins-i-comerciants-de-la-placa-miramar-a-una-reunio-informativa-sobre-lestat-actual-de-les-obres\/#breadcrumb","itemListElement":[{"@type":"ListItem","position":1,"name":"Inici","item":"https:\/\/mont-roig.cat\/es\/pagina-de-inicio\/"},{"@type":"ListItem","position":2,"name":"El Ayuntamiento convoca a los vecinos y comerciantes de la plaza Miramar a una reuni\u00f3n informativa sobre el estado actual de las obras"}]},{"@type":"WebSite","@id":"https:\/\/mont-roig.cat\/es\/#website","url":"https:\/\/mont-roig.cat\/es\/","name":"Ajuntament de Mont-roig del Camp","description":"Tota la informaci\u00f3 sobre la instituci\u00f3, els seus \u00f2rgans de govern, actualitat, serveis i molt m\u00e9s.","potentialAction":[{"@type":"SearchAction","target":{"@type":"EntryPoint","urlTemplate":"https:\/\/mont-roig.cat\/es\/?s={search_term_string}"},"query-input":{"@type":"PropertyValueSpecification","valueRequired":true,"valueName":"search_term_string"}}],"inLanguage":"es"},{"@type":"Person","@id":"https:\/\/mont-roig.cat\/es\/#\/schema\/person\/f2b111789f22b7d0c3bd6786c9128cba","name":"administrador","image":{"@type":"ImageObject","inLanguage":"es","@id":"https:\/\/secure.gravatar.com\/avatar\/9137aac6891e2595c9d3036fd83bcb653b4db3c946db4c7d9b9be193c3c944bb?s=96&d=mm&r=g","url":"https:\/\/secure.gravatar.com\/avatar\/9137aac6891e2595c9d3036fd83bcb653b4db3c946db4c7d9b9be193c3c944bb?s=96&d=mm&r=g","contentUrl":"https:\/\/secure.gravatar.com\/avatar\/9137aac6891e2595c9d3036fd83bcb653b4db3c946db4c7d9b9be193c3c944bb?s=96&d=mm&r=g","caption":"administrador"},"url":"https:\/\/mont-roig.cat\/es\/actualitat\/noticies\/author\/administrador\/"}]}},"_links":{"self":[{"href":"https:\/\/mont-roig.cat\/es\/wp-json\/wp\/v2\/posts\/43616","targetHints":{"allow":["GET"]}}],"collection":[{"href":"https:\/\/mont-roig.cat\/es\/wp-json\/wp\/v2\/posts"}],"about":[{"href":"https:\/\/mont-roig.cat\/es\/wp-json\/wp\/v2\/types\/post"}],"author":[{"embeddable":true,"href":"https:\/\/mont-roig.cat\/es\/wp-json\/wp\/v2\/users\/4"}],"replies":[{"embeddable":true,"href":"https:\/\/mont-roig.cat\/es\/wp-json\/wp\/v2\/comments?post=43616"}],"version-history":[{"count":2,"href":"https:\/\/mont-roig.cat\/es\/wp-json\/wp\/v2\/posts\/43616\/revisions"}],"predecessor-version":[{"id":43618,"href":"https:\/\/mont-roig.cat\/es\/wp-json\/wp\/v2\/posts\/43616\/revisions\/43618"}],"wp:featuredmedia":[{"embeddable":true,"href":"https:\/\/mont-roig.cat\/es\/wp-json\/wp\/v2\/media\/43613"}],"wp:attachment":[{"href":"https:\/\/mont-roig.cat\/es\/wp-json\/wp\/v2\/media?parent=43616"}],"wp:term":[{"taxonomy":"category","embeddable":true,"href":"https:\/\/mont-roig.cat\/es\/wp-json\/wp\/v2\/categories?post=43616"},{"taxonomy":"post_tag","embeddable":true,"href":"https:\/\/mont-roig.cat\/es\/wp-json\/wp\/v2\/tags?post=43616"}],"curies":[{"name":"wp","href":"https:\/\/api.w.org\/{rel}","templated":true}]}}