{"id":4366,"date":"2015-03-25T08:54:04","date_gmt":"2015-03-25T08:54:04","guid":{"rendered":""},"modified":"2015-03-25T08:54:04","modified_gmt":"2015-03-25T08:54:04","slug":"judith-sanchez-vargas-es-la-nueva-pubillade-miami","status":"publish","type":"post","link":"https:\/\/mont-roig.cat\/es\/actualitat\/noticies\/judith-sanchez-vargas-es-la-nueva-pubillade-miami\/","title":{"rendered":"Judith S\u00e1nchez Vargas es la nueva &#8220;pubilla&#8221;de Miami"},"content":{"rendered":"<div class=\"body\">\n<div>\n<p><strong><img decoding=\"async\" alt=\"Pubilla i dames Miami Platja 2015\" class=\"requadre\" src=\"http:\/\/mont-roig.cat\/wp-content\/uploads\/guanyadores.jpg\" style=\"width: 300px; height: 169px; margin: 10px; float: right;\" title=\"Pubilla i dames Miami Platja 2015\" \/><\/strong><\/p>\n<p><strong>Elena Cristina Stirbes y Yolina Galinova Georgieva son la primera y segunda dama<\/strong><\/p>\n<p>Un a\u00f1o m\u00e1s, en el transcurso del baile de la Fiesta Mayor de San Jos\u00e9 se llev\u00f3 a cabo la elecci\u00f3n de la &#8220;Pubilla&#8221; de Miami 2015 y la primera y segunda dama. En esta edici\u00f3n, la orquesta Nuevo Talism\u00e1n fue el jurado encargado de valorar las candidatas. En total se presentaron 9 chicas, cada una en representaci\u00f3n de diversas asociaciones del municipio.<\/p>\n<ul>\n<li>Club de Tiro de Miami<\/li>\n<li>Asociaci\u00f3n de Mujeres Santa \u00c1gueda<\/li>\n<li>Asociaci\u00f3n Local Cruz Roja<\/li>\n<li>Asociaci\u00f3n Coro Rociero Arena del Mar<\/li>\n<li>Asociaci\u00f3n Nuevos Aires de Miami<\/li>\n<li>Asociaci\u00f3n de Hosteler\u00eda<\/li>\n<li>Asociaci\u00f3n cultural Mitjanit<\/li>\n<li>Asociaci\u00f3n Unidos por la Fiesta<\/li>\n<li>Empresa Vinturi<\/li>\n<\/ul>\n<p>Fue una tarea dif\u00edcil para el jurado que finalmente escogi\u00f3 a Judit S\u00e1nchez Vargas como &#8220;pubilla&#8221; y Elena Cristina Stirbes y Yolina Galinova Georgieva como primera y segunda dama. Al d\u00eda siguiente, la nueva &#8220;pubilla&#8221;, ya presidi\u00f3 la entrega de premios del partido de f\u00fatbol, \u200b\u200bdisputado entre &#8220;Los \u00c1ngeles de Miami&#8221; y los &#8220;Veteranos de Miami&#8221;.<\/p>\n<p><em>Entrevista a Judit S\u00e1nchez Vargas<\/em><\/p>\n<ul>\n<li>\u00bfPor qu\u00e9 decidiste presentarte? Porque me lo propusieron y me hac\u00eda ilusi\u00f3n.<\/li>\n<li>Era la primera vez? S\u00ed.<\/li>\n<li>En representaci\u00f3n de qu\u00e9 asociaci\u00f3n \/ entidad? Asociaci\u00f3n Cultural Mitjanit<\/li>\n<li>Te preparaste de alguna manera especial? Practiqu\u00e9 con los zapatos de tac\u00f3n en casa. Me hac\u00eda ilusi\u00f3n ir con tacones pero, al final de la noche, me di cuenta que hacen mucho da\u00f1o.<\/li>\n<li>\u00bfCu\u00e1l crees que fue la clave para ganar? Quiz\u00e1s por mi naturalidad, estaba muy tranquila.<\/li>\n<li>Te hizo ilusi\u00f3n ganar? Que significa para ti representar Miami este a\u00f1o? S\u00ed, aunque no me lo esperaba. Es un orgullo para m\u00ed ser la Pubilla de Miami porque soy nacida aqu\u00ed y me gusta mucho mi pueblo.<\/li>\n<li>\u00bfQu\u00e9 es lo que m\u00e1s te gusta de las Fiestas de San Jos\u00e9? El ambiente familiar, aunque este se ha deslucido por el mal tiempo.<\/li>\n<li>Y de Miami? TODO! Las playas, el ambiente en verano, la gente, etc &#8230;<\/li>\n<li>\u00bfQu\u00e9 est\u00e1s estudiando? Estoy estudiando 3\u00ba. de ESO en el Instituto Antonio Ballester de Miami.<\/li>\n<li>\u00bfA qu\u00e9 te gustar\u00eda dedicarte? Me gustar\u00eda mucho ser bi\u00f3loga, porque me gusta mucho todo lo relacionado con la vida y la naturaleza.<\/li>\n<\/ul>\n<\/div>\n<\/div>\n<div class=\"field_noticia_img_portada\">\n<div>Imatge portada<\/div>\n<p><img decoding=\"async\" src=\"http:\/\/mont-roig.cat\/wp-content\/uploads\/guanyadores_566723bdba683.jpg\" title=\"guanyadores.jpg\" alt=\"guanyadores.jpg\" \/><\/div>\n","protected":false},"excerpt":{"rendered":"<p>Elena Cristina Stirbes y Yolina Galinova Georgieva son la primera y segunda dama Un a\u00f1o m\u00e1s, en el transcurso del baile de la Fiesta Mayor de San Jos\u00e9 se llev\u00f3 a cabo la elecci\u00f3n de la &#8220;Pubilla&#8221; de Miami 2015 y la primera y segunda dama. En esta edici\u00f3n, la orquesta Nuevo Talism\u00e1n fue el [&hellip;]<\/p>\n","protected":false},"author":4,"featured_media":5873,"comment_status":"open","ping_status":"open","sticky":false,"template":"","format":"standard","meta":{"inline_featured_image":false,"_monsterinsights_skip_tracking":false,"_monsterinsights_sitenote_active":false,"_monsterinsights_sitenote_note":"","_monsterinsights_sitenote_category":0,"footnotes":""},"categories":[105],"tags":[],"class_list":["post-4366","post","type-post","status-publish","format-standard","has-post-thumbnail","hentry","category-fiestas"],"yoast_head":"<!-- This site is optimized with the Yoast SEO plugin v27.4 - https:\/\/yoast.com\/product\/yoast-seo-wordpress\/ -->\n<title>Judith S\u00e1nchez Vargas es la nueva &quot;pubilla&quot;de Miami - Ajuntament de Mont-roig del Camp<\/title>\n<meta name=\"robots\" content=\"index, follow, max-snippet:-1, max-image-preview:large, max-video-preview:-1\" \/>\n<link rel=\"canonical\" href=\"https:\/\/mont-roig.cat\/es\/actualitat\/noticies\/judith-sanchez-vargas-es-la-nueva-pubillade-miami\/\" \/>\n<meta property=\"og:locale\" content=\"es_ES\" \/>\n<meta property=\"og:type\" content=\"article\" \/>\n<meta property=\"og:title\" content=\"Judith S\u00e1nchez Vargas es la nueva &quot;pubilla&quot;de Miami - Ajuntament de Mont-roig del Camp\" \/>\n<meta property=\"og:description\" content=\"Elena Cristina Stirbes y Yolina Galinova Georgieva son la primera y segunda dama Un a\u00f1o m\u00e1s, en el transcurso del baile de la Fiesta Mayor de San Jos\u00e9 se llev\u00f3 a cabo la elecci\u00f3n de la &#8220;Pubilla&#8221; de Miami 2015 y la primera y segunda dama. En esta edici\u00f3n, la orquesta Nuevo Talism\u00e1n fue el [&hellip;]\" \/>\n<meta property=\"og:url\" content=\"https:\/\/mont-roig.cat\/es\/actualitat\/noticies\/judith-sanchez-vargas-es-la-nueva-pubillade-miami\/\" \/>\n<meta property=\"og:site_name\" content=\"Ajuntament de Mont-roig del Camp\" \/>\n<meta property=\"article:published_time\" content=\"2015-03-25T08:54:04+00:00\" \/>\n<meta property=\"og:image\" content=\"https:\/\/mont-roig.cat\/wp-content\/uploads\/guanyadores.jpg\" \/>\n\t<meta property=\"og:image:width\" content=\"1024\" \/>\n\t<meta property=\"og:image:height\" content=\"576\" \/>\n\t<meta property=\"og:image:type\" content=\"image\/jpeg\" \/>\n<meta name=\"author\" content=\"administrador\" \/>\n<meta name=\"twitter:card\" content=\"summary_large_image\" \/>\n<meta name=\"twitter:label1\" content=\"Escrito por\" \/>\n\t<meta name=\"twitter:data1\" content=\"administrador\" \/>\n\t<meta name=\"twitter:label2\" content=\"Tiempo de lectura\" \/>\n\t<meta name=\"twitter:data2\" content=\"2 minutos\" \/>\n<script type=\"application\/ld+json\" class=\"yoast-schema-graph\">{\"@context\":\"https:\\\/\\\/schema.org\",\"@graph\":[{\"@type\":\"Article\",\"@id\":\"https:\\\/\\\/mont-roig.cat\\\/es\\\/actualitat\\\/noticies\\\/judith-sanchez-vargas-es-la-nueva-pubillade-miami\\\/#article\",\"isPartOf\":{\"@id\":\"https:\\\/\\\/mont-roig.cat\\\/es\\\/actualitat\\\/noticies\\\/judith-sanchez-vargas-es-la-nueva-pubillade-miami\\\/\"},\"author\":{\"name\":\"administrador\",\"@id\":\"https:\\\/\\\/mont-roig.cat\\\/es\\\/#\\\/schema\\\/person\\\/f2b111789f22b7d0c3bd6786c9128cba\"},\"headline\":\"Judith S\u00e1nchez Vargas es la nueva &#8220;pubilla&#8221;de Miami\",\"datePublished\":\"2015-03-25T08:54:04+00:00\",\"mainEntityOfPage\":{\"@id\":\"https:\\\/\\\/mont-roig.cat\\\/es\\\/actualitat\\\/noticies\\\/judith-sanchez-vargas-es-la-nueva-pubillade-miami\\\/\"},\"wordCount\":411,\"commentCount\":0,\"image\":{\"@id\":\"https:\\\/\\\/mont-roig.cat\\\/es\\\/actualitat\\\/noticies\\\/judith-sanchez-vargas-es-la-nueva-pubillade-miami\\\/#primaryimage\"},\"thumbnailUrl\":\"https:\\\/\\\/mont-roig.cat\\\/wp-content\\\/uploads\\\/guanyadores.jpg\",\"articleSection\":[\"Festes\"],\"inLanguage\":\"es\"},{\"@type\":\"WebPage\",\"@id\":\"https:\\\/\\\/mont-roig.cat\\\/es\\\/actualitat\\\/noticies\\\/judith-sanchez-vargas-es-la-nueva-pubillade-miami\\\/\",\"url\":\"https:\\\/\\\/mont-roig.cat\\\/es\\\/actualitat\\\/noticies\\\/judith-sanchez-vargas-es-la-nueva-pubillade-miami\\\/\",\"name\":\"Judith S\u00e1nchez Vargas es la nueva \\\"pubilla\\\"de Miami - Ajuntament de Mont-roig del Camp\",\"isPartOf\":{\"@id\":\"https:\\\/\\\/mont-roig.cat\\\/es\\\/#website\"},\"primaryImageOfPage\":{\"@id\":\"https:\\\/\\\/mont-roig.cat\\\/es\\\/actualitat\\\/noticies\\\/judith-sanchez-vargas-es-la-nueva-pubillade-miami\\\/#primaryimage\"},\"image\":{\"@id\":\"https:\\\/\\\/mont-roig.cat\\\/es\\\/actualitat\\\/noticies\\\/judith-sanchez-vargas-es-la-nueva-pubillade-miami\\\/#primaryimage\"},\"thumbnailUrl\":\"https:\\\/\\\/mont-roig.cat\\\/wp-content\\\/uploads\\\/guanyadores.jpg\",\"datePublished\":\"2015-03-25T08:54:04+00:00\",\"author\":{\"@id\":\"https:\\\/\\\/mont-roig.cat\\\/es\\\/#\\\/schema\\\/person\\\/f2b111789f22b7d0c3bd6786c9128cba\"},\"breadcrumb\":{\"@id\":\"https:\\\/\\\/mont-roig.cat\\\/es\\\/actualitat\\\/noticies\\\/judith-sanchez-vargas-es-la-nueva-pubillade-miami\\\/#breadcrumb\"},\"inLanguage\":\"es\",\"potentialAction\":[{\"@type\":\"ReadAction\",\"target\":[\"https:\\\/\\\/mont-roig.cat\\\/es\\\/actualitat\\\/noticies\\\/judith-sanchez-vargas-es-la-nueva-pubillade-miami\\\/\"]}]},{\"@type\":\"ImageObject\",\"inLanguage\":\"es\",\"@id\":\"https:\\\/\\\/mont-roig.cat\\\/es\\\/actualitat\\\/noticies\\\/judith-sanchez-vargas-es-la-nueva-pubillade-miami\\\/#primaryimage\",\"url\":\"https:\\\/\\\/mont-roig.cat\\\/wp-content\\\/uploads\\\/guanyadores.jpg\",\"contentUrl\":\"https:\\\/\\\/mont-roig.cat\\\/wp-content\\\/uploads\\\/guanyadores.jpg\",\"width\":1024,\"height\":576},{\"@type\":\"BreadcrumbList\",\"@id\":\"https:\\\/\\\/mont-roig.cat\\\/es\\\/actualitat\\\/noticies\\\/judith-sanchez-vargas-es-la-nueva-pubillade-miami\\\/#breadcrumb\",\"itemListElement\":[{\"@type\":\"ListItem\",\"position\":1,\"name\":\"Inici\",\"item\":\"https:\\\/\\\/mont-roig.cat\\\/es\\\/pagina-de-inicio\\\/\"},{\"@type\":\"ListItem\",\"position\":2,\"name\":\"Judith S\u00e1nchez Vargas es la nueva &#8220;pubilla&#8221;de Miami\"}]},{\"@type\":\"WebSite\",\"@id\":\"https:\\\/\\\/mont-roig.cat\\\/es\\\/#website\",\"url\":\"https:\\\/\\\/mont-roig.cat\\\/es\\\/\",\"name\":\"Ajuntament de Mont-roig del Camp\",\"description\":\"Tota la informaci\u00f3 sobre la instituci\u00f3, els seus \u00f2rgans de govern, actualitat, serveis i molt m\u00e9s.\",\"potentialAction\":[{\"@type\":\"SearchAction\",\"target\":{\"@type\":\"EntryPoint\",\"urlTemplate\":\"https:\\\/\\\/mont-roig.cat\\\/es\\\/?s={search_term_string}\"},\"query-input\":{\"@type\":\"PropertyValueSpecification\",\"valueRequired\":true,\"valueName\":\"search_term_string\"}}],\"inLanguage\":\"es\"},{\"@type\":\"Person\",\"@id\":\"https:\\\/\\\/mont-roig.cat\\\/es\\\/#\\\/schema\\\/person\\\/f2b111789f22b7d0c3bd6786c9128cba\",\"name\":\"administrador\",\"image\":{\"@type\":\"ImageObject\",\"inLanguage\":\"es\",\"@id\":\"https:\\\/\\\/secure.gravatar.com\\\/avatar\\\/9137aac6891e2595c9d3036fd83bcb653b4db3c946db4c7d9b9be193c3c944bb?s=96&d=mm&r=g\",\"url\":\"https:\\\/\\\/secure.gravatar.com\\\/avatar\\\/9137aac6891e2595c9d3036fd83bcb653b4db3c946db4c7d9b9be193c3c944bb?s=96&d=mm&r=g\",\"contentUrl\":\"https:\\\/\\\/secure.gravatar.com\\\/avatar\\\/9137aac6891e2595c9d3036fd83bcb653b4db3c946db4c7d9b9be193c3c944bb?s=96&d=mm&r=g\",\"caption\":\"administrador\"},\"url\":\"https:\\\/\\\/mont-roig.cat\\\/es\\\/actualitat\\\/noticies\\\/author\\\/administrador\\\/\"}]}<\/script>\n<!-- \/ Yoast SEO plugin. -->","yoast_head_json":{"title":"Judith S\u00e1nchez Vargas es la nueva \"pubilla\"de Miami - Ajuntament de Mont-roig del Camp","robots":{"index":"index","follow":"follow","max-snippet":"max-snippet:-1","max-image-preview":"max-image-preview:large","max-video-preview":"max-video-preview:-1"},"canonical":"https:\/\/mont-roig.cat\/es\/actualitat\/noticies\/judith-sanchez-vargas-es-la-nueva-pubillade-miami\/","og_locale":"es_ES","og_type":"article","og_title":"Judith S\u00e1nchez Vargas es la nueva \"pubilla\"de Miami - Ajuntament de Mont-roig del Camp","og_description":"Elena Cristina Stirbes y Yolina Galinova Georgieva son la primera y segunda dama Un a\u00f1o m\u00e1s, en el transcurso del baile de la Fiesta Mayor de San Jos\u00e9 se llev\u00f3 a cabo la elecci\u00f3n de la &#8220;Pubilla&#8221; de Miami 2015 y la primera y segunda dama. En esta edici\u00f3n, la orquesta Nuevo Talism\u00e1n fue el [&hellip;]","og_url":"https:\/\/mont-roig.cat\/es\/actualitat\/noticies\/judith-sanchez-vargas-es-la-nueva-pubillade-miami\/","og_site_name":"Ajuntament de Mont-roig del Camp","article_published_time":"2015-03-25T08:54:04+00:00","og_image":[{"width":1024,"height":576,"url":"https:\/\/mont-roig.cat\/wp-content\/uploads\/guanyadores.jpg","type":"image\/jpeg"}],"author":"administrador","twitter_card":"summary_large_image","twitter_misc":{"Escrito por":"administrador","Tiempo de lectura":"2 minutos"},"schema":{"@context":"https:\/\/schema.org","@graph":[{"@type":"Article","@id":"https:\/\/mont-roig.cat\/es\/actualitat\/noticies\/judith-sanchez-vargas-es-la-nueva-pubillade-miami\/#article","isPartOf":{"@id":"https:\/\/mont-roig.cat\/es\/actualitat\/noticies\/judith-sanchez-vargas-es-la-nueva-pubillade-miami\/"},"author":{"name":"administrador","@id":"https:\/\/mont-roig.cat\/es\/#\/schema\/person\/f2b111789f22b7d0c3bd6786c9128cba"},"headline":"Judith S\u00e1nchez Vargas es la nueva &#8220;pubilla&#8221;de Miami","datePublished":"2015-03-25T08:54:04+00:00","mainEntityOfPage":{"@id":"https:\/\/mont-roig.cat\/es\/actualitat\/noticies\/judith-sanchez-vargas-es-la-nueva-pubillade-miami\/"},"wordCount":411,"commentCount":0,"image":{"@id":"https:\/\/mont-roig.cat\/es\/actualitat\/noticies\/judith-sanchez-vargas-es-la-nueva-pubillade-miami\/#primaryimage"},"thumbnailUrl":"https:\/\/mont-roig.cat\/wp-content\/uploads\/guanyadores.jpg","articleSection":["Festes"],"inLanguage":"es"},{"@type":"WebPage","@id":"https:\/\/mont-roig.cat\/es\/actualitat\/noticies\/judith-sanchez-vargas-es-la-nueva-pubillade-miami\/","url":"https:\/\/mont-roig.cat\/es\/actualitat\/noticies\/judith-sanchez-vargas-es-la-nueva-pubillade-miami\/","name":"Judith S\u00e1nchez Vargas es la nueva \"pubilla\"de Miami - Ajuntament de Mont-roig del Camp","isPartOf":{"@id":"https:\/\/mont-roig.cat\/es\/#website"},"primaryImageOfPage":{"@id":"https:\/\/mont-roig.cat\/es\/actualitat\/noticies\/judith-sanchez-vargas-es-la-nueva-pubillade-miami\/#primaryimage"},"image":{"@id":"https:\/\/mont-roig.cat\/es\/actualitat\/noticies\/judith-sanchez-vargas-es-la-nueva-pubillade-miami\/#primaryimage"},"thumbnailUrl":"https:\/\/mont-roig.cat\/wp-content\/uploads\/guanyadores.jpg","datePublished":"2015-03-25T08:54:04+00:00","author":{"@id":"https:\/\/mont-roig.cat\/es\/#\/schema\/person\/f2b111789f22b7d0c3bd6786c9128cba"},"breadcrumb":{"@id":"https:\/\/mont-roig.cat\/es\/actualitat\/noticies\/judith-sanchez-vargas-es-la-nueva-pubillade-miami\/#breadcrumb"},"inLanguage":"es","potentialAction":[{"@type":"ReadAction","target":["https:\/\/mont-roig.cat\/es\/actualitat\/noticies\/judith-sanchez-vargas-es-la-nueva-pubillade-miami\/"]}]},{"@type":"ImageObject","inLanguage":"es","@id":"https:\/\/mont-roig.cat\/es\/actualitat\/noticies\/judith-sanchez-vargas-es-la-nueva-pubillade-miami\/#primaryimage","url":"https:\/\/mont-roig.cat\/wp-content\/uploads\/guanyadores.jpg","contentUrl":"https:\/\/mont-roig.cat\/wp-content\/uploads\/guanyadores.jpg","width":1024,"height":576},{"@type":"BreadcrumbList","@id":"https:\/\/mont-roig.cat\/es\/actualitat\/noticies\/judith-sanchez-vargas-es-la-nueva-pubillade-miami\/#breadcrumb","itemListElement":[{"@type":"ListItem","position":1,"name":"Inici","item":"https:\/\/mont-roig.cat\/es\/pagina-de-inicio\/"},{"@type":"ListItem","position":2,"name":"Judith S\u00e1nchez Vargas es la nueva &#8220;pubilla&#8221;de Miami"}]},{"@type":"WebSite","@id":"https:\/\/mont-roig.cat\/es\/#website","url":"https:\/\/mont-roig.cat\/es\/","name":"Ajuntament de Mont-roig del Camp","description":"Tota la informaci\u00f3 sobre la instituci\u00f3, els seus \u00f2rgans de govern, actualitat, serveis i molt m\u00e9s.","potentialAction":[{"@type":"SearchAction","target":{"@type":"EntryPoint","urlTemplate":"https:\/\/mont-roig.cat\/es\/?s={search_term_string}"},"query-input":{"@type":"PropertyValueSpecification","valueRequired":true,"valueName":"search_term_string"}}],"inLanguage":"es"},{"@type":"Person","@id":"https:\/\/mont-roig.cat\/es\/#\/schema\/person\/f2b111789f22b7d0c3bd6786c9128cba","name":"administrador","image":{"@type":"ImageObject","inLanguage":"es","@id":"https:\/\/secure.gravatar.com\/avatar\/9137aac6891e2595c9d3036fd83bcb653b4db3c946db4c7d9b9be193c3c944bb?s=96&d=mm&r=g","url":"https:\/\/secure.gravatar.com\/avatar\/9137aac6891e2595c9d3036fd83bcb653b4db3c946db4c7d9b9be193c3c944bb?s=96&d=mm&r=g","contentUrl":"https:\/\/secure.gravatar.com\/avatar\/9137aac6891e2595c9d3036fd83bcb653b4db3c946db4c7d9b9be193c3c944bb?s=96&d=mm&r=g","caption":"administrador"},"url":"https:\/\/mont-roig.cat\/es\/actualitat\/noticies\/author\/administrador\/"}]}},"_links":{"self":[{"href":"https:\/\/mont-roig.cat\/es\/wp-json\/wp\/v2\/posts\/4366","targetHints":{"allow":["GET"]}}],"collection":[{"href":"https:\/\/mont-roig.cat\/es\/wp-json\/wp\/v2\/posts"}],"about":[{"href":"https:\/\/mont-roig.cat\/es\/wp-json\/wp\/v2\/types\/post"}],"author":[{"embeddable":true,"href":"https:\/\/mont-roig.cat\/es\/wp-json\/wp\/v2\/users\/4"}],"replies":[{"embeddable":true,"href":"https:\/\/mont-roig.cat\/es\/wp-json\/wp\/v2\/comments?post=4366"}],"version-history":[{"count":0,"href":"https:\/\/mont-roig.cat\/es\/wp-json\/wp\/v2\/posts\/4366\/revisions"}],"wp:featuredmedia":[{"embeddable":true,"href":"https:\/\/mont-roig.cat\/es\/wp-json\/wp\/v2\/media\/5873"}],"wp:attachment":[{"href":"https:\/\/mont-roig.cat\/es\/wp-json\/wp\/v2\/media?parent=4366"}],"wp:term":[{"taxonomy":"category","embeddable":true,"href":"https:\/\/mont-roig.cat\/es\/wp-json\/wp\/v2\/categories?post=4366"},{"taxonomy":"post_tag","embeddable":true,"href":"https:\/\/mont-roig.cat\/es\/wp-json\/wp\/v2\/tags?post=4366"}],"curies":[{"name":"wp","href":"https:\/\/api.w.org\/{rel}","templated":true}]}}