{"id":4369,"date":"2015-03-20T08:37:50","date_gmt":"2015-03-20T08:37:50","guid":{"rendered":""},"modified":"2015-03-20T08:37:50","modified_gmt":"2015-03-20T08:37:50","slug":"emotivo-inicio-de-la-fiesta-major-de-san-jose","status":"publish","type":"post","link":"https:\/\/mont-roig.cat\/es\/actualitat\/noticies\/emotivo-inicio-de-la-fiesta-major-de-san-jose\/","title":{"rendered":"Emotivo inicio de la Fiesta Major de San Jos\u00e9"},"content":{"rendered":"<div class=\"body\">\n<div>\n<p><strong><img decoding=\"async\" alt=\"Preg\u00f3 i presentaci\u00f3 documental Festa Major Sant Josep 2015\" class=\"requadre\" src=\"http:\/\/mont-roig.cat\/wp-content\/uploads\/2015_03_19 Presentaci\u00f3 documental 001.jpg\" style=\"width: 300px; height: 225px; margin: 10px; float: right;\" title=\"Preg\u00f3n y presentaci\u00f3n del documental Festival San Jose 2015\" \/> <\/strong><\/p>\n<p><strong>M\u00e1s de 200 personas asisten al preg\u00f3n y a la presentaci\u00f3n del documental &#8220;Miami Playa, revivamos nuestro pasado&#8221;<\/strong><\/p>\n<p>El Preg\u00f3n de Fiesta Mayor, a cargo de la presidenta del Casal &#8220;Sant Jaume&#8221;, Milagros Fumaral, sirvi\u00f3 para iniciar, anoche, 4 d\u00edas llenos de actividades. El sal\u00f3n de actos del Centro Polivalente se llen\u00f3 de numerosos vecinos y vecinas que no quisieron perderse el inicio de las fiestas de San Jos\u00e9 2015.<\/p>\n<p>Seguidamente se proyect\u00f3 &#8220;Miami Playa, Revivamos nuestro pasado&#8221;, un documental que rememora el nacimiento y crecimiento de este n\u00facleo costero. Los asistentes pudieron sonre\u00edr, pero tambi\u00e9n emocionarse con el relato de los or\u00edgenes de Miami y su transformaci\u00f3n a lo largo del siglo XX.<\/p>\n<p>En el documental ha participado Paquita Gou, Daniel Georges, Jos\u00e9 Romanos, M\u00aa Gloria Escot\u00e9, Antonio L\u00f3pez, Alicia Mart\u00edn y N\u00faria Esquius. Todos ellos contribuyen a recopilar la memoria hist\u00f3rica del municipio. Sus recuerdos y vivencias permiten comprender los procesos sociales que se han dado y visualizar la conciencia c\u00edvica en el paso de las generaciones. La voz de estas personas, se complementa con fotograf\u00edas antiguas de Miami que permiten conocer su evoluci\u00f3n.<\/p>\n<p>Se trata de un trabajo de investigaci\u00f3n financiado por el consistorio y llevado a cabo por la empresa www.enricmarti.com recientemente instalada en Miami.<\/p>\n<p>Tras la proyecci\u00f3n del documental los asistentes pudieron visitar la exposici\u00f3n de pintura de \u00c1gueda Ruiz, Caridad Ruiz, Judith P\u00e9rez y Mireia Almarcha. Un aperitivo sirvi\u00f3 para dar por finalizada la velada.<\/p>\n<p>Los actos de fiesta mayor, sin embargo, contin\u00faan las pr\u00f3ximas horas. Adjunto encontrar\u00e1n el programa de actividades. Tambi\u00e9n en los siguientes enlaces podr\u00e1n ver \u00edntegramente el documental &#8220;Miami Playa, revivamos nuestro Pasado&#8221; y las fotograf\u00edas del acto de presentaci\u00f3n.<\/p>\n<\/div>\n<\/div>\n<div class=\"field_noticia_img_portada\">\n<div>Imatge portada<\/div>\n<p><img decoding=\"async\" src=\"http:\/\/mont-roig.cat\/wp-content\/uploads\/2015_03_19_presentacio_documental_001.jpg\" title=\"2015_03_19_presentacio_documental_001.jpg\" alt=\"2015_03_19_presentacio_documental_001.jpg\" \/><\/div>\n<div class=\"field_noticia_fitxers\">\n<div>Fitxers<\/div>\n<p><a href=\"http:\/\/mont-roig.cat\/wp-content\/uploads\/santjosep_2015_programa.pdf\" title=\"santjosep_2015_programa.pdf\">santjosep_2015_programa.pdf<\/a><\/div>\n","protected":false},"excerpt":{"rendered":"<p>M\u00e1s de 200 personas asisten al preg\u00f3n y a la presentaci\u00f3n del documental &#8220;Miami Playa, revivamos nuestro pasado&#8221; El Preg\u00f3n de Fiesta Mayor, a cargo de la presidenta del Casal &#8220;Sant Jaume&#8221;, Milagros Fumaral, sirvi\u00f3 para iniciar, anoche, 4 d\u00edas llenos de actividades. El sal\u00f3n de actos del Centro Polivalente se llen\u00f3 de numerosos vecinos [&hellip;]<\/p>\n","protected":false},"author":4,"featured_media":5818,"comment_status":"open","ping_status":"open","sticky":false,"template":"","format":"standard","meta":{"inline_featured_image":false,"_monsterinsights_skip_tracking":false,"_monsterinsights_sitenote_active":false,"_monsterinsights_sitenote_note":"","_monsterinsights_sitenote_category":0,"footnotes":""},"categories":[105],"tags":[],"class_list":["post-4369","post","type-post","status-publish","format-standard","has-post-thumbnail","hentry","category-fiestas"],"yoast_head":"<!-- This site is optimized with the Yoast SEO plugin v27.4 - https:\/\/yoast.com\/product\/yoast-seo-wordpress\/ -->\n<title>Emotivo inicio de la Fiesta Major de San Jos\u00e9 - Ajuntament de Mont-roig del Camp<\/title>\n<meta name=\"robots\" content=\"index, follow, max-snippet:-1, max-image-preview:large, max-video-preview:-1\" \/>\n<link rel=\"canonical\" href=\"https:\/\/mont-roig.cat\/es\/actualitat\/noticies\/emotivo-inicio-de-la-fiesta-major-de-san-jose\/\" \/>\n<meta property=\"og:locale\" content=\"es_ES\" \/>\n<meta property=\"og:type\" content=\"article\" \/>\n<meta property=\"og:title\" content=\"Emotivo inicio de la Fiesta Major de San Jos\u00e9 - Ajuntament de Mont-roig del Camp\" \/>\n<meta property=\"og:description\" content=\"M\u00e1s de 200 personas asisten al preg\u00f3n y a la presentaci\u00f3n del documental &#8220;Miami Playa, revivamos nuestro pasado&#8221; El Preg\u00f3n de Fiesta Mayor, a cargo de la presidenta del Casal &#8220;Sant Jaume&#8221;, Milagros Fumaral, sirvi\u00f3 para iniciar, anoche, 4 d\u00edas llenos de actividades. El sal\u00f3n de actos del Centro Polivalente se llen\u00f3 de numerosos vecinos [&hellip;]\" \/>\n<meta property=\"og:url\" content=\"https:\/\/mont-roig.cat\/es\/actualitat\/noticies\/emotivo-inicio-de-la-fiesta-major-de-san-jose\/\" \/>\n<meta property=\"og:site_name\" content=\"Ajuntament de Mont-roig del Camp\" \/>\n<meta property=\"article:published_time\" content=\"2015-03-20T08:37:50+00:00\" \/>\n<meta property=\"og:image\" content=\"https:\/\/mont-roig.cat\/wp-content\/uploads\/2015_03_19%20Presentaci\u00f3%20documental%20001.jpg\" \/>\n\t<meta property=\"og:image:width\" content=\"1600\" \/>\n\t<meta property=\"og:image:height\" content=\"1200\" \/>\n\t<meta property=\"og:image:type\" content=\"image\/jpeg\" \/>\n<meta name=\"author\" content=\"administrador\" \/>\n<meta name=\"twitter:card\" content=\"summary_large_image\" \/>\n<meta name=\"twitter:label1\" content=\"Escrito por\" \/>\n\t<meta name=\"twitter:data1\" content=\"administrador\" \/>\n\t<meta name=\"twitter:label2\" content=\"Tiempo de lectura\" \/>\n\t<meta name=\"twitter:data2\" content=\"2 minutos\" \/>\n<script type=\"application\/ld+json\" class=\"yoast-schema-graph\">{\"@context\":\"https:\\\/\\\/schema.org\",\"@graph\":[{\"@type\":\"Article\",\"@id\":\"https:\\\/\\\/mont-roig.cat\\\/es\\\/actualitat\\\/noticies\\\/emotivo-inicio-de-la-fiesta-major-de-san-jose\\\/#article\",\"isPartOf\":{\"@id\":\"https:\\\/\\\/mont-roig.cat\\\/es\\\/actualitat\\\/noticies\\\/emotivo-inicio-de-la-fiesta-major-de-san-jose\\\/\"},\"author\":{\"name\":\"administrador\",\"@id\":\"https:\\\/\\\/mont-roig.cat\\\/es\\\/#\\\/schema\\\/person\\\/f2b111789f22b7d0c3bd6786c9128cba\"},\"headline\":\"Emotivo inicio de la Fiesta Major de San Jos\u00e9\",\"datePublished\":\"2015-03-20T08:37:50+00:00\",\"mainEntityOfPage\":{\"@id\":\"https:\\\/\\\/mont-roig.cat\\\/es\\\/actualitat\\\/noticies\\\/emotivo-inicio-de-la-fiesta-major-de-san-jose\\\/\"},\"wordCount\":323,\"commentCount\":0,\"image\":{\"@id\":\"https:\\\/\\\/mont-roig.cat\\\/es\\\/actualitat\\\/noticies\\\/emotivo-inicio-de-la-fiesta-major-de-san-jose\\\/#primaryimage\"},\"thumbnailUrl\":\"https:\\\/\\\/mont-roig.cat\\\/wp-content\\\/uploads\\\/2015_03_19 Presentaci\u00f3 documental 001.jpg\",\"articleSection\":[\"Festes\"],\"inLanguage\":\"es\"},{\"@type\":\"WebPage\",\"@id\":\"https:\\\/\\\/mont-roig.cat\\\/es\\\/actualitat\\\/noticies\\\/emotivo-inicio-de-la-fiesta-major-de-san-jose\\\/\",\"url\":\"https:\\\/\\\/mont-roig.cat\\\/es\\\/actualitat\\\/noticies\\\/emotivo-inicio-de-la-fiesta-major-de-san-jose\\\/\",\"name\":\"Emotivo inicio de la Fiesta Major de San Jos\u00e9 - Ajuntament de Mont-roig del Camp\",\"isPartOf\":{\"@id\":\"https:\\\/\\\/mont-roig.cat\\\/es\\\/#website\"},\"primaryImageOfPage\":{\"@id\":\"https:\\\/\\\/mont-roig.cat\\\/es\\\/actualitat\\\/noticies\\\/emotivo-inicio-de-la-fiesta-major-de-san-jose\\\/#primaryimage\"},\"image\":{\"@id\":\"https:\\\/\\\/mont-roig.cat\\\/es\\\/actualitat\\\/noticies\\\/emotivo-inicio-de-la-fiesta-major-de-san-jose\\\/#primaryimage\"},\"thumbnailUrl\":\"https:\\\/\\\/mont-roig.cat\\\/wp-content\\\/uploads\\\/2015_03_19 Presentaci\u00f3 documental 001.jpg\",\"datePublished\":\"2015-03-20T08:37:50+00:00\",\"author\":{\"@id\":\"https:\\\/\\\/mont-roig.cat\\\/es\\\/#\\\/schema\\\/person\\\/f2b111789f22b7d0c3bd6786c9128cba\"},\"breadcrumb\":{\"@id\":\"https:\\\/\\\/mont-roig.cat\\\/es\\\/actualitat\\\/noticies\\\/emotivo-inicio-de-la-fiesta-major-de-san-jose\\\/#breadcrumb\"},\"inLanguage\":\"es\",\"potentialAction\":[{\"@type\":\"ReadAction\",\"target\":[\"https:\\\/\\\/mont-roig.cat\\\/es\\\/actualitat\\\/noticies\\\/emotivo-inicio-de-la-fiesta-major-de-san-jose\\\/\"]}]},{\"@type\":\"ImageObject\",\"inLanguage\":\"es\",\"@id\":\"https:\\\/\\\/mont-roig.cat\\\/es\\\/actualitat\\\/noticies\\\/emotivo-inicio-de-la-fiesta-major-de-san-jose\\\/#primaryimage\",\"url\":\"https:\\\/\\\/mont-roig.cat\\\/wp-content\\\/uploads\\\/2015_03_19 Presentaci\u00f3 documental 001.jpg\",\"contentUrl\":\"https:\\\/\\\/mont-roig.cat\\\/wp-content\\\/uploads\\\/2015_03_19 Presentaci\u00f3 documental 001.jpg\",\"width\":1600,\"height\":1200},{\"@type\":\"BreadcrumbList\",\"@id\":\"https:\\\/\\\/mont-roig.cat\\\/es\\\/actualitat\\\/noticies\\\/emotivo-inicio-de-la-fiesta-major-de-san-jose\\\/#breadcrumb\",\"itemListElement\":[{\"@type\":\"ListItem\",\"position\":1,\"name\":\"Inici\",\"item\":\"https:\\\/\\\/mont-roig.cat\\\/es\\\/pagina-de-inicio\\\/\"},{\"@type\":\"ListItem\",\"position\":2,\"name\":\"Emotivo inicio de la Fiesta Major de San Jos\u00e9\"}]},{\"@type\":\"WebSite\",\"@id\":\"https:\\\/\\\/mont-roig.cat\\\/es\\\/#website\",\"url\":\"https:\\\/\\\/mont-roig.cat\\\/es\\\/\",\"name\":\"Ajuntament de Mont-roig del Camp\",\"description\":\"Tota la informaci\u00f3 sobre la instituci\u00f3, els seus \u00f2rgans de govern, actualitat, serveis i molt m\u00e9s.\",\"potentialAction\":[{\"@type\":\"SearchAction\",\"target\":{\"@type\":\"EntryPoint\",\"urlTemplate\":\"https:\\\/\\\/mont-roig.cat\\\/es\\\/?s={search_term_string}\"},\"query-input\":{\"@type\":\"PropertyValueSpecification\",\"valueRequired\":true,\"valueName\":\"search_term_string\"}}],\"inLanguage\":\"es\"},{\"@type\":\"Person\",\"@id\":\"https:\\\/\\\/mont-roig.cat\\\/es\\\/#\\\/schema\\\/person\\\/f2b111789f22b7d0c3bd6786c9128cba\",\"name\":\"administrador\",\"image\":{\"@type\":\"ImageObject\",\"inLanguage\":\"es\",\"@id\":\"https:\\\/\\\/secure.gravatar.com\\\/avatar\\\/9137aac6891e2595c9d3036fd83bcb653b4db3c946db4c7d9b9be193c3c944bb?s=96&d=mm&r=g\",\"url\":\"https:\\\/\\\/secure.gravatar.com\\\/avatar\\\/9137aac6891e2595c9d3036fd83bcb653b4db3c946db4c7d9b9be193c3c944bb?s=96&d=mm&r=g\",\"contentUrl\":\"https:\\\/\\\/secure.gravatar.com\\\/avatar\\\/9137aac6891e2595c9d3036fd83bcb653b4db3c946db4c7d9b9be193c3c944bb?s=96&d=mm&r=g\",\"caption\":\"administrador\"},\"url\":\"https:\\\/\\\/mont-roig.cat\\\/es\\\/actualitat\\\/noticies\\\/author\\\/administrador\\\/\"}]}<\/script>\n<!-- \/ Yoast SEO plugin. -->","yoast_head_json":{"title":"Emotivo inicio de la Fiesta Major de San Jos\u00e9 - Ajuntament de Mont-roig del Camp","robots":{"index":"index","follow":"follow","max-snippet":"max-snippet:-1","max-image-preview":"max-image-preview:large","max-video-preview":"max-video-preview:-1"},"canonical":"https:\/\/mont-roig.cat\/es\/actualitat\/noticies\/emotivo-inicio-de-la-fiesta-major-de-san-jose\/","og_locale":"es_ES","og_type":"article","og_title":"Emotivo inicio de la Fiesta Major de San Jos\u00e9 - Ajuntament de Mont-roig del Camp","og_description":"M\u00e1s de 200 personas asisten al preg\u00f3n y a la presentaci\u00f3n del documental &#8220;Miami Playa, revivamos nuestro pasado&#8221; El Preg\u00f3n de Fiesta Mayor, a cargo de la presidenta del Casal &#8220;Sant Jaume&#8221;, Milagros Fumaral, sirvi\u00f3 para iniciar, anoche, 4 d\u00edas llenos de actividades. El sal\u00f3n de actos del Centro Polivalente se llen\u00f3 de numerosos vecinos [&hellip;]","og_url":"https:\/\/mont-roig.cat\/es\/actualitat\/noticies\/emotivo-inicio-de-la-fiesta-major-de-san-jose\/","og_site_name":"Ajuntament de Mont-roig del Camp","article_published_time":"2015-03-20T08:37:50+00:00","og_image":[{"width":1600,"height":1200,"url":"https:\/\/mont-roig.cat\/wp-content\/uploads\/2015_03_19 Presentaci\u00f3 documental 001.jpg","type":"image\/jpeg"}],"author":"administrador","twitter_card":"summary_large_image","twitter_misc":{"Escrito por":"administrador","Tiempo de lectura":"2 minutos"},"schema":{"@context":"https:\/\/schema.org","@graph":[{"@type":"Article","@id":"https:\/\/mont-roig.cat\/es\/actualitat\/noticies\/emotivo-inicio-de-la-fiesta-major-de-san-jose\/#article","isPartOf":{"@id":"https:\/\/mont-roig.cat\/es\/actualitat\/noticies\/emotivo-inicio-de-la-fiesta-major-de-san-jose\/"},"author":{"name":"administrador","@id":"https:\/\/mont-roig.cat\/es\/#\/schema\/person\/f2b111789f22b7d0c3bd6786c9128cba"},"headline":"Emotivo inicio de la Fiesta Major de San Jos\u00e9","datePublished":"2015-03-20T08:37:50+00:00","mainEntityOfPage":{"@id":"https:\/\/mont-roig.cat\/es\/actualitat\/noticies\/emotivo-inicio-de-la-fiesta-major-de-san-jose\/"},"wordCount":323,"commentCount":0,"image":{"@id":"https:\/\/mont-roig.cat\/es\/actualitat\/noticies\/emotivo-inicio-de-la-fiesta-major-de-san-jose\/#primaryimage"},"thumbnailUrl":"https:\/\/mont-roig.cat\/wp-content\/uploads\/2015_03_19 Presentaci\u00f3 documental 001.jpg","articleSection":["Festes"],"inLanguage":"es"},{"@type":"WebPage","@id":"https:\/\/mont-roig.cat\/es\/actualitat\/noticies\/emotivo-inicio-de-la-fiesta-major-de-san-jose\/","url":"https:\/\/mont-roig.cat\/es\/actualitat\/noticies\/emotivo-inicio-de-la-fiesta-major-de-san-jose\/","name":"Emotivo inicio de la Fiesta Major de San Jos\u00e9 - Ajuntament de Mont-roig del Camp","isPartOf":{"@id":"https:\/\/mont-roig.cat\/es\/#website"},"primaryImageOfPage":{"@id":"https:\/\/mont-roig.cat\/es\/actualitat\/noticies\/emotivo-inicio-de-la-fiesta-major-de-san-jose\/#primaryimage"},"image":{"@id":"https:\/\/mont-roig.cat\/es\/actualitat\/noticies\/emotivo-inicio-de-la-fiesta-major-de-san-jose\/#primaryimage"},"thumbnailUrl":"https:\/\/mont-roig.cat\/wp-content\/uploads\/2015_03_19 Presentaci\u00f3 documental 001.jpg","datePublished":"2015-03-20T08:37:50+00:00","author":{"@id":"https:\/\/mont-roig.cat\/es\/#\/schema\/person\/f2b111789f22b7d0c3bd6786c9128cba"},"breadcrumb":{"@id":"https:\/\/mont-roig.cat\/es\/actualitat\/noticies\/emotivo-inicio-de-la-fiesta-major-de-san-jose\/#breadcrumb"},"inLanguage":"es","potentialAction":[{"@type":"ReadAction","target":["https:\/\/mont-roig.cat\/es\/actualitat\/noticies\/emotivo-inicio-de-la-fiesta-major-de-san-jose\/"]}]},{"@type":"ImageObject","inLanguage":"es","@id":"https:\/\/mont-roig.cat\/es\/actualitat\/noticies\/emotivo-inicio-de-la-fiesta-major-de-san-jose\/#primaryimage","url":"https:\/\/mont-roig.cat\/wp-content\/uploads\/2015_03_19 Presentaci\u00f3 documental 001.jpg","contentUrl":"https:\/\/mont-roig.cat\/wp-content\/uploads\/2015_03_19 Presentaci\u00f3 documental 001.jpg","width":1600,"height":1200},{"@type":"BreadcrumbList","@id":"https:\/\/mont-roig.cat\/es\/actualitat\/noticies\/emotivo-inicio-de-la-fiesta-major-de-san-jose\/#breadcrumb","itemListElement":[{"@type":"ListItem","position":1,"name":"Inici","item":"https:\/\/mont-roig.cat\/es\/pagina-de-inicio\/"},{"@type":"ListItem","position":2,"name":"Emotivo inicio de la Fiesta Major de San Jos\u00e9"}]},{"@type":"WebSite","@id":"https:\/\/mont-roig.cat\/es\/#website","url":"https:\/\/mont-roig.cat\/es\/","name":"Ajuntament de Mont-roig del Camp","description":"Tota la informaci\u00f3 sobre la instituci\u00f3, els seus \u00f2rgans de govern, actualitat, serveis i molt m\u00e9s.","potentialAction":[{"@type":"SearchAction","target":{"@type":"EntryPoint","urlTemplate":"https:\/\/mont-roig.cat\/es\/?s={search_term_string}"},"query-input":{"@type":"PropertyValueSpecification","valueRequired":true,"valueName":"search_term_string"}}],"inLanguage":"es"},{"@type":"Person","@id":"https:\/\/mont-roig.cat\/es\/#\/schema\/person\/f2b111789f22b7d0c3bd6786c9128cba","name":"administrador","image":{"@type":"ImageObject","inLanguage":"es","@id":"https:\/\/secure.gravatar.com\/avatar\/9137aac6891e2595c9d3036fd83bcb653b4db3c946db4c7d9b9be193c3c944bb?s=96&d=mm&r=g","url":"https:\/\/secure.gravatar.com\/avatar\/9137aac6891e2595c9d3036fd83bcb653b4db3c946db4c7d9b9be193c3c944bb?s=96&d=mm&r=g","contentUrl":"https:\/\/secure.gravatar.com\/avatar\/9137aac6891e2595c9d3036fd83bcb653b4db3c946db4c7d9b9be193c3c944bb?s=96&d=mm&r=g","caption":"administrador"},"url":"https:\/\/mont-roig.cat\/es\/actualitat\/noticies\/author\/administrador\/"}]}},"_links":{"self":[{"href":"https:\/\/mont-roig.cat\/es\/wp-json\/wp\/v2\/posts\/4369","targetHints":{"allow":["GET"]}}],"collection":[{"href":"https:\/\/mont-roig.cat\/es\/wp-json\/wp\/v2\/posts"}],"about":[{"href":"https:\/\/mont-roig.cat\/es\/wp-json\/wp\/v2\/types\/post"}],"author":[{"embeddable":true,"href":"https:\/\/mont-roig.cat\/es\/wp-json\/wp\/v2\/users\/4"}],"replies":[{"embeddable":true,"href":"https:\/\/mont-roig.cat\/es\/wp-json\/wp\/v2\/comments?post=4369"}],"version-history":[{"count":0,"href":"https:\/\/mont-roig.cat\/es\/wp-json\/wp\/v2\/posts\/4369\/revisions"}],"wp:featuredmedia":[{"embeddable":true,"href":"https:\/\/mont-roig.cat\/es\/wp-json\/wp\/v2\/media\/5818"}],"wp:attachment":[{"href":"https:\/\/mont-roig.cat\/es\/wp-json\/wp\/v2\/media?parent=4369"}],"wp:term":[{"taxonomy":"category","embeddable":true,"href":"https:\/\/mont-roig.cat\/es\/wp-json\/wp\/v2\/categories?post=4369"},{"taxonomy":"post_tag","embeddable":true,"href":"https:\/\/mont-roig.cat\/es\/wp-json\/wp\/v2\/tags?post=4369"}],"curies":[{"name":"wp","href":"https:\/\/api.w.org\/{rel}","templated":true}]}}