{"id":4370,"date":"2015-03-19T07:43:40","date_gmt":"2015-03-19T07:43:40","guid":{"rendered":""},"modified":"2015-03-19T07:43:40","modified_gmt":"2015-03-19T07:43:40","slug":"mas-solidarios-que-nunca","status":"publish","type":"post","link":"https:\/\/mont-roig.cat\/es\/actualitat\/noticies\/mas-solidarios-que-nunca\/","title":{"rendered":"M\u00e1s solidarios que nunca"},"content":{"rendered":"<div class=\"body\">\n<div>\n<p><img decoding=\"async\" alt=\"Gracias por dar sangre \" class=\"requadre\" src=\"http:\/\/mont-roig.cat\/wp-content\/uploads\/banc-de-sang.jpg\" style=\"width: 300px; height: 222px; margin: 10px; float: right;\" title=\"Gracias por dar sangre \" \/><\/p>\n<p>El Banco de Sangre y Tejidos recogi\u00f3, el pasado viernes 13 de marzo en el CAP de Mont-roig, un total de 55 donaciones. Unas cifras excelentes comparadas con las campa\u00f1as anteriores (46 donaciones en noviembre de 2014 y 37 en marzo de 2014).<\/p>\n<p>Durante la campa\u00f1a se consiguieron 4 nuevos donantes y 12 ofrecimientos, es decir, personas que a pesar de quererlo no pudieron dar sangre.<\/p>\n<p>La pr\u00f3xima campa\u00f1a de donaci\u00f3n de sangre en el municipio ser\u00e1 el mes de junio.<\/p>\n<p>Por otro lado, todas aquellas personas que el pasado viernes no pudieron asistir, tiene numerosas oportunidades para dar sangre. En la web <a href=\"http:\/\/www.donarsang.gencat.cat\/\" target=\"_blank\">donar sangre<\/a> puede conocer cu\u00e1les son los centros fijos de recogida y en qu\u00e9 municipios se desplaza diariamente la unidad m\u00f3vil del Banco de Sangre.<\/p>\n<\/div>\n<\/div>\n<div class=\"field_noticia_img_portada\">\n<div>Imatge portada<\/div>\n<p><img decoding=\"async\" src=\"http:\/\/mont-roig.cat\/wp-content\/uploads\/banc-de-sang_566723bdb4cd3.jpg\" title=\"banc-de-sang.jpg\" alt=\"banc-de-sang.jpg\" \/><\/div>\n","protected":false},"excerpt":{"rendered":"<p>El Banco de Sangre y Tejidos recogi\u00f3, el pasado viernes 13 de marzo en el CAP de Mont-roig, un total de 55 donaciones. Unas cifras excelentes comparadas con las campa\u00f1as anteriores (46 donaciones en noviembre de 2014 y 37 en marzo de 2014). Durante la campa\u00f1a se consiguieron 4 nuevos donantes y 12 ofrecimientos, es [&hellip;]<\/p>\n","protected":false},"author":4,"featured_media":5810,"comment_status":"open","ping_status":"open","sticky":false,"template":"","format":"standard","meta":{"inline_featured_image":false,"_monsterinsights_skip_tracking":false,"_monsterinsights_sitenote_active":false,"_monsterinsights_sitenote_note":"","_monsterinsights_sitenote_category":0,"footnotes":""},"categories":[112],"tags":[],"class_list":["post-4370","post","type-post","status-publish","format-standard","has-post-thumbnail","hentry","category-sanidad-y-salud-publica"],"yoast_head":"<!-- This site is optimized with the Yoast SEO plugin v27.4 - https:\/\/yoast.com\/product\/yoast-seo-wordpress\/ -->\n<title>M\u00e1s solidarios que nunca - Ajuntament de Mont-roig del Camp<\/title>\n<meta name=\"robots\" content=\"index, follow, max-snippet:-1, max-image-preview:large, max-video-preview:-1\" \/>\n<link rel=\"canonical\" href=\"https:\/\/mont-roig.cat\/es\/actualitat\/noticies\/mas-solidarios-que-nunca\/\" \/>\n<meta property=\"og:locale\" content=\"es_ES\" \/>\n<meta property=\"og:type\" content=\"article\" \/>\n<meta property=\"og:title\" content=\"M\u00e1s solidarios que nunca - Ajuntament de Mont-roig del Camp\" \/>\n<meta property=\"og:description\" content=\"El Banco de Sangre y Tejidos recogi\u00f3, el pasado viernes 13 de marzo en el CAP de Mont-roig, un total de 55 donaciones. Unas cifras excelentes comparadas con las campa\u00f1as anteriores (46 donaciones en noviembre de 2014 y 37 en marzo de 2014). Durante la campa\u00f1a se consiguieron 4 nuevos donantes y 12 ofrecimientos, es [&hellip;]\" \/>\n<meta property=\"og:url\" content=\"https:\/\/mont-roig.cat\/es\/actualitat\/noticies\/mas-solidarios-que-nunca\/\" \/>\n<meta property=\"og:site_name\" content=\"Ajuntament de Mont-roig del Camp\" \/>\n<meta property=\"article:published_time\" content=\"2015-03-19T07:43:40+00:00\" \/>\n<meta property=\"og:image\" content=\"https:\/\/mont-roig.cat\/wp-content\/uploads\/banc-de-sang.jpg\" \/>\n\t<meta property=\"og:image:width\" content=\"671\" \/>\n\t<meta property=\"og:image:height\" content=\"497\" \/>\n\t<meta property=\"og:image:type\" content=\"image\/jpeg\" \/>\n<meta name=\"author\" content=\"administrador\" \/>\n<meta name=\"twitter:card\" content=\"summary_large_image\" \/>\n<meta name=\"twitter:label1\" content=\"Escrito por\" \/>\n\t<meta name=\"twitter:data1\" content=\"administrador\" \/>\n\t<meta name=\"twitter:label2\" content=\"Tiempo de lectura\" \/>\n\t<meta name=\"twitter:data2\" content=\"1 minuto\" \/>\n<script type=\"application\/ld+json\" class=\"yoast-schema-graph\">{\"@context\":\"https:\\\/\\\/schema.org\",\"@graph\":[{\"@type\":\"Article\",\"@id\":\"https:\\\/\\\/mont-roig.cat\\\/es\\\/actualitat\\\/noticies\\\/mas-solidarios-que-nunca\\\/#article\",\"isPartOf\":{\"@id\":\"https:\\\/\\\/mont-roig.cat\\\/es\\\/actualitat\\\/noticies\\\/mas-solidarios-que-nunca\\\/\"},\"author\":{\"name\":\"administrador\",\"@id\":\"https:\\\/\\\/mont-roig.cat\\\/es\\\/#\\\/schema\\\/person\\\/f2b111789f22b7d0c3bd6786c9128cba\"},\"headline\":\"M\u00e1s solidarios que nunca\",\"datePublished\":\"2015-03-19T07:43:40+00:00\",\"mainEntityOfPage\":{\"@id\":\"https:\\\/\\\/mont-roig.cat\\\/es\\\/actualitat\\\/noticies\\\/mas-solidarios-que-nunca\\\/\"},\"wordCount\":134,\"commentCount\":0,\"image\":{\"@id\":\"https:\\\/\\\/mont-roig.cat\\\/es\\\/actualitat\\\/noticies\\\/mas-solidarios-que-nunca\\\/#primaryimage\"},\"thumbnailUrl\":\"https:\\\/\\\/mont-roig.cat\\\/wp-content\\\/uploads\\\/banc-de-sang.jpg\",\"articleSection\":[\"Sanidad y Salud p\u00fablica\"],\"inLanguage\":\"es\"},{\"@type\":\"WebPage\",\"@id\":\"https:\\\/\\\/mont-roig.cat\\\/es\\\/actualitat\\\/noticies\\\/mas-solidarios-que-nunca\\\/\",\"url\":\"https:\\\/\\\/mont-roig.cat\\\/es\\\/actualitat\\\/noticies\\\/mas-solidarios-que-nunca\\\/\",\"name\":\"M\u00e1s solidarios que nunca - Ajuntament de Mont-roig del Camp\",\"isPartOf\":{\"@id\":\"https:\\\/\\\/mont-roig.cat\\\/es\\\/#website\"},\"primaryImageOfPage\":{\"@id\":\"https:\\\/\\\/mont-roig.cat\\\/es\\\/actualitat\\\/noticies\\\/mas-solidarios-que-nunca\\\/#primaryimage\"},\"image\":{\"@id\":\"https:\\\/\\\/mont-roig.cat\\\/es\\\/actualitat\\\/noticies\\\/mas-solidarios-que-nunca\\\/#primaryimage\"},\"thumbnailUrl\":\"https:\\\/\\\/mont-roig.cat\\\/wp-content\\\/uploads\\\/banc-de-sang.jpg\",\"datePublished\":\"2015-03-19T07:43:40+00:00\",\"author\":{\"@id\":\"https:\\\/\\\/mont-roig.cat\\\/es\\\/#\\\/schema\\\/person\\\/f2b111789f22b7d0c3bd6786c9128cba\"},\"breadcrumb\":{\"@id\":\"https:\\\/\\\/mont-roig.cat\\\/es\\\/actualitat\\\/noticies\\\/mas-solidarios-que-nunca\\\/#breadcrumb\"},\"inLanguage\":\"es\",\"potentialAction\":[{\"@type\":\"ReadAction\",\"target\":[\"https:\\\/\\\/mont-roig.cat\\\/es\\\/actualitat\\\/noticies\\\/mas-solidarios-que-nunca\\\/\"]}]},{\"@type\":\"ImageObject\",\"inLanguage\":\"es\",\"@id\":\"https:\\\/\\\/mont-roig.cat\\\/es\\\/actualitat\\\/noticies\\\/mas-solidarios-que-nunca\\\/#primaryimage\",\"url\":\"https:\\\/\\\/mont-roig.cat\\\/wp-content\\\/uploads\\\/banc-de-sang.jpg\",\"contentUrl\":\"https:\\\/\\\/mont-roig.cat\\\/wp-content\\\/uploads\\\/banc-de-sang.jpg\",\"width\":671,\"height\":497},{\"@type\":\"BreadcrumbList\",\"@id\":\"https:\\\/\\\/mont-roig.cat\\\/es\\\/actualitat\\\/noticies\\\/mas-solidarios-que-nunca\\\/#breadcrumb\",\"itemListElement\":[{\"@type\":\"ListItem\",\"position\":1,\"name\":\"Inici\",\"item\":\"https:\\\/\\\/mont-roig.cat\\\/es\\\/pagina-de-inicio\\\/\"},{\"@type\":\"ListItem\",\"position\":2,\"name\":\"M\u00e1s solidarios que nunca\"}]},{\"@type\":\"WebSite\",\"@id\":\"https:\\\/\\\/mont-roig.cat\\\/es\\\/#website\",\"url\":\"https:\\\/\\\/mont-roig.cat\\\/es\\\/\",\"name\":\"Ajuntament de Mont-roig del Camp\",\"description\":\"Tota la informaci\u00f3 sobre la instituci\u00f3, els seus \u00f2rgans de govern, actualitat, serveis i molt m\u00e9s.\",\"potentialAction\":[{\"@type\":\"SearchAction\",\"target\":{\"@type\":\"EntryPoint\",\"urlTemplate\":\"https:\\\/\\\/mont-roig.cat\\\/es\\\/?s={search_term_string}\"},\"query-input\":{\"@type\":\"PropertyValueSpecification\",\"valueRequired\":true,\"valueName\":\"search_term_string\"}}],\"inLanguage\":\"es\"},{\"@type\":\"Person\",\"@id\":\"https:\\\/\\\/mont-roig.cat\\\/es\\\/#\\\/schema\\\/person\\\/f2b111789f22b7d0c3bd6786c9128cba\",\"name\":\"administrador\",\"image\":{\"@type\":\"ImageObject\",\"inLanguage\":\"es\",\"@id\":\"https:\\\/\\\/secure.gravatar.com\\\/avatar\\\/9137aac6891e2595c9d3036fd83bcb653b4db3c946db4c7d9b9be193c3c944bb?s=96&d=mm&r=g\",\"url\":\"https:\\\/\\\/secure.gravatar.com\\\/avatar\\\/9137aac6891e2595c9d3036fd83bcb653b4db3c946db4c7d9b9be193c3c944bb?s=96&d=mm&r=g\",\"contentUrl\":\"https:\\\/\\\/secure.gravatar.com\\\/avatar\\\/9137aac6891e2595c9d3036fd83bcb653b4db3c946db4c7d9b9be193c3c944bb?s=96&d=mm&r=g\",\"caption\":\"administrador\"},\"url\":\"https:\\\/\\\/mont-roig.cat\\\/es\\\/actualitat\\\/noticies\\\/author\\\/administrador\\\/\"}]}<\/script>\n<!-- \/ Yoast SEO plugin. -->","yoast_head_json":{"title":"M\u00e1s solidarios que nunca - Ajuntament de Mont-roig del Camp","robots":{"index":"index","follow":"follow","max-snippet":"max-snippet:-1","max-image-preview":"max-image-preview:large","max-video-preview":"max-video-preview:-1"},"canonical":"https:\/\/mont-roig.cat\/es\/actualitat\/noticies\/mas-solidarios-que-nunca\/","og_locale":"es_ES","og_type":"article","og_title":"M\u00e1s solidarios que nunca - Ajuntament de Mont-roig del Camp","og_description":"El Banco de Sangre y Tejidos recogi\u00f3, el pasado viernes 13 de marzo en el CAP de Mont-roig, un total de 55 donaciones. Unas cifras excelentes comparadas con las campa\u00f1as anteriores (46 donaciones en noviembre de 2014 y 37 en marzo de 2014). Durante la campa\u00f1a se consiguieron 4 nuevos donantes y 12 ofrecimientos, es [&hellip;]","og_url":"https:\/\/mont-roig.cat\/es\/actualitat\/noticies\/mas-solidarios-que-nunca\/","og_site_name":"Ajuntament de Mont-roig del Camp","article_published_time":"2015-03-19T07:43:40+00:00","og_image":[{"width":671,"height":497,"url":"https:\/\/mont-roig.cat\/wp-content\/uploads\/banc-de-sang.jpg","type":"image\/jpeg"}],"author":"administrador","twitter_card":"summary_large_image","twitter_misc":{"Escrito por":"administrador","Tiempo de lectura":"1 minuto"},"schema":{"@context":"https:\/\/schema.org","@graph":[{"@type":"Article","@id":"https:\/\/mont-roig.cat\/es\/actualitat\/noticies\/mas-solidarios-que-nunca\/#article","isPartOf":{"@id":"https:\/\/mont-roig.cat\/es\/actualitat\/noticies\/mas-solidarios-que-nunca\/"},"author":{"name":"administrador","@id":"https:\/\/mont-roig.cat\/es\/#\/schema\/person\/f2b111789f22b7d0c3bd6786c9128cba"},"headline":"M\u00e1s solidarios que nunca","datePublished":"2015-03-19T07:43:40+00:00","mainEntityOfPage":{"@id":"https:\/\/mont-roig.cat\/es\/actualitat\/noticies\/mas-solidarios-que-nunca\/"},"wordCount":134,"commentCount":0,"image":{"@id":"https:\/\/mont-roig.cat\/es\/actualitat\/noticies\/mas-solidarios-que-nunca\/#primaryimage"},"thumbnailUrl":"https:\/\/mont-roig.cat\/wp-content\/uploads\/banc-de-sang.jpg","articleSection":["Sanidad y Salud p\u00fablica"],"inLanguage":"es"},{"@type":"WebPage","@id":"https:\/\/mont-roig.cat\/es\/actualitat\/noticies\/mas-solidarios-que-nunca\/","url":"https:\/\/mont-roig.cat\/es\/actualitat\/noticies\/mas-solidarios-que-nunca\/","name":"M\u00e1s solidarios que nunca - Ajuntament de Mont-roig del Camp","isPartOf":{"@id":"https:\/\/mont-roig.cat\/es\/#website"},"primaryImageOfPage":{"@id":"https:\/\/mont-roig.cat\/es\/actualitat\/noticies\/mas-solidarios-que-nunca\/#primaryimage"},"image":{"@id":"https:\/\/mont-roig.cat\/es\/actualitat\/noticies\/mas-solidarios-que-nunca\/#primaryimage"},"thumbnailUrl":"https:\/\/mont-roig.cat\/wp-content\/uploads\/banc-de-sang.jpg","datePublished":"2015-03-19T07:43:40+00:00","author":{"@id":"https:\/\/mont-roig.cat\/es\/#\/schema\/person\/f2b111789f22b7d0c3bd6786c9128cba"},"breadcrumb":{"@id":"https:\/\/mont-roig.cat\/es\/actualitat\/noticies\/mas-solidarios-que-nunca\/#breadcrumb"},"inLanguage":"es","potentialAction":[{"@type":"ReadAction","target":["https:\/\/mont-roig.cat\/es\/actualitat\/noticies\/mas-solidarios-que-nunca\/"]}]},{"@type":"ImageObject","inLanguage":"es","@id":"https:\/\/mont-roig.cat\/es\/actualitat\/noticies\/mas-solidarios-que-nunca\/#primaryimage","url":"https:\/\/mont-roig.cat\/wp-content\/uploads\/banc-de-sang.jpg","contentUrl":"https:\/\/mont-roig.cat\/wp-content\/uploads\/banc-de-sang.jpg","width":671,"height":497},{"@type":"BreadcrumbList","@id":"https:\/\/mont-roig.cat\/es\/actualitat\/noticies\/mas-solidarios-que-nunca\/#breadcrumb","itemListElement":[{"@type":"ListItem","position":1,"name":"Inici","item":"https:\/\/mont-roig.cat\/es\/pagina-de-inicio\/"},{"@type":"ListItem","position":2,"name":"M\u00e1s solidarios que nunca"}]},{"@type":"WebSite","@id":"https:\/\/mont-roig.cat\/es\/#website","url":"https:\/\/mont-roig.cat\/es\/","name":"Ajuntament de Mont-roig del Camp","description":"Tota la informaci\u00f3 sobre la instituci\u00f3, els seus \u00f2rgans de govern, actualitat, serveis i molt m\u00e9s.","potentialAction":[{"@type":"SearchAction","target":{"@type":"EntryPoint","urlTemplate":"https:\/\/mont-roig.cat\/es\/?s={search_term_string}"},"query-input":{"@type":"PropertyValueSpecification","valueRequired":true,"valueName":"search_term_string"}}],"inLanguage":"es"},{"@type":"Person","@id":"https:\/\/mont-roig.cat\/es\/#\/schema\/person\/f2b111789f22b7d0c3bd6786c9128cba","name":"administrador","image":{"@type":"ImageObject","inLanguage":"es","@id":"https:\/\/secure.gravatar.com\/avatar\/9137aac6891e2595c9d3036fd83bcb653b4db3c946db4c7d9b9be193c3c944bb?s=96&d=mm&r=g","url":"https:\/\/secure.gravatar.com\/avatar\/9137aac6891e2595c9d3036fd83bcb653b4db3c946db4c7d9b9be193c3c944bb?s=96&d=mm&r=g","contentUrl":"https:\/\/secure.gravatar.com\/avatar\/9137aac6891e2595c9d3036fd83bcb653b4db3c946db4c7d9b9be193c3c944bb?s=96&d=mm&r=g","caption":"administrador"},"url":"https:\/\/mont-roig.cat\/es\/actualitat\/noticies\/author\/administrador\/"}]}},"_links":{"self":[{"href":"https:\/\/mont-roig.cat\/es\/wp-json\/wp\/v2\/posts\/4370","targetHints":{"allow":["GET"]}}],"collection":[{"href":"https:\/\/mont-roig.cat\/es\/wp-json\/wp\/v2\/posts"}],"about":[{"href":"https:\/\/mont-roig.cat\/es\/wp-json\/wp\/v2\/types\/post"}],"author":[{"embeddable":true,"href":"https:\/\/mont-roig.cat\/es\/wp-json\/wp\/v2\/users\/4"}],"replies":[{"embeddable":true,"href":"https:\/\/mont-roig.cat\/es\/wp-json\/wp\/v2\/comments?post=4370"}],"version-history":[{"count":0,"href":"https:\/\/mont-roig.cat\/es\/wp-json\/wp\/v2\/posts\/4370\/revisions"}],"wp:featuredmedia":[{"embeddable":true,"href":"https:\/\/mont-roig.cat\/es\/wp-json\/wp\/v2\/media\/5810"}],"wp:attachment":[{"href":"https:\/\/mont-roig.cat\/es\/wp-json\/wp\/v2\/media?parent=4370"}],"wp:term":[{"taxonomy":"category","embeddable":true,"href":"https:\/\/mont-roig.cat\/es\/wp-json\/wp\/v2\/categories?post=4370"},{"taxonomy":"post_tag","embeddable":true,"href":"https:\/\/mont-roig.cat\/es\/wp-json\/wp\/v2\/tags?post=4370"}],"curies":[{"name":"wp","href":"https:\/\/api.w.org\/{rel}","templated":true}]}}