{"id":4371,"date":"2015-03-17T08:23:38","date_gmt":"2015-03-17T08:23:38","guid":{"rendered":""},"modified":"2015-03-17T08:23:38","modified_gmt":"2015-03-17T08:23:38","slug":"nuevas-fechas-para-la-emision-y-renovacion-del-dni","status":"publish","type":"post","link":"https:\/\/mont-roig.cat\/es\/actualitat\/noticies\/nuevas-fechas-para-la-emision-y-renovacion-del-dni\/","title":{"rendered":"Nuevas fechas para la emisi\u00f3n y renovaci\u00f3n del DNI"},"content":{"rendered":"<div class=\"body\">\n<div>\n<p><strong>D\u00edas 25 y 27 de marzo en Miami Playa y 15 y 17 de abril en Mont-roig<\/strong><\/p>\n<p><strong><img decoding=\"async\" alt=\"Expediciones DNI\" class=\"requadre\" src=\"http:\/\/mont-roig.cat\/wp-content\/uploads\/DNI imatge.jpg\" style=\"height: 160px; width: 250px; margin-left: 10px; margin-right: 10px; float: right;\" title=\"Expediciones DNI\" \/><\/strong><\/p>\n<p>La oficina m\u00f3vil de la Direcci\u00f3n General de la Polic\u00eda se desplazar\u00e1 en Mont-roig y en Miami Playa para tramitar la expedici\u00f3n del DNI pr\u00f3ximamente.<\/p>\n<p>Mi\u00e9rcoles d\u00eda 25 y viernes 27 de marzo, se instalar\u00e1n en la biblioteca Joan Mir\u00f3 de Miami Playa de las 9:30h a las 12:15h. Por otra parte, los d\u00edas 15 y 17 de abril, en el mismo horario ofrecer\u00e1n el servicio desde la Casa de Cultura Agust\u00ed Sard\u00e0 de Mont-roig.<\/p>\n<p>En ambos casos los mi\u00e9rcoles se podr\u00e1 realizar el tr\u00e1mite y los viernes recoger los documentos.<\/p>\n<p>El servicio contempla cualquier tr\u00e1mite del DNI, tanto si se trata de hac\u00e9rselo por primera vez como si se renovar\u00e1, ya sea por p\u00e9rdida o extrav\u00edo, por sustracci\u00f3n o por cambio de datos o domicilio.<\/p>\n<p>Recordemos que para beneficiarse de este servicio, hay que pedir hora en las Oficinas Municipales de Atenci\u00f3n al Ciudadano (OMAC) del Ayuntamiento, ya sea en Mont-roig como en Miami Platja. Al pedir cita previa se informar\u00e1 de la documentaci\u00f3n requerida para poder realizar el tr\u00e1mite.<\/p>\n<p>OMAC Montroig: crta. Colldejou, s \/ n, o en el 977 83 70 05<br \/>\nOMAC Miami Playa: calle Soria, 14-16, o en el 977 17 04 40.<\/p>\n<p>El horario de atenci\u00f3n al p\u00fablico es de lunes a viernes de 9h a 14h.<\/p>\n<\/div>\n<\/div>\n<div class=\"field_noticia_img_portada\">\n<div>Imatge portada<\/div>\n<p><img decoding=\"async\" src=\"http:\/\/mont-roig.cat\/wp-content\/uploads\/dni_imatge.jpg\" title=\"dni_imatge.jpg\" alt=\"dni_imatge.jpg\" \/><\/div>\n","protected":false},"excerpt":{"rendered":"<p>D\u00edas 25 y 27 de marzo en Miami Playa y 15 y 17 de abril en Mont-roig La oficina m\u00f3vil de la Direcci\u00f3n General de la Polic\u00eda se desplazar\u00e1 en Mont-roig y en Miami Playa para tramitar la expedici\u00f3n del DNI pr\u00f3ximamente. Mi\u00e9rcoles d\u00eda 25 y viernes 27 de marzo, se instalar\u00e1n en la biblioteca [&hellip;]<\/p>\n","protected":false},"author":4,"featured_media":5772,"comment_status":"open","ping_status":"open","sticky":false,"template":"","format":"standard","meta":{"inline_featured_image":false,"_monsterinsights_skip_tracking":false,"_monsterinsights_sitenote_active":false,"_monsterinsights_sitenote_note":"","_monsterinsights_sitenote_category":0,"footnotes":""},"categories":[99],"tags":[],"class_list":["post-4371","post","type-post","status-publish","format-standard","has-post-thumbnail","hentry","category-otros"],"yoast_head":"<!-- This site is optimized with the Yoast SEO plugin v27.4 - https:\/\/yoast.com\/product\/yoast-seo-wordpress\/ -->\n<title>Nuevas fechas para la emisi\u00f3n y renovaci\u00f3n del DNI - Ajuntament de Mont-roig del Camp<\/title>\n<meta name=\"robots\" content=\"index, follow, max-snippet:-1, max-image-preview:large, max-video-preview:-1\" \/>\n<link rel=\"canonical\" href=\"https:\/\/mont-roig.cat\/es\/actualitat\/noticies\/nuevas-fechas-para-la-emision-y-renovacion-del-dni\/\" \/>\n<meta property=\"og:locale\" content=\"es_ES\" \/>\n<meta property=\"og:type\" content=\"article\" \/>\n<meta property=\"og:title\" content=\"Nuevas fechas para la emisi\u00f3n y renovaci\u00f3n del DNI - Ajuntament de Mont-roig del Camp\" \/>\n<meta property=\"og:description\" content=\"D\u00edas 25 y 27 de marzo en Miami Playa y 15 y 17 de abril en Mont-roig La oficina m\u00f3vil de la Direcci\u00f3n General de la Polic\u00eda se desplazar\u00e1 en Mont-roig y en Miami Playa para tramitar la expedici\u00f3n del DNI pr\u00f3ximamente. Mi\u00e9rcoles d\u00eda 25 y viernes 27 de marzo, se instalar\u00e1n en la biblioteca [&hellip;]\" \/>\n<meta property=\"og:url\" content=\"https:\/\/mont-roig.cat\/es\/actualitat\/noticies\/nuevas-fechas-para-la-emision-y-renovacion-del-dni\/\" \/>\n<meta property=\"og:site_name\" content=\"Ajuntament de Mont-roig del Camp\" \/>\n<meta property=\"article:published_time\" content=\"2015-03-17T08:23:38+00:00\" \/>\n<meta property=\"og:image\" content=\"https:\/\/mont-roig.cat\/wp-content\/uploads\/DNI%20imatge.jpg\" \/>\n\t<meta property=\"og:image:width\" content=\"281\" \/>\n\t<meta property=\"og:image:height\" content=\"180\" \/>\n\t<meta property=\"og:image:type\" content=\"image\/jpeg\" \/>\n<meta name=\"author\" content=\"administrador\" \/>\n<meta name=\"twitter:card\" content=\"summary_large_image\" \/>\n<meta name=\"twitter:label1\" content=\"Escrito por\" \/>\n\t<meta name=\"twitter:data1\" content=\"administrador\" \/>\n\t<meta name=\"twitter:label2\" content=\"Tiempo de lectura\" \/>\n\t<meta name=\"twitter:data2\" content=\"1 minuto\" \/>\n<script type=\"application\/ld+json\" class=\"yoast-schema-graph\">{\"@context\":\"https:\\\/\\\/schema.org\",\"@graph\":[{\"@type\":\"Article\",\"@id\":\"https:\\\/\\\/mont-roig.cat\\\/es\\\/actualitat\\\/noticies\\\/nuevas-fechas-para-la-emision-y-renovacion-del-dni\\\/#article\",\"isPartOf\":{\"@id\":\"https:\\\/\\\/mont-roig.cat\\\/es\\\/actualitat\\\/noticies\\\/nuevas-fechas-para-la-emision-y-renovacion-del-dni\\\/\"},\"author\":{\"name\":\"administrador\",\"@id\":\"https:\\\/\\\/mont-roig.cat\\\/es\\\/#\\\/schema\\\/person\\\/f2b111789f22b7d0c3bd6786c9128cba\"},\"headline\":\"Nuevas fechas para la emisi\u00f3n y renovaci\u00f3n del DNI\",\"datePublished\":\"2015-03-17T08:23:38+00:00\",\"mainEntityOfPage\":{\"@id\":\"https:\\\/\\\/mont-roig.cat\\\/es\\\/actualitat\\\/noticies\\\/nuevas-fechas-para-la-emision-y-renovacion-del-dni\\\/\"},\"wordCount\":249,\"commentCount\":0,\"image\":{\"@id\":\"https:\\\/\\\/mont-roig.cat\\\/es\\\/actualitat\\\/noticies\\\/nuevas-fechas-para-la-emision-y-renovacion-del-dni\\\/#primaryimage\"},\"thumbnailUrl\":\"https:\\\/\\\/mont-roig.cat\\\/wp-content\\\/uploads\\\/DNI imatge.jpg\",\"articleSection\":[\"Otros\"],\"inLanguage\":\"es\"},{\"@type\":\"WebPage\",\"@id\":\"https:\\\/\\\/mont-roig.cat\\\/es\\\/actualitat\\\/noticies\\\/nuevas-fechas-para-la-emision-y-renovacion-del-dni\\\/\",\"url\":\"https:\\\/\\\/mont-roig.cat\\\/es\\\/actualitat\\\/noticies\\\/nuevas-fechas-para-la-emision-y-renovacion-del-dni\\\/\",\"name\":\"Nuevas fechas para la emisi\u00f3n y renovaci\u00f3n del DNI - Ajuntament de Mont-roig del Camp\",\"isPartOf\":{\"@id\":\"https:\\\/\\\/mont-roig.cat\\\/es\\\/#website\"},\"primaryImageOfPage\":{\"@id\":\"https:\\\/\\\/mont-roig.cat\\\/es\\\/actualitat\\\/noticies\\\/nuevas-fechas-para-la-emision-y-renovacion-del-dni\\\/#primaryimage\"},\"image\":{\"@id\":\"https:\\\/\\\/mont-roig.cat\\\/es\\\/actualitat\\\/noticies\\\/nuevas-fechas-para-la-emision-y-renovacion-del-dni\\\/#primaryimage\"},\"thumbnailUrl\":\"https:\\\/\\\/mont-roig.cat\\\/wp-content\\\/uploads\\\/DNI imatge.jpg\",\"datePublished\":\"2015-03-17T08:23:38+00:00\",\"author\":{\"@id\":\"https:\\\/\\\/mont-roig.cat\\\/es\\\/#\\\/schema\\\/person\\\/f2b111789f22b7d0c3bd6786c9128cba\"},\"breadcrumb\":{\"@id\":\"https:\\\/\\\/mont-roig.cat\\\/es\\\/actualitat\\\/noticies\\\/nuevas-fechas-para-la-emision-y-renovacion-del-dni\\\/#breadcrumb\"},\"inLanguage\":\"es\",\"potentialAction\":[{\"@type\":\"ReadAction\",\"target\":[\"https:\\\/\\\/mont-roig.cat\\\/es\\\/actualitat\\\/noticies\\\/nuevas-fechas-para-la-emision-y-renovacion-del-dni\\\/\"]}]},{\"@type\":\"ImageObject\",\"inLanguage\":\"es\",\"@id\":\"https:\\\/\\\/mont-roig.cat\\\/es\\\/actualitat\\\/noticies\\\/nuevas-fechas-para-la-emision-y-renovacion-del-dni\\\/#primaryimage\",\"url\":\"https:\\\/\\\/mont-roig.cat\\\/wp-content\\\/uploads\\\/DNI imatge.jpg\",\"contentUrl\":\"https:\\\/\\\/mont-roig.cat\\\/wp-content\\\/uploads\\\/DNI imatge.jpg\",\"width\":281,\"height\":180},{\"@type\":\"BreadcrumbList\",\"@id\":\"https:\\\/\\\/mont-roig.cat\\\/es\\\/actualitat\\\/noticies\\\/nuevas-fechas-para-la-emision-y-renovacion-del-dni\\\/#breadcrumb\",\"itemListElement\":[{\"@type\":\"ListItem\",\"position\":1,\"name\":\"Inici\",\"item\":\"https:\\\/\\\/mont-roig.cat\\\/es\\\/pagina-de-inicio\\\/\"},{\"@type\":\"ListItem\",\"position\":2,\"name\":\"Nuevas fechas para la emisi\u00f3n y renovaci\u00f3n del DNI\"}]},{\"@type\":\"WebSite\",\"@id\":\"https:\\\/\\\/mont-roig.cat\\\/es\\\/#website\",\"url\":\"https:\\\/\\\/mont-roig.cat\\\/es\\\/\",\"name\":\"Ajuntament de Mont-roig del Camp\",\"description\":\"Tota la informaci\u00f3 sobre la instituci\u00f3, els seus \u00f2rgans de govern, actualitat, serveis i molt m\u00e9s.\",\"potentialAction\":[{\"@type\":\"SearchAction\",\"target\":{\"@type\":\"EntryPoint\",\"urlTemplate\":\"https:\\\/\\\/mont-roig.cat\\\/es\\\/?s={search_term_string}\"},\"query-input\":{\"@type\":\"PropertyValueSpecification\",\"valueRequired\":true,\"valueName\":\"search_term_string\"}}],\"inLanguage\":\"es\"},{\"@type\":\"Person\",\"@id\":\"https:\\\/\\\/mont-roig.cat\\\/es\\\/#\\\/schema\\\/person\\\/f2b111789f22b7d0c3bd6786c9128cba\",\"name\":\"administrador\",\"image\":{\"@type\":\"ImageObject\",\"inLanguage\":\"es\",\"@id\":\"https:\\\/\\\/secure.gravatar.com\\\/avatar\\\/9137aac6891e2595c9d3036fd83bcb653b4db3c946db4c7d9b9be193c3c944bb?s=96&d=mm&r=g\",\"url\":\"https:\\\/\\\/secure.gravatar.com\\\/avatar\\\/9137aac6891e2595c9d3036fd83bcb653b4db3c946db4c7d9b9be193c3c944bb?s=96&d=mm&r=g\",\"contentUrl\":\"https:\\\/\\\/secure.gravatar.com\\\/avatar\\\/9137aac6891e2595c9d3036fd83bcb653b4db3c946db4c7d9b9be193c3c944bb?s=96&d=mm&r=g\",\"caption\":\"administrador\"},\"url\":\"https:\\\/\\\/mont-roig.cat\\\/es\\\/actualitat\\\/noticies\\\/author\\\/administrador\\\/\"}]}<\/script>\n<!-- \/ Yoast SEO plugin. -->","yoast_head_json":{"title":"Nuevas fechas para la emisi\u00f3n y renovaci\u00f3n del DNI - Ajuntament de Mont-roig del Camp","robots":{"index":"index","follow":"follow","max-snippet":"max-snippet:-1","max-image-preview":"max-image-preview:large","max-video-preview":"max-video-preview:-1"},"canonical":"https:\/\/mont-roig.cat\/es\/actualitat\/noticies\/nuevas-fechas-para-la-emision-y-renovacion-del-dni\/","og_locale":"es_ES","og_type":"article","og_title":"Nuevas fechas para la emisi\u00f3n y renovaci\u00f3n del DNI - Ajuntament de Mont-roig del Camp","og_description":"D\u00edas 25 y 27 de marzo en Miami Playa y 15 y 17 de abril en Mont-roig La oficina m\u00f3vil de la Direcci\u00f3n General de la Polic\u00eda se desplazar\u00e1 en Mont-roig y en Miami Playa para tramitar la expedici\u00f3n del DNI pr\u00f3ximamente. Mi\u00e9rcoles d\u00eda 25 y viernes 27 de marzo, se instalar\u00e1n en la biblioteca [&hellip;]","og_url":"https:\/\/mont-roig.cat\/es\/actualitat\/noticies\/nuevas-fechas-para-la-emision-y-renovacion-del-dni\/","og_site_name":"Ajuntament de Mont-roig del Camp","article_published_time":"2015-03-17T08:23:38+00:00","og_image":[{"width":281,"height":180,"url":"https:\/\/mont-roig.cat\/wp-content\/uploads\/DNI imatge.jpg","type":"image\/jpeg"}],"author":"administrador","twitter_card":"summary_large_image","twitter_misc":{"Escrito por":"administrador","Tiempo de lectura":"1 minuto"},"schema":{"@context":"https:\/\/schema.org","@graph":[{"@type":"Article","@id":"https:\/\/mont-roig.cat\/es\/actualitat\/noticies\/nuevas-fechas-para-la-emision-y-renovacion-del-dni\/#article","isPartOf":{"@id":"https:\/\/mont-roig.cat\/es\/actualitat\/noticies\/nuevas-fechas-para-la-emision-y-renovacion-del-dni\/"},"author":{"name":"administrador","@id":"https:\/\/mont-roig.cat\/es\/#\/schema\/person\/f2b111789f22b7d0c3bd6786c9128cba"},"headline":"Nuevas fechas para la emisi\u00f3n y renovaci\u00f3n del DNI","datePublished":"2015-03-17T08:23:38+00:00","mainEntityOfPage":{"@id":"https:\/\/mont-roig.cat\/es\/actualitat\/noticies\/nuevas-fechas-para-la-emision-y-renovacion-del-dni\/"},"wordCount":249,"commentCount":0,"image":{"@id":"https:\/\/mont-roig.cat\/es\/actualitat\/noticies\/nuevas-fechas-para-la-emision-y-renovacion-del-dni\/#primaryimage"},"thumbnailUrl":"https:\/\/mont-roig.cat\/wp-content\/uploads\/DNI imatge.jpg","articleSection":["Otros"],"inLanguage":"es"},{"@type":"WebPage","@id":"https:\/\/mont-roig.cat\/es\/actualitat\/noticies\/nuevas-fechas-para-la-emision-y-renovacion-del-dni\/","url":"https:\/\/mont-roig.cat\/es\/actualitat\/noticies\/nuevas-fechas-para-la-emision-y-renovacion-del-dni\/","name":"Nuevas fechas para la emisi\u00f3n y renovaci\u00f3n del DNI - Ajuntament de Mont-roig del Camp","isPartOf":{"@id":"https:\/\/mont-roig.cat\/es\/#website"},"primaryImageOfPage":{"@id":"https:\/\/mont-roig.cat\/es\/actualitat\/noticies\/nuevas-fechas-para-la-emision-y-renovacion-del-dni\/#primaryimage"},"image":{"@id":"https:\/\/mont-roig.cat\/es\/actualitat\/noticies\/nuevas-fechas-para-la-emision-y-renovacion-del-dni\/#primaryimage"},"thumbnailUrl":"https:\/\/mont-roig.cat\/wp-content\/uploads\/DNI imatge.jpg","datePublished":"2015-03-17T08:23:38+00:00","author":{"@id":"https:\/\/mont-roig.cat\/es\/#\/schema\/person\/f2b111789f22b7d0c3bd6786c9128cba"},"breadcrumb":{"@id":"https:\/\/mont-roig.cat\/es\/actualitat\/noticies\/nuevas-fechas-para-la-emision-y-renovacion-del-dni\/#breadcrumb"},"inLanguage":"es","potentialAction":[{"@type":"ReadAction","target":["https:\/\/mont-roig.cat\/es\/actualitat\/noticies\/nuevas-fechas-para-la-emision-y-renovacion-del-dni\/"]}]},{"@type":"ImageObject","inLanguage":"es","@id":"https:\/\/mont-roig.cat\/es\/actualitat\/noticies\/nuevas-fechas-para-la-emision-y-renovacion-del-dni\/#primaryimage","url":"https:\/\/mont-roig.cat\/wp-content\/uploads\/DNI imatge.jpg","contentUrl":"https:\/\/mont-roig.cat\/wp-content\/uploads\/DNI imatge.jpg","width":281,"height":180},{"@type":"BreadcrumbList","@id":"https:\/\/mont-roig.cat\/es\/actualitat\/noticies\/nuevas-fechas-para-la-emision-y-renovacion-del-dni\/#breadcrumb","itemListElement":[{"@type":"ListItem","position":1,"name":"Inici","item":"https:\/\/mont-roig.cat\/es\/pagina-de-inicio\/"},{"@type":"ListItem","position":2,"name":"Nuevas fechas para la emisi\u00f3n y renovaci\u00f3n del DNI"}]},{"@type":"WebSite","@id":"https:\/\/mont-roig.cat\/es\/#website","url":"https:\/\/mont-roig.cat\/es\/","name":"Ajuntament de Mont-roig del Camp","description":"Tota la informaci\u00f3 sobre la instituci\u00f3, els seus \u00f2rgans de govern, actualitat, serveis i molt m\u00e9s.","potentialAction":[{"@type":"SearchAction","target":{"@type":"EntryPoint","urlTemplate":"https:\/\/mont-roig.cat\/es\/?s={search_term_string}"},"query-input":{"@type":"PropertyValueSpecification","valueRequired":true,"valueName":"search_term_string"}}],"inLanguage":"es"},{"@type":"Person","@id":"https:\/\/mont-roig.cat\/es\/#\/schema\/person\/f2b111789f22b7d0c3bd6786c9128cba","name":"administrador","image":{"@type":"ImageObject","inLanguage":"es","@id":"https:\/\/secure.gravatar.com\/avatar\/9137aac6891e2595c9d3036fd83bcb653b4db3c946db4c7d9b9be193c3c944bb?s=96&d=mm&r=g","url":"https:\/\/secure.gravatar.com\/avatar\/9137aac6891e2595c9d3036fd83bcb653b4db3c946db4c7d9b9be193c3c944bb?s=96&d=mm&r=g","contentUrl":"https:\/\/secure.gravatar.com\/avatar\/9137aac6891e2595c9d3036fd83bcb653b4db3c946db4c7d9b9be193c3c944bb?s=96&d=mm&r=g","caption":"administrador"},"url":"https:\/\/mont-roig.cat\/es\/actualitat\/noticies\/author\/administrador\/"}]}},"_links":{"self":[{"href":"https:\/\/mont-roig.cat\/es\/wp-json\/wp\/v2\/posts\/4371","targetHints":{"allow":["GET"]}}],"collection":[{"href":"https:\/\/mont-roig.cat\/es\/wp-json\/wp\/v2\/posts"}],"about":[{"href":"https:\/\/mont-roig.cat\/es\/wp-json\/wp\/v2\/types\/post"}],"author":[{"embeddable":true,"href":"https:\/\/mont-roig.cat\/es\/wp-json\/wp\/v2\/users\/4"}],"replies":[{"embeddable":true,"href":"https:\/\/mont-roig.cat\/es\/wp-json\/wp\/v2\/comments?post=4371"}],"version-history":[{"count":0,"href":"https:\/\/mont-roig.cat\/es\/wp-json\/wp\/v2\/posts\/4371\/revisions"}],"wp:featuredmedia":[{"embeddable":true,"href":"https:\/\/mont-roig.cat\/es\/wp-json\/wp\/v2\/media\/5772"}],"wp:attachment":[{"href":"https:\/\/mont-roig.cat\/es\/wp-json\/wp\/v2\/media?parent=4371"}],"wp:term":[{"taxonomy":"category","embeddable":true,"href":"https:\/\/mont-roig.cat\/es\/wp-json\/wp\/v2\/categories?post=4371"},{"taxonomy":"post_tag","embeddable":true,"href":"https:\/\/mont-roig.cat\/es\/wp-json\/wp\/v2\/tags?post=4371"}],"curies":[{"name":"wp","href":"https:\/\/api.w.org\/{rel}","templated":true}]}}