{"id":4374,"date":"2015-03-11T09:26:23","date_gmt":"2015-03-11T09:26:23","guid":{"rendered":""},"modified":"2015-03-11T09:26:23","modified_gmt":"2015-03-11T09:26:23","slug":"sexta-jornada-tecnica-de-desarrollo-economico","status":"publish","type":"post","link":"https:\/\/mont-roig.cat\/es\/actualitat\/noticies\/sexta-jornada-tecnica-de-desarrollo-economico\/","title":{"rendered":"Sexta Jornada T\u00e9cnica de Desarrollo Econ\u00f3mico"},"content":{"rendered":"<div class=\"body\">\n<div>\n<p><strong>Inscripciones abiertas hasta el 25 de marzo&nbsp;<br \/>\n<img decoding=\"async\" alt=\"Jornada T\u00e9cnica Desarrollo Econ\u00f3mico\" class=\"requadre\" src=\"http:\/\/mont-roig.cat\/wp-content\/uploads\/JTDL web.jpg\" style=\"width: 300px; height: 143px; float: right;\" title=\"Jornada T\u00e9cnica Desarrollo Econ\u00f3mico\" \/><\/strong><\/p>\n<p>La empresa y la financiaci\u00f3n centrar\u00e1n la sexta Jornada T\u00e9cnica de Desarrollo Econ\u00f3mico. Organizada por la Concejal\u00eda de Promoci\u00f3n Econ\u00f3mica del Ayuntamiento de Montroig se celebrar\u00e1 el pr\u00f3ximo 27 de marzo en el Centro Polivalente de Miami Platja.<\/p>\n<p>&#8220;La banca y la financiaci\u00f3n empresarial&#8221; a cargo de Joan Mar\u00edn Garc\u00eda (BBVA), &#8220;Crowdlending vs alternativas de inversi\u00f3n y de financiaci\u00f3n para PYMES&#8221;, a cargo de Joan Nebot (Arboribus) y &#8220;Lo que tengo que hacer y lo que no tengo que hacer para encontrar financiaci\u00f3n para mi proyecto &#8220;con Pere Segarra Roca (URV) son las tres ponencias programadas para profundizar en este \u00e1mbito.<\/p>\n<p>En su sexta edici\u00f3n, la Jornada T\u00e9cnica quiere consolidarse como el encuentro anual de empresarios y entidades de diferentes sectores econ\u00f3micos del municipio y del territorio, adem\u00e1s de convertirse en un marco de intercambio de ideas y experiencias, mediante el conocimiento , la participaci\u00f3n y la interacci\u00f3n de los diferentes agentes implicados.<\/p>\n<p>M\u00e1s informaci\u00f3n e inscripciones: 977 837005 o bien promocio@mont-roig.cat<\/p>\n<\/div>\n<\/div>\n<div class=\"field_noticia_img_portada\">\n<div>Imatge portada<\/div>\n<p><img decoding=\"async\" src=\"http:\/\/mont-roig.cat\/wp-content\/uploads\/jtdl_web.jpg\" title=\"jtdl_web.jpg\" alt=\"jtdl_web.jpg\" \/><\/div>\n<div class=\"field_noticia_fitxers\">\n<div>Fitxers<\/div>\n<p><a href=\"http:\/\/mont-roig.cat\/wp-content\/uploads\/cartell_jornada_tecnica_2015.pdf\" title=\"cartell_jornada_tecnica_2015.pdf\">cartell_jornada_tecnica_2015.pdf<\/a><\/div>\n<div class=\"field_noticia_fitxers\">\n<div>Fitxers<\/div>\n<p><a href=\"http:\/\/mont-roig.cat\/wp-content\/uploads\/flyer_jornada_tecnica_2015.pdf\" title=\"flyer_jornada_tecnica_2015.pdf\">flyer_jornada_tecnica_2015.pdf<\/a><\/div>\n","protected":false},"excerpt":{"rendered":"<p>Inscripciones abiertas hasta el 25 de marzo&nbsp; La empresa y la financiaci\u00f3n centrar\u00e1n la sexta Jornada T\u00e9cnica de Desarrollo Econ\u00f3mico. Organizada por la Concejal\u00eda de Promoci\u00f3n Econ\u00f3mica del Ayuntamiento de Montroig se celebrar\u00e1 el pr\u00f3ximo 27 de marzo en el Centro Polivalente de Miami Platja. &#8220;La banca y la financiaci\u00f3n empresarial&#8221; a cargo de Joan [&hellip;]<\/p>\n","protected":false},"author":4,"featured_media":5748,"comment_status":"open","ping_status":"open","sticky":false,"template":"","format":"standard","meta":{"inline_featured_image":false,"_monsterinsights_skip_tracking":false,"_monsterinsights_sitenote_active":false,"_monsterinsights_sitenote_note":"","_monsterinsights_sitenote_category":0,"footnotes":""},"categories":[110],"tags":[],"class_list":["post-4374","post","type-post","status-publish","format-standard","has-post-thumbnail","hentry","category-promocion-economica"],"yoast_head":"<!-- This site is optimized with the Yoast SEO plugin v27.4 - https:\/\/yoast.com\/product\/yoast-seo-wordpress\/ -->\n<title>Sexta Jornada T\u00e9cnica de Desarrollo Econ\u00f3mico - Ajuntament de Mont-roig del Camp<\/title>\n<meta name=\"robots\" content=\"index, follow, max-snippet:-1, max-image-preview:large, max-video-preview:-1\" \/>\n<link rel=\"canonical\" href=\"https:\/\/mont-roig.cat\/es\/actualitat\/noticies\/sexta-jornada-tecnica-de-desarrollo-economico\/\" \/>\n<meta property=\"og:locale\" content=\"es_ES\" \/>\n<meta property=\"og:type\" content=\"article\" \/>\n<meta property=\"og:title\" content=\"Sexta Jornada T\u00e9cnica de Desarrollo Econ\u00f3mico - Ajuntament de Mont-roig del Camp\" \/>\n<meta property=\"og:description\" content=\"Inscripciones abiertas hasta el 25 de marzo&nbsp; La empresa y la financiaci\u00f3n centrar\u00e1n la sexta Jornada T\u00e9cnica de Desarrollo Econ\u00f3mico. Organizada por la Concejal\u00eda de Promoci\u00f3n Econ\u00f3mica del Ayuntamiento de Montroig se celebrar\u00e1 el pr\u00f3ximo 27 de marzo en el Centro Polivalente de Miami Platja. &#8220;La banca y la financiaci\u00f3n empresarial&#8221; a cargo de Joan [&hellip;]\" \/>\n<meta property=\"og:url\" content=\"https:\/\/mont-roig.cat\/es\/actualitat\/noticies\/sexta-jornada-tecnica-de-desarrollo-economico\/\" \/>\n<meta property=\"og:site_name\" content=\"Ajuntament de Mont-roig del Camp\" \/>\n<meta property=\"article:published_time\" content=\"2015-03-11T09:26:23+00:00\" \/>\n<meta property=\"og:image\" content=\"https:\/\/mont-roig.cat\/wp-content\/uploads\/JTDL%20web.jpg\" \/>\n\t<meta property=\"og:image:width\" content=\"512\" \/>\n\t<meta property=\"og:image:height\" content=\"244\" \/>\n\t<meta property=\"og:image:type\" content=\"image\/jpeg\" \/>\n<meta name=\"author\" content=\"administrador\" \/>\n<meta name=\"twitter:card\" content=\"summary_large_image\" \/>\n<meta name=\"twitter:label1\" content=\"Escrito por\" \/>\n\t<meta name=\"twitter:data1\" content=\"administrador\" \/>\n\t<meta name=\"twitter:label2\" content=\"Tiempo de lectura\" \/>\n\t<meta name=\"twitter:data2\" content=\"1 minuto\" \/>\n<script type=\"application\/ld+json\" class=\"yoast-schema-graph\">{\"@context\":\"https:\\\/\\\/schema.org\",\"@graph\":[{\"@type\":\"Article\",\"@id\":\"https:\\\/\\\/mont-roig.cat\\\/es\\\/actualitat\\\/noticies\\\/sexta-jornada-tecnica-de-desarrollo-economico\\\/#article\",\"isPartOf\":{\"@id\":\"https:\\\/\\\/mont-roig.cat\\\/es\\\/actualitat\\\/noticies\\\/sexta-jornada-tecnica-de-desarrollo-economico\\\/\"},\"author\":{\"name\":\"administrador\",\"@id\":\"https:\\\/\\\/mont-roig.cat\\\/es\\\/#\\\/schema\\\/person\\\/f2b111789f22b7d0c3bd6786c9128cba\"},\"headline\":\"Sexta Jornada T\u00e9cnica de Desarrollo Econ\u00f3mico\",\"datePublished\":\"2015-03-11T09:26:23+00:00\",\"mainEntityOfPage\":{\"@id\":\"https:\\\/\\\/mont-roig.cat\\\/es\\\/actualitat\\\/noticies\\\/sexta-jornada-tecnica-de-desarrollo-economico\\\/\"},\"wordCount\":209,\"commentCount\":0,\"image\":{\"@id\":\"https:\\\/\\\/mont-roig.cat\\\/es\\\/actualitat\\\/noticies\\\/sexta-jornada-tecnica-de-desarrollo-economico\\\/#primaryimage\"},\"thumbnailUrl\":\"https:\\\/\\\/mont-roig.cat\\\/wp-content\\\/uploads\\\/JTDL web.jpg\",\"articleSection\":[\"Promoci\u00f3n econ\u00f3mica\"],\"inLanguage\":\"es\"},{\"@type\":\"WebPage\",\"@id\":\"https:\\\/\\\/mont-roig.cat\\\/es\\\/actualitat\\\/noticies\\\/sexta-jornada-tecnica-de-desarrollo-economico\\\/\",\"url\":\"https:\\\/\\\/mont-roig.cat\\\/es\\\/actualitat\\\/noticies\\\/sexta-jornada-tecnica-de-desarrollo-economico\\\/\",\"name\":\"Sexta Jornada T\u00e9cnica de Desarrollo Econ\u00f3mico - Ajuntament de Mont-roig del Camp\",\"isPartOf\":{\"@id\":\"https:\\\/\\\/mont-roig.cat\\\/es\\\/#website\"},\"primaryImageOfPage\":{\"@id\":\"https:\\\/\\\/mont-roig.cat\\\/es\\\/actualitat\\\/noticies\\\/sexta-jornada-tecnica-de-desarrollo-economico\\\/#primaryimage\"},\"image\":{\"@id\":\"https:\\\/\\\/mont-roig.cat\\\/es\\\/actualitat\\\/noticies\\\/sexta-jornada-tecnica-de-desarrollo-economico\\\/#primaryimage\"},\"thumbnailUrl\":\"https:\\\/\\\/mont-roig.cat\\\/wp-content\\\/uploads\\\/JTDL web.jpg\",\"datePublished\":\"2015-03-11T09:26:23+00:00\",\"author\":{\"@id\":\"https:\\\/\\\/mont-roig.cat\\\/es\\\/#\\\/schema\\\/person\\\/f2b111789f22b7d0c3bd6786c9128cba\"},\"breadcrumb\":{\"@id\":\"https:\\\/\\\/mont-roig.cat\\\/es\\\/actualitat\\\/noticies\\\/sexta-jornada-tecnica-de-desarrollo-economico\\\/#breadcrumb\"},\"inLanguage\":\"es\",\"potentialAction\":[{\"@type\":\"ReadAction\",\"target\":[\"https:\\\/\\\/mont-roig.cat\\\/es\\\/actualitat\\\/noticies\\\/sexta-jornada-tecnica-de-desarrollo-economico\\\/\"]}]},{\"@type\":\"ImageObject\",\"inLanguage\":\"es\",\"@id\":\"https:\\\/\\\/mont-roig.cat\\\/es\\\/actualitat\\\/noticies\\\/sexta-jornada-tecnica-de-desarrollo-economico\\\/#primaryimage\",\"url\":\"https:\\\/\\\/mont-roig.cat\\\/wp-content\\\/uploads\\\/JTDL web.jpg\",\"contentUrl\":\"https:\\\/\\\/mont-roig.cat\\\/wp-content\\\/uploads\\\/JTDL web.jpg\",\"width\":512,\"height\":244},{\"@type\":\"BreadcrumbList\",\"@id\":\"https:\\\/\\\/mont-roig.cat\\\/es\\\/actualitat\\\/noticies\\\/sexta-jornada-tecnica-de-desarrollo-economico\\\/#breadcrumb\",\"itemListElement\":[{\"@type\":\"ListItem\",\"position\":1,\"name\":\"Inici\",\"item\":\"https:\\\/\\\/mont-roig.cat\\\/es\\\/pagina-de-inicio\\\/\"},{\"@type\":\"ListItem\",\"position\":2,\"name\":\"Sexta Jornada T\u00e9cnica de Desarrollo Econ\u00f3mico\"}]},{\"@type\":\"WebSite\",\"@id\":\"https:\\\/\\\/mont-roig.cat\\\/es\\\/#website\",\"url\":\"https:\\\/\\\/mont-roig.cat\\\/es\\\/\",\"name\":\"Ajuntament de Mont-roig del Camp\",\"description\":\"Tota la informaci\u00f3 sobre la instituci\u00f3, els seus \u00f2rgans de govern, actualitat, serveis i molt m\u00e9s.\",\"potentialAction\":[{\"@type\":\"SearchAction\",\"target\":{\"@type\":\"EntryPoint\",\"urlTemplate\":\"https:\\\/\\\/mont-roig.cat\\\/es\\\/?s={search_term_string}\"},\"query-input\":{\"@type\":\"PropertyValueSpecification\",\"valueRequired\":true,\"valueName\":\"search_term_string\"}}],\"inLanguage\":\"es\"},{\"@type\":\"Person\",\"@id\":\"https:\\\/\\\/mont-roig.cat\\\/es\\\/#\\\/schema\\\/person\\\/f2b111789f22b7d0c3bd6786c9128cba\",\"name\":\"administrador\",\"image\":{\"@type\":\"ImageObject\",\"inLanguage\":\"es\",\"@id\":\"https:\\\/\\\/secure.gravatar.com\\\/avatar\\\/9137aac6891e2595c9d3036fd83bcb653b4db3c946db4c7d9b9be193c3c944bb?s=96&d=mm&r=g\",\"url\":\"https:\\\/\\\/secure.gravatar.com\\\/avatar\\\/9137aac6891e2595c9d3036fd83bcb653b4db3c946db4c7d9b9be193c3c944bb?s=96&d=mm&r=g\",\"contentUrl\":\"https:\\\/\\\/secure.gravatar.com\\\/avatar\\\/9137aac6891e2595c9d3036fd83bcb653b4db3c946db4c7d9b9be193c3c944bb?s=96&d=mm&r=g\",\"caption\":\"administrador\"},\"url\":\"https:\\\/\\\/mont-roig.cat\\\/es\\\/actualitat\\\/noticies\\\/author\\\/administrador\\\/\"}]}<\/script>\n<!-- \/ Yoast SEO plugin. -->","yoast_head_json":{"title":"Sexta Jornada T\u00e9cnica de Desarrollo Econ\u00f3mico - Ajuntament de Mont-roig del Camp","robots":{"index":"index","follow":"follow","max-snippet":"max-snippet:-1","max-image-preview":"max-image-preview:large","max-video-preview":"max-video-preview:-1"},"canonical":"https:\/\/mont-roig.cat\/es\/actualitat\/noticies\/sexta-jornada-tecnica-de-desarrollo-economico\/","og_locale":"es_ES","og_type":"article","og_title":"Sexta Jornada T\u00e9cnica de Desarrollo Econ\u00f3mico - Ajuntament de Mont-roig del Camp","og_description":"Inscripciones abiertas hasta el 25 de marzo&nbsp; La empresa y la financiaci\u00f3n centrar\u00e1n la sexta Jornada T\u00e9cnica de Desarrollo Econ\u00f3mico. Organizada por la Concejal\u00eda de Promoci\u00f3n Econ\u00f3mica del Ayuntamiento de Montroig se celebrar\u00e1 el pr\u00f3ximo 27 de marzo en el Centro Polivalente de Miami Platja. &#8220;La banca y la financiaci\u00f3n empresarial&#8221; a cargo de Joan [&hellip;]","og_url":"https:\/\/mont-roig.cat\/es\/actualitat\/noticies\/sexta-jornada-tecnica-de-desarrollo-economico\/","og_site_name":"Ajuntament de Mont-roig del Camp","article_published_time":"2015-03-11T09:26:23+00:00","og_image":[{"width":512,"height":244,"url":"https:\/\/mont-roig.cat\/wp-content\/uploads\/JTDL web.jpg","type":"image\/jpeg"}],"author":"administrador","twitter_card":"summary_large_image","twitter_misc":{"Escrito por":"administrador","Tiempo de lectura":"1 minuto"},"schema":{"@context":"https:\/\/schema.org","@graph":[{"@type":"Article","@id":"https:\/\/mont-roig.cat\/es\/actualitat\/noticies\/sexta-jornada-tecnica-de-desarrollo-economico\/#article","isPartOf":{"@id":"https:\/\/mont-roig.cat\/es\/actualitat\/noticies\/sexta-jornada-tecnica-de-desarrollo-economico\/"},"author":{"name":"administrador","@id":"https:\/\/mont-roig.cat\/es\/#\/schema\/person\/f2b111789f22b7d0c3bd6786c9128cba"},"headline":"Sexta Jornada T\u00e9cnica de Desarrollo Econ\u00f3mico","datePublished":"2015-03-11T09:26:23+00:00","mainEntityOfPage":{"@id":"https:\/\/mont-roig.cat\/es\/actualitat\/noticies\/sexta-jornada-tecnica-de-desarrollo-economico\/"},"wordCount":209,"commentCount":0,"image":{"@id":"https:\/\/mont-roig.cat\/es\/actualitat\/noticies\/sexta-jornada-tecnica-de-desarrollo-economico\/#primaryimage"},"thumbnailUrl":"https:\/\/mont-roig.cat\/wp-content\/uploads\/JTDL web.jpg","articleSection":["Promoci\u00f3n econ\u00f3mica"],"inLanguage":"es"},{"@type":"WebPage","@id":"https:\/\/mont-roig.cat\/es\/actualitat\/noticies\/sexta-jornada-tecnica-de-desarrollo-economico\/","url":"https:\/\/mont-roig.cat\/es\/actualitat\/noticies\/sexta-jornada-tecnica-de-desarrollo-economico\/","name":"Sexta Jornada T\u00e9cnica de Desarrollo Econ\u00f3mico - Ajuntament de Mont-roig del Camp","isPartOf":{"@id":"https:\/\/mont-roig.cat\/es\/#website"},"primaryImageOfPage":{"@id":"https:\/\/mont-roig.cat\/es\/actualitat\/noticies\/sexta-jornada-tecnica-de-desarrollo-economico\/#primaryimage"},"image":{"@id":"https:\/\/mont-roig.cat\/es\/actualitat\/noticies\/sexta-jornada-tecnica-de-desarrollo-economico\/#primaryimage"},"thumbnailUrl":"https:\/\/mont-roig.cat\/wp-content\/uploads\/JTDL web.jpg","datePublished":"2015-03-11T09:26:23+00:00","author":{"@id":"https:\/\/mont-roig.cat\/es\/#\/schema\/person\/f2b111789f22b7d0c3bd6786c9128cba"},"breadcrumb":{"@id":"https:\/\/mont-roig.cat\/es\/actualitat\/noticies\/sexta-jornada-tecnica-de-desarrollo-economico\/#breadcrumb"},"inLanguage":"es","potentialAction":[{"@type":"ReadAction","target":["https:\/\/mont-roig.cat\/es\/actualitat\/noticies\/sexta-jornada-tecnica-de-desarrollo-economico\/"]}]},{"@type":"ImageObject","inLanguage":"es","@id":"https:\/\/mont-roig.cat\/es\/actualitat\/noticies\/sexta-jornada-tecnica-de-desarrollo-economico\/#primaryimage","url":"https:\/\/mont-roig.cat\/wp-content\/uploads\/JTDL web.jpg","contentUrl":"https:\/\/mont-roig.cat\/wp-content\/uploads\/JTDL web.jpg","width":512,"height":244},{"@type":"BreadcrumbList","@id":"https:\/\/mont-roig.cat\/es\/actualitat\/noticies\/sexta-jornada-tecnica-de-desarrollo-economico\/#breadcrumb","itemListElement":[{"@type":"ListItem","position":1,"name":"Inici","item":"https:\/\/mont-roig.cat\/es\/pagina-de-inicio\/"},{"@type":"ListItem","position":2,"name":"Sexta Jornada T\u00e9cnica de Desarrollo Econ\u00f3mico"}]},{"@type":"WebSite","@id":"https:\/\/mont-roig.cat\/es\/#website","url":"https:\/\/mont-roig.cat\/es\/","name":"Ajuntament de Mont-roig del Camp","description":"Tota la informaci\u00f3 sobre la instituci\u00f3, els seus \u00f2rgans de govern, actualitat, serveis i molt m\u00e9s.","potentialAction":[{"@type":"SearchAction","target":{"@type":"EntryPoint","urlTemplate":"https:\/\/mont-roig.cat\/es\/?s={search_term_string}"},"query-input":{"@type":"PropertyValueSpecification","valueRequired":true,"valueName":"search_term_string"}}],"inLanguage":"es"},{"@type":"Person","@id":"https:\/\/mont-roig.cat\/es\/#\/schema\/person\/f2b111789f22b7d0c3bd6786c9128cba","name":"administrador","image":{"@type":"ImageObject","inLanguage":"es","@id":"https:\/\/secure.gravatar.com\/avatar\/9137aac6891e2595c9d3036fd83bcb653b4db3c946db4c7d9b9be193c3c944bb?s=96&d=mm&r=g","url":"https:\/\/secure.gravatar.com\/avatar\/9137aac6891e2595c9d3036fd83bcb653b4db3c946db4c7d9b9be193c3c944bb?s=96&d=mm&r=g","contentUrl":"https:\/\/secure.gravatar.com\/avatar\/9137aac6891e2595c9d3036fd83bcb653b4db3c946db4c7d9b9be193c3c944bb?s=96&d=mm&r=g","caption":"administrador"},"url":"https:\/\/mont-roig.cat\/es\/actualitat\/noticies\/author\/administrador\/"}]}},"_links":{"self":[{"href":"https:\/\/mont-roig.cat\/es\/wp-json\/wp\/v2\/posts\/4374","targetHints":{"allow":["GET"]}}],"collection":[{"href":"https:\/\/mont-roig.cat\/es\/wp-json\/wp\/v2\/posts"}],"about":[{"href":"https:\/\/mont-roig.cat\/es\/wp-json\/wp\/v2\/types\/post"}],"author":[{"embeddable":true,"href":"https:\/\/mont-roig.cat\/es\/wp-json\/wp\/v2\/users\/4"}],"replies":[{"embeddable":true,"href":"https:\/\/mont-roig.cat\/es\/wp-json\/wp\/v2\/comments?post=4374"}],"version-history":[{"count":0,"href":"https:\/\/mont-roig.cat\/es\/wp-json\/wp\/v2\/posts\/4374\/revisions"}],"wp:featuredmedia":[{"embeddable":true,"href":"https:\/\/mont-roig.cat\/es\/wp-json\/wp\/v2\/media\/5748"}],"wp:attachment":[{"href":"https:\/\/mont-roig.cat\/es\/wp-json\/wp\/v2\/media?parent=4374"}],"wp:term":[{"taxonomy":"category","embeddable":true,"href":"https:\/\/mont-roig.cat\/es\/wp-json\/wp\/v2\/categories?post=4374"},{"taxonomy":"post_tag","embeddable":true,"href":"https:\/\/mont-roig.cat\/es\/wp-json\/wp\/v2\/tags?post=4374"}],"curies":[{"name":"wp","href":"https:\/\/api.w.org\/{rel}","templated":true}]}}