{"id":4401,"date":"2015-04-22T09:12:50","date_gmt":"2015-04-22T09:12:50","guid":{"rendered":""},"modified":"2015-04-22T09:12:50","modified_gmt":"2015-04-22T09:12:50","slug":"novedades-literarias-locales-sant-jordi-2015","status":"publish","type":"post","link":"https:\/\/mont-roig.cat\/es\/actualitat\/noticies\/novedades-literarias-locales-sant-jordi-2015\/","title":{"rendered":"Novedades literarias locales, Sant Jordi 2015"},"content":{"rendered":"<div class=\"body\">\n<div>\n<p><strong>Judit Robert presenta esta tarde su \u00faltimo libro &#8220;Obre el teu cor&#8221;<\/strong><\/p>\n<p><strong><img decoding=\"async\" alt=\"&quot;Obre el teu cor&quot; de Judit Robert \" class=\"requadre\" src=\"http:\/\/mont-roig.cat\/wp-content\/uploads\/obre_el_teu_cor.jpg\" style=\"height: 249px; width: 150px; margin: 10px; float: right;\" title=\"&quot;Obre el teu cor&quot; de Judit Robert \" \/><\/strong><\/p>\n<p>Los vecinos y vecinas de Mont-roig y Miami que este Sant Jordi salgan a la calle buscando un libro de un autor local o vinculado con el municipio tienen varias opciones a tener en cuenta.<\/p>\n<p>Judit Robert publica este Sant Jordi &#8220;Obre el teu cor&#8221;, de Onada Edicions. Seg\u00fan la autora &#8220;Se trata de una recopilaci\u00f3n de nueve cuentos y un poema aderezados con un pu\u00f1adito de haikus y regados con proverbios del mundo. Acompa\u00f1ados de unas ilustraciones donde todo tiene cabida si tienes buena imaginaci\u00f3n y un poco de visi\u00f3n art\u00edstica. Servidos junto con instrucciones para que las palabras &#8220;no puedo&#8221; pasen a ser historia&#8221;.<\/p>\n<p>La responsable de la secci\u00f3n infantil de la biblioteca del municipio, presentar\u00e1 &#8220;Obre el teu cor&#8221;, esta tarde, a las 18h en la Biblioteca Joan Mir\u00f3 de Mont-roig.<\/p>\n<p>Otra propuesta de Judit Robert (junto con Maria Garcia Cortadella y Cati Garcia Pedret) es &#8220;El color dels sentiments&#8221;, publicado tambi\u00e9n por Onada Edicions el pasado diciembre. En esta ocasi\u00f3n el libro incluye el cuento, una gu\u00eda de los colores y sus significados, mandalas para pintar y adivinanzas relacionadas con los colores.<\/p>\n<p><img decoding=\"async\" alt=\"&quot;Pinzellades i retalls&quot; de Rosa P\u00e0mies \" class=\"requadre\" src=\"http:\/\/mont-roig.cat\/wp-content\/uploads\/pinzellades_i_retal.jpg\" style=\"height: 220px; width: 150px; margin: 10px; float: right;\" title=\"&quot;Pinzellades i retalls&quot; de Rosa P\u00e0mies \" \/><img decoding=\"async\" alt=\"&quot;El diablo en cada esquina&quot; de Jordi Ledesma\" class=\"requadre\" src=\"http:\/\/mont-roig.cat\/wp-content\/uploads\/eldiabloencadaesquinaalta.jpg\" style=\"height: 220px; width: 150px; margin: 10px; float: right;\" title=\"&quot;El diablo en cada esquina&quot; de Jordi Ledesma\" \/><\/p>\n<p>Otras novedades literarias de autores afincados en el municipio son &#8220;Pinzellades i retalls&#8221; de Rosa P\u00e0mies Oll\u00e9 y &#8220;El diablo en cada esquina&#8221; de Jordi Ledesma. Las dos propuestas se han presentado recientemente en la biblioteca municipal.<\/p>\n<p>En &#8220;Pinzellades i retalls&#8221;, publicado por \u00c9mepe, P\u00e0mies escribe una memoria fragmentada de su infancia transcurrida en la ciudad de Reus sacudida por el hambre y la miseria de la posguerra. La obra da una visi\u00f3n de c\u00f3mo ha cambiado la sociedad y la manera de entender la vida en un per\u00edodo de unos ciento cincuenta a\u00f1os.<\/p>\n<p>La novela negra de Ledesma, publicada por Alrev\u00e9s, presenta 4 historias independientes que se mezclan para formar un relato de ritmo trepidante y sin intermediarios. Son las historias de unos personajes que deben enfrentarse a sus verdades y las mentiras de los dem\u00e1s.<\/p>\n<p><strong><img decoding=\"async\" alt=\"Emili Soler - Foto Ress\u00f2 Mont-rogenc \" class=\"requadre\" src=\"http:\/\/mont-roig.cat\/wp-content\/uploads\/emili-soler-1-r-p-227x300.jpg\" style=\"height: 198px; width: 150px; margin: 10px; float: right;\" title=\"Emili Soler - Foto Ress\u00f2 Mont-rogenc \" \/><\/strong><\/p>\n<p><strong>La Asociaci\u00f3n de Vecinos &#8220;Montanya Roja&#8221; publica un libro sobre la construcci\u00f3n de las escuelas de Mont-roig en formato digital<\/strong><\/p>\n<p>Otra de las novedades de este Sant Jordi y que destaca porque llega en formato digital es &#8220;L\u2019edifici de les Escoles. Hist\u00f2ria de la seva construcci\u00f3&#8221;. La Asociaci\u00f3n de Vecinos &#8220;Montanya Roja&#8221;, (editora del Ress\u00f2 Mont-rogenc desde 1981) se ha sumado a la gran fiesta de las letras catalanas, colgando en su web el libro del maestro de Mont-roig Emili Soler y Fors (1871 -1945). En la obra, Soler habla de todas las vicisitudes que tuvo que vivir para lograr construir las Escuelas de Mont-roig, (actual Casa de Cultura Agust\u00ed Sard\u00e0) a principios del siglo pasado, gracias a la ayuda del senador Agust\u00edn Sard\u00e0 y de todos los locales que quisieron colaborar. El libro se puede descargar gratuitamente desde la p\u00e1gina web (<a href=\"http:\/\/www.ressomont-rogenc.cat\" target=\"_blank\">www.ressomont-rogenc.cat<\/a>.)<\/p>\n<p>Finalmente, otras propuestas publicadas el \u00faltimo a\u00f1o relacionadas con el municipio son &#8220;Mont-roig 1714 &#8211; Tres-cents anys&#8221; de Eduard Boada, &#8220;L&#8217;ermita de la Mare de D\u00e9u de la Roca, hist\u00f2ria d&#8217;un s\u00edmbol\u201d de Josep Maria Savall Sol\u00e9 y Gl\u00f2ria Savall Sol\u00e9 y &#8220;Camins soterrats d&#8217;aigua. Les mines d&#8217;aigua al terme de Mont-roig\u201d de Grup de Recerca del Centre d\u2019Estudis Mont-rogencs.<\/p>\n<\/div>\n<\/div>\n<div class=\"field_noticia_img_portada\">\n<div>Imatge portada<\/div>\n<p><img decoding=\"async\" src=\"http:\/\/mont-roig.cat\/wp-content\/uploads\/obre_el_teu_cor_0.jpg\" title=\"obre_el_teu_cor.jpg\" alt=\"obre_el_teu_cor.jpg\" \/><\/div>\n","protected":false},"excerpt":{"rendered":"<p>Judit Robert presenta esta tarde su \u00faltimo libro &#8220;Obre el teu cor&#8221; Los vecinos y vecinas de Mont-roig y Miami que este Sant Jordi salgan a la calle buscando un libro de un autor local o vinculado con el municipio tienen varias opciones a tener en cuenta. Judit Robert publica este Sant Jordi &#8220;Obre el [&hellip;]<\/p>\n","protected":false},"author":4,"featured_media":6347,"comment_status":"open","ping_status":"open","sticky":false,"template":"","format":"standard","meta":{"inline_featured_image":false,"_monsterinsights_skip_tracking":false,"_monsterinsights_sitenote_active":false,"_monsterinsights_sitenote_note":"","_monsterinsights_sitenote_category":0,"footnotes":""},"categories":[101],"tags":[],"class_list":["post-4401","post","type-post","status-publish","format-standard","has-post-thumbnail","hentry","category-cultura-es"],"yoast_head":"<!-- This site is optimized with the Yoast SEO plugin v27.4 - https:\/\/yoast.com\/product\/yoast-seo-wordpress\/ -->\n<title>Novedades literarias locales, Sant Jordi 2015 - Ajuntament de Mont-roig del Camp<\/title>\n<meta name=\"robots\" content=\"index, follow, max-snippet:-1, max-image-preview:large, max-video-preview:-1\" \/>\n<link rel=\"canonical\" href=\"https:\/\/mont-roig.cat\/es\/actualitat\/noticies\/novedades-literarias-locales-sant-jordi-2015\/\" \/>\n<meta property=\"og:locale\" content=\"es_ES\" \/>\n<meta property=\"og:type\" content=\"article\" \/>\n<meta property=\"og:title\" content=\"Novedades literarias locales, Sant Jordi 2015 - Ajuntament de Mont-roig del Camp\" \/>\n<meta property=\"og:description\" content=\"Judit Robert presenta esta tarde su \u00faltimo libro &#8220;Obre el teu cor&#8221; Los vecinos y vecinas de Mont-roig y Miami que este Sant Jordi salgan a la calle buscando un libro de un autor local o vinculado con el municipio tienen varias opciones a tener en cuenta. Judit Robert publica este Sant Jordi &#8220;Obre el [&hellip;]\" \/>\n<meta property=\"og:url\" content=\"https:\/\/mont-roig.cat\/es\/actualitat\/noticies\/novedades-literarias-locales-sant-jordi-2015\/\" \/>\n<meta property=\"og:site_name\" content=\"Ajuntament de Mont-roig del Camp\" \/>\n<meta property=\"article:published_time\" content=\"2015-04-22T09:12:50+00:00\" \/>\n<meta property=\"og:image\" content=\"https:\/\/mont-roig.cat\/wp-content\/uploads\/obre_el_teu_cor.jpg\" \/>\n\t<meta property=\"og:image:width\" content=\"407\" \/>\n\t<meta property=\"og:image:height\" content=\"675\" \/>\n\t<meta property=\"og:image:type\" content=\"image\/jpeg\" \/>\n<meta name=\"author\" content=\"administrador\" \/>\n<meta name=\"twitter:card\" content=\"summary_large_image\" \/>\n<meta name=\"twitter:label1\" content=\"Escrito por\" \/>\n\t<meta name=\"twitter:data1\" content=\"administrador\" \/>\n\t<meta name=\"twitter:label2\" content=\"Tiempo de lectura\" \/>\n\t<meta name=\"twitter:data2\" content=\"3 minutos\" \/>\n<script type=\"application\/ld+json\" class=\"yoast-schema-graph\">{\"@context\":\"https:\\\/\\\/schema.org\",\"@graph\":[{\"@type\":\"Article\",\"@id\":\"https:\\\/\\\/mont-roig.cat\\\/es\\\/actualitat\\\/noticies\\\/novedades-literarias-locales-sant-jordi-2015\\\/#article\",\"isPartOf\":{\"@id\":\"https:\\\/\\\/mont-roig.cat\\\/es\\\/actualitat\\\/noticies\\\/novedades-literarias-locales-sant-jordi-2015\\\/\"},\"author\":{\"name\":\"administrador\",\"@id\":\"https:\\\/\\\/mont-roig.cat\\\/es\\\/#\\\/schema\\\/person\\\/f2b111789f22b7d0c3bd6786c9128cba\"},\"headline\":\"Novedades literarias locales, Sant Jordi 2015\",\"datePublished\":\"2015-04-22T09:12:50+00:00\",\"mainEntityOfPage\":{\"@id\":\"https:\\\/\\\/mont-roig.cat\\\/es\\\/actualitat\\\/noticies\\\/novedades-literarias-locales-sant-jordi-2015\\\/\"},\"wordCount\":575,\"commentCount\":0,\"image\":{\"@id\":\"https:\\\/\\\/mont-roig.cat\\\/es\\\/actualitat\\\/noticies\\\/novedades-literarias-locales-sant-jordi-2015\\\/#primaryimage\"},\"thumbnailUrl\":\"https:\\\/\\\/mont-roig.cat\\\/wp-content\\\/uploads\\\/obre_el_teu_cor.jpg\",\"articleSection\":[\"Cultura\"],\"inLanguage\":\"es\"},{\"@type\":\"WebPage\",\"@id\":\"https:\\\/\\\/mont-roig.cat\\\/es\\\/actualitat\\\/noticies\\\/novedades-literarias-locales-sant-jordi-2015\\\/\",\"url\":\"https:\\\/\\\/mont-roig.cat\\\/es\\\/actualitat\\\/noticies\\\/novedades-literarias-locales-sant-jordi-2015\\\/\",\"name\":\"Novedades literarias locales, Sant Jordi 2015 - Ajuntament de Mont-roig del Camp\",\"isPartOf\":{\"@id\":\"https:\\\/\\\/mont-roig.cat\\\/es\\\/#website\"},\"primaryImageOfPage\":{\"@id\":\"https:\\\/\\\/mont-roig.cat\\\/es\\\/actualitat\\\/noticies\\\/novedades-literarias-locales-sant-jordi-2015\\\/#primaryimage\"},\"image\":{\"@id\":\"https:\\\/\\\/mont-roig.cat\\\/es\\\/actualitat\\\/noticies\\\/novedades-literarias-locales-sant-jordi-2015\\\/#primaryimage\"},\"thumbnailUrl\":\"https:\\\/\\\/mont-roig.cat\\\/wp-content\\\/uploads\\\/obre_el_teu_cor.jpg\",\"datePublished\":\"2015-04-22T09:12:50+00:00\",\"author\":{\"@id\":\"https:\\\/\\\/mont-roig.cat\\\/es\\\/#\\\/schema\\\/person\\\/f2b111789f22b7d0c3bd6786c9128cba\"},\"breadcrumb\":{\"@id\":\"https:\\\/\\\/mont-roig.cat\\\/es\\\/actualitat\\\/noticies\\\/novedades-literarias-locales-sant-jordi-2015\\\/#breadcrumb\"},\"inLanguage\":\"es\",\"potentialAction\":[{\"@type\":\"ReadAction\",\"target\":[\"https:\\\/\\\/mont-roig.cat\\\/es\\\/actualitat\\\/noticies\\\/novedades-literarias-locales-sant-jordi-2015\\\/\"]}]},{\"@type\":\"ImageObject\",\"inLanguage\":\"es\",\"@id\":\"https:\\\/\\\/mont-roig.cat\\\/es\\\/actualitat\\\/noticies\\\/novedades-literarias-locales-sant-jordi-2015\\\/#primaryimage\",\"url\":\"https:\\\/\\\/mont-roig.cat\\\/wp-content\\\/uploads\\\/obre_el_teu_cor.jpg\",\"contentUrl\":\"https:\\\/\\\/mont-roig.cat\\\/wp-content\\\/uploads\\\/obre_el_teu_cor.jpg\",\"width\":407,\"height\":675},{\"@type\":\"BreadcrumbList\",\"@id\":\"https:\\\/\\\/mont-roig.cat\\\/es\\\/actualitat\\\/noticies\\\/novedades-literarias-locales-sant-jordi-2015\\\/#breadcrumb\",\"itemListElement\":[{\"@type\":\"ListItem\",\"position\":1,\"name\":\"Inici\",\"item\":\"https:\\\/\\\/mont-roig.cat\\\/es\\\/pagina-de-inicio\\\/\"},{\"@type\":\"ListItem\",\"position\":2,\"name\":\"Novedades literarias locales, Sant Jordi 2015\"}]},{\"@type\":\"WebSite\",\"@id\":\"https:\\\/\\\/mont-roig.cat\\\/es\\\/#website\",\"url\":\"https:\\\/\\\/mont-roig.cat\\\/es\\\/\",\"name\":\"Ajuntament de Mont-roig del Camp\",\"description\":\"Tota la informaci\u00f3 sobre la instituci\u00f3, els seus \u00f2rgans de govern, actualitat, serveis i molt m\u00e9s.\",\"potentialAction\":[{\"@type\":\"SearchAction\",\"target\":{\"@type\":\"EntryPoint\",\"urlTemplate\":\"https:\\\/\\\/mont-roig.cat\\\/es\\\/?s={search_term_string}\"},\"query-input\":{\"@type\":\"PropertyValueSpecification\",\"valueRequired\":true,\"valueName\":\"search_term_string\"}}],\"inLanguage\":\"es\"},{\"@type\":\"Person\",\"@id\":\"https:\\\/\\\/mont-roig.cat\\\/es\\\/#\\\/schema\\\/person\\\/f2b111789f22b7d0c3bd6786c9128cba\",\"name\":\"administrador\",\"image\":{\"@type\":\"ImageObject\",\"inLanguage\":\"es\",\"@id\":\"https:\\\/\\\/secure.gravatar.com\\\/avatar\\\/9137aac6891e2595c9d3036fd83bcb653b4db3c946db4c7d9b9be193c3c944bb?s=96&d=mm&r=g\",\"url\":\"https:\\\/\\\/secure.gravatar.com\\\/avatar\\\/9137aac6891e2595c9d3036fd83bcb653b4db3c946db4c7d9b9be193c3c944bb?s=96&d=mm&r=g\",\"contentUrl\":\"https:\\\/\\\/secure.gravatar.com\\\/avatar\\\/9137aac6891e2595c9d3036fd83bcb653b4db3c946db4c7d9b9be193c3c944bb?s=96&d=mm&r=g\",\"caption\":\"administrador\"},\"url\":\"https:\\\/\\\/mont-roig.cat\\\/es\\\/actualitat\\\/noticies\\\/author\\\/administrador\\\/\"}]}<\/script>\n<!-- \/ Yoast SEO plugin. -->","yoast_head_json":{"title":"Novedades literarias locales, Sant Jordi 2015 - Ajuntament de Mont-roig del Camp","robots":{"index":"index","follow":"follow","max-snippet":"max-snippet:-1","max-image-preview":"max-image-preview:large","max-video-preview":"max-video-preview:-1"},"canonical":"https:\/\/mont-roig.cat\/es\/actualitat\/noticies\/novedades-literarias-locales-sant-jordi-2015\/","og_locale":"es_ES","og_type":"article","og_title":"Novedades literarias locales, Sant Jordi 2015 - Ajuntament de Mont-roig del Camp","og_description":"Judit Robert presenta esta tarde su \u00faltimo libro &#8220;Obre el teu cor&#8221; Los vecinos y vecinas de Mont-roig y Miami que este Sant Jordi salgan a la calle buscando un libro de un autor local o vinculado con el municipio tienen varias opciones a tener en cuenta. Judit Robert publica este Sant Jordi &#8220;Obre el [&hellip;]","og_url":"https:\/\/mont-roig.cat\/es\/actualitat\/noticies\/novedades-literarias-locales-sant-jordi-2015\/","og_site_name":"Ajuntament de Mont-roig del Camp","article_published_time":"2015-04-22T09:12:50+00:00","og_image":[{"width":407,"height":675,"url":"https:\/\/mont-roig.cat\/wp-content\/uploads\/obre_el_teu_cor.jpg","type":"image\/jpeg"}],"author":"administrador","twitter_card":"summary_large_image","twitter_misc":{"Escrito por":"administrador","Tiempo de lectura":"3 minutos"},"schema":{"@context":"https:\/\/schema.org","@graph":[{"@type":"Article","@id":"https:\/\/mont-roig.cat\/es\/actualitat\/noticies\/novedades-literarias-locales-sant-jordi-2015\/#article","isPartOf":{"@id":"https:\/\/mont-roig.cat\/es\/actualitat\/noticies\/novedades-literarias-locales-sant-jordi-2015\/"},"author":{"name":"administrador","@id":"https:\/\/mont-roig.cat\/es\/#\/schema\/person\/f2b111789f22b7d0c3bd6786c9128cba"},"headline":"Novedades literarias locales, Sant Jordi 2015","datePublished":"2015-04-22T09:12:50+00:00","mainEntityOfPage":{"@id":"https:\/\/mont-roig.cat\/es\/actualitat\/noticies\/novedades-literarias-locales-sant-jordi-2015\/"},"wordCount":575,"commentCount":0,"image":{"@id":"https:\/\/mont-roig.cat\/es\/actualitat\/noticies\/novedades-literarias-locales-sant-jordi-2015\/#primaryimage"},"thumbnailUrl":"https:\/\/mont-roig.cat\/wp-content\/uploads\/obre_el_teu_cor.jpg","articleSection":["Cultura"],"inLanguage":"es"},{"@type":"WebPage","@id":"https:\/\/mont-roig.cat\/es\/actualitat\/noticies\/novedades-literarias-locales-sant-jordi-2015\/","url":"https:\/\/mont-roig.cat\/es\/actualitat\/noticies\/novedades-literarias-locales-sant-jordi-2015\/","name":"Novedades literarias locales, Sant Jordi 2015 - Ajuntament de Mont-roig del Camp","isPartOf":{"@id":"https:\/\/mont-roig.cat\/es\/#website"},"primaryImageOfPage":{"@id":"https:\/\/mont-roig.cat\/es\/actualitat\/noticies\/novedades-literarias-locales-sant-jordi-2015\/#primaryimage"},"image":{"@id":"https:\/\/mont-roig.cat\/es\/actualitat\/noticies\/novedades-literarias-locales-sant-jordi-2015\/#primaryimage"},"thumbnailUrl":"https:\/\/mont-roig.cat\/wp-content\/uploads\/obre_el_teu_cor.jpg","datePublished":"2015-04-22T09:12:50+00:00","author":{"@id":"https:\/\/mont-roig.cat\/es\/#\/schema\/person\/f2b111789f22b7d0c3bd6786c9128cba"},"breadcrumb":{"@id":"https:\/\/mont-roig.cat\/es\/actualitat\/noticies\/novedades-literarias-locales-sant-jordi-2015\/#breadcrumb"},"inLanguage":"es","potentialAction":[{"@type":"ReadAction","target":["https:\/\/mont-roig.cat\/es\/actualitat\/noticies\/novedades-literarias-locales-sant-jordi-2015\/"]}]},{"@type":"ImageObject","inLanguage":"es","@id":"https:\/\/mont-roig.cat\/es\/actualitat\/noticies\/novedades-literarias-locales-sant-jordi-2015\/#primaryimage","url":"https:\/\/mont-roig.cat\/wp-content\/uploads\/obre_el_teu_cor.jpg","contentUrl":"https:\/\/mont-roig.cat\/wp-content\/uploads\/obre_el_teu_cor.jpg","width":407,"height":675},{"@type":"BreadcrumbList","@id":"https:\/\/mont-roig.cat\/es\/actualitat\/noticies\/novedades-literarias-locales-sant-jordi-2015\/#breadcrumb","itemListElement":[{"@type":"ListItem","position":1,"name":"Inici","item":"https:\/\/mont-roig.cat\/es\/pagina-de-inicio\/"},{"@type":"ListItem","position":2,"name":"Novedades literarias locales, Sant Jordi 2015"}]},{"@type":"WebSite","@id":"https:\/\/mont-roig.cat\/es\/#website","url":"https:\/\/mont-roig.cat\/es\/","name":"Ajuntament de Mont-roig del Camp","description":"Tota la informaci\u00f3 sobre la instituci\u00f3, els seus \u00f2rgans de govern, actualitat, serveis i molt m\u00e9s.","potentialAction":[{"@type":"SearchAction","target":{"@type":"EntryPoint","urlTemplate":"https:\/\/mont-roig.cat\/es\/?s={search_term_string}"},"query-input":{"@type":"PropertyValueSpecification","valueRequired":true,"valueName":"search_term_string"}}],"inLanguage":"es"},{"@type":"Person","@id":"https:\/\/mont-roig.cat\/es\/#\/schema\/person\/f2b111789f22b7d0c3bd6786c9128cba","name":"administrador","image":{"@type":"ImageObject","inLanguage":"es","@id":"https:\/\/secure.gravatar.com\/avatar\/9137aac6891e2595c9d3036fd83bcb653b4db3c946db4c7d9b9be193c3c944bb?s=96&d=mm&r=g","url":"https:\/\/secure.gravatar.com\/avatar\/9137aac6891e2595c9d3036fd83bcb653b4db3c946db4c7d9b9be193c3c944bb?s=96&d=mm&r=g","contentUrl":"https:\/\/secure.gravatar.com\/avatar\/9137aac6891e2595c9d3036fd83bcb653b4db3c946db4c7d9b9be193c3c944bb?s=96&d=mm&r=g","caption":"administrador"},"url":"https:\/\/mont-roig.cat\/es\/actualitat\/noticies\/author\/administrador\/"}]}},"_links":{"self":[{"href":"https:\/\/mont-roig.cat\/es\/wp-json\/wp\/v2\/posts\/4401","targetHints":{"allow":["GET"]}}],"collection":[{"href":"https:\/\/mont-roig.cat\/es\/wp-json\/wp\/v2\/posts"}],"about":[{"href":"https:\/\/mont-roig.cat\/es\/wp-json\/wp\/v2\/types\/post"}],"author":[{"embeddable":true,"href":"https:\/\/mont-roig.cat\/es\/wp-json\/wp\/v2\/users\/4"}],"replies":[{"embeddable":true,"href":"https:\/\/mont-roig.cat\/es\/wp-json\/wp\/v2\/comments?post=4401"}],"version-history":[{"count":0,"href":"https:\/\/mont-roig.cat\/es\/wp-json\/wp\/v2\/posts\/4401\/revisions"}],"wp:featuredmedia":[{"embeddable":true,"href":"https:\/\/mont-roig.cat\/es\/wp-json\/wp\/v2\/media\/6347"}],"wp:attachment":[{"href":"https:\/\/mont-roig.cat\/es\/wp-json\/wp\/v2\/media?parent=4401"}],"wp:term":[{"taxonomy":"category","embeddable":true,"href":"https:\/\/mont-roig.cat\/es\/wp-json\/wp\/v2\/categories?post=4401"},{"taxonomy":"post_tag","embeddable":true,"href":"https:\/\/mont-roig.cat\/es\/wp-json\/wp\/v2\/tags?post=4401"}],"curies":[{"name":"wp","href":"https:\/\/api.w.org\/{rel}","templated":true}]}}