{"id":4408,"date":"2015-04-24T09:28:43","date_gmt":"2015-04-24T09:28:43","guid":{"rendered":""},"modified":"2015-04-24T09:28:43","modified_gmt":"2015-04-24T09:28:43","slug":"buen-tiempo-y-ambiente-festivo-en-la-celebracion-de-sant-jordi","status":"publish","type":"post","link":"https:\/\/mont-roig.cat\/es\/actualitat\/noticies\/buen-tiempo-y-ambiente-festivo-en-la-celebracion-de-sant-jordi\/","title":{"rendered":"Buen tiempo y ambiente festivo en la celebraci\u00f3n de Sant Jordi"},"content":{"rendered":"<div class=\"body\">\n<div>\n<p><strong>La plaza Moss\u00e8n Gaiet\u00e0 Ivern de Mont-roig y la plaza del centro Polivalente de Miami, centros neur\u00e1lgicos de la celebraci\u00f3n<\/strong><\/p>\n<p><strong><img decoding=\"async\" alt=\"Sant Jordi 2015\" class=\"requadre\" src=\"http:\/\/mont-roig.cat\/wp-content\/uploads\/2015_04_23_sant_jordi_mont-roig_i_miami_017_0.jpg\" style=\"height: 225px; width: 300px; margin: 10px; float: right;\" title=\"Sant Jordi 2015\" \/><\/strong><\/p>\n<p>El cambio de emplazamiento fue una de las novedades de este Sant Jordi en Mont-roig. La finalizaci\u00f3n de la segunda fase de las obras del casco antiguo permiti\u00f3 realizar las actividades en la plaza Moss\u00e8n Gaiet\u00e0 Ivern y plaza Joan Mir\u00f3. Desde primera hora de la tarde los vecinos salieron a la calle para buscar entre las extensas paradas el libro y la rosa ideal.<\/p>\n<p>El buen tiempo y el ambiente festivo acompa\u00f1aron durante toda la tarde a los asistentes, que tambi\u00e9n pudieron disfrutar de diversas actividades complementarias. El espect\u00e1culo infantil de la C\u00eda. La Bleda, el baile de sardanas con la cobla Reus Jove y el grupo Sardanista La Rotllana, acompa\u00f1ados por el Grupo de Dansaires del Pened\u00e8s y el concierto de la Coral Sant Miquel, la Coral de la Casa del Mar de Cambrils y el Aula de M\u00fasica Municipal redondearon una jornada radiante.<\/p>\n<p>Tambi\u00e9n en Miami, los vecinos y vecinas salieron a la calle para celebrar la fiesta. Los castillos de los Xiquets Cambrils dejaron boquiabiertos a todos aquellos que se acercaron hasta la plaza del Centro Polivalente. Tampoco faltaron los puestos de libros y el baile de sardanas, as\u00ed como el ir y venir de los ni\u00f1os y ni\u00f1as que se lo pasaron en grande con los talleres organizados por la compa\u00f1\u00eda Diverta. El chocolate caliente sirvi\u00f3 para finalizar y endulzar una de las fiestas m\u00e1s emblem\u00e1ticas del calendario catal\u00e1n.<\/p>\n<\/div>\n<\/div>\n<div class=\"field_noticia_img_portada\">\n<div>Imatge portada<\/div>\n<p><img decoding=\"async\" src=\"http:\/\/mont-roig.cat\/wp-content\/uploads\/2015_04_23_sant_jordi_mont-roig_i_miami_017.jpg\" title=\"2015_04_23_sant_jordi_mont-roig_i_miami_017.jpg\" alt=\"2015_04_23_sant_jordi_mont-roig_i_miami_017.jpg\" \/><\/div>\n<div class=\"field_noticia_imatge\">\n<div>Imatges<\/div>\n<p><img decoding=\"async\" src=\"http:\/\/mont-roig.cat\/wp-content\/uploads\/2015_04_23_sant_jordi_mont-roig_i_miami_001.jpg\" title=\"2015_04_23_sant_jordi_mont-roig_i_miami_001.jpg\" alt=\"2015_04_23_sant_jordi_mont-roig_i_miami_001.jpg\" \/><\/div>\n<div class=\"field_noticia_imatge\">\n<div>Imatges<\/div>\n<p><img decoding=\"async\" src=\"http:\/\/mont-roig.cat\/wp-content\/uploads\/2015_04_23_sant_jordi_mont-roig_i_miami_033.jpg\" title=\"2015_04_23_sant_jordi_mont-roig_i_miami_033.jpg\" alt=\"2015_04_23_sant_jordi_mont-roig_i_miami_033.jpg\" \/><\/div>\n<div class=\"field_noticia_imatge\">\n<div>Imatges<\/div>\n<p><img decoding=\"async\" src=\"http:\/\/mont-roig.cat\/wp-content\/uploads\/2015_04_23_sant_jordi_mont-roig_i_miami_013.jpg\" title=\"2015_04_23_sant_jordi_mont-roig_i_miami_013.jpg\" alt=\"2015_04_23_sant_jordi_mont-roig_i_miami_013.jpg\" \/><\/div>\n<div class=\"field_noticia_imatge\">\n<div>Imatges<\/div>\n<p><img decoding=\"async\" src=\"http:\/\/mont-roig.cat\/wp-content\/uploads\/2015_04_23_sant_jordi_mont-roig_i_miami_078.jpg\" title=\"2015_04_23_sant_jordi_mont-roig_i_miami_078.jpg\" alt=\"2015_04_23_sant_jordi_mont-roig_i_miami_078.jpg\" \/><\/div>\n<div class=\"field_noticia_imatge\">\n<div>Imatges<\/div>\n<p><img decoding=\"async\" src=\"http:\/\/mont-roig.cat\/wp-content\/uploads\/2015_04_23_sant_jordi_mont-roig_i_miami_085.jpg\" title=\"2015_04_23_sant_jordi_mont-roig_i_miami_085.jpg\" alt=\"2015_04_23_sant_jordi_mont-roig_i_miami_085.jpg\" \/><\/div>\n<div class=\"field_noticia_imatge\">\n<div>Imatges<\/div>\n<p><img decoding=\"async\" src=\"http:\/\/mont-roig.cat\/wp-content\/uploads\/2015_04_23_sant_jordi_mont-roig_i_miami_117.jpg\" title=\"2015_04_23_sant_jordi_mont-roig_i_miami_117.jpg\" alt=\"2015_04_23_sant_jordi_mont-roig_i_miami_117.jpg\" \/><\/div>\n<div class=\"field_noticia_imatge\">\n<div>Imatges<\/div>\n<p><img decoding=\"async\" src=\"http:\/\/mont-roig.cat\/wp-content\/uploads\/2015_04_23_sant_jordi_mont-roig_i_miami_090.jpg\" title=\"2015_04_23_sant_jordi_mont-roig_i_miami_090.jpg\" alt=\"2015_04_23_sant_jordi_mont-roig_i_miami_090.jpg\" \/><\/div>\n<div class=\"field_noticia_imatge\">\n<div>Imatges<\/div>\n<p><img decoding=\"async\" src=\"http:\/\/mont-roig.cat\/wp-content\/uploads\/2015_04_23_sant_jordi_mont-roig_i_miami_127.jpg\" title=\"2015_04_23_sant_jordi_mont-roig_i_miami_127.jpg\" alt=\"2015_04_23_sant_jordi_mont-roig_i_miami_127.jpg\" \/><\/div>\n<div class=\"field_noticia_emails_enviats\">\n<div>Emails enviats<\/div>\n<div>Divendres 24 de Abril del 2015 a les 11:04 &#8211; La Xarxa (informatius@laxarxa.com), Anna ZAERA (SURT DE CASA) (anna.zaera@surtdecasa.cat), Costadiari.cat &#8211; Elisabeth (esarraseca@gmail.com), Costadiari.cat (info@costadiari.cat), Costadiari.cat &#8211; Ariadna (a.escodapadilla@gmail.com), REUS DIGITAL (redaccio@reusdigital.cat), REUS DIRECTE (reusdirecte@reusdirecte.com), REUS DIRECTE Redacci\u00f3 (redaccio@reusdirecte.com), Costa Magazine (agencia@mediatica.net), El Ress\u00f3 (info@pedrasecamont-roig.com), El Traginer (traginer@pucom.biz), Miquel Beatet (mabeatet@hotmail.com), Diari de Tarragona &#8211; Adriana Escoda (aescoda@diaridetarragona.com), Diari de Tarragona &#8211; Costa (costa@diaridetarragona.com), Diari de Tarragona &#8211; Javier D\u00edaz (jdiaz@diaridetarragona.com), Diari de Tarragona &#8211; M\u00f2nica Just (mjust@diaridetarragona.com), Diari de Tarragona &#8211; Oficina Reus (reus@diaridetarragona.com), El Punt &#8211; Azahara Palomares (apalomares@elpuntavui.cat), El Punt &#8211; Oficina territorial (tarragona@elpuntavui.cat), Guia de Reus (guia@bonaimatge.es), M\u00e9s Tarragona &#8211; Especials (Laura G\u00f3mez) (especials@mestarragona.com), M\u00e9s Tarragona &#8211; Redacci\u00f3 (redaccio@mestarragona.com), M\u00e9s Tarragona &#8211; S\u00edlvia jimenez (jimenez@mestarragona.com), El Mundo &#8211; Cultura (cultura@elmundo.es), El Pa\u00eds &#8211; Catalunya (catalunya@elpais.es), El Pa\u00eds &#8211; Redacci\u00f3 digital (redacciondigital@elpais.es), La Vanguardia &#8211; Oriol Margalef (margalef76@gmail.com), La Vanguardia &#8211; Revista Qu\u00e8 fem? &#8211; Rita Pere (rpere@prismapublicaciones.com), RAC 1 + La Vanguardia (Esteve Giralt) (estevegiralt@gmail.com), Cadena Ser &#8211; Reus (reus@cadenaser.com), Catalunya R\u00e0dio &#8211; Tarragona (Ricard Boigues) (informatiustarragona@catradio.cat), COM r\u00e0dio &#8211; Montse Huguet (mhuguet@comradio.com), COM r\u00e0dio &#8211; Virtu Moron (vmoron@comradio.com), COPE &#8211; Tarragona (tarragona@cadenacope.net), ONDA CERO &#8211; Informatius (informatius@ondacero.es), R\u00c0DIO HOSPITALET I VANDELL\u00d2S (radio@vandellos-hospitalet.cat), TARRAGONA R\u00c0DIO (redaccio@tarragonaradio.cat)<\/div>\n<\/div>\n","protected":false},"excerpt":{"rendered":"<p>La plaza Moss\u00e8n Gaiet\u00e0 Ivern de Mont-roig y la plaza del centro Polivalente de Miami, centros neur\u00e1lgicos de la celebraci\u00f3n El cambio de emplazamiento fue una de las novedades de este Sant Jordi en Mont-roig. La finalizaci\u00f3n de la segunda fase de las obras del casco antiguo permiti\u00f3 realizar las actividades en la plaza Moss\u00e8n [&hellip;]<\/p>\n","protected":false},"author":4,"featured_media":6370,"comment_status":"open","ping_status":"open","sticky":false,"template":"","format":"standard","meta":{"inline_featured_image":false,"_monsterinsights_skip_tracking":false,"_monsterinsights_sitenote_active":false,"_monsterinsights_sitenote_note":"","_monsterinsights_sitenote_category":0,"footnotes":""},"categories":[105],"tags":[],"class_list":["post-4408","post","type-post","status-publish","format-standard","has-post-thumbnail","hentry","category-fiestas"],"yoast_head":"<!-- This site is optimized with the Yoast SEO plugin v27.4 - https:\/\/yoast.com\/product\/yoast-seo-wordpress\/ -->\n<title>Buen tiempo y ambiente festivo en la celebraci\u00f3n de Sant Jordi - Ajuntament de Mont-roig del Camp<\/title>\n<meta name=\"robots\" content=\"index, follow, max-snippet:-1, max-image-preview:large, max-video-preview:-1\" \/>\n<link rel=\"canonical\" href=\"https:\/\/mont-roig.cat\/es\/actualitat\/noticies\/buen-tiempo-y-ambiente-festivo-en-la-celebracion-de-sant-jordi\/\" \/>\n<meta property=\"og:locale\" content=\"es_ES\" \/>\n<meta property=\"og:type\" content=\"article\" \/>\n<meta property=\"og:title\" content=\"Buen tiempo y ambiente festivo en la celebraci\u00f3n de Sant Jordi - Ajuntament de Mont-roig del Camp\" \/>\n<meta property=\"og:description\" content=\"La plaza Moss\u00e8n Gaiet\u00e0 Ivern de Mont-roig y la plaza del centro Polivalente de Miami, centros neur\u00e1lgicos de la celebraci\u00f3n El cambio de emplazamiento fue una de las novedades de este Sant Jordi en Mont-roig. La finalizaci\u00f3n de la segunda fase de las obras del casco antiguo permiti\u00f3 realizar las actividades en la plaza Moss\u00e8n [&hellip;]\" \/>\n<meta property=\"og:url\" content=\"https:\/\/mont-roig.cat\/es\/actualitat\/noticies\/buen-tiempo-y-ambiente-festivo-en-la-celebracion-de-sant-jordi\/\" \/>\n<meta property=\"og:site_name\" content=\"Ajuntament de Mont-roig del Camp\" \/>\n<meta property=\"article:published_time\" content=\"2015-04-24T09:28:43+00:00\" \/>\n<meta property=\"og:image\" content=\"https:\/\/mont-roig.cat\/wp-content\/uploads\/2015_04_23_sant_jordi_mont-roig_i_miami_017_0.jpg\" \/>\n\t<meta property=\"og:image:width\" content=\"3264\" \/>\n\t<meta property=\"og:image:height\" content=\"2448\" \/>\n\t<meta property=\"og:image:type\" content=\"image\/jpeg\" \/>\n<meta name=\"author\" content=\"administrador\" \/>\n<meta name=\"twitter:card\" content=\"summary_large_image\" \/>\n<meta name=\"twitter:label1\" content=\"Escrito por\" \/>\n\t<meta name=\"twitter:data1\" content=\"administrador\" \/>\n\t<meta name=\"twitter:label2\" content=\"Tiempo de lectura\" \/>\n\t<meta name=\"twitter:data2\" content=\"3 minutos\" \/>\n<script type=\"application\/ld+json\" class=\"yoast-schema-graph\">{\"@context\":\"https:\\\/\\\/schema.org\",\"@graph\":[{\"@type\":\"Article\",\"@id\":\"https:\\\/\\\/mont-roig.cat\\\/es\\\/actualitat\\\/noticies\\\/buen-tiempo-y-ambiente-festivo-en-la-celebracion-de-sant-jordi\\\/#article\",\"isPartOf\":{\"@id\":\"https:\\\/\\\/mont-roig.cat\\\/es\\\/actualitat\\\/noticies\\\/buen-tiempo-y-ambiente-festivo-en-la-celebracion-de-sant-jordi\\\/\"},\"author\":{\"name\":\"administrador\",\"@id\":\"https:\\\/\\\/mont-roig.cat\\\/es\\\/#\\\/schema\\\/person\\\/f2b111789f22b7d0c3bd6786c9128cba\"},\"headline\":\"Buen tiempo y ambiente festivo en la celebraci\u00f3n de Sant Jordi\",\"datePublished\":\"2015-04-24T09:28:43+00:00\",\"mainEntityOfPage\":{\"@id\":\"https:\\\/\\\/mont-roig.cat\\\/es\\\/actualitat\\\/noticies\\\/buen-tiempo-y-ambiente-festivo-en-la-celebracion-de-sant-jordi\\\/\"},\"wordCount\":586,\"commentCount\":0,\"image\":{\"@id\":\"https:\\\/\\\/mont-roig.cat\\\/es\\\/actualitat\\\/noticies\\\/buen-tiempo-y-ambiente-festivo-en-la-celebracion-de-sant-jordi\\\/#primaryimage\"},\"thumbnailUrl\":\"https:\\\/\\\/mont-roig.cat\\\/wp-content\\\/uploads\\\/2015_04_23_sant_jordi_mont-roig_i_miami_017_0.jpg\",\"articleSection\":[\"Festes\"],\"inLanguage\":\"es\"},{\"@type\":\"WebPage\",\"@id\":\"https:\\\/\\\/mont-roig.cat\\\/es\\\/actualitat\\\/noticies\\\/buen-tiempo-y-ambiente-festivo-en-la-celebracion-de-sant-jordi\\\/\",\"url\":\"https:\\\/\\\/mont-roig.cat\\\/es\\\/actualitat\\\/noticies\\\/buen-tiempo-y-ambiente-festivo-en-la-celebracion-de-sant-jordi\\\/\",\"name\":\"Buen tiempo y ambiente festivo en la celebraci\u00f3n de Sant Jordi - Ajuntament de Mont-roig del Camp\",\"isPartOf\":{\"@id\":\"https:\\\/\\\/mont-roig.cat\\\/es\\\/#website\"},\"primaryImageOfPage\":{\"@id\":\"https:\\\/\\\/mont-roig.cat\\\/es\\\/actualitat\\\/noticies\\\/buen-tiempo-y-ambiente-festivo-en-la-celebracion-de-sant-jordi\\\/#primaryimage\"},\"image\":{\"@id\":\"https:\\\/\\\/mont-roig.cat\\\/es\\\/actualitat\\\/noticies\\\/buen-tiempo-y-ambiente-festivo-en-la-celebracion-de-sant-jordi\\\/#primaryimage\"},\"thumbnailUrl\":\"https:\\\/\\\/mont-roig.cat\\\/wp-content\\\/uploads\\\/2015_04_23_sant_jordi_mont-roig_i_miami_017_0.jpg\",\"datePublished\":\"2015-04-24T09:28:43+00:00\",\"author\":{\"@id\":\"https:\\\/\\\/mont-roig.cat\\\/es\\\/#\\\/schema\\\/person\\\/f2b111789f22b7d0c3bd6786c9128cba\"},\"breadcrumb\":{\"@id\":\"https:\\\/\\\/mont-roig.cat\\\/es\\\/actualitat\\\/noticies\\\/buen-tiempo-y-ambiente-festivo-en-la-celebracion-de-sant-jordi\\\/#breadcrumb\"},\"inLanguage\":\"es\",\"potentialAction\":[{\"@type\":\"ReadAction\",\"target\":[\"https:\\\/\\\/mont-roig.cat\\\/es\\\/actualitat\\\/noticies\\\/buen-tiempo-y-ambiente-festivo-en-la-celebracion-de-sant-jordi\\\/\"]}]},{\"@type\":\"ImageObject\",\"inLanguage\":\"es\",\"@id\":\"https:\\\/\\\/mont-roig.cat\\\/es\\\/actualitat\\\/noticies\\\/buen-tiempo-y-ambiente-festivo-en-la-celebracion-de-sant-jordi\\\/#primaryimage\",\"url\":\"https:\\\/\\\/mont-roig.cat\\\/wp-content\\\/uploads\\\/2015_04_23_sant_jordi_mont-roig_i_miami_017_0.jpg\",\"contentUrl\":\"https:\\\/\\\/mont-roig.cat\\\/wp-content\\\/uploads\\\/2015_04_23_sant_jordi_mont-roig_i_miami_017_0.jpg\",\"width\":3264,\"height\":2448},{\"@type\":\"BreadcrumbList\",\"@id\":\"https:\\\/\\\/mont-roig.cat\\\/es\\\/actualitat\\\/noticies\\\/buen-tiempo-y-ambiente-festivo-en-la-celebracion-de-sant-jordi\\\/#breadcrumb\",\"itemListElement\":[{\"@type\":\"ListItem\",\"position\":1,\"name\":\"Inici\",\"item\":\"https:\\\/\\\/mont-roig.cat\\\/es\\\/pagina-de-inicio\\\/\"},{\"@type\":\"ListItem\",\"position\":2,\"name\":\"Buen tiempo y ambiente festivo en la celebraci\u00f3n de Sant Jordi\"}]},{\"@type\":\"WebSite\",\"@id\":\"https:\\\/\\\/mont-roig.cat\\\/es\\\/#website\",\"url\":\"https:\\\/\\\/mont-roig.cat\\\/es\\\/\",\"name\":\"Ajuntament de Mont-roig del Camp\",\"description\":\"Tota la informaci\u00f3 sobre la instituci\u00f3, els seus \u00f2rgans de govern, actualitat, serveis i molt m\u00e9s.\",\"potentialAction\":[{\"@type\":\"SearchAction\",\"target\":{\"@type\":\"EntryPoint\",\"urlTemplate\":\"https:\\\/\\\/mont-roig.cat\\\/es\\\/?s={search_term_string}\"},\"query-input\":{\"@type\":\"PropertyValueSpecification\",\"valueRequired\":true,\"valueName\":\"search_term_string\"}}],\"inLanguage\":\"es\"},{\"@type\":\"Person\",\"@id\":\"https:\\\/\\\/mont-roig.cat\\\/es\\\/#\\\/schema\\\/person\\\/f2b111789f22b7d0c3bd6786c9128cba\",\"name\":\"administrador\",\"image\":{\"@type\":\"ImageObject\",\"inLanguage\":\"es\",\"@id\":\"https:\\\/\\\/secure.gravatar.com\\\/avatar\\\/9137aac6891e2595c9d3036fd83bcb653b4db3c946db4c7d9b9be193c3c944bb?s=96&d=mm&r=g\",\"url\":\"https:\\\/\\\/secure.gravatar.com\\\/avatar\\\/9137aac6891e2595c9d3036fd83bcb653b4db3c946db4c7d9b9be193c3c944bb?s=96&d=mm&r=g\",\"contentUrl\":\"https:\\\/\\\/secure.gravatar.com\\\/avatar\\\/9137aac6891e2595c9d3036fd83bcb653b4db3c946db4c7d9b9be193c3c944bb?s=96&d=mm&r=g\",\"caption\":\"administrador\"},\"url\":\"https:\\\/\\\/mont-roig.cat\\\/es\\\/actualitat\\\/noticies\\\/author\\\/administrador\\\/\"}]}<\/script>\n<!-- \/ Yoast SEO plugin. -->","yoast_head_json":{"title":"Buen tiempo y ambiente festivo en la celebraci\u00f3n de Sant Jordi - Ajuntament de Mont-roig del Camp","robots":{"index":"index","follow":"follow","max-snippet":"max-snippet:-1","max-image-preview":"max-image-preview:large","max-video-preview":"max-video-preview:-1"},"canonical":"https:\/\/mont-roig.cat\/es\/actualitat\/noticies\/buen-tiempo-y-ambiente-festivo-en-la-celebracion-de-sant-jordi\/","og_locale":"es_ES","og_type":"article","og_title":"Buen tiempo y ambiente festivo en la celebraci\u00f3n de Sant Jordi - Ajuntament de Mont-roig del Camp","og_description":"La plaza Moss\u00e8n Gaiet\u00e0 Ivern de Mont-roig y la plaza del centro Polivalente de Miami, centros neur\u00e1lgicos de la celebraci\u00f3n El cambio de emplazamiento fue una de las novedades de este Sant Jordi en Mont-roig. La finalizaci\u00f3n de la segunda fase de las obras del casco antiguo permiti\u00f3 realizar las actividades en la plaza Moss\u00e8n [&hellip;]","og_url":"https:\/\/mont-roig.cat\/es\/actualitat\/noticies\/buen-tiempo-y-ambiente-festivo-en-la-celebracion-de-sant-jordi\/","og_site_name":"Ajuntament de Mont-roig del Camp","article_published_time":"2015-04-24T09:28:43+00:00","og_image":[{"width":3264,"height":2448,"url":"https:\/\/mont-roig.cat\/wp-content\/uploads\/2015_04_23_sant_jordi_mont-roig_i_miami_017_0.jpg","type":"image\/jpeg"}],"author":"administrador","twitter_card":"summary_large_image","twitter_misc":{"Escrito por":"administrador","Tiempo de lectura":"3 minutos"},"schema":{"@context":"https:\/\/schema.org","@graph":[{"@type":"Article","@id":"https:\/\/mont-roig.cat\/es\/actualitat\/noticies\/buen-tiempo-y-ambiente-festivo-en-la-celebracion-de-sant-jordi\/#article","isPartOf":{"@id":"https:\/\/mont-roig.cat\/es\/actualitat\/noticies\/buen-tiempo-y-ambiente-festivo-en-la-celebracion-de-sant-jordi\/"},"author":{"name":"administrador","@id":"https:\/\/mont-roig.cat\/es\/#\/schema\/person\/f2b111789f22b7d0c3bd6786c9128cba"},"headline":"Buen tiempo y ambiente festivo en la celebraci\u00f3n de Sant Jordi","datePublished":"2015-04-24T09:28:43+00:00","mainEntityOfPage":{"@id":"https:\/\/mont-roig.cat\/es\/actualitat\/noticies\/buen-tiempo-y-ambiente-festivo-en-la-celebracion-de-sant-jordi\/"},"wordCount":586,"commentCount":0,"image":{"@id":"https:\/\/mont-roig.cat\/es\/actualitat\/noticies\/buen-tiempo-y-ambiente-festivo-en-la-celebracion-de-sant-jordi\/#primaryimage"},"thumbnailUrl":"https:\/\/mont-roig.cat\/wp-content\/uploads\/2015_04_23_sant_jordi_mont-roig_i_miami_017_0.jpg","articleSection":["Festes"],"inLanguage":"es"},{"@type":"WebPage","@id":"https:\/\/mont-roig.cat\/es\/actualitat\/noticies\/buen-tiempo-y-ambiente-festivo-en-la-celebracion-de-sant-jordi\/","url":"https:\/\/mont-roig.cat\/es\/actualitat\/noticies\/buen-tiempo-y-ambiente-festivo-en-la-celebracion-de-sant-jordi\/","name":"Buen tiempo y ambiente festivo en la celebraci\u00f3n de Sant Jordi - Ajuntament de Mont-roig del Camp","isPartOf":{"@id":"https:\/\/mont-roig.cat\/es\/#website"},"primaryImageOfPage":{"@id":"https:\/\/mont-roig.cat\/es\/actualitat\/noticies\/buen-tiempo-y-ambiente-festivo-en-la-celebracion-de-sant-jordi\/#primaryimage"},"image":{"@id":"https:\/\/mont-roig.cat\/es\/actualitat\/noticies\/buen-tiempo-y-ambiente-festivo-en-la-celebracion-de-sant-jordi\/#primaryimage"},"thumbnailUrl":"https:\/\/mont-roig.cat\/wp-content\/uploads\/2015_04_23_sant_jordi_mont-roig_i_miami_017_0.jpg","datePublished":"2015-04-24T09:28:43+00:00","author":{"@id":"https:\/\/mont-roig.cat\/es\/#\/schema\/person\/f2b111789f22b7d0c3bd6786c9128cba"},"breadcrumb":{"@id":"https:\/\/mont-roig.cat\/es\/actualitat\/noticies\/buen-tiempo-y-ambiente-festivo-en-la-celebracion-de-sant-jordi\/#breadcrumb"},"inLanguage":"es","potentialAction":[{"@type":"ReadAction","target":["https:\/\/mont-roig.cat\/es\/actualitat\/noticies\/buen-tiempo-y-ambiente-festivo-en-la-celebracion-de-sant-jordi\/"]}]},{"@type":"ImageObject","inLanguage":"es","@id":"https:\/\/mont-roig.cat\/es\/actualitat\/noticies\/buen-tiempo-y-ambiente-festivo-en-la-celebracion-de-sant-jordi\/#primaryimage","url":"https:\/\/mont-roig.cat\/wp-content\/uploads\/2015_04_23_sant_jordi_mont-roig_i_miami_017_0.jpg","contentUrl":"https:\/\/mont-roig.cat\/wp-content\/uploads\/2015_04_23_sant_jordi_mont-roig_i_miami_017_0.jpg","width":3264,"height":2448},{"@type":"BreadcrumbList","@id":"https:\/\/mont-roig.cat\/es\/actualitat\/noticies\/buen-tiempo-y-ambiente-festivo-en-la-celebracion-de-sant-jordi\/#breadcrumb","itemListElement":[{"@type":"ListItem","position":1,"name":"Inici","item":"https:\/\/mont-roig.cat\/es\/pagina-de-inicio\/"},{"@type":"ListItem","position":2,"name":"Buen tiempo y ambiente festivo en la celebraci\u00f3n de Sant Jordi"}]},{"@type":"WebSite","@id":"https:\/\/mont-roig.cat\/es\/#website","url":"https:\/\/mont-roig.cat\/es\/","name":"Ajuntament de Mont-roig del Camp","description":"Tota la informaci\u00f3 sobre la instituci\u00f3, els seus \u00f2rgans de govern, actualitat, serveis i molt m\u00e9s.","potentialAction":[{"@type":"SearchAction","target":{"@type":"EntryPoint","urlTemplate":"https:\/\/mont-roig.cat\/es\/?s={search_term_string}"},"query-input":{"@type":"PropertyValueSpecification","valueRequired":true,"valueName":"search_term_string"}}],"inLanguage":"es"},{"@type":"Person","@id":"https:\/\/mont-roig.cat\/es\/#\/schema\/person\/f2b111789f22b7d0c3bd6786c9128cba","name":"administrador","image":{"@type":"ImageObject","inLanguage":"es","@id":"https:\/\/secure.gravatar.com\/avatar\/9137aac6891e2595c9d3036fd83bcb653b4db3c946db4c7d9b9be193c3c944bb?s=96&d=mm&r=g","url":"https:\/\/secure.gravatar.com\/avatar\/9137aac6891e2595c9d3036fd83bcb653b4db3c946db4c7d9b9be193c3c944bb?s=96&d=mm&r=g","contentUrl":"https:\/\/secure.gravatar.com\/avatar\/9137aac6891e2595c9d3036fd83bcb653b4db3c946db4c7d9b9be193c3c944bb?s=96&d=mm&r=g","caption":"administrador"},"url":"https:\/\/mont-roig.cat\/es\/actualitat\/noticies\/author\/administrador\/"}]}},"_links":{"self":[{"href":"https:\/\/mont-roig.cat\/es\/wp-json\/wp\/v2\/posts\/4408","targetHints":{"allow":["GET"]}}],"collection":[{"href":"https:\/\/mont-roig.cat\/es\/wp-json\/wp\/v2\/posts"}],"about":[{"href":"https:\/\/mont-roig.cat\/es\/wp-json\/wp\/v2\/types\/post"}],"author":[{"embeddable":true,"href":"https:\/\/mont-roig.cat\/es\/wp-json\/wp\/v2\/users\/4"}],"replies":[{"embeddable":true,"href":"https:\/\/mont-roig.cat\/es\/wp-json\/wp\/v2\/comments?post=4408"}],"version-history":[{"count":0,"href":"https:\/\/mont-roig.cat\/es\/wp-json\/wp\/v2\/posts\/4408\/revisions"}],"wp:featuredmedia":[{"embeddable":true,"href":"https:\/\/mont-roig.cat\/es\/wp-json\/wp\/v2\/media\/6370"}],"wp:attachment":[{"href":"https:\/\/mont-roig.cat\/es\/wp-json\/wp\/v2\/media?parent=4408"}],"wp:term":[{"taxonomy":"category","embeddable":true,"href":"https:\/\/mont-roig.cat\/es\/wp-json\/wp\/v2\/categories?post=4408"},{"taxonomy":"post_tag","embeddable":true,"href":"https:\/\/mont-roig.cat\/es\/wp-json\/wp\/v2\/tags?post=4408"}],"curies":[{"name":"wp","href":"https:\/\/api.w.org\/{rel}","templated":true}]}}