{"id":44162,"date":"2020-03-13T16:33:40","date_gmt":"2020-03-13T15:33:40","guid":{"rendered":"https:\/\/mont-roig.cat\/actualitat\/noticies\/lajuntament-de-mont-roig-del-camp-amplia-les-mesures-extraordinaries-per-prevenir-el-coronavirus\/"},"modified":"2020-03-27T13:58:44","modified_gmt":"2020-03-27T12:58:44","slug":"el-ayuntamiento-de-mont-roig-del-camp-amplia-las-medidas-extraordinarias-para-prevenir-el-coronavirus","status":"publish","type":"post","link":"https:\/\/mont-roig.cat\/es\/actualitat\/noticies\/el-ayuntamiento-de-mont-roig-del-camp-amplia-las-medidas-extraordinarias-para-prevenir-el-coronavirus\/","title":{"rendered":"El Ayuntamiento de Mont-roig del Camp ampl\u00eda las medidas extraordinarias para prevenir el coronavirus"},"content":{"rendered":"<ul>\n<li style=\"text-align: justify;\"><strong>Se cierran los parques infantiles municipales, la Ermita de la Mare de D\u00e9u de la Roca y las oficinas de turismo y de promoci\u00f3n econ\u00f3mica<\/strong><\/li>\n<li style=\"text-align: justify;\"><strong>Se revocan temporalmente las licencias de ocupaci\u00f3n de las terrazas de bares y restaurantes y a partir del lunes 16 de marzo se suspende tambi\u00e9n el transporte p\u00fablico municipal<\/strong><\/li>\n<\/ul>\n<p style=\"text-align: justify;\">En una reuni\u00f3n de coordinaci\u00f3n mantenida esta ma\u00f1ana con los responsables de todos los departamentos del Ayuntamiento, las entidades p\u00fablicas municipales, los concejales del equipo de gobierno y el Alcalde, se ha acordado ampliar las medidas extraordinarias para frenar la propagaci\u00f3n del Covid-19 en todos aquellos \u00e1mbitos que son competencia municipal. Se trata de nuevas medidas, que se suman a las que ya se han tomado en las \u00faltimas 48 horas y que siguen las recomendaciones de los gobiernos catal\u00e1n y estatal.<\/p>\n<p style=\"text-align: justify;\">Entre las nuevas medidas acordadas destaca el cierre de todos los parques infantiles p\u00fablicos, con el objetivo de contribuir a disuadir a las familias del municipio a llevar a sus hijos e hijas a estos espacios.<\/p>\n<p style=\"text-align: justify;\">Tambi\u00e9n con el objetivo de contribuir a disuadir a la ciudadan\u00eda a salir de casa, se revocan temporalmente las licencias de ocupaci\u00f3n de las terrazas de bares y restaurantes. Con este mismo objetivo se ha acordado suspender el servicio de transporte urbano de viajeros a partir del pr\u00f3ximo lunes 16 de marzo.<\/p>\n<p style=\"text-align: justify;\">Por otra parte, en cuanto a instalaciones, se cierra la Ermita de la Mare de D\u00e9u de la\u00a0 Roca de Mont-roig y todas las dependencias municipales que hab\u00edan quedado en activo exceptuando las OMAC, que funcionar\u00e1n con servicios m\u00ednimos y cita previa obligada y las atenciones a la ciudadan\u00eda del departamento de Servicios Sociales, de Nostraigua y Polic\u00eda Local. Por lo tanto, permanecer\u00e1n cerrados los siguientes equipamientos municipales: las Oficinas de turismo, el Espai, las bibliotecas, los centros de j\u00f3venes y de personas mayores, los polideportivos, la Casa de Cultura, la Esgl\u00e9sia Vella, el Centro Polivalente y los jardines de infancia.<\/p>\n<p style=\"text-align: justify;\">Paralelamente, todo el personal del Ayuntamiento, Nostraigua y Nostreserveis, de acuerdo con su vocaci\u00f3n de servicio p\u00fablico, contin\u00faa trabajando y dise\u00f1ando planes de trabajo que se puedan llevar a cabo en modalidad de teletrabajo o en equipamientos cerrados, para garantizar a los vecinos y vecinas que los servicios b\u00e1sicos se siguen prestando y que el Ayuntamiento, la administraci\u00f3n p\u00fablica m\u00e1s cercana a la ciudadan\u00eda, contin\u00faa estando a su servicio.<\/p>\n<p>Todas estas medidas se suman a las que ya se han tomado las \u00faltimas horas y que se pueden consultar en la <a style=\"text-align: justify;\" href=\"https:\/\/mont-roig.cat\/es\/coronavirus\/\" target=\"_blank\" rel=\"noopener noreferrer\">p\u00e1gina especial dedicada al Coronavirus<\/a><span style=\"text-align: justify;\"> que ha habilitado el Ayuntamiento.<\/span><\/p>\n<p style=\"text-align: justify;\"><strong>Otra informaci\u00f3n de inter\u00e9s:<\/strong><\/p>\n<p style=\"text-align: justify;\">En el caso de las bibliotecas, se cierran tambi\u00e9n los buzones de devoluci\u00f3n de libros y se informa a la ciudadan\u00eda que los libros en pr\u00e9stamo no se deben volver hasta que se reabran los servicios.<\/p>\n<p style=\"text-align: justify;\">En cuanto al Centro de D\u00eda L&#8217;Onada, seg\u00fan informan desde la propia direcci\u00f3n, este se mantiene abierto siguiendo las recomendaciones de las autoridades sanitarias, con restricciones de acceso, intensificaci\u00f3n de los protocolos de limpieza y otras medidas.<\/p>\n","protected":false},"excerpt":{"rendered":"<p>Se cierran los parques infantiles municipales, la Ermita de la Mare de D\u00e9u de la Roca y las oficinas de turismo y de promoci\u00f3n econ\u00f3mica Se revocan temporalmente las licencias de ocupaci\u00f3n de las terrazas de bares y restaurantes y a partir del lunes 16 de marzo se suspende tambi\u00e9n el transporte p\u00fablico municipal En [&hellip;]<\/p>\n","protected":false},"author":4,"featured_media":0,"comment_status":"closed","ping_status":"closed","sticky":false,"template":"","format":"standard","meta":{"inline_featured_image":false,"_monsterinsights_skip_tracking":false,"_monsterinsights_sitenote_active":false,"_monsterinsights_sitenote_note":"","_monsterinsights_sitenote_category":0,"footnotes":""},"categories":[178,186,112],"tags":[],"class_list":["post-44162","post","type-post","status-publish","format-standard","hentry","category-coronavirus","category-coronavirus-otras","category-sanidad-y-salud-publica"],"yoast_head":"<!-- This site is optimized with the Yoast SEO plugin v27.4 - https:\/\/yoast.com\/product\/yoast-seo-wordpress\/ -->\n<title>El Ayuntamiento de Mont-roig del Camp ampl\u00eda las medidas extraordinarias para prevenir el coronavirus - Ajuntament de Mont-roig del Camp<\/title>\n<meta name=\"robots\" content=\"index, follow, max-snippet:-1, max-image-preview:large, max-video-preview:-1\" \/>\n<link rel=\"canonical\" href=\"https:\/\/mont-roig.cat\/es\/actualitat\/noticies\/el-ayuntamiento-de-mont-roig-del-camp-amplia-las-medidas-extraordinarias-para-prevenir-el-coronavirus\/\" \/>\n<meta property=\"og:locale\" content=\"es_ES\" \/>\n<meta property=\"og:type\" content=\"article\" \/>\n<meta property=\"og:title\" content=\"El Ayuntamiento de Mont-roig del Camp ampl\u00eda las medidas extraordinarias para prevenir el coronavirus - Ajuntament de Mont-roig del Camp\" \/>\n<meta property=\"og:description\" content=\"Se cierran los parques infantiles municipales, la Ermita de la Mare de D\u00e9u de la Roca y las oficinas de turismo y de promoci\u00f3n econ\u00f3mica Se revocan temporalmente las licencias de ocupaci\u00f3n de las terrazas de bares y restaurantes y a partir del lunes 16 de marzo se suspende tambi\u00e9n el transporte p\u00fablico municipal En [&hellip;]\" \/>\n<meta property=\"og:url\" content=\"https:\/\/mont-roig.cat\/es\/actualitat\/noticies\/el-ayuntamiento-de-mont-roig-del-camp-amplia-las-medidas-extraordinarias-para-prevenir-el-coronavirus\/\" \/>\n<meta property=\"og:site_name\" content=\"Ajuntament de Mont-roig del Camp\" \/>\n<meta property=\"article:published_time\" content=\"2020-03-13T15:33:40+00:00\" \/>\n<meta property=\"article:modified_time\" content=\"2020-03-27T12:58:44+00:00\" \/>\n<meta property=\"og:image\" content=\"https:\/\/mont-roig.cat\/wp-content\/uploads\/mont-roig_logotip_2tintes.jpg\" \/>\n\t<meta property=\"og:image:width\" content=\"1134\" \/>\n\t<meta property=\"og:image:height\" content=\"806\" \/>\n\t<meta property=\"og:image:type\" content=\"image\/jpeg\" \/>\n<meta name=\"author\" content=\"administrador\" \/>\n<meta name=\"twitter:card\" content=\"summary_large_image\" \/>\n<meta name=\"twitter:label1\" content=\"Escrito por\" \/>\n\t<meta name=\"twitter:data1\" content=\"administrador\" \/>\n\t<meta name=\"twitter:label2\" content=\"Tiempo de lectura\" \/>\n\t<meta name=\"twitter:data2\" content=\"3 minutos\" \/>\n<script type=\"application\/ld+json\" class=\"yoast-schema-graph\">{\"@context\":\"https:\\\/\\\/schema.org\",\"@graph\":[{\"@type\":\"Article\",\"@id\":\"https:\\\/\\\/mont-roig.cat\\\/es\\\/actualitat\\\/noticies\\\/el-ayuntamiento-de-mont-roig-del-camp-amplia-las-medidas-extraordinarias-para-prevenir-el-coronavirus\\\/#article\",\"isPartOf\":{\"@id\":\"https:\\\/\\\/mont-roig.cat\\\/es\\\/actualitat\\\/noticies\\\/el-ayuntamiento-de-mont-roig-del-camp-amplia-las-medidas-extraordinarias-para-prevenir-el-coronavirus\\\/\"},\"author\":{\"name\":\"administrador\",\"@id\":\"https:\\\/\\\/mont-roig.cat\\\/es\\\/#\\\/schema\\\/person\\\/f2b111789f22b7d0c3bd6786c9128cba\"},\"headline\":\"El Ayuntamiento de Mont-roig del Camp ampl\u00eda las medidas extraordinarias para prevenir el coronavirus\",\"datePublished\":\"2020-03-13T15:33:40+00:00\",\"dateModified\":\"2020-03-27T12:58:44+00:00\",\"mainEntityOfPage\":{\"@id\":\"https:\\\/\\\/mont-roig.cat\\\/es\\\/actualitat\\\/noticies\\\/el-ayuntamiento-de-mont-roig-del-camp-amplia-las-medidas-extraordinarias-para-prevenir-el-coronavirus\\\/\"},\"wordCount\":562,\"articleSection\":[\"Coronavirus\",\"Coronavirus - otras medidas\",\"Sanidad y Salud p\u00fablica\"],\"inLanguage\":\"es\"},{\"@type\":\"WebPage\",\"@id\":\"https:\\\/\\\/mont-roig.cat\\\/es\\\/actualitat\\\/noticies\\\/el-ayuntamiento-de-mont-roig-del-camp-amplia-las-medidas-extraordinarias-para-prevenir-el-coronavirus\\\/\",\"url\":\"https:\\\/\\\/mont-roig.cat\\\/es\\\/actualitat\\\/noticies\\\/el-ayuntamiento-de-mont-roig-del-camp-amplia-las-medidas-extraordinarias-para-prevenir-el-coronavirus\\\/\",\"name\":\"El Ayuntamiento de Mont-roig del Camp ampl\u00eda las medidas extraordinarias para prevenir el coronavirus - Ajuntament de Mont-roig del Camp\",\"isPartOf\":{\"@id\":\"https:\\\/\\\/mont-roig.cat\\\/es\\\/#website\"},\"datePublished\":\"2020-03-13T15:33:40+00:00\",\"dateModified\":\"2020-03-27T12:58:44+00:00\",\"author\":{\"@id\":\"https:\\\/\\\/mont-roig.cat\\\/es\\\/#\\\/schema\\\/person\\\/f2b111789f22b7d0c3bd6786c9128cba\"},\"breadcrumb\":{\"@id\":\"https:\\\/\\\/mont-roig.cat\\\/es\\\/actualitat\\\/noticies\\\/el-ayuntamiento-de-mont-roig-del-camp-amplia-las-medidas-extraordinarias-para-prevenir-el-coronavirus\\\/#breadcrumb\"},\"inLanguage\":\"es\",\"potentialAction\":[{\"@type\":\"ReadAction\",\"target\":[\"https:\\\/\\\/mont-roig.cat\\\/es\\\/actualitat\\\/noticies\\\/el-ayuntamiento-de-mont-roig-del-camp-amplia-las-medidas-extraordinarias-para-prevenir-el-coronavirus\\\/\"]}]},{\"@type\":\"BreadcrumbList\",\"@id\":\"https:\\\/\\\/mont-roig.cat\\\/es\\\/actualitat\\\/noticies\\\/el-ayuntamiento-de-mont-roig-del-camp-amplia-las-medidas-extraordinarias-para-prevenir-el-coronavirus\\\/#breadcrumb\",\"itemListElement\":[{\"@type\":\"ListItem\",\"position\":1,\"name\":\"Inici\",\"item\":\"https:\\\/\\\/mont-roig.cat\\\/es\\\/pagina-de-inicio\\\/\"},{\"@type\":\"ListItem\",\"position\":2,\"name\":\"El Ayuntamiento de Mont-roig del Camp ampl\u00eda las medidas extraordinarias para prevenir el coronavirus\"}]},{\"@type\":\"WebSite\",\"@id\":\"https:\\\/\\\/mont-roig.cat\\\/es\\\/#website\",\"url\":\"https:\\\/\\\/mont-roig.cat\\\/es\\\/\",\"name\":\"Ajuntament de Mont-roig del Camp\",\"description\":\"Tota la informaci\u00f3 sobre la instituci\u00f3, els seus \u00f2rgans de govern, actualitat, serveis i molt m\u00e9s.\",\"potentialAction\":[{\"@type\":\"SearchAction\",\"target\":{\"@type\":\"EntryPoint\",\"urlTemplate\":\"https:\\\/\\\/mont-roig.cat\\\/es\\\/?s={search_term_string}\"},\"query-input\":{\"@type\":\"PropertyValueSpecification\",\"valueRequired\":true,\"valueName\":\"search_term_string\"}}],\"inLanguage\":\"es\"},{\"@type\":\"Person\",\"@id\":\"https:\\\/\\\/mont-roig.cat\\\/es\\\/#\\\/schema\\\/person\\\/f2b111789f22b7d0c3bd6786c9128cba\",\"name\":\"administrador\",\"image\":{\"@type\":\"ImageObject\",\"inLanguage\":\"es\",\"@id\":\"https:\\\/\\\/secure.gravatar.com\\\/avatar\\\/9137aac6891e2595c9d3036fd83bcb653b4db3c946db4c7d9b9be193c3c944bb?s=96&d=mm&r=g\",\"url\":\"https:\\\/\\\/secure.gravatar.com\\\/avatar\\\/9137aac6891e2595c9d3036fd83bcb653b4db3c946db4c7d9b9be193c3c944bb?s=96&d=mm&r=g\",\"contentUrl\":\"https:\\\/\\\/secure.gravatar.com\\\/avatar\\\/9137aac6891e2595c9d3036fd83bcb653b4db3c946db4c7d9b9be193c3c944bb?s=96&d=mm&r=g\",\"caption\":\"administrador\"},\"url\":\"https:\\\/\\\/mont-roig.cat\\\/es\\\/actualitat\\\/noticies\\\/author\\\/administrador\\\/\"}]}<\/script>\n<!-- \/ Yoast SEO plugin. -->","yoast_head_json":{"title":"El Ayuntamiento de Mont-roig del Camp ampl\u00eda las medidas extraordinarias para prevenir el coronavirus - Ajuntament de Mont-roig del Camp","robots":{"index":"index","follow":"follow","max-snippet":"max-snippet:-1","max-image-preview":"max-image-preview:large","max-video-preview":"max-video-preview:-1"},"canonical":"https:\/\/mont-roig.cat\/es\/actualitat\/noticies\/el-ayuntamiento-de-mont-roig-del-camp-amplia-las-medidas-extraordinarias-para-prevenir-el-coronavirus\/","og_locale":"es_ES","og_type":"article","og_title":"El Ayuntamiento de Mont-roig del Camp ampl\u00eda las medidas extraordinarias para prevenir el coronavirus - Ajuntament de Mont-roig del Camp","og_description":"Se cierran los parques infantiles municipales, la Ermita de la Mare de D\u00e9u de la Roca y las oficinas de turismo y de promoci\u00f3n econ\u00f3mica Se revocan temporalmente las licencias de ocupaci\u00f3n de las terrazas de bares y restaurantes y a partir del lunes 16 de marzo se suspende tambi\u00e9n el transporte p\u00fablico municipal En [&hellip;]","og_url":"https:\/\/mont-roig.cat\/es\/actualitat\/noticies\/el-ayuntamiento-de-mont-roig-del-camp-amplia-las-medidas-extraordinarias-para-prevenir-el-coronavirus\/","og_site_name":"Ajuntament de Mont-roig del Camp","article_published_time":"2020-03-13T15:33:40+00:00","article_modified_time":"2020-03-27T12:58:44+00:00","og_image":[{"width":1134,"height":806,"url":"https:\/\/mont-roig.cat\/wp-content\/uploads\/mont-roig_logotip_2tintes.jpg","type":"image\/jpeg"}],"author":"administrador","twitter_card":"summary_large_image","twitter_misc":{"Escrito por":"administrador","Tiempo de lectura":"3 minutos"},"schema":{"@context":"https:\/\/schema.org","@graph":[{"@type":"Article","@id":"https:\/\/mont-roig.cat\/es\/actualitat\/noticies\/el-ayuntamiento-de-mont-roig-del-camp-amplia-las-medidas-extraordinarias-para-prevenir-el-coronavirus\/#article","isPartOf":{"@id":"https:\/\/mont-roig.cat\/es\/actualitat\/noticies\/el-ayuntamiento-de-mont-roig-del-camp-amplia-las-medidas-extraordinarias-para-prevenir-el-coronavirus\/"},"author":{"name":"administrador","@id":"https:\/\/mont-roig.cat\/es\/#\/schema\/person\/f2b111789f22b7d0c3bd6786c9128cba"},"headline":"El Ayuntamiento de Mont-roig del Camp ampl\u00eda las medidas extraordinarias para prevenir el coronavirus","datePublished":"2020-03-13T15:33:40+00:00","dateModified":"2020-03-27T12:58:44+00:00","mainEntityOfPage":{"@id":"https:\/\/mont-roig.cat\/es\/actualitat\/noticies\/el-ayuntamiento-de-mont-roig-del-camp-amplia-las-medidas-extraordinarias-para-prevenir-el-coronavirus\/"},"wordCount":562,"articleSection":["Coronavirus","Coronavirus - otras medidas","Sanidad y Salud p\u00fablica"],"inLanguage":"es"},{"@type":"WebPage","@id":"https:\/\/mont-roig.cat\/es\/actualitat\/noticies\/el-ayuntamiento-de-mont-roig-del-camp-amplia-las-medidas-extraordinarias-para-prevenir-el-coronavirus\/","url":"https:\/\/mont-roig.cat\/es\/actualitat\/noticies\/el-ayuntamiento-de-mont-roig-del-camp-amplia-las-medidas-extraordinarias-para-prevenir-el-coronavirus\/","name":"El Ayuntamiento de Mont-roig del Camp ampl\u00eda las medidas extraordinarias para prevenir el coronavirus - Ajuntament de Mont-roig del Camp","isPartOf":{"@id":"https:\/\/mont-roig.cat\/es\/#website"},"datePublished":"2020-03-13T15:33:40+00:00","dateModified":"2020-03-27T12:58:44+00:00","author":{"@id":"https:\/\/mont-roig.cat\/es\/#\/schema\/person\/f2b111789f22b7d0c3bd6786c9128cba"},"breadcrumb":{"@id":"https:\/\/mont-roig.cat\/es\/actualitat\/noticies\/el-ayuntamiento-de-mont-roig-del-camp-amplia-las-medidas-extraordinarias-para-prevenir-el-coronavirus\/#breadcrumb"},"inLanguage":"es","potentialAction":[{"@type":"ReadAction","target":["https:\/\/mont-roig.cat\/es\/actualitat\/noticies\/el-ayuntamiento-de-mont-roig-del-camp-amplia-las-medidas-extraordinarias-para-prevenir-el-coronavirus\/"]}]},{"@type":"BreadcrumbList","@id":"https:\/\/mont-roig.cat\/es\/actualitat\/noticies\/el-ayuntamiento-de-mont-roig-del-camp-amplia-las-medidas-extraordinarias-para-prevenir-el-coronavirus\/#breadcrumb","itemListElement":[{"@type":"ListItem","position":1,"name":"Inici","item":"https:\/\/mont-roig.cat\/es\/pagina-de-inicio\/"},{"@type":"ListItem","position":2,"name":"El Ayuntamiento de Mont-roig del Camp ampl\u00eda las medidas extraordinarias para prevenir el coronavirus"}]},{"@type":"WebSite","@id":"https:\/\/mont-roig.cat\/es\/#website","url":"https:\/\/mont-roig.cat\/es\/","name":"Ajuntament de Mont-roig del Camp","description":"Tota la informaci\u00f3 sobre la instituci\u00f3, els seus \u00f2rgans de govern, actualitat, serveis i molt m\u00e9s.","potentialAction":[{"@type":"SearchAction","target":{"@type":"EntryPoint","urlTemplate":"https:\/\/mont-roig.cat\/es\/?s={search_term_string}"},"query-input":{"@type":"PropertyValueSpecification","valueRequired":true,"valueName":"search_term_string"}}],"inLanguage":"es"},{"@type":"Person","@id":"https:\/\/mont-roig.cat\/es\/#\/schema\/person\/f2b111789f22b7d0c3bd6786c9128cba","name":"administrador","image":{"@type":"ImageObject","inLanguage":"es","@id":"https:\/\/secure.gravatar.com\/avatar\/9137aac6891e2595c9d3036fd83bcb653b4db3c946db4c7d9b9be193c3c944bb?s=96&d=mm&r=g","url":"https:\/\/secure.gravatar.com\/avatar\/9137aac6891e2595c9d3036fd83bcb653b4db3c946db4c7d9b9be193c3c944bb?s=96&d=mm&r=g","contentUrl":"https:\/\/secure.gravatar.com\/avatar\/9137aac6891e2595c9d3036fd83bcb653b4db3c946db4c7d9b9be193c3c944bb?s=96&d=mm&r=g","caption":"administrador"},"url":"https:\/\/mont-roig.cat\/es\/actualitat\/noticies\/author\/administrador\/"}]}},"_links":{"self":[{"href":"https:\/\/mont-roig.cat\/es\/wp-json\/wp\/v2\/posts\/44162","targetHints":{"allow":["GET"]}}],"collection":[{"href":"https:\/\/mont-roig.cat\/es\/wp-json\/wp\/v2\/posts"}],"about":[{"href":"https:\/\/mont-roig.cat\/es\/wp-json\/wp\/v2\/types\/post"}],"author":[{"embeddable":true,"href":"https:\/\/mont-roig.cat\/es\/wp-json\/wp\/v2\/users\/4"}],"replies":[{"embeddable":true,"href":"https:\/\/mont-roig.cat\/es\/wp-json\/wp\/v2\/comments?post=44162"}],"version-history":[{"count":2,"href":"https:\/\/mont-roig.cat\/es\/wp-json\/wp\/v2\/posts\/44162\/revisions"}],"predecessor-version":[{"id":44164,"href":"https:\/\/mont-roig.cat\/es\/wp-json\/wp\/v2\/posts\/44162\/revisions\/44164"}],"wp:attachment":[{"href":"https:\/\/mont-roig.cat\/es\/wp-json\/wp\/v2\/media?parent=44162"}],"wp:term":[{"taxonomy":"category","embeddable":true,"href":"https:\/\/mont-roig.cat\/es\/wp-json\/wp\/v2\/categories?post=44162"},{"taxonomy":"post_tag","embeddable":true,"href":"https:\/\/mont-roig.cat\/es\/wp-json\/wp\/v2\/tags?post=44162"}],"curies":[{"name":"wp","href":"https:\/\/api.w.org\/{rel}","templated":true}]}}