{"id":4422,"date":"2015-04-29T11:22:36","date_gmt":"2015-04-29T11:22:36","guid":{"rendered":""},"modified":"2015-04-29T11:22:36","modified_gmt":"2015-04-29T11:22:36","slug":"el-instituto-antoni-ballester-de-mont-roig-gana-uno-de-los-premios-mobile-learning","status":"publish","type":"post","link":"https:\/\/mont-roig.cat\/es\/actualitat\/noticies\/el-instituto-antoni-ballester-de-mont-roig-gana-uno-de-los-premios-mobile-learning\/","title":{"rendered":"El Instituto Antoni Ballester de Mont-roig gana uno de los premios Mobile Learning"},"content":{"rendered":"<div class=\"body\">\n<div>\n<p><strong><img decoding=\"async\" alt=\"Proyecto &quot;La creaci\u00f3n art\u00edstica: de la obra a la exposici\u00f3n&quot;\" class=\"requadre\" src=\"http:\/\/mont-roig.cat\/wp-content\/uploads\/premi_mobile_learning_0.jpg\" style=\"height: 151px; width: 300px; margin: 10px; float: right;\" title=\"Proyecto &quot;La creaci\u00f3n art\u00edstica: de la obra a la exposici\u00f3n&quot;\" \/><\/strong><\/p>\n<p><strong>La iniciativa premia la incorporaci\u00f3n de dispositivos m\u00f3viles como metodolog\u00eda docente<\/strong><\/p>\n<p>La revista Educaci\u00f3n 3.0 ha otorgado uno de los premios Mobile Learning a Alexandra Estop\u00e0 Blanch, profesora de visual y pl\u00e1stica del Instituto Antoni Ballester de Mont-roig. El Mobile Learning premia la incorporaci\u00f3n de dispositivos m\u00f3viles, como tabletas o smartphones en las aulas como parte de la metodolog\u00eda docente.<\/p>\n<p>Dentro del proyecto &#8220;La creaci\u00f3n art\u00edstica: de la obra a la exposici\u00f3n&#8221;, los alumnos de 3\u00ba B crearon una versi\u00f3n xxl con espuma de algunos elementos que se venden en la cafeter\u00eda del centro. Para exponerlo crearon unos carteles interactivos donde se pod\u00eda comprobar el proceso. Para visualizar los contenidos de los carteles los alumnos pod\u00edan utilizar la aplicaci\u00f3n Aurasma y seguir el hastag ARTXXL.<\/p>\n<p>Se presentaron m\u00e1s de 150 proyectos a nivel estatal y se seleccionaron 10, de entre ellos, el proyecto de Mont-roig. La iniciativa tiene por objetivo promover la motivaci\u00f3n de los estudiantes, aumentar la creatividad, la comunicaci\u00f3n y fomentar el trabajo&nbsp;<\/p>\n<\/div>\n<\/div>\n<div class=\"field_noticia_img_portada\">\n<div>Imatge portada<\/div>\n<p><img decoding=\"async\" src=\"http:\/\/mont-roig.cat\/wp-content\/uploads\/premi_mobile_learning.jpg\" title=\"premi_mobile_learning.jpg\" alt=\"premi_mobile_learning.jpg\" \/><\/div>\n<div class=\"field_noticia_imatge\">\n<div>Imatges<\/div>\n<p><img decoding=\"async\" src=\"http:\/\/mont-roig.cat\/wp-content\/uploads\/captura_de_pantalla_2015-01-20_a_les_9.29.13.png\" title=\"captura_de_pantalla_2015-01-20_a_les_9.29.13.png\" alt=\"captura_de_pantalla_2015-01-20_a_les_9.29.13.png\" \/><\/div>\n<div class=\"field_noticia_imatge\">\n<div>Imatges<\/div>\n<p><img decoding=\"async\" src=\"http:\/\/mont-roig.cat\/wp-content\/uploads\/captura_de_pantalla_2015-04-28_a_les_9.47.30.png\" title=\"captura_de_pantalla_2015-04-28_a_les_9.47.30.png\" alt=\"captura_de_pantalla_2015-04-28_a_les_9.47.30.png\" \/><\/div>\n<div class=\"field_noticia_imatge\">\n<div>Imatges<\/div>\n<p><img decoding=\"async\" src=\"http:\/\/mont-roig.cat\/wp-content\/uploads\/img_7805.jpg\" title=\"img_7805.jpg\" alt=\"img_7805.jpg\" \/><\/div>\n<div class=\"field_noticia_imatge\">\n<div>Imatges<\/div>\n<p><img decoding=\"async\" src=\"http:\/\/mont-roig.cat\/wp-content\/uploads\/entrepa_be.jpg\" title=\"entrepa_be.jpg\" alt=\"entrepa_be.jpg\" \/><\/div>\n","protected":false},"excerpt":{"rendered":"<p>La iniciativa premia la incorporaci\u00f3n de dispositivos m\u00f3viles como metodolog\u00eda docente La revista Educaci\u00f3n 3.0 ha otorgado uno de los premios Mobile Learning a Alexandra Estop\u00e0 Blanch, profesora de visual y pl\u00e1stica del Instituto Antoni Ballester de Mont-roig. El Mobile Learning premia la incorporaci\u00f3n de dispositivos m\u00f3viles, como tabletas o smartphones en las aulas como [&hellip;]<\/p>\n","protected":false},"author":4,"featured_media":6435,"comment_status":"open","ping_status":"open","sticky":false,"template":"","format":"standard","meta":{"inline_featured_image":false,"_monsterinsights_skip_tracking":false,"_monsterinsights_sitenote_active":false,"_monsterinsights_sitenote_note":"","_monsterinsights_sitenote_category":0,"footnotes":""},"categories":[103],"tags":[],"class_list":["post-4422","post","type-post","status-publish","format-standard","has-post-thumbnail","hentry","category-educacion"],"yoast_head":"<!-- This site is optimized with the Yoast SEO plugin v27.4 - https:\/\/yoast.com\/product\/yoast-seo-wordpress\/ -->\n<title>El Instituto Antoni Ballester de Mont-roig gana uno de los premios Mobile Learning - Ajuntament de Mont-roig del Camp<\/title>\n<meta name=\"robots\" content=\"index, follow, max-snippet:-1, max-image-preview:large, max-video-preview:-1\" \/>\n<link rel=\"canonical\" href=\"https:\/\/mont-roig.cat\/es\/actualitat\/noticies\/el-instituto-antoni-ballester-de-mont-roig-gana-uno-de-los-premios-mobile-learning\/\" \/>\n<meta property=\"og:locale\" content=\"es_ES\" \/>\n<meta property=\"og:type\" content=\"article\" \/>\n<meta property=\"og:title\" content=\"El Instituto Antoni Ballester de Mont-roig gana uno de los premios Mobile Learning - Ajuntament de Mont-roig del Camp\" \/>\n<meta property=\"og:description\" content=\"La iniciativa premia la incorporaci\u00f3n de dispositivos m\u00f3viles como metodolog\u00eda docente La revista Educaci\u00f3n 3.0 ha otorgado uno de los premios Mobile Learning a Alexandra Estop\u00e0 Blanch, profesora de visual y pl\u00e1stica del Instituto Antoni Ballester de Mont-roig. El Mobile Learning premia la incorporaci\u00f3n de dispositivos m\u00f3viles, como tabletas o smartphones en las aulas como [&hellip;]\" \/>\n<meta property=\"og:url\" content=\"https:\/\/mont-roig.cat\/es\/actualitat\/noticies\/el-instituto-antoni-ballester-de-mont-roig-gana-uno-de-los-premios-mobile-learning\/\" \/>\n<meta property=\"og:site_name\" content=\"Ajuntament de Mont-roig del Camp\" \/>\n<meta property=\"article:published_time\" content=\"2015-04-29T11:22:36+00:00\" \/>\n<meta property=\"og:image\" content=\"https:\/\/mont-roig.cat\/wp-content\/uploads\/premi_mobile_learning_0.jpg\" \/>\n\t<meta property=\"og:image:width\" content=\"2168\" \/>\n\t<meta property=\"og:image:height\" content=\"1092\" \/>\n\t<meta property=\"og:image:type\" content=\"image\/jpeg\" \/>\n<meta name=\"author\" content=\"administrador\" \/>\n<meta name=\"twitter:card\" content=\"summary_large_image\" \/>\n<meta name=\"twitter:label1\" content=\"Escrito por\" \/>\n\t<meta name=\"twitter:data1\" content=\"administrador\" \/>\n\t<meta name=\"twitter:label2\" content=\"Tiempo de lectura\" \/>\n\t<meta name=\"twitter:data2\" content=\"1 minuto\" \/>\n<script type=\"application\/ld+json\" class=\"yoast-schema-graph\">{\"@context\":\"https:\\\/\\\/schema.org\",\"@graph\":[{\"@type\":\"Article\",\"@id\":\"https:\\\/\\\/mont-roig.cat\\\/es\\\/actualitat\\\/noticies\\\/el-instituto-antoni-ballester-de-mont-roig-gana-uno-de-los-premios-mobile-learning\\\/#article\",\"isPartOf\":{\"@id\":\"https:\\\/\\\/mont-roig.cat\\\/es\\\/actualitat\\\/noticies\\\/el-instituto-antoni-ballester-de-mont-roig-gana-uno-de-los-premios-mobile-learning\\\/\"},\"author\":{\"name\":\"administrador\",\"@id\":\"https:\\\/\\\/mont-roig.cat\\\/es\\\/#\\\/schema\\\/person\\\/f2b111789f22b7d0c3bd6786c9128cba\"},\"headline\":\"El Instituto Antoni Ballester de Mont-roig gana uno de los premios Mobile Learning\",\"datePublished\":\"2015-04-29T11:22:36+00:00\",\"mainEntityOfPage\":{\"@id\":\"https:\\\/\\\/mont-roig.cat\\\/es\\\/actualitat\\\/noticies\\\/el-instituto-antoni-ballester-de-mont-roig-gana-uno-de-los-premios-mobile-learning\\\/\"},\"wordCount\":200,\"commentCount\":0,\"image\":{\"@id\":\"https:\\\/\\\/mont-roig.cat\\\/es\\\/actualitat\\\/noticies\\\/el-instituto-antoni-ballester-de-mont-roig-gana-uno-de-los-premios-mobile-learning\\\/#primaryimage\"},\"thumbnailUrl\":\"https:\\\/\\\/mont-roig.cat\\\/wp-content\\\/uploads\\\/premi_mobile_learning_0.jpg\",\"articleSection\":[\"Educaci\u00f3n\"],\"inLanguage\":\"es\"},{\"@type\":\"WebPage\",\"@id\":\"https:\\\/\\\/mont-roig.cat\\\/es\\\/actualitat\\\/noticies\\\/el-instituto-antoni-ballester-de-mont-roig-gana-uno-de-los-premios-mobile-learning\\\/\",\"url\":\"https:\\\/\\\/mont-roig.cat\\\/es\\\/actualitat\\\/noticies\\\/el-instituto-antoni-ballester-de-mont-roig-gana-uno-de-los-premios-mobile-learning\\\/\",\"name\":\"El Instituto Antoni Ballester de Mont-roig gana uno de los premios Mobile Learning - Ajuntament de Mont-roig del Camp\",\"isPartOf\":{\"@id\":\"https:\\\/\\\/mont-roig.cat\\\/es\\\/#website\"},\"primaryImageOfPage\":{\"@id\":\"https:\\\/\\\/mont-roig.cat\\\/es\\\/actualitat\\\/noticies\\\/el-instituto-antoni-ballester-de-mont-roig-gana-uno-de-los-premios-mobile-learning\\\/#primaryimage\"},\"image\":{\"@id\":\"https:\\\/\\\/mont-roig.cat\\\/es\\\/actualitat\\\/noticies\\\/el-instituto-antoni-ballester-de-mont-roig-gana-uno-de-los-premios-mobile-learning\\\/#primaryimage\"},\"thumbnailUrl\":\"https:\\\/\\\/mont-roig.cat\\\/wp-content\\\/uploads\\\/premi_mobile_learning_0.jpg\",\"datePublished\":\"2015-04-29T11:22:36+00:00\",\"author\":{\"@id\":\"https:\\\/\\\/mont-roig.cat\\\/es\\\/#\\\/schema\\\/person\\\/f2b111789f22b7d0c3bd6786c9128cba\"},\"breadcrumb\":{\"@id\":\"https:\\\/\\\/mont-roig.cat\\\/es\\\/actualitat\\\/noticies\\\/el-instituto-antoni-ballester-de-mont-roig-gana-uno-de-los-premios-mobile-learning\\\/#breadcrumb\"},\"inLanguage\":\"es\",\"potentialAction\":[{\"@type\":\"ReadAction\",\"target\":[\"https:\\\/\\\/mont-roig.cat\\\/es\\\/actualitat\\\/noticies\\\/el-instituto-antoni-ballester-de-mont-roig-gana-uno-de-los-premios-mobile-learning\\\/\"]}]},{\"@type\":\"ImageObject\",\"inLanguage\":\"es\",\"@id\":\"https:\\\/\\\/mont-roig.cat\\\/es\\\/actualitat\\\/noticies\\\/el-instituto-antoni-ballester-de-mont-roig-gana-uno-de-los-premios-mobile-learning\\\/#primaryimage\",\"url\":\"https:\\\/\\\/mont-roig.cat\\\/wp-content\\\/uploads\\\/premi_mobile_learning_0.jpg\",\"contentUrl\":\"https:\\\/\\\/mont-roig.cat\\\/wp-content\\\/uploads\\\/premi_mobile_learning_0.jpg\",\"width\":2168,\"height\":1092},{\"@type\":\"BreadcrumbList\",\"@id\":\"https:\\\/\\\/mont-roig.cat\\\/es\\\/actualitat\\\/noticies\\\/el-instituto-antoni-ballester-de-mont-roig-gana-uno-de-los-premios-mobile-learning\\\/#breadcrumb\",\"itemListElement\":[{\"@type\":\"ListItem\",\"position\":1,\"name\":\"Inici\",\"item\":\"https:\\\/\\\/mont-roig.cat\\\/es\\\/pagina-de-inicio\\\/\"},{\"@type\":\"ListItem\",\"position\":2,\"name\":\"El Instituto Antoni Ballester de Mont-roig gana uno de los premios Mobile Learning\"}]},{\"@type\":\"WebSite\",\"@id\":\"https:\\\/\\\/mont-roig.cat\\\/es\\\/#website\",\"url\":\"https:\\\/\\\/mont-roig.cat\\\/es\\\/\",\"name\":\"Ajuntament de Mont-roig del Camp\",\"description\":\"Tota la informaci\u00f3 sobre la instituci\u00f3, els seus \u00f2rgans de govern, actualitat, serveis i molt m\u00e9s.\",\"potentialAction\":[{\"@type\":\"SearchAction\",\"target\":{\"@type\":\"EntryPoint\",\"urlTemplate\":\"https:\\\/\\\/mont-roig.cat\\\/es\\\/?s={search_term_string}\"},\"query-input\":{\"@type\":\"PropertyValueSpecification\",\"valueRequired\":true,\"valueName\":\"search_term_string\"}}],\"inLanguage\":\"es\"},{\"@type\":\"Person\",\"@id\":\"https:\\\/\\\/mont-roig.cat\\\/es\\\/#\\\/schema\\\/person\\\/f2b111789f22b7d0c3bd6786c9128cba\",\"name\":\"administrador\",\"image\":{\"@type\":\"ImageObject\",\"inLanguage\":\"es\",\"@id\":\"https:\\\/\\\/secure.gravatar.com\\\/avatar\\\/9137aac6891e2595c9d3036fd83bcb653b4db3c946db4c7d9b9be193c3c944bb?s=96&d=mm&r=g\",\"url\":\"https:\\\/\\\/secure.gravatar.com\\\/avatar\\\/9137aac6891e2595c9d3036fd83bcb653b4db3c946db4c7d9b9be193c3c944bb?s=96&d=mm&r=g\",\"contentUrl\":\"https:\\\/\\\/secure.gravatar.com\\\/avatar\\\/9137aac6891e2595c9d3036fd83bcb653b4db3c946db4c7d9b9be193c3c944bb?s=96&d=mm&r=g\",\"caption\":\"administrador\"},\"url\":\"https:\\\/\\\/mont-roig.cat\\\/es\\\/actualitat\\\/noticies\\\/author\\\/administrador\\\/\"}]}<\/script>\n<!-- \/ Yoast SEO plugin. -->","yoast_head_json":{"title":"El Instituto Antoni Ballester de Mont-roig gana uno de los premios Mobile Learning - Ajuntament de Mont-roig del Camp","robots":{"index":"index","follow":"follow","max-snippet":"max-snippet:-1","max-image-preview":"max-image-preview:large","max-video-preview":"max-video-preview:-1"},"canonical":"https:\/\/mont-roig.cat\/es\/actualitat\/noticies\/el-instituto-antoni-ballester-de-mont-roig-gana-uno-de-los-premios-mobile-learning\/","og_locale":"es_ES","og_type":"article","og_title":"El Instituto Antoni Ballester de Mont-roig gana uno de los premios Mobile Learning - Ajuntament de Mont-roig del Camp","og_description":"La iniciativa premia la incorporaci\u00f3n de dispositivos m\u00f3viles como metodolog\u00eda docente La revista Educaci\u00f3n 3.0 ha otorgado uno de los premios Mobile Learning a Alexandra Estop\u00e0 Blanch, profesora de visual y pl\u00e1stica del Instituto Antoni Ballester de Mont-roig. El Mobile Learning premia la incorporaci\u00f3n de dispositivos m\u00f3viles, como tabletas o smartphones en las aulas como [&hellip;]","og_url":"https:\/\/mont-roig.cat\/es\/actualitat\/noticies\/el-instituto-antoni-ballester-de-mont-roig-gana-uno-de-los-premios-mobile-learning\/","og_site_name":"Ajuntament de Mont-roig del Camp","article_published_time":"2015-04-29T11:22:36+00:00","og_image":[{"width":2168,"height":1092,"url":"https:\/\/mont-roig.cat\/wp-content\/uploads\/premi_mobile_learning_0.jpg","type":"image\/jpeg"}],"author":"administrador","twitter_card":"summary_large_image","twitter_misc":{"Escrito por":"administrador","Tiempo de lectura":"1 minuto"},"schema":{"@context":"https:\/\/schema.org","@graph":[{"@type":"Article","@id":"https:\/\/mont-roig.cat\/es\/actualitat\/noticies\/el-instituto-antoni-ballester-de-mont-roig-gana-uno-de-los-premios-mobile-learning\/#article","isPartOf":{"@id":"https:\/\/mont-roig.cat\/es\/actualitat\/noticies\/el-instituto-antoni-ballester-de-mont-roig-gana-uno-de-los-premios-mobile-learning\/"},"author":{"name":"administrador","@id":"https:\/\/mont-roig.cat\/es\/#\/schema\/person\/f2b111789f22b7d0c3bd6786c9128cba"},"headline":"El Instituto Antoni Ballester de Mont-roig gana uno de los premios Mobile Learning","datePublished":"2015-04-29T11:22:36+00:00","mainEntityOfPage":{"@id":"https:\/\/mont-roig.cat\/es\/actualitat\/noticies\/el-instituto-antoni-ballester-de-mont-roig-gana-uno-de-los-premios-mobile-learning\/"},"wordCount":200,"commentCount":0,"image":{"@id":"https:\/\/mont-roig.cat\/es\/actualitat\/noticies\/el-instituto-antoni-ballester-de-mont-roig-gana-uno-de-los-premios-mobile-learning\/#primaryimage"},"thumbnailUrl":"https:\/\/mont-roig.cat\/wp-content\/uploads\/premi_mobile_learning_0.jpg","articleSection":["Educaci\u00f3n"],"inLanguage":"es"},{"@type":"WebPage","@id":"https:\/\/mont-roig.cat\/es\/actualitat\/noticies\/el-instituto-antoni-ballester-de-mont-roig-gana-uno-de-los-premios-mobile-learning\/","url":"https:\/\/mont-roig.cat\/es\/actualitat\/noticies\/el-instituto-antoni-ballester-de-mont-roig-gana-uno-de-los-premios-mobile-learning\/","name":"El Instituto Antoni Ballester de Mont-roig gana uno de los premios Mobile Learning - Ajuntament de Mont-roig del Camp","isPartOf":{"@id":"https:\/\/mont-roig.cat\/es\/#website"},"primaryImageOfPage":{"@id":"https:\/\/mont-roig.cat\/es\/actualitat\/noticies\/el-instituto-antoni-ballester-de-mont-roig-gana-uno-de-los-premios-mobile-learning\/#primaryimage"},"image":{"@id":"https:\/\/mont-roig.cat\/es\/actualitat\/noticies\/el-instituto-antoni-ballester-de-mont-roig-gana-uno-de-los-premios-mobile-learning\/#primaryimage"},"thumbnailUrl":"https:\/\/mont-roig.cat\/wp-content\/uploads\/premi_mobile_learning_0.jpg","datePublished":"2015-04-29T11:22:36+00:00","author":{"@id":"https:\/\/mont-roig.cat\/es\/#\/schema\/person\/f2b111789f22b7d0c3bd6786c9128cba"},"breadcrumb":{"@id":"https:\/\/mont-roig.cat\/es\/actualitat\/noticies\/el-instituto-antoni-ballester-de-mont-roig-gana-uno-de-los-premios-mobile-learning\/#breadcrumb"},"inLanguage":"es","potentialAction":[{"@type":"ReadAction","target":["https:\/\/mont-roig.cat\/es\/actualitat\/noticies\/el-instituto-antoni-ballester-de-mont-roig-gana-uno-de-los-premios-mobile-learning\/"]}]},{"@type":"ImageObject","inLanguage":"es","@id":"https:\/\/mont-roig.cat\/es\/actualitat\/noticies\/el-instituto-antoni-ballester-de-mont-roig-gana-uno-de-los-premios-mobile-learning\/#primaryimage","url":"https:\/\/mont-roig.cat\/wp-content\/uploads\/premi_mobile_learning_0.jpg","contentUrl":"https:\/\/mont-roig.cat\/wp-content\/uploads\/premi_mobile_learning_0.jpg","width":2168,"height":1092},{"@type":"BreadcrumbList","@id":"https:\/\/mont-roig.cat\/es\/actualitat\/noticies\/el-instituto-antoni-ballester-de-mont-roig-gana-uno-de-los-premios-mobile-learning\/#breadcrumb","itemListElement":[{"@type":"ListItem","position":1,"name":"Inici","item":"https:\/\/mont-roig.cat\/es\/pagina-de-inicio\/"},{"@type":"ListItem","position":2,"name":"El Instituto Antoni Ballester de Mont-roig gana uno de los premios Mobile Learning"}]},{"@type":"WebSite","@id":"https:\/\/mont-roig.cat\/es\/#website","url":"https:\/\/mont-roig.cat\/es\/","name":"Ajuntament de Mont-roig del Camp","description":"Tota la informaci\u00f3 sobre la instituci\u00f3, els seus \u00f2rgans de govern, actualitat, serveis i molt m\u00e9s.","potentialAction":[{"@type":"SearchAction","target":{"@type":"EntryPoint","urlTemplate":"https:\/\/mont-roig.cat\/es\/?s={search_term_string}"},"query-input":{"@type":"PropertyValueSpecification","valueRequired":true,"valueName":"search_term_string"}}],"inLanguage":"es"},{"@type":"Person","@id":"https:\/\/mont-roig.cat\/es\/#\/schema\/person\/f2b111789f22b7d0c3bd6786c9128cba","name":"administrador","image":{"@type":"ImageObject","inLanguage":"es","@id":"https:\/\/secure.gravatar.com\/avatar\/9137aac6891e2595c9d3036fd83bcb653b4db3c946db4c7d9b9be193c3c944bb?s=96&d=mm&r=g","url":"https:\/\/secure.gravatar.com\/avatar\/9137aac6891e2595c9d3036fd83bcb653b4db3c946db4c7d9b9be193c3c944bb?s=96&d=mm&r=g","contentUrl":"https:\/\/secure.gravatar.com\/avatar\/9137aac6891e2595c9d3036fd83bcb653b4db3c946db4c7d9b9be193c3c944bb?s=96&d=mm&r=g","caption":"administrador"},"url":"https:\/\/mont-roig.cat\/es\/actualitat\/noticies\/author\/administrador\/"}]}},"_links":{"self":[{"href":"https:\/\/mont-roig.cat\/es\/wp-json\/wp\/v2\/posts\/4422","targetHints":{"allow":["GET"]}}],"collection":[{"href":"https:\/\/mont-roig.cat\/es\/wp-json\/wp\/v2\/posts"}],"about":[{"href":"https:\/\/mont-roig.cat\/es\/wp-json\/wp\/v2\/types\/post"}],"author":[{"embeddable":true,"href":"https:\/\/mont-roig.cat\/es\/wp-json\/wp\/v2\/users\/4"}],"replies":[{"embeddable":true,"href":"https:\/\/mont-roig.cat\/es\/wp-json\/wp\/v2\/comments?post=4422"}],"version-history":[{"count":0,"href":"https:\/\/mont-roig.cat\/es\/wp-json\/wp\/v2\/posts\/4422\/revisions"}],"wp:featuredmedia":[{"embeddable":true,"href":"https:\/\/mont-roig.cat\/es\/wp-json\/wp\/v2\/media\/6435"}],"wp:attachment":[{"href":"https:\/\/mont-roig.cat\/es\/wp-json\/wp\/v2\/media?parent=4422"}],"wp:term":[{"taxonomy":"category","embeddable":true,"href":"https:\/\/mont-roig.cat\/es\/wp-json\/wp\/v2\/categories?post=4422"},{"taxonomy":"post_tag","embeddable":true,"href":"https:\/\/mont-roig.cat\/es\/wp-json\/wp\/v2\/tags?post=4422"}],"curies":[{"name":"wp","href":"https:\/\/api.w.org\/{rel}","templated":true}]}}