{"id":44228,"date":"2020-03-14T23:20:48","date_gmt":"2020-03-14T22:20:48","guid":{"rendered":"https:\/\/mont-roig.cat\/?p=44228"},"modified":"2020-03-16T08:43:35","modified_gmt":"2020-03-16T07:43:35","slug":"resumen-de-la-intervencion-del-presidente-del-gobierno-espanol-pedro-sanchez","status":"publish","type":"post","link":"https:\/\/mont-roig.cat\/es\/actualitat\/noticies\/resumen-de-la-intervencion-del-presidente-del-gobierno-espanol-pedro-sanchez\/","title":{"rendered":"Resumen de la intervenci\u00f3n del presidente del gobierno espa\u00f1ol Pedro S\u00e1nchez"},"content":{"rendered":"<p style=\"text-align: justify;\">El presidente del gobierno espa\u00f1ol, Pedro S\u00e1nchez, ha anunciado, en una comparecencia que ha tenido lugar esta noche, la aprobaci\u00f3n del Estado de Alarma y un paquete de medidas extraordinarias que se activan para combatir el contagio del Covid-19 .<\/p>\n<p style=\"text-align: justify;\">Este es el resumen de su intervenci\u00f3n:<\/p>\n<p style=\"text-align: justify;\">\u2705 En el Consejo de Ministros extraordinario hemos aprobado el Estado de Alarma<\/p>\n<p style=\"text-align: justify;\">\u2705 Espa\u00f1a se enfrenta a una pandemia que es mundial. Una crisis sanitaria, econ\u00f3mica y social a la que debemos responder con excelencia cient\u00edfica y con todos los recursos necesarios<\/p>\n<p style=\"text-align: justify;\">\u2705 FASE CONTENCI\u00d3N: Los escenarios son cambiantes y requieren de respuestas adaptadas. Hasta ahora y, siempre aconsejados por los expertos en epidemias y pandemias, est\u00e1bamos en fase de contenci\u00f3n reforzada<\/p>\n<p style=\"text-align: justify;\">\u2705 ESTADO DE ALARMA: Entramos en una nueva fase activando el mecanismo constitucional que es el Estado de Alarma<\/p>\n<p style=\"text-align: justify;\">\u2705 RESPUESTAS: Nuestra prioridad es la salud de todos pero debemos atender tambi\u00e9n a las familias, trabajadores y empresas.<\/p>\n<p style=\"text-align: justify;\">\u2705 MEDIDAS: Ser\u00e1n cuatro grupos de medidas: en apoyo a trabajadores, aut\u00f3nomos, empresarios, familias y colectivos vulnerables; en apoyo a flexibilizaci\u00f3n de los mecanismos de ajuste temporal de actividad para evitar despidos (ERTE&#8217;s); en apoyo a la actividad econ\u00f3mica y de empresas para garantizar liquidez; en apoyo a la investigaci\u00f3n de la vacuna contra el coronavirus. Todas las medidas se sumar\u00e1n a otras que iremos aprobando y a las activas desde el 10 de marzo.<\/p>\n<p style=\"text-align: justify;\">\u2705 MEDIDAS: Las medidas recogidas en el Estado de Alarma incluyen:<\/p>\n<p style=\"text-align: justify;\">\u2714 Duraci\u00f3n: afecta a todo el territorio nacional durante 15 d\u00edas, que podr\u00e1n prorrogarse con autorizaci\u00f3n del Congreso<\/p>\n<p style=\"text-align: justify;\">\u2714 Autoridad: en todo el territorio ser\u00e1 el Gobierno de Espa\u00f1a a partir de hoy<\/p>\n<p style=\"text-align: justify;\">\u2714 Autoridades: ser\u00e1n tambi\u00e9n autoridades competentes delegadas la ministra Margarita Robles, y los ministros Fernando Grande Marlaska, Jos\u00e9 Luis \u00c1balos y Salvador Illa, habilitados para dictar los acuerdos, resoluciones, disposiciones e instrucciones interpretativas que sean necesarias<\/p>\n<p style=\"text-align: justify;\">\u2714 FyCSE: todos los Cuerpos de Polic\u00eda de las CCAA y de las Corporaciones Locales quedar\u00e1n bajo las \u00f3rdenes directas del ministro del Interior<\/p>\n<p style=\"text-align: justify;\">\u2714 Protecci\u00f3n Civil: Los servicios de intervenci\u00f3n y asistencia en emergencias de protecci\u00f3n civil actuar\u00e1n tambi\u00e9n bajo la dependencia funcional del ministro del Interior.<\/p>\n<p style=\"text-align: justify;\">\u2714 Fuerzas Armadas: en cualquier momento y cuando sea necesario dispondremos de su actuaci\u00f3n<\/p>\n<p style=\"text-align: justify;\">\u2714 Circulaci\u00f3n: los ciudadanos podr\u00e1n circular por la v\u00eda p\u00fablica solo para adquisici\u00f3n de alimentos, productos farmac\u00e9uticos y de primera necesidad;\u00a0 asistencia a servicios sanitarios;\u00a0 desplazamiento al lugar de trabajo;\u00a0 retorno al lugar de residencia; asistencia y cuidado a mayores, menores, dependientes, personas con discapacidad o personas especialmente vulnerables;\u00a0 desplazamiento a entidades financieras;\u00a0 por causa de fuerza mayor; cualquier otra actividad de an\u00e1loga naturaleza debidamente justificada. Los desplazamientos tendr\u00e1n que ser individuales, salvo para personas que necesiten ir acompa\u00f1adas.<\/p>\n<p style=\"text-align: justify;\">\u2714 Veh\u00edculos: se permitir\u00e1 la circulaci\u00f3n de veh\u00edculos particulares para la realizaci\u00f3n de esas actividades y para el repostaje en gasolineras<\/p>\n<p style=\"text-align: justify;\">\u2714 Carreteras: el ministro del Interior podr\u00e1 acordar el cierre a la circulaci\u00f3n de carreteras o tramos de ellas<\/p>\n<p style=\"text-align: justify;\">\u2714 Educaci\u00f3n: queda suspendida la actividad educativa o de formaci\u00f3n presencial en todos los centros y etapas, ciclos, grados, cursos y niveles de ense\u00f1anza<\/p>\n<p style=\"text-align: justify;\">\u2714 Comercios: queda suspendida toda la actividad comercial minorista a excepci\u00f3n de los comercios de alimentos, productos farmac\u00e9uticos, sanitarios y de primera necesidad, quedando suspendida la posibilidad de consumo de productos en los propios establecimientos<\/p>\n<p style=\"text-align: justify;\">\u2714 Ocio: quedan suspendidas las actividades y establecimientos recreativos y otras adicionales. Se suspenden asimismo las actividades de hosteler\u00eda y restauraci\u00f3n, pudiendo prestar exclusivamente servicios de entrega a domicilio. Quedan suspendidas tambi\u00e9n las verbenas, desfiles y fiestas populares<\/p>\n<p style=\"text-align: justify;\">\u2714 Lugares de culto: la asistencia a los lugares de culto y las ceremonias civiles y religiosas, incluidas las f\u00fanebres, se condicionan a evitar aglomeraciones<\/p>\n<p style=\"text-align: justify;\">\u2714 Sanidad: todas las Autoridades civiles de la Administraciones P\u00fablicas del territorio nacional, y en particular las sanitarias, as\u00ed como los dem\u00e1s funcionarios y trabajadores al servicio de las mismas, quedan bajo las \u00f3rdenes directas del Ministro de Sanidad. Las Administraciones p\u00fablicas auton\u00f3micas y locales mantendr\u00e1n la gesti\u00f3n, dentro de su \u00e1mbito de competencias. Todos los medios sanitarios civiles y militares, p\u00fablicos y privados, se ponen a disposici\u00f3n del ministro de Sanidad<\/p>\n<p style=\"text-align: justify;\">\u2714Suministros de bienes: el Ministro de Sanidad podr\u00e1 impartir las \u00f3rdenes necesarias para asegurar el abastecimiento del mercado, intervenir y ocupar transitoriamente industrias, f\u00e1bricas, talleres, explotaciones o locales de cualquier naturaleza, incluidos los centros, servicios y establecimientos sanitarios de titularidad privada, as\u00ed como la industria farmac\u00e9utica. Practicar requisas temporales o imponer prestaciones personales obligatorias.<\/p>\n<p style=\"text-align: justify;\">\u2714 Movilidad: el Ministro de Transportes queda habilitado para dictar los acuerdos sean necesarios para garantizar los servicios de movilidad, ordinarios o extraordinarios, en orden a la protecci\u00f3n de personas. Se mantiene el 100% de cercan\u00edas, transporte p\u00fablico de viajeros por carretera, ferroviario y mar\u00edtimo. Se reduce a la mitad los servicios ferroviarios de media distancia, servicios regulares de transporte de viajeros por carretera y mar\u00edtimo<\/p>\n<p style=\"text-align: justify;\">\u2714 Suministros: el Gobierno de Espa\u00f1a garantiza el suministro alimentario en todos los supermercados y tiendas de alimentaci\u00f3n, as\u00ed como el suministro de energ\u00eda el\u00e9ctrica, gas natural y derivados del petr\u00f3leo<\/p>\n<p style=\"text-align: justify;\">\n<p style=\"text-align: justify;\">M\u00e1s informaci\u00f3n:<\/p>\n<ul>\n<li style=\"text-align: justify;\"><a href=\"https:\/\/mont-roig.cat\/wp-content\/uploads\/200314_NP_CM_RD_Estado_alarma_Medidas_transporte_pdf_pdf_pdf.pdf\" target=\"_blank\" rel=\"noopener noreferrer\">Nota de prensa del Ministerio de Transportes, Movilidad y Agenda urbana<\/a><\/li>\n<\/ul>\n","protected":false},"excerpt":{"rendered":"<p>El presidente del gobierno espa\u00f1ol, Pedro S\u00e1nchez, ha anunciado, en una comparecencia que ha tenido lugar esta noche, la aprobaci\u00f3n del Estado de Alarma y un paquete de medidas extraordinarias que se activan para combatir el contagio del Covid-19 . Este es el resumen de su intervenci\u00f3n: \u2705 En el Consejo de Ministros extraordinario hemos [&hellip;]<\/p>\n","protected":false},"author":4,"featured_media":44238,"comment_status":"closed","ping_status":"closed","sticky":false,"template":"","format":"standard","meta":{"inline_featured_image":false,"_monsterinsights_skip_tracking":false,"_monsterinsights_sitenote_active":false,"_monsterinsights_sitenote_note":"","_monsterinsights_sitenote_category":0,"footnotes":""},"categories":[178,186],"tags":[],"class_list":["post-44228","post","type-post","status-publish","format-standard","has-post-thumbnail","hentry","category-coronavirus","category-coronavirus-otras"],"yoast_head":"<!-- This site is optimized with the Yoast SEO plugin v27.4 - https:\/\/yoast.com\/product\/yoast-seo-wordpress\/ -->\n<title>Resumen de la intervenci\u00f3n del presidente del gobierno espa\u00f1ol Pedro S\u00e1nchez - Ajuntament de Mont-roig del Camp<\/title>\n<meta name=\"robots\" content=\"index, follow, max-snippet:-1, max-image-preview:large, max-video-preview:-1\" \/>\n<link rel=\"canonical\" href=\"https:\/\/mont-roig.cat\/es\/actualitat\/noticies\/resumen-de-la-intervencion-del-presidente-del-gobierno-espanol-pedro-sanchez\/\" \/>\n<meta property=\"og:locale\" content=\"es_ES\" \/>\n<meta property=\"og:type\" content=\"article\" \/>\n<meta property=\"og:title\" content=\"Resumen de la intervenci\u00f3n del presidente del gobierno espa\u00f1ol Pedro S\u00e1nchez - Ajuntament de Mont-roig del Camp\" \/>\n<meta property=\"og:description\" content=\"El presidente del gobierno espa\u00f1ol, Pedro S\u00e1nchez, ha anunciado, en una comparecencia que ha tenido lugar esta noche, la aprobaci\u00f3n del Estado de Alarma y un paquete de medidas extraordinarias que se activan para combatir el contagio del Covid-19 . Este es el resumen de su intervenci\u00f3n: \u2705 En el Consejo de Ministros extraordinario hemos [&hellip;]\" \/>\n<meta property=\"og:url\" content=\"https:\/\/mont-roig.cat\/es\/actualitat\/noticies\/resumen-de-la-intervencion-del-presidente-del-gobierno-espanol-pedro-sanchez\/\" \/>\n<meta property=\"og:site_name\" content=\"Ajuntament de Mont-roig del Camp\" \/>\n<meta property=\"article:published_time\" content=\"2020-03-14T22:20:48+00:00\" \/>\n<meta property=\"article:modified_time\" content=\"2020-03-16T07:43:35+00:00\" \/>\n<meta property=\"og:image\" content=\"https:\/\/mont-roig.cat\/wp-content\/uploads\/310120-coronavirus.jpg\" \/>\n\t<meta property=\"og:image:width\" content=\"512\" \/>\n\t<meta property=\"og:image:height\" content=\"340\" \/>\n\t<meta property=\"og:image:type\" content=\"image\/jpeg\" \/>\n<meta name=\"author\" content=\"administrador\" \/>\n<meta name=\"twitter:card\" content=\"summary_large_image\" \/>\n<meta name=\"twitter:label1\" content=\"Escrito por\" \/>\n\t<meta name=\"twitter:data1\" content=\"administrador\" \/>\n\t<meta name=\"twitter:label2\" content=\"Tiempo de lectura\" \/>\n\t<meta name=\"twitter:data2\" content=\"5 minutos\" \/>\n<script type=\"application\/ld+json\" class=\"yoast-schema-graph\">{\"@context\":\"https:\\\/\\\/schema.org\",\"@graph\":[{\"@type\":\"Article\",\"@id\":\"https:\\\/\\\/mont-roig.cat\\\/es\\\/actualitat\\\/noticies\\\/resumen-de-la-intervencion-del-presidente-del-gobierno-espanol-pedro-sanchez\\\/#article\",\"isPartOf\":{\"@id\":\"https:\\\/\\\/mont-roig.cat\\\/es\\\/actualitat\\\/noticies\\\/resumen-de-la-intervencion-del-presidente-del-gobierno-espanol-pedro-sanchez\\\/\"},\"author\":{\"name\":\"administrador\",\"@id\":\"https:\\\/\\\/mont-roig.cat\\\/es\\\/#\\\/schema\\\/person\\\/f2b111789f22b7d0c3bd6786c9128cba\"},\"headline\":\"Resumen de la intervenci\u00f3n del presidente del gobierno espa\u00f1ol Pedro S\u00e1nchez\",\"datePublished\":\"2020-03-14T22:20:48+00:00\",\"dateModified\":\"2020-03-16T07:43:35+00:00\",\"mainEntityOfPage\":{\"@id\":\"https:\\\/\\\/mont-roig.cat\\\/es\\\/actualitat\\\/noticies\\\/resumen-de-la-intervencion-del-presidente-del-gobierno-espanol-pedro-sanchez\\\/\"},\"wordCount\":940,\"image\":{\"@id\":\"https:\\\/\\\/mont-roig.cat\\\/es\\\/actualitat\\\/noticies\\\/resumen-de-la-intervencion-del-presidente-del-gobierno-espanol-pedro-sanchez\\\/#primaryimage\"},\"thumbnailUrl\":\"https:\\\/\\\/mont-roig.cat\\\/wp-content\\\/uploads\\\/310120-coronavirus.jpg\",\"articleSection\":[\"Coronavirus\",\"Coronavirus - otras medidas\"],\"inLanguage\":\"es\"},{\"@type\":\"WebPage\",\"@id\":\"https:\\\/\\\/mont-roig.cat\\\/es\\\/actualitat\\\/noticies\\\/resumen-de-la-intervencion-del-presidente-del-gobierno-espanol-pedro-sanchez\\\/\",\"url\":\"https:\\\/\\\/mont-roig.cat\\\/es\\\/actualitat\\\/noticies\\\/resumen-de-la-intervencion-del-presidente-del-gobierno-espanol-pedro-sanchez\\\/\",\"name\":\"Resumen de la intervenci\u00f3n del presidente del gobierno espa\u00f1ol Pedro S\u00e1nchez - Ajuntament de Mont-roig del Camp\",\"isPartOf\":{\"@id\":\"https:\\\/\\\/mont-roig.cat\\\/es\\\/#website\"},\"primaryImageOfPage\":{\"@id\":\"https:\\\/\\\/mont-roig.cat\\\/es\\\/actualitat\\\/noticies\\\/resumen-de-la-intervencion-del-presidente-del-gobierno-espanol-pedro-sanchez\\\/#primaryimage\"},\"image\":{\"@id\":\"https:\\\/\\\/mont-roig.cat\\\/es\\\/actualitat\\\/noticies\\\/resumen-de-la-intervencion-del-presidente-del-gobierno-espanol-pedro-sanchez\\\/#primaryimage\"},\"thumbnailUrl\":\"https:\\\/\\\/mont-roig.cat\\\/wp-content\\\/uploads\\\/310120-coronavirus.jpg\",\"datePublished\":\"2020-03-14T22:20:48+00:00\",\"dateModified\":\"2020-03-16T07:43:35+00:00\",\"author\":{\"@id\":\"https:\\\/\\\/mont-roig.cat\\\/es\\\/#\\\/schema\\\/person\\\/f2b111789f22b7d0c3bd6786c9128cba\"},\"breadcrumb\":{\"@id\":\"https:\\\/\\\/mont-roig.cat\\\/es\\\/actualitat\\\/noticies\\\/resumen-de-la-intervencion-del-presidente-del-gobierno-espanol-pedro-sanchez\\\/#breadcrumb\"},\"inLanguage\":\"es\",\"potentialAction\":[{\"@type\":\"ReadAction\",\"target\":[\"https:\\\/\\\/mont-roig.cat\\\/es\\\/actualitat\\\/noticies\\\/resumen-de-la-intervencion-del-presidente-del-gobierno-espanol-pedro-sanchez\\\/\"]}]},{\"@type\":\"ImageObject\",\"inLanguage\":\"es\",\"@id\":\"https:\\\/\\\/mont-roig.cat\\\/es\\\/actualitat\\\/noticies\\\/resumen-de-la-intervencion-del-presidente-del-gobierno-espanol-pedro-sanchez\\\/#primaryimage\",\"url\":\"https:\\\/\\\/mont-roig.cat\\\/wp-content\\\/uploads\\\/310120-coronavirus.jpg\",\"contentUrl\":\"https:\\\/\\\/mont-roig.cat\\\/wp-content\\\/uploads\\\/310120-coronavirus.jpg\",\"width\":512,\"height\":340},{\"@type\":\"BreadcrumbList\",\"@id\":\"https:\\\/\\\/mont-roig.cat\\\/es\\\/actualitat\\\/noticies\\\/resumen-de-la-intervencion-del-presidente-del-gobierno-espanol-pedro-sanchez\\\/#breadcrumb\",\"itemListElement\":[{\"@type\":\"ListItem\",\"position\":1,\"name\":\"Inici\",\"item\":\"https:\\\/\\\/mont-roig.cat\\\/es\\\/pagina-de-inicio\\\/\"},{\"@type\":\"ListItem\",\"position\":2,\"name\":\"Resumen de la intervenci\u00f3n del presidente del gobierno espa\u00f1ol Pedro S\u00e1nchez\"}]},{\"@type\":\"WebSite\",\"@id\":\"https:\\\/\\\/mont-roig.cat\\\/es\\\/#website\",\"url\":\"https:\\\/\\\/mont-roig.cat\\\/es\\\/\",\"name\":\"Ajuntament de Mont-roig del Camp\",\"description\":\"Tota la informaci\u00f3 sobre la instituci\u00f3, els seus \u00f2rgans de govern, actualitat, serveis i molt m\u00e9s.\",\"potentialAction\":[{\"@type\":\"SearchAction\",\"target\":{\"@type\":\"EntryPoint\",\"urlTemplate\":\"https:\\\/\\\/mont-roig.cat\\\/es\\\/?s={search_term_string}\"},\"query-input\":{\"@type\":\"PropertyValueSpecification\",\"valueRequired\":true,\"valueName\":\"search_term_string\"}}],\"inLanguage\":\"es\"},{\"@type\":\"Person\",\"@id\":\"https:\\\/\\\/mont-roig.cat\\\/es\\\/#\\\/schema\\\/person\\\/f2b111789f22b7d0c3bd6786c9128cba\",\"name\":\"administrador\",\"image\":{\"@type\":\"ImageObject\",\"inLanguage\":\"es\",\"@id\":\"https:\\\/\\\/secure.gravatar.com\\\/avatar\\\/9137aac6891e2595c9d3036fd83bcb653b4db3c946db4c7d9b9be193c3c944bb?s=96&d=mm&r=g\",\"url\":\"https:\\\/\\\/secure.gravatar.com\\\/avatar\\\/9137aac6891e2595c9d3036fd83bcb653b4db3c946db4c7d9b9be193c3c944bb?s=96&d=mm&r=g\",\"contentUrl\":\"https:\\\/\\\/secure.gravatar.com\\\/avatar\\\/9137aac6891e2595c9d3036fd83bcb653b4db3c946db4c7d9b9be193c3c944bb?s=96&d=mm&r=g\",\"caption\":\"administrador\"},\"url\":\"https:\\\/\\\/mont-roig.cat\\\/es\\\/actualitat\\\/noticies\\\/author\\\/administrador\\\/\"}]}<\/script>\n<!-- \/ Yoast SEO plugin. -->","yoast_head_json":{"title":"Resumen de la intervenci\u00f3n del presidente del gobierno espa\u00f1ol Pedro S\u00e1nchez - Ajuntament de Mont-roig del Camp","robots":{"index":"index","follow":"follow","max-snippet":"max-snippet:-1","max-image-preview":"max-image-preview:large","max-video-preview":"max-video-preview:-1"},"canonical":"https:\/\/mont-roig.cat\/es\/actualitat\/noticies\/resumen-de-la-intervencion-del-presidente-del-gobierno-espanol-pedro-sanchez\/","og_locale":"es_ES","og_type":"article","og_title":"Resumen de la intervenci\u00f3n del presidente del gobierno espa\u00f1ol Pedro S\u00e1nchez - Ajuntament de Mont-roig del Camp","og_description":"El presidente del gobierno espa\u00f1ol, Pedro S\u00e1nchez, ha anunciado, en una comparecencia que ha tenido lugar esta noche, la aprobaci\u00f3n del Estado de Alarma y un paquete de medidas extraordinarias que se activan para combatir el contagio del Covid-19 . Este es el resumen de su intervenci\u00f3n: \u2705 En el Consejo de Ministros extraordinario hemos [&hellip;]","og_url":"https:\/\/mont-roig.cat\/es\/actualitat\/noticies\/resumen-de-la-intervencion-del-presidente-del-gobierno-espanol-pedro-sanchez\/","og_site_name":"Ajuntament de Mont-roig del Camp","article_published_time":"2020-03-14T22:20:48+00:00","article_modified_time":"2020-03-16T07:43:35+00:00","og_image":[{"width":512,"height":340,"url":"https:\/\/mont-roig.cat\/wp-content\/uploads\/310120-coronavirus.jpg","type":"image\/jpeg"}],"author":"administrador","twitter_card":"summary_large_image","twitter_misc":{"Escrito por":"administrador","Tiempo de lectura":"5 minutos"},"schema":{"@context":"https:\/\/schema.org","@graph":[{"@type":"Article","@id":"https:\/\/mont-roig.cat\/es\/actualitat\/noticies\/resumen-de-la-intervencion-del-presidente-del-gobierno-espanol-pedro-sanchez\/#article","isPartOf":{"@id":"https:\/\/mont-roig.cat\/es\/actualitat\/noticies\/resumen-de-la-intervencion-del-presidente-del-gobierno-espanol-pedro-sanchez\/"},"author":{"name":"administrador","@id":"https:\/\/mont-roig.cat\/es\/#\/schema\/person\/f2b111789f22b7d0c3bd6786c9128cba"},"headline":"Resumen de la intervenci\u00f3n del presidente del gobierno espa\u00f1ol Pedro S\u00e1nchez","datePublished":"2020-03-14T22:20:48+00:00","dateModified":"2020-03-16T07:43:35+00:00","mainEntityOfPage":{"@id":"https:\/\/mont-roig.cat\/es\/actualitat\/noticies\/resumen-de-la-intervencion-del-presidente-del-gobierno-espanol-pedro-sanchez\/"},"wordCount":940,"image":{"@id":"https:\/\/mont-roig.cat\/es\/actualitat\/noticies\/resumen-de-la-intervencion-del-presidente-del-gobierno-espanol-pedro-sanchez\/#primaryimage"},"thumbnailUrl":"https:\/\/mont-roig.cat\/wp-content\/uploads\/310120-coronavirus.jpg","articleSection":["Coronavirus","Coronavirus - otras medidas"],"inLanguage":"es"},{"@type":"WebPage","@id":"https:\/\/mont-roig.cat\/es\/actualitat\/noticies\/resumen-de-la-intervencion-del-presidente-del-gobierno-espanol-pedro-sanchez\/","url":"https:\/\/mont-roig.cat\/es\/actualitat\/noticies\/resumen-de-la-intervencion-del-presidente-del-gobierno-espanol-pedro-sanchez\/","name":"Resumen de la intervenci\u00f3n del presidente del gobierno espa\u00f1ol Pedro S\u00e1nchez - Ajuntament de Mont-roig del Camp","isPartOf":{"@id":"https:\/\/mont-roig.cat\/es\/#website"},"primaryImageOfPage":{"@id":"https:\/\/mont-roig.cat\/es\/actualitat\/noticies\/resumen-de-la-intervencion-del-presidente-del-gobierno-espanol-pedro-sanchez\/#primaryimage"},"image":{"@id":"https:\/\/mont-roig.cat\/es\/actualitat\/noticies\/resumen-de-la-intervencion-del-presidente-del-gobierno-espanol-pedro-sanchez\/#primaryimage"},"thumbnailUrl":"https:\/\/mont-roig.cat\/wp-content\/uploads\/310120-coronavirus.jpg","datePublished":"2020-03-14T22:20:48+00:00","dateModified":"2020-03-16T07:43:35+00:00","author":{"@id":"https:\/\/mont-roig.cat\/es\/#\/schema\/person\/f2b111789f22b7d0c3bd6786c9128cba"},"breadcrumb":{"@id":"https:\/\/mont-roig.cat\/es\/actualitat\/noticies\/resumen-de-la-intervencion-del-presidente-del-gobierno-espanol-pedro-sanchez\/#breadcrumb"},"inLanguage":"es","potentialAction":[{"@type":"ReadAction","target":["https:\/\/mont-roig.cat\/es\/actualitat\/noticies\/resumen-de-la-intervencion-del-presidente-del-gobierno-espanol-pedro-sanchez\/"]}]},{"@type":"ImageObject","inLanguage":"es","@id":"https:\/\/mont-roig.cat\/es\/actualitat\/noticies\/resumen-de-la-intervencion-del-presidente-del-gobierno-espanol-pedro-sanchez\/#primaryimage","url":"https:\/\/mont-roig.cat\/wp-content\/uploads\/310120-coronavirus.jpg","contentUrl":"https:\/\/mont-roig.cat\/wp-content\/uploads\/310120-coronavirus.jpg","width":512,"height":340},{"@type":"BreadcrumbList","@id":"https:\/\/mont-roig.cat\/es\/actualitat\/noticies\/resumen-de-la-intervencion-del-presidente-del-gobierno-espanol-pedro-sanchez\/#breadcrumb","itemListElement":[{"@type":"ListItem","position":1,"name":"Inici","item":"https:\/\/mont-roig.cat\/es\/pagina-de-inicio\/"},{"@type":"ListItem","position":2,"name":"Resumen de la intervenci\u00f3n del presidente del gobierno espa\u00f1ol Pedro S\u00e1nchez"}]},{"@type":"WebSite","@id":"https:\/\/mont-roig.cat\/es\/#website","url":"https:\/\/mont-roig.cat\/es\/","name":"Ajuntament de Mont-roig del Camp","description":"Tota la informaci\u00f3 sobre la instituci\u00f3, els seus \u00f2rgans de govern, actualitat, serveis i molt m\u00e9s.","potentialAction":[{"@type":"SearchAction","target":{"@type":"EntryPoint","urlTemplate":"https:\/\/mont-roig.cat\/es\/?s={search_term_string}"},"query-input":{"@type":"PropertyValueSpecification","valueRequired":true,"valueName":"search_term_string"}}],"inLanguage":"es"},{"@type":"Person","@id":"https:\/\/mont-roig.cat\/es\/#\/schema\/person\/f2b111789f22b7d0c3bd6786c9128cba","name":"administrador","image":{"@type":"ImageObject","inLanguage":"es","@id":"https:\/\/secure.gravatar.com\/avatar\/9137aac6891e2595c9d3036fd83bcb653b4db3c946db4c7d9b9be193c3c944bb?s=96&d=mm&r=g","url":"https:\/\/secure.gravatar.com\/avatar\/9137aac6891e2595c9d3036fd83bcb653b4db3c946db4c7d9b9be193c3c944bb?s=96&d=mm&r=g","contentUrl":"https:\/\/secure.gravatar.com\/avatar\/9137aac6891e2595c9d3036fd83bcb653b4db3c946db4c7d9b9be193c3c944bb?s=96&d=mm&r=g","caption":"administrador"},"url":"https:\/\/mont-roig.cat\/es\/actualitat\/noticies\/author\/administrador\/"}]}},"_links":{"self":[{"href":"https:\/\/mont-roig.cat\/es\/wp-json\/wp\/v2\/posts\/44228","targetHints":{"allow":["GET"]}}],"collection":[{"href":"https:\/\/mont-roig.cat\/es\/wp-json\/wp\/v2\/posts"}],"about":[{"href":"https:\/\/mont-roig.cat\/es\/wp-json\/wp\/v2\/types\/post"}],"author":[{"embeddable":true,"href":"https:\/\/mont-roig.cat\/es\/wp-json\/wp\/v2\/users\/4"}],"replies":[{"embeddable":true,"href":"https:\/\/mont-roig.cat\/es\/wp-json\/wp\/v2\/comments?post=44228"}],"version-history":[{"count":6,"href":"https:\/\/mont-roig.cat\/es\/wp-json\/wp\/v2\/posts\/44228\/revisions"}],"predecessor-version":[{"id":44248,"href":"https:\/\/mont-roig.cat\/es\/wp-json\/wp\/v2\/posts\/44228\/revisions\/44248"}],"wp:featuredmedia":[{"embeddable":true,"href":"https:\/\/mont-roig.cat\/es\/wp-json\/wp\/v2\/media\/44238"}],"wp:attachment":[{"href":"https:\/\/mont-roig.cat\/es\/wp-json\/wp\/v2\/media?parent=44228"}],"wp:term":[{"taxonomy":"category","embeddable":true,"href":"https:\/\/mont-roig.cat\/es\/wp-json\/wp\/v2\/categories?post=44228"},{"taxonomy":"post_tag","embeddable":true,"href":"https:\/\/mont-roig.cat\/es\/wp-json\/wp\/v2\/tags?post=44228"}],"curies":[{"name":"wp","href":"https:\/\/api.w.org\/{rel}","templated":true}]}}