{"id":44306,"date":"2020-03-17T10:55:52","date_gmt":"2020-03-17T09:55:52","guid":{"rendered":"https:\/\/mont-roig.cat\/actualitat\/noticies\/lajuntament-de-mont-roig-del-camp-es-reorganitza-per-seguir-oferint-els-serveis-imprescindibles\/"},"modified":"2020-03-27T13:45:04","modified_gmt":"2020-03-27T12:45:04","slug":"el-ayuntamiento-de-mont-roig-del-camp-se-reorganiza-para-seguir-ofreciendo-los-servicios-imprescindibles","status":"publish","type":"post","link":"https:\/\/mont-roig.cat\/es\/actualitat\/noticies\/el-ayuntamiento-de-mont-roig-del-camp-se-reorganiza-para-seguir-ofreciendo-los-servicios-imprescindibles\/","title":{"rendered":"El Ayuntamiento de Mont-roig del Camp se reorganiza para seguir ofreciendo los servicios imprescindibles"},"content":{"rendered":"<ul>\n<li style=\"text-align: justify;\"><strong>Las \u00e1reas del Ayuntamiento, Nostraigua y Nostreserveis que prestan servicios p\u00fablicos b\u00e1sicos o estrat\u00e9gicos siguen activas en r\u00e9gimen de teletrabajo, excepto el personal obligado a prestar sus servicios de forma presencial<\/strong><\/li>\n<li style=\"text-align: justify;\"><strong>El resto de personal que no forma parte de los servicios m\u00ednimos esenciales contin\u00faa tambi\u00e9n trabajando en tareas no ordinarias y pondr\u00e1 especial \u00e9nfasis en la atenci\u00f3n a la ciudadan\u00eda a trav\u00e9s de llamadas a las personas mayores, otros colectivos vulnerables y empresas<\/strong><\/li>\n<\/ul>\n<p style=\"text-align: justify;\">El alcalde del Ayuntamiento de Mont-roig del Camp, Fran Morancho, ha decretado este lunes por la noche, nuevas medidas excepcionales que determinan la previsi\u00f3n de servicios p\u00fablicos b\u00e1sicos o estrat\u00e9gicos y la restricci\u00f3n de la movilidad del personal al servicio de la Ayuntamiento de Mont-roig del Camp y sus entes dependientes con el fin de reducir al m\u00e1ximo la propagaci\u00f3n del Covid-19.<\/p>\n<p style=\"text-align: justify;\">Se trata de un cambio organizativo que permite, a pesar del cierre de todos los equipamientos municipales, que todo el personal pueda continuar trabajando. Esto es posible porque se implanta la modalidad de teletrabajo, tanto para las \u00e1reas consideradas servicios m\u00ednimos esenciales, como para el resto de personal que ejecutar\u00e1 planes de teletrabajo y tareas no ordinarias. Quedan excluidos del teletrabajo los empleados que est\u00e9n obligados a prestar los servicios de forma presencial, que deber\u00e1n seguir las medidas de prevenci\u00f3n oportunas.<\/p>\n<p style=\"text-align: justify;\">As\u00ed pues, en relaci\u00f3n con el personal del Ayuntamiento, se establecen como servicios m\u00ednimos esenciales presenciales la Polic\u00eda Local, las Agentes C\u00edvicas, la Centralita y la Atenci\u00f3n Domiciliaria de los Servicios Sociales. Por otra parte, se han decretado como servicios m\u00ednimos esenciales no presenciales, en este caso en r\u00e9gimen de teletrabajo ejecutando tareas ordinarias, el Gabinete de Alcald\u00eda, Comunicaci\u00f3n Corporativa, Atenci\u00f3n Ciudadana, Inform\u00e1tica, Innovaci\u00f3n Administrativa, Secretar\u00eda General, Intervenci\u00f3n General , Tesorer\u00eda, Recursos Humanos y Contrataci\u00f3n.<\/p>\n<p style=\"text-align: justify;\">En cuanto a Nostreserveis, se mantienen como presenciales el personal de Alumbrado, Limpieza de edificios (para aquellos que permanezcan abiertos) y Brigadas (por urgencias en v\u00eda p\u00fablica) y no presenciales, el t\u00e9cnico y Administrativo.<\/p>\n<p style=\"text-align: justify;\">Finalmente, para Nostraigua se establece como presencial el personal del Servicio de Aguas, Alcantarillado, Depuraci\u00f3n y Gerencia, y como no presencial la Atenci\u00f3n al usuario.<\/p>\n<p style=\"text-align: justify;\"><strong>Otras tareas no ordinarias como llamadas a las personas mayores y otros colectivos<\/strong><\/p>\n<p style=\"text-align: justify;\">El resto de \u00e1reas y de personal que no forman parte de los servicios m\u00ednimos esenciales estar\u00e1n tambi\u00e9n en r\u00e9gimen de teletrabajo ejecutando tareas no ordinarias y planes de teletrabajo que dispongan los fines de cada uno de los servicios.<\/p>\n<p style=\"text-align: justify;\">Es decir, continuar\u00e1n trabajando en otras tareas, poniendo especial \u00e9nfasis en la atenci\u00f3n a la ciudadan\u00eda. Por este motivo habr\u00e1 personal que repasar\u00e1 todo el censo municipal para poder hacer llamadas a las personas mayores y preguntar c\u00f3mo se encuentran y si necesitan medicamentos, comida o cualquier otra cosa. Esta tarea de seguimiento a las personas mayores se har\u00e1 conjuntamente con grupos de voluntarios como los j\u00f3venes, que ya se est\u00e1n organizando al respecto. Las llamadas a la ciudadan\u00eda se llevar\u00e1n a cabo tambi\u00e9n a otros colectivos para informarles de las medidas impuestas, recomendaciones y\/o para detectar posibles casos de necesidad de asistencia social. Tambi\u00e9n se efectuar\u00e1n llamadas a las empresas para ver c\u00f3mo est\u00e1n pasando la crisis e inform\u00e1ndoles de las ayudas a las que se podr\u00e1n acoger.<\/p>\n<p style=\"text-align: justify;\">Por otra parte, este personal tambi\u00e9n trabajar\u00e1 en la puesta al d\u00eda de los expedientes; desarrollando tareas de formaci\u00f3n; creando planes de mejora de los servicios; actualizando bases de datos, protocolos, manuales, procedimientos o elaborando clases o contenidos online para los usuarios, entre otras acciones.<\/p>\n<p style=\"text-align: justify;\">Todo el personal en r\u00e9gimen de teletrabajo podr\u00e1 ser requerido en cualquier momento para realizar tareas presenciales, tal como establece la normativa para los empleados p\u00fablicos.<\/p>\n","protected":false},"excerpt":{"rendered":"<p>Las \u00e1reas del Ayuntamiento, Nostraigua y Nostreserveis que prestan servicios p\u00fablicos b\u00e1sicos o estrat\u00e9gicos siguen activas en r\u00e9gimen de teletrabajo, excepto el personal obligado a prestar sus servicios de forma presencial El resto de personal que no forma parte de los servicios m\u00ednimos esenciales contin\u00faa tambi\u00e9n trabajando en tareas no ordinarias y pondr\u00e1 especial \u00e9nfasis [&hellip;]<\/p>\n","protected":false},"author":4,"featured_media":0,"comment_status":"closed","ping_status":"closed","sticky":false,"template":"","format":"standard","meta":{"inline_featured_image":false,"_monsterinsights_skip_tracking":false,"_monsterinsights_sitenote_active":false,"_monsterinsights_sitenote_note":"","_monsterinsights_sitenote_category":0,"footnotes":""},"categories":[98,178,186,112],"tags":[],"class_list":["post-44306","post","type-post","status-publish","format-standard","hentry","category-ayuntamiento","category-coronavirus","category-coronavirus-otras","category-sanidad-y-salud-publica"],"yoast_head":"<!-- This site is optimized with the Yoast SEO plugin v27.4 - https:\/\/yoast.com\/product\/yoast-seo-wordpress\/ -->\n<title>El Ayuntamiento de Mont-roig del Camp se reorganiza para seguir ofreciendo los servicios imprescindibles - Ajuntament de Mont-roig del Camp<\/title>\n<meta name=\"robots\" content=\"index, follow, max-snippet:-1, max-image-preview:large, max-video-preview:-1\" \/>\n<link rel=\"canonical\" href=\"https:\/\/mont-roig.cat\/es\/actualitat\/noticies\/el-ayuntamiento-de-mont-roig-del-camp-se-reorganiza-para-seguir-ofreciendo-los-servicios-imprescindibles\/\" \/>\n<meta property=\"og:locale\" content=\"es_ES\" \/>\n<meta property=\"og:type\" content=\"article\" \/>\n<meta property=\"og:title\" content=\"El Ayuntamiento de Mont-roig del Camp se reorganiza para seguir ofreciendo los servicios imprescindibles - Ajuntament de Mont-roig del Camp\" \/>\n<meta property=\"og:description\" content=\"Las \u00e1reas del Ayuntamiento, Nostraigua y Nostreserveis que prestan servicios p\u00fablicos b\u00e1sicos o estrat\u00e9gicos siguen activas en r\u00e9gimen de teletrabajo, excepto el personal obligado a prestar sus servicios de forma presencial El resto de personal que no forma parte de los servicios m\u00ednimos esenciales contin\u00faa tambi\u00e9n trabajando en tareas no ordinarias y pondr\u00e1 especial \u00e9nfasis [&hellip;]\" \/>\n<meta property=\"og:url\" content=\"https:\/\/mont-roig.cat\/es\/actualitat\/noticies\/el-ayuntamiento-de-mont-roig-del-camp-se-reorganiza-para-seguir-ofreciendo-los-servicios-imprescindibles\/\" \/>\n<meta property=\"og:site_name\" content=\"Ajuntament de Mont-roig del Camp\" \/>\n<meta property=\"article:published_time\" content=\"2020-03-17T09:55:52+00:00\" \/>\n<meta property=\"article:modified_time\" content=\"2020-03-27T12:45:04+00:00\" \/>\n<meta property=\"og:image\" content=\"https:\/\/mont-roig.cat\/wp-content\/uploads\/mont-roig_logotip_2tintes.jpg\" \/>\n\t<meta property=\"og:image:width\" content=\"1134\" \/>\n\t<meta property=\"og:image:height\" content=\"806\" \/>\n\t<meta property=\"og:image:type\" content=\"image\/jpeg\" \/>\n<meta name=\"author\" content=\"administrador\" \/>\n<meta name=\"twitter:card\" content=\"summary_large_image\" \/>\n<meta name=\"twitter:label1\" content=\"Escrito por\" \/>\n\t<meta name=\"twitter:data1\" content=\"administrador\" \/>\n\t<meta name=\"twitter:label2\" content=\"Tiempo de lectura\" \/>\n\t<meta name=\"twitter:data2\" content=\"3 minutos\" \/>\n<script type=\"application\/ld+json\" class=\"yoast-schema-graph\">{\"@context\":\"https:\\\/\\\/schema.org\",\"@graph\":[{\"@type\":\"Article\",\"@id\":\"https:\\\/\\\/mont-roig.cat\\\/es\\\/actualitat\\\/noticies\\\/el-ayuntamiento-de-mont-roig-del-camp-se-reorganiza-para-seguir-ofreciendo-los-servicios-imprescindibles\\\/#article\",\"isPartOf\":{\"@id\":\"https:\\\/\\\/mont-roig.cat\\\/es\\\/actualitat\\\/noticies\\\/el-ayuntamiento-de-mont-roig-del-camp-se-reorganiza-para-seguir-ofreciendo-los-servicios-imprescindibles\\\/\"},\"author\":{\"name\":\"administrador\",\"@id\":\"https:\\\/\\\/mont-roig.cat\\\/es\\\/#\\\/schema\\\/person\\\/f2b111789f22b7d0c3bd6786c9128cba\"},\"headline\":\"El Ayuntamiento de Mont-roig del Camp se reorganiza para seguir ofreciendo los servicios imprescindibles\",\"datePublished\":\"2020-03-17T09:55:52+00:00\",\"dateModified\":\"2020-03-27T12:45:04+00:00\",\"mainEntityOfPage\":{\"@id\":\"https:\\\/\\\/mont-roig.cat\\\/es\\\/actualitat\\\/noticies\\\/el-ayuntamiento-de-mont-roig-del-camp-se-reorganiza-para-seguir-ofreciendo-los-servicios-imprescindibles\\\/\"},\"wordCount\":684,\"articleSection\":[\"Ayuntamiento\",\"Coronavirus\",\"Coronavirus - otras medidas\",\"Sanidad y Salud p\u00fablica\"],\"inLanguage\":\"es\"},{\"@type\":\"WebPage\",\"@id\":\"https:\\\/\\\/mont-roig.cat\\\/es\\\/actualitat\\\/noticies\\\/el-ayuntamiento-de-mont-roig-del-camp-se-reorganiza-para-seguir-ofreciendo-los-servicios-imprescindibles\\\/\",\"url\":\"https:\\\/\\\/mont-roig.cat\\\/es\\\/actualitat\\\/noticies\\\/el-ayuntamiento-de-mont-roig-del-camp-se-reorganiza-para-seguir-ofreciendo-los-servicios-imprescindibles\\\/\",\"name\":\"El Ayuntamiento de Mont-roig del Camp se reorganiza para seguir ofreciendo los servicios imprescindibles - Ajuntament de Mont-roig del Camp\",\"isPartOf\":{\"@id\":\"https:\\\/\\\/mont-roig.cat\\\/es\\\/#website\"},\"datePublished\":\"2020-03-17T09:55:52+00:00\",\"dateModified\":\"2020-03-27T12:45:04+00:00\",\"author\":{\"@id\":\"https:\\\/\\\/mont-roig.cat\\\/es\\\/#\\\/schema\\\/person\\\/f2b111789f22b7d0c3bd6786c9128cba\"},\"breadcrumb\":{\"@id\":\"https:\\\/\\\/mont-roig.cat\\\/es\\\/actualitat\\\/noticies\\\/el-ayuntamiento-de-mont-roig-del-camp-se-reorganiza-para-seguir-ofreciendo-los-servicios-imprescindibles\\\/#breadcrumb\"},\"inLanguage\":\"es\",\"potentialAction\":[{\"@type\":\"ReadAction\",\"target\":[\"https:\\\/\\\/mont-roig.cat\\\/es\\\/actualitat\\\/noticies\\\/el-ayuntamiento-de-mont-roig-del-camp-se-reorganiza-para-seguir-ofreciendo-los-servicios-imprescindibles\\\/\"]}]},{\"@type\":\"BreadcrumbList\",\"@id\":\"https:\\\/\\\/mont-roig.cat\\\/es\\\/actualitat\\\/noticies\\\/el-ayuntamiento-de-mont-roig-del-camp-se-reorganiza-para-seguir-ofreciendo-los-servicios-imprescindibles\\\/#breadcrumb\",\"itemListElement\":[{\"@type\":\"ListItem\",\"position\":1,\"name\":\"Inici\",\"item\":\"https:\\\/\\\/mont-roig.cat\\\/es\\\/pagina-de-inicio\\\/\"},{\"@type\":\"ListItem\",\"position\":2,\"name\":\"El Ayuntamiento de Mont-roig del Camp se reorganiza para seguir ofreciendo los servicios imprescindibles\"}]},{\"@type\":\"WebSite\",\"@id\":\"https:\\\/\\\/mont-roig.cat\\\/es\\\/#website\",\"url\":\"https:\\\/\\\/mont-roig.cat\\\/es\\\/\",\"name\":\"Ajuntament de Mont-roig del Camp\",\"description\":\"Tota la informaci\u00f3 sobre la instituci\u00f3, els seus \u00f2rgans de govern, actualitat, serveis i molt m\u00e9s.\",\"potentialAction\":[{\"@type\":\"SearchAction\",\"target\":{\"@type\":\"EntryPoint\",\"urlTemplate\":\"https:\\\/\\\/mont-roig.cat\\\/es\\\/?s={search_term_string}\"},\"query-input\":{\"@type\":\"PropertyValueSpecification\",\"valueRequired\":true,\"valueName\":\"search_term_string\"}}],\"inLanguage\":\"es\"},{\"@type\":\"Person\",\"@id\":\"https:\\\/\\\/mont-roig.cat\\\/es\\\/#\\\/schema\\\/person\\\/f2b111789f22b7d0c3bd6786c9128cba\",\"name\":\"administrador\",\"image\":{\"@type\":\"ImageObject\",\"inLanguage\":\"es\",\"@id\":\"https:\\\/\\\/secure.gravatar.com\\\/avatar\\\/9137aac6891e2595c9d3036fd83bcb653b4db3c946db4c7d9b9be193c3c944bb?s=96&d=mm&r=g\",\"url\":\"https:\\\/\\\/secure.gravatar.com\\\/avatar\\\/9137aac6891e2595c9d3036fd83bcb653b4db3c946db4c7d9b9be193c3c944bb?s=96&d=mm&r=g\",\"contentUrl\":\"https:\\\/\\\/secure.gravatar.com\\\/avatar\\\/9137aac6891e2595c9d3036fd83bcb653b4db3c946db4c7d9b9be193c3c944bb?s=96&d=mm&r=g\",\"caption\":\"administrador\"},\"url\":\"https:\\\/\\\/mont-roig.cat\\\/es\\\/actualitat\\\/noticies\\\/author\\\/administrador\\\/\"}]}<\/script>\n<!-- \/ Yoast SEO plugin. -->","yoast_head_json":{"title":"El Ayuntamiento de Mont-roig del Camp se reorganiza para seguir ofreciendo los servicios imprescindibles - Ajuntament de Mont-roig del Camp","robots":{"index":"index","follow":"follow","max-snippet":"max-snippet:-1","max-image-preview":"max-image-preview:large","max-video-preview":"max-video-preview:-1"},"canonical":"https:\/\/mont-roig.cat\/es\/actualitat\/noticies\/el-ayuntamiento-de-mont-roig-del-camp-se-reorganiza-para-seguir-ofreciendo-los-servicios-imprescindibles\/","og_locale":"es_ES","og_type":"article","og_title":"El Ayuntamiento de Mont-roig del Camp se reorganiza para seguir ofreciendo los servicios imprescindibles - Ajuntament de Mont-roig del Camp","og_description":"Las \u00e1reas del Ayuntamiento, Nostraigua y Nostreserveis que prestan servicios p\u00fablicos b\u00e1sicos o estrat\u00e9gicos siguen activas en r\u00e9gimen de teletrabajo, excepto el personal obligado a prestar sus servicios de forma presencial El resto de personal que no forma parte de los servicios m\u00ednimos esenciales contin\u00faa tambi\u00e9n trabajando en tareas no ordinarias y pondr\u00e1 especial \u00e9nfasis [&hellip;]","og_url":"https:\/\/mont-roig.cat\/es\/actualitat\/noticies\/el-ayuntamiento-de-mont-roig-del-camp-se-reorganiza-para-seguir-ofreciendo-los-servicios-imprescindibles\/","og_site_name":"Ajuntament de Mont-roig del Camp","article_published_time":"2020-03-17T09:55:52+00:00","article_modified_time":"2020-03-27T12:45:04+00:00","og_image":[{"width":1134,"height":806,"url":"https:\/\/mont-roig.cat\/wp-content\/uploads\/mont-roig_logotip_2tintes.jpg","type":"image\/jpeg"}],"author":"administrador","twitter_card":"summary_large_image","twitter_misc":{"Escrito por":"administrador","Tiempo de lectura":"3 minutos"},"schema":{"@context":"https:\/\/schema.org","@graph":[{"@type":"Article","@id":"https:\/\/mont-roig.cat\/es\/actualitat\/noticies\/el-ayuntamiento-de-mont-roig-del-camp-se-reorganiza-para-seguir-ofreciendo-los-servicios-imprescindibles\/#article","isPartOf":{"@id":"https:\/\/mont-roig.cat\/es\/actualitat\/noticies\/el-ayuntamiento-de-mont-roig-del-camp-se-reorganiza-para-seguir-ofreciendo-los-servicios-imprescindibles\/"},"author":{"name":"administrador","@id":"https:\/\/mont-roig.cat\/es\/#\/schema\/person\/f2b111789f22b7d0c3bd6786c9128cba"},"headline":"El Ayuntamiento de Mont-roig del Camp se reorganiza para seguir ofreciendo los servicios imprescindibles","datePublished":"2020-03-17T09:55:52+00:00","dateModified":"2020-03-27T12:45:04+00:00","mainEntityOfPage":{"@id":"https:\/\/mont-roig.cat\/es\/actualitat\/noticies\/el-ayuntamiento-de-mont-roig-del-camp-se-reorganiza-para-seguir-ofreciendo-los-servicios-imprescindibles\/"},"wordCount":684,"articleSection":["Ayuntamiento","Coronavirus","Coronavirus - otras medidas","Sanidad y Salud p\u00fablica"],"inLanguage":"es"},{"@type":"WebPage","@id":"https:\/\/mont-roig.cat\/es\/actualitat\/noticies\/el-ayuntamiento-de-mont-roig-del-camp-se-reorganiza-para-seguir-ofreciendo-los-servicios-imprescindibles\/","url":"https:\/\/mont-roig.cat\/es\/actualitat\/noticies\/el-ayuntamiento-de-mont-roig-del-camp-se-reorganiza-para-seguir-ofreciendo-los-servicios-imprescindibles\/","name":"El Ayuntamiento de Mont-roig del Camp se reorganiza para seguir ofreciendo los servicios imprescindibles - Ajuntament de Mont-roig del Camp","isPartOf":{"@id":"https:\/\/mont-roig.cat\/es\/#website"},"datePublished":"2020-03-17T09:55:52+00:00","dateModified":"2020-03-27T12:45:04+00:00","author":{"@id":"https:\/\/mont-roig.cat\/es\/#\/schema\/person\/f2b111789f22b7d0c3bd6786c9128cba"},"breadcrumb":{"@id":"https:\/\/mont-roig.cat\/es\/actualitat\/noticies\/el-ayuntamiento-de-mont-roig-del-camp-se-reorganiza-para-seguir-ofreciendo-los-servicios-imprescindibles\/#breadcrumb"},"inLanguage":"es","potentialAction":[{"@type":"ReadAction","target":["https:\/\/mont-roig.cat\/es\/actualitat\/noticies\/el-ayuntamiento-de-mont-roig-del-camp-se-reorganiza-para-seguir-ofreciendo-los-servicios-imprescindibles\/"]}]},{"@type":"BreadcrumbList","@id":"https:\/\/mont-roig.cat\/es\/actualitat\/noticies\/el-ayuntamiento-de-mont-roig-del-camp-se-reorganiza-para-seguir-ofreciendo-los-servicios-imprescindibles\/#breadcrumb","itemListElement":[{"@type":"ListItem","position":1,"name":"Inici","item":"https:\/\/mont-roig.cat\/es\/pagina-de-inicio\/"},{"@type":"ListItem","position":2,"name":"El Ayuntamiento de Mont-roig del Camp se reorganiza para seguir ofreciendo los servicios imprescindibles"}]},{"@type":"WebSite","@id":"https:\/\/mont-roig.cat\/es\/#website","url":"https:\/\/mont-roig.cat\/es\/","name":"Ajuntament de Mont-roig del Camp","description":"Tota la informaci\u00f3 sobre la instituci\u00f3, els seus \u00f2rgans de govern, actualitat, serveis i molt m\u00e9s.","potentialAction":[{"@type":"SearchAction","target":{"@type":"EntryPoint","urlTemplate":"https:\/\/mont-roig.cat\/es\/?s={search_term_string}"},"query-input":{"@type":"PropertyValueSpecification","valueRequired":true,"valueName":"search_term_string"}}],"inLanguage":"es"},{"@type":"Person","@id":"https:\/\/mont-roig.cat\/es\/#\/schema\/person\/f2b111789f22b7d0c3bd6786c9128cba","name":"administrador","image":{"@type":"ImageObject","inLanguage":"es","@id":"https:\/\/secure.gravatar.com\/avatar\/9137aac6891e2595c9d3036fd83bcb653b4db3c946db4c7d9b9be193c3c944bb?s=96&d=mm&r=g","url":"https:\/\/secure.gravatar.com\/avatar\/9137aac6891e2595c9d3036fd83bcb653b4db3c946db4c7d9b9be193c3c944bb?s=96&d=mm&r=g","contentUrl":"https:\/\/secure.gravatar.com\/avatar\/9137aac6891e2595c9d3036fd83bcb653b4db3c946db4c7d9b9be193c3c944bb?s=96&d=mm&r=g","caption":"administrador"},"url":"https:\/\/mont-roig.cat\/es\/actualitat\/noticies\/author\/administrador\/"}]}},"_links":{"self":[{"href":"https:\/\/mont-roig.cat\/es\/wp-json\/wp\/v2\/posts\/44306","targetHints":{"allow":["GET"]}}],"collection":[{"href":"https:\/\/mont-roig.cat\/es\/wp-json\/wp\/v2\/posts"}],"about":[{"href":"https:\/\/mont-roig.cat\/es\/wp-json\/wp\/v2\/types\/post"}],"author":[{"embeddable":true,"href":"https:\/\/mont-roig.cat\/es\/wp-json\/wp\/v2\/users\/4"}],"replies":[{"embeddable":true,"href":"https:\/\/mont-roig.cat\/es\/wp-json\/wp\/v2\/comments?post=44306"}],"version-history":[{"count":2,"href":"https:\/\/mont-roig.cat\/es\/wp-json\/wp\/v2\/posts\/44306\/revisions"}],"predecessor-version":[{"id":44308,"href":"https:\/\/mont-roig.cat\/es\/wp-json\/wp\/v2\/posts\/44306\/revisions\/44308"}],"wp:attachment":[{"href":"https:\/\/mont-roig.cat\/es\/wp-json\/wp\/v2\/media?parent=44306"}],"wp:term":[{"taxonomy":"category","embeddable":true,"href":"https:\/\/mont-roig.cat\/es\/wp-json\/wp\/v2\/categories?post=44306"},{"taxonomy":"post_tag","embeddable":true,"href":"https:\/\/mont-roig.cat\/es\/wp-json\/wp\/v2\/tags?post=44306"}],"curies":[{"name":"wp","href":"https:\/\/api.w.org\/{rel}","templated":true}]}}