{"id":44324,"date":"2020-03-17T13:16:59","date_gmt":"2020-03-17T12:16:59","guid":{"rendered":"https:\/\/mont-roig.cat\/actualitat\/noticies\/lalcalde-fran-morancho-dicta-un-ban-per-recordar-les-mesures-extraordinaries-que-shan-adoptat-a-causa-del-coronavirus\/"},"modified":"2020-03-27T13:40:28","modified_gmt":"2020-03-27T12:40:28","slug":"el-alcalde-fran-morancho-dicta-un-bando-para-recordar-las-medidas-extraordinarias-que-se-han-adoptado-debido-al-coronavirus","status":"publish","type":"post","link":"https:\/\/mont-roig.cat\/es\/actualitat\/noticies\/el-alcalde-fran-morancho-dicta-un-bando-para-recordar-las-medidas-extraordinarias-que-se-han-adoptado-debido-al-coronavirus\/","title":{"rendered":"El alcalde Fran Morancho dicta un Bando para recordar las medidas extraordinarias que se han adoptado debido al coronavirus"},"content":{"rendered":"<ul>\n<li style=\"text-align: justify;\"><strong>El bando se anunciar\u00e1 a trav\u00e9s de pregones y se distribuir\u00e1 en papel a los establecimientos que est\u00e1n abiertos y fachadas de los edificios municipales con el fin de llegar a la poblaci\u00f3n que no se puede informar a trav\u00e9s de la web municipal o redes sociales<\/strong><\/li>\n<\/ul>\n<p style=\"text-align: justify;\">El alcalde del Ayuntamiento de Mont-roig del Camp, Fran Morancho, ha dictado, este martes por la ma\u00f1ana, un bando para recordar a los vecinos y vecinas las medidas extraordinarias que se han adoptado en los \u00faltimos d\u00edas ante la necesidad de evitar la propagaci\u00f3n del coronavirus Covid-19 y la declaraci\u00f3n del Estado de Alarma por parte del gobierno espa\u00f1ol.<\/p>\n<p style=\"text-align: justify;\">Este bando ser\u00e1 anunciado a trav\u00e9s de pregones y se ir\u00e1 distribuyendo, por parte de las Agentes C\u00edvicas, en las fachadas de los edificios municipales (que recordamos permanecen cerrados), as\u00ed como en los establecimientos del municipio que por sus caracter\u00edsticas quedan abiertos. El objetivo es que toda esta informaci\u00f3n llegue tambi\u00e9n a aquella parte de la ciudadan\u00eda que no se puede informar a trav\u00e9s de la web municipal (www.mont-roig.cat\/coronavirus) o no tiene redes sociales. De hecho, esta medida, junto con las llamadas telef\u00f3nicas que se efectuar\u00e1n los pr\u00f3ximos d\u00edas, son los canales de comunicaci\u00f3n no digitales, previstos para llegar a toda la poblaci\u00f3n.<\/p>\n<p><a href=\"https:\/\/mont-roig.cat\/wp-content\/uploads\/20200317_Resoluci\u00f3_Ordre_Ban-restriccions-mobilitat-coronavirus-1.pdf\">Bando de alcald\u00eda restricci\u00f3n movilidad coronavirus<\/a><\/p>\n","protected":false},"excerpt":{"rendered":"<p>El bando se anunciar\u00e1 a trav\u00e9s de pregones y se distribuir\u00e1 en papel a los establecimientos que est\u00e1n abiertos y fachadas de los edificios municipales con el fin de llegar a la poblaci\u00f3n que no se puede informar a trav\u00e9s de la web municipal o redes sociales El alcalde del Ayuntamiento de Mont-roig del Camp, [&hellip;]<\/p>\n","protected":false},"author":4,"featured_media":0,"comment_status":"closed","ping_status":"closed","sticky":false,"template":"","format":"standard","meta":{"inline_featured_image":false,"_monsterinsights_skip_tracking":false,"_monsterinsights_sitenote_active":false,"_monsterinsights_sitenote_note":"","_monsterinsights_sitenote_category":0,"footnotes":""},"categories":[156,98,178,186,112],"tags":[],"class_list":["post-44324","post","type-post","status-publish","format-standard","hentry","category-alcalde-es","category-ayuntamiento","category-coronavirus","category-coronavirus-otras","category-sanidad-y-salud-publica"],"yoast_head":"<!-- This site is optimized with the Yoast SEO plugin v27.4 - https:\/\/yoast.com\/product\/yoast-seo-wordpress\/ -->\n<title>El alcalde Fran Morancho dicta un Bando para recordar las medidas extraordinarias que se han adoptado debido al coronavirus - Ajuntament de Mont-roig del Camp<\/title>\n<meta name=\"robots\" content=\"index, follow, max-snippet:-1, max-image-preview:large, max-video-preview:-1\" \/>\n<link rel=\"canonical\" href=\"https:\/\/mont-roig.cat\/es\/actualitat\/noticies\/el-alcalde-fran-morancho-dicta-un-bando-para-recordar-las-medidas-extraordinarias-que-se-han-adoptado-debido-al-coronavirus\/\" \/>\n<meta property=\"og:locale\" content=\"es_ES\" \/>\n<meta property=\"og:type\" content=\"article\" \/>\n<meta property=\"og:title\" content=\"El alcalde Fran Morancho dicta un Bando para recordar las medidas extraordinarias que se han adoptado debido al coronavirus - Ajuntament de Mont-roig del Camp\" \/>\n<meta property=\"og:description\" content=\"El bando se anunciar\u00e1 a trav\u00e9s de pregones y se distribuir\u00e1 en papel a los establecimientos que est\u00e1n abiertos y fachadas de los edificios municipales con el fin de llegar a la poblaci\u00f3n que no se puede informar a trav\u00e9s de la web municipal o redes sociales El alcalde del Ayuntamiento de Mont-roig del Camp, [&hellip;]\" \/>\n<meta property=\"og:url\" content=\"https:\/\/mont-roig.cat\/es\/actualitat\/noticies\/el-alcalde-fran-morancho-dicta-un-bando-para-recordar-las-medidas-extraordinarias-que-se-han-adoptado-debido-al-coronavirus\/\" \/>\n<meta property=\"og:site_name\" content=\"Ajuntament de Mont-roig del Camp\" \/>\n<meta property=\"article:published_time\" content=\"2020-03-17T12:16:59+00:00\" \/>\n<meta property=\"article:modified_time\" content=\"2020-03-27T12:40:28+00:00\" \/>\n<meta property=\"og:image\" content=\"https:\/\/mont-roig.cat\/wp-content\/uploads\/mont-roig_logotip_2tintes.jpg\" \/>\n\t<meta property=\"og:image:width\" content=\"1134\" \/>\n\t<meta property=\"og:image:height\" content=\"806\" \/>\n\t<meta property=\"og:image:type\" content=\"image\/jpeg\" \/>\n<meta name=\"author\" content=\"administrador\" \/>\n<meta name=\"twitter:card\" content=\"summary_large_image\" \/>\n<meta name=\"twitter:label1\" content=\"Escrito por\" \/>\n\t<meta name=\"twitter:data1\" content=\"administrador\" \/>\n\t<meta name=\"twitter:label2\" content=\"Tiempo de lectura\" \/>\n\t<meta name=\"twitter:data2\" content=\"1 minuto\" \/>\n<script type=\"application\/ld+json\" class=\"yoast-schema-graph\">{\"@context\":\"https:\\\/\\\/schema.org\",\"@graph\":[{\"@type\":\"Article\",\"@id\":\"https:\\\/\\\/mont-roig.cat\\\/es\\\/actualitat\\\/noticies\\\/el-alcalde-fran-morancho-dicta-un-bando-para-recordar-las-medidas-extraordinarias-que-se-han-adoptado-debido-al-coronavirus\\\/#article\",\"isPartOf\":{\"@id\":\"https:\\\/\\\/mont-roig.cat\\\/es\\\/actualitat\\\/noticies\\\/el-alcalde-fran-morancho-dicta-un-bando-para-recordar-las-medidas-extraordinarias-que-se-han-adoptado-debido-al-coronavirus\\\/\"},\"author\":{\"name\":\"administrador\",\"@id\":\"https:\\\/\\\/mont-roig.cat\\\/es\\\/#\\\/schema\\\/person\\\/f2b111789f22b7d0c3bd6786c9128cba\"},\"headline\":\"El alcalde Fran Morancho dicta un Bando para recordar las medidas extraordinarias que se han adoptado debido al coronavirus\",\"datePublished\":\"2020-03-17T12:16:59+00:00\",\"dateModified\":\"2020-03-27T12:40:28+00:00\",\"mainEntityOfPage\":{\"@id\":\"https:\\\/\\\/mont-roig.cat\\\/es\\\/actualitat\\\/noticies\\\/el-alcalde-fran-morancho-dicta-un-bando-para-recordar-las-medidas-extraordinarias-que-se-han-adoptado-debido-al-coronavirus\\\/\"},\"wordCount\":261,\"articleSection\":[\"Alcalde\",\"Ayuntamiento\",\"Coronavirus\",\"Coronavirus - otras medidas\",\"Sanidad y Salud p\u00fablica\"],\"inLanguage\":\"es\"},{\"@type\":\"WebPage\",\"@id\":\"https:\\\/\\\/mont-roig.cat\\\/es\\\/actualitat\\\/noticies\\\/el-alcalde-fran-morancho-dicta-un-bando-para-recordar-las-medidas-extraordinarias-que-se-han-adoptado-debido-al-coronavirus\\\/\",\"url\":\"https:\\\/\\\/mont-roig.cat\\\/es\\\/actualitat\\\/noticies\\\/el-alcalde-fran-morancho-dicta-un-bando-para-recordar-las-medidas-extraordinarias-que-se-han-adoptado-debido-al-coronavirus\\\/\",\"name\":\"El alcalde Fran Morancho dicta un Bando para recordar las medidas extraordinarias que se han adoptado debido al coronavirus - Ajuntament de Mont-roig del Camp\",\"isPartOf\":{\"@id\":\"https:\\\/\\\/mont-roig.cat\\\/es\\\/#website\"},\"datePublished\":\"2020-03-17T12:16:59+00:00\",\"dateModified\":\"2020-03-27T12:40:28+00:00\",\"author\":{\"@id\":\"https:\\\/\\\/mont-roig.cat\\\/es\\\/#\\\/schema\\\/person\\\/f2b111789f22b7d0c3bd6786c9128cba\"},\"breadcrumb\":{\"@id\":\"https:\\\/\\\/mont-roig.cat\\\/es\\\/actualitat\\\/noticies\\\/el-alcalde-fran-morancho-dicta-un-bando-para-recordar-las-medidas-extraordinarias-que-se-han-adoptado-debido-al-coronavirus\\\/#breadcrumb\"},\"inLanguage\":\"es\",\"potentialAction\":[{\"@type\":\"ReadAction\",\"target\":[\"https:\\\/\\\/mont-roig.cat\\\/es\\\/actualitat\\\/noticies\\\/el-alcalde-fran-morancho-dicta-un-bando-para-recordar-las-medidas-extraordinarias-que-se-han-adoptado-debido-al-coronavirus\\\/\"]}]},{\"@type\":\"BreadcrumbList\",\"@id\":\"https:\\\/\\\/mont-roig.cat\\\/es\\\/actualitat\\\/noticies\\\/el-alcalde-fran-morancho-dicta-un-bando-para-recordar-las-medidas-extraordinarias-que-se-han-adoptado-debido-al-coronavirus\\\/#breadcrumb\",\"itemListElement\":[{\"@type\":\"ListItem\",\"position\":1,\"name\":\"Inici\",\"item\":\"https:\\\/\\\/mont-roig.cat\\\/es\\\/pagina-de-inicio\\\/\"},{\"@type\":\"ListItem\",\"position\":2,\"name\":\"El alcalde Fran Morancho dicta un Bando para recordar las medidas extraordinarias que se han adoptado debido al coronavirus\"}]},{\"@type\":\"WebSite\",\"@id\":\"https:\\\/\\\/mont-roig.cat\\\/es\\\/#website\",\"url\":\"https:\\\/\\\/mont-roig.cat\\\/es\\\/\",\"name\":\"Ajuntament de Mont-roig del Camp\",\"description\":\"Tota la informaci\u00f3 sobre la instituci\u00f3, els seus \u00f2rgans de govern, actualitat, serveis i molt m\u00e9s.\",\"potentialAction\":[{\"@type\":\"SearchAction\",\"target\":{\"@type\":\"EntryPoint\",\"urlTemplate\":\"https:\\\/\\\/mont-roig.cat\\\/es\\\/?s={search_term_string}\"},\"query-input\":{\"@type\":\"PropertyValueSpecification\",\"valueRequired\":true,\"valueName\":\"search_term_string\"}}],\"inLanguage\":\"es\"},{\"@type\":\"Person\",\"@id\":\"https:\\\/\\\/mont-roig.cat\\\/es\\\/#\\\/schema\\\/person\\\/f2b111789f22b7d0c3bd6786c9128cba\",\"name\":\"administrador\",\"image\":{\"@type\":\"ImageObject\",\"inLanguage\":\"es\",\"@id\":\"https:\\\/\\\/secure.gravatar.com\\\/avatar\\\/9137aac6891e2595c9d3036fd83bcb653b4db3c946db4c7d9b9be193c3c944bb?s=96&d=mm&r=g\",\"url\":\"https:\\\/\\\/secure.gravatar.com\\\/avatar\\\/9137aac6891e2595c9d3036fd83bcb653b4db3c946db4c7d9b9be193c3c944bb?s=96&d=mm&r=g\",\"contentUrl\":\"https:\\\/\\\/secure.gravatar.com\\\/avatar\\\/9137aac6891e2595c9d3036fd83bcb653b4db3c946db4c7d9b9be193c3c944bb?s=96&d=mm&r=g\",\"caption\":\"administrador\"},\"url\":\"https:\\\/\\\/mont-roig.cat\\\/es\\\/actualitat\\\/noticies\\\/author\\\/administrador\\\/\"}]}<\/script>\n<!-- \/ Yoast SEO plugin. -->","yoast_head_json":{"title":"El alcalde Fran Morancho dicta un Bando para recordar las medidas extraordinarias que se han adoptado debido al coronavirus - Ajuntament de Mont-roig del Camp","robots":{"index":"index","follow":"follow","max-snippet":"max-snippet:-1","max-image-preview":"max-image-preview:large","max-video-preview":"max-video-preview:-1"},"canonical":"https:\/\/mont-roig.cat\/es\/actualitat\/noticies\/el-alcalde-fran-morancho-dicta-un-bando-para-recordar-las-medidas-extraordinarias-que-se-han-adoptado-debido-al-coronavirus\/","og_locale":"es_ES","og_type":"article","og_title":"El alcalde Fran Morancho dicta un Bando para recordar las medidas extraordinarias que se han adoptado debido al coronavirus - Ajuntament de Mont-roig del Camp","og_description":"El bando se anunciar\u00e1 a trav\u00e9s de pregones y se distribuir\u00e1 en papel a los establecimientos que est\u00e1n abiertos y fachadas de los edificios municipales con el fin de llegar a la poblaci\u00f3n que no se puede informar a trav\u00e9s de la web municipal o redes sociales El alcalde del Ayuntamiento de Mont-roig del Camp, [&hellip;]","og_url":"https:\/\/mont-roig.cat\/es\/actualitat\/noticies\/el-alcalde-fran-morancho-dicta-un-bando-para-recordar-las-medidas-extraordinarias-que-se-han-adoptado-debido-al-coronavirus\/","og_site_name":"Ajuntament de Mont-roig del Camp","article_published_time":"2020-03-17T12:16:59+00:00","article_modified_time":"2020-03-27T12:40:28+00:00","og_image":[{"width":1134,"height":806,"url":"https:\/\/mont-roig.cat\/wp-content\/uploads\/mont-roig_logotip_2tintes.jpg","type":"image\/jpeg"}],"author":"administrador","twitter_card":"summary_large_image","twitter_misc":{"Escrito por":"administrador","Tiempo de lectura":"1 minuto"},"schema":{"@context":"https:\/\/schema.org","@graph":[{"@type":"Article","@id":"https:\/\/mont-roig.cat\/es\/actualitat\/noticies\/el-alcalde-fran-morancho-dicta-un-bando-para-recordar-las-medidas-extraordinarias-que-se-han-adoptado-debido-al-coronavirus\/#article","isPartOf":{"@id":"https:\/\/mont-roig.cat\/es\/actualitat\/noticies\/el-alcalde-fran-morancho-dicta-un-bando-para-recordar-las-medidas-extraordinarias-que-se-han-adoptado-debido-al-coronavirus\/"},"author":{"name":"administrador","@id":"https:\/\/mont-roig.cat\/es\/#\/schema\/person\/f2b111789f22b7d0c3bd6786c9128cba"},"headline":"El alcalde Fran Morancho dicta un Bando para recordar las medidas extraordinarias que se han adoptado debido al coronavirus","datePublished":"2020-03-17T12:16:59+00:00","dateModified":"2020-03-27T12:40:28+00:00","mainEntityOfPage":{"@id":"https:\/\/mont-roig.cat\/es\/actualitat\/noticies\/el-alcalde-fran-morancho-dicta-un-bando-para-recordar-las-medidas-extraordinarias-que-se-han-adoptado-debido-al-coronavirus\/"},"wordCount":261,"articleSection":["Alcalde","Ayuntamiento","Coronavirus","Coronavirus - otras medidas","Sanidad y Salud p\u00fablica"],"inLanguage":"es"},{"@type":"WebPage","@id":"https:\/\/mont-roig.cat\/es\/actualitat\/noticies\/el-alcalde-fran-morancho-dicta-un-bando-para-recordar-las-medidas-extraordinarias-que-se-han-adoptado-debido-al-coronavirus\/","url":"https:\/\/mont-roig.cat\/es\/actualitat\/noticies\/el-alcalde-fran-morancho-dicta-un-bando-para-recordar-las-medidas-extraordinarias-que-se-han-adoptado-debido-al-coronavirus\/","name":"El alcalde Fran Morancho dicta un Bando para recordar las medidas extraordinarias que se han adoptado debido al coronavirus - Ajuntament de Mont-roig del Camp","isPartOf":{"@id":"https:\/\/mont-roig.cat\/es\/#website"},"datePublished":"2020-03-17T12:16:59+00:00","dateModified":"2020-03-27T12:40:28+00:00","author":{"@id":"https:\/\/mont-roig.cat\/es\/#\/schema\/person\/f2b111789f22b7d0c3bd6786c9128cba"},"breadcrumb":{"@id":"https:\/\/mont-roig.cat\/es\/actualitat\/noticies\/el-alcalde-fran-morancho-dicta-un-bando-para-recordar-las-medidas-extraordinarias-que-se-han-adoptado-debido-al-coronavirus\/#breadcrumb"},"inLanguage":"es","potentialAction":[{"@type":"ReadAction","target":["https:\/\/mont-roig.cat\/es\/actualitat\/noticies\/el-alcalde-fran-morancho-dicta-un-bando-para-recordar-las-medidas-extraordinarias-que-se-han-adoptado-debido-al-coronavirus\/"]}]},{"@type":"BreadcrumbList","@id":"https:\/\/mont-roig.cat\/es\/actualitat\/noticies\/el-alcalde-fran-morancho-dicta-un-bando-para-recordar-las-medidas-extraordinarias-que-se-han-adoptado-debido-al-coronavirus\/#breadcrumb","itemListElement":[{"@type":"ListItem","position":1,"name":"Inici","item":"https:\/\/mont-roig.cat\/es\/pagina-de-inicio\/"},{"@type":"ListItem","position":2,"name":"El alcalde Fran Morancho dicta un Bando para recordar las medidas extraordinarias que se han adoptado debido al coronavirus"}]},{"@type":"WebSite","@id":"https:\/\/mont-roig.cat\/es\/#website","url":"https:\/\/mont-roig.cat\/es\/","name":"Ajuntament de Mont-roig del Camp","description":"Tota la informaci\u00f3 sobre la instituci\u00f3, els seus \u00f2rgans de govern, actualitat, serveis i molt m\u00e9s.","potentialAction":[{"@type":"SearchAction","target":{"@type":"EntryPoint","urlTemplate":"https:\/\/mont-roig.cat\/es\/?s={search_term_string}"},"query-input":{"@type":"PropertyValueSpecification","valueRequired":true,"valueName":"search_term_string"}}],"inLanguage":"es"},{"@type":"Person","@id":"https:\/\/mont-roig.cat\/es\/#\/schema\/person\/f2b111789f22b7d0c3bd6786c9128cba","name":"administrador","image":{"@type":"ImageObject","inLanguage":"es","@id":"https:\/\/secure.gravatar.com\/avatar\/9137aac6891e2595c9d3036fd83bcb653b4db3c946db4c7d9b9be193c3c944bb?s=96&d=mm&r=g","url":"https:\/\/secure.gravatar.com\/avatar\/9137aac6891e2595c9d3036fd83bcb653b4db3c946db4c7d9b9be193c3c944bb?s=96&d=mm&r=g","contentUrl":"https:\/\/secure.gravatar.com\/avatar\/9137aac6891e2595c9d3036fd83bcb653b4db3c946db4c7d9b9be193c3c944bb?s=96&d=mm&r=g","caption":"administrador"},"url":"https:\/\/mont-roig.cat\/es\/actualitat\/noticies\/author\/administrador\/"}]}},"_links":{"self":[{"href":"https:\/\/mont-roig.cat\/es\/wp-json\/wp\/v2\/posts\/44324","targetHints":{"allow":["GET"]}}],"collection":[{"href":"https:\/\/mont-roig.cat\/es\/wp-json\/wp\/v2\/posts"}],"about":[{"href":"https:\/\/mont-roig.cat\/es\/wp-json\/wp\/v2\/types\/post"}],"author":[{"embeddable":true,"href":"https:\/\/mont-roig.cat\/es\/wp-json\/wp\/v2\/users\/4"}],"replies":[{"embeddable":true,"href":"https:\/\/mont-roig.cat\/es\/wp-json\/wp\/v2\/comments?post=44324"}],"version-history":[{"count":2,"href":"https:\/\/mont-roig.cat\/es\/wp-json\/wp\/v2\/posts\/44324\/revisions"}],"predecessor-version":[{"id":44326,"href":"https:\/\/mont-roig.cat\/es\/wp-json\/wp\/v2\/posts\/44324\/revisions\/44326"}],"wp:attachment":[{"href":"https:\/\/mont-roig.cat\/es\/wp-json\/wp\/v2\/media?parent=44324"}],"wp:term":[{"taxonomy":"category","embeddable":true,"href":"https:\/\/mont-roig.cat\/es\/wp-json\/wp\/v2\/categories?post=44324"},{"taxonomy":"post_tag","embeddable":true,"href":"https:\/\/mont-roig.cat\/es\/wp-json\/wp\/v2\/tags?post=44324"}],"curies":[{"name":"wp","href":"https:\/\/api.w.org\/{rel}","templated":true}]}}