{"id":44343,"date":"2020-03-18T14:39:07","date_gmt":"2020-03-18T13:39:07","guid":{"rendered":"https:\/\/mont-roig.cat\/actualitat\/noticies\/lajuntament-de-mont-roig-del-camp-comenca-a-fer-trucades-de-suport-a-la-gent-gran-del-municipi\/"},"modified":"2020-03-27T13:24:32","modified_gmt":"2020-03-27T12:24:32","slug":"el-ayuntamiento-de-mont-roig-del-camp-comienza-a-hacer-llamadas-de-apoyo-a-las-personas-mayores-del-municipio","status":"publish","type":"post","link":"https:\/\/mont-roig.cat\/es\/actualitat\/noticies\/el-ayuntamiento-de-mont-roig-del-camp-comienza-a-hacer-llamadas-de-apoyo-a-las-personas-mayores-del-municipio\/","title":{"rendered":"El Ayuntamiento de Mont-roig del Camp comienza a hacer llamadas de apoyo a las personas mayores del municipio"},"content":{"rendered":"<ul>\n<li style=\"text-align: justify;\"><strong><a href=\"https:\/\/mont-roig.cat\/wp-content\/uploads\/WhatsApp-Image-2020-03-18-at-14.31.56.jpeg\"><img loading=\"lazy\" decoding=\"async\" class=\"alignright wp-image-44338\" src=\"https:\/\/mont-roig.cat\/wp-content\/uploads\/WhatsApp-Image-2020-03-18-at-14.31.56-500x238.jpeg\" alt=\"\" width=\"315\" height=\"150\" srcset=\"https:\/\/mont-roig.cat\/wp-content\/uploads\/WhatsApp-Image-2020-03-18-at-14.31.56-500x238.jpeg 500w, https:\/\/mont-roig.cat\/wp-content\/uploads\/WhatsApp-Image-2020-03-18-at-14.31.56-1024x486.jpeg 1024w, https:\/\/mont-roig.cat\/wp-content\/uploads\/WhatsApp-Image-2020-03-18-at-14.31.56-768x365.jpeg 768w, https:\/\/mont-roig.cat\/wp-content\/uploads\/WhatsApp-Image-2020-03-18-at-14.31.56-1536x730.jpeg 1536w, https:\/\/mont-roig.cat\/wp-content\/uploads\/WhatsApp-Image-2020-03-18-at-14.31.56.jpeg 1600w\" sizes=\"auto, (max-width: 315px) 100vw, 315px\" \/><\/a>Los departamentos que no forman parte de los servicios m\u00ednimos esenciales, junto con el grupo de j\u00f3venes voluntarios y los Centros de Atenci\u00f3n Primaria, se han coordinado para hacer llamadas de seguimiento y atender las necesidades de las personas mayores de 65 a\u00f1os<\/strong><\/li>\n<li style=\"text-align: justify;\"><strong>Las llamadas, a las cerca de 2.850 personas que forman parte de este colectivo en el municipio, se realizar\u00e1n en horario de 10 a 14 h y de 16 a 19 h y\u00a0 se haran con numero oculto<\/strong><\/li>\n<\/ul>\n<p style=\"text-align: justify;\">El Ayuntamiento de Mont-roig del Camp ha puesto en marcha esta ma\u00f1ana una iniciativa de atenci\u00f3n ciudadana para dar apoyo a las personas mayores del municipio, uno de los colectivos con m\u00e1s riesgo ante la pandemia del coronavirus.<\/p>\n<p style=\"text-align: justify;\">Despu\u00e9s de unos d\u00edas de b\u00fasqueda de informaci\u00f3n, redacci\u00f3n de protocolos de procedimientos y organizaci\u00f3n interna y externa, este mismo mi\u00e9rcoles por la ma\u00f1ana se han empezado a hacer las primeras llamadas a las personas mayores de 65 a\u00f1os. La iniciativa cuenta con la participaci\u00f3n de m\u00e1s de 12 departamentos o \u00e1reas del Ayuntamiento y Nostreserveis, que no forman parte de los servicios m\u00ednimos esenciales, un grupo de j\u00f3venes voluntarios de Mont-roig y los Centros de Atenci\u00f3n Primaria del municipio.<\/p>\n<p style=\"text-align: justify;\">Seg\u00fan el censo municipal, cerca de 2.850 personas forman parte del colectivo de personas mayores y para poder hablar con todas ellas se han elaborado diversos grupos de trabajo, encargados de hacer el seguimiento. El equipo del Ayuntamiento estar\u00e1 formado por el personal de Juventud, Pla de Barris, Educaci\u00f3n, Cultura, Fiestas, Bibliotecas, Agentes C\u00edvicas, Medio Ambiente y Residuos, Transporte, guarder\u00eda de Miami Playa, guarder\u00eda de Mont-roig, Deportes, Notificadores y Servicios Sociales.<\/p>\n<p style=\"text-align: justify;\">Cada una de las concejal\u00edas se encargar\u00e1 de llamar a un grupo de personas mayores para preguntarles c\u00f3mo se encuentran, si necesitan medicamentos o comida, informarse sobre si est\u00e1n solos o acompa\u00f1ados y canalizar sus necesidades, a fin de derivarlos al servicio correspondiente (Servicios Sociales, departamento de Salud, Cruz Roja, etc.). Las llamadas, que seran con numero oculto tendran lugar en horari de 10 a 14 y dde 16 a 19 h.<\/p>\n<p style=\"text-align: justify;\"><strong>\u00a0<\/strong><strong>Coordinaci\u00f3n con los j\u00f3venes voluntarios y los Centros de Atenci\u00f3n Primaria<\/strong><\/p>\n<p style=\"text-align: justify;\">La campa\u00f1a de llamadas telef\u00f3nicas cuenta tambi\u00e9n con la participaci\u00f3n de una veintena de j\u00f3venes de Mont-roig del Camp que hace unos d\u00edas tuvieron la iniciativa de ofrecerse para atender las necesidades de las personas mayores.<\/p>\n<p style=\"text-align: justify;\">En este caso, el Ayuntamiento se pondr\u00e1 en contacto previamente con aquellas personas mayores de 65 a\u00f1os, que no tienen apoyo familiar o lo tienen limitado, para dar a conocer que existe un grupo de j\u00f3venes voluntarios que ofrecen tambi\u00e9n acompa\u00f1amiento telef\u00f3nico. En caso de que las personas mayores as\u00ed lo decidan, se ceder\u00e1 su contacto a los j\u00f3venes. Estos chicos y chicas, seguir\u00e1n tambi\u00e9n el protocolo de actuaci\u00f3n establecido por el Ayuntamiento y si se detecta cualquier necesidad los dirigir\u00e1n hacia el servicio telef\u00f3nico correspondiente.<\/p>\n<p style=\"text-align: justify;\">Por otra parte, desde los Centros de Atenci\u00f3n Primaria del municipio tambi\u00e9n est\u00e1n llamando a personas de edad avanzada o con determinadas patolog\u00edas previas para interesarse por su estado de salud. En estos casos, se dar\u00e1 a conocer la iniciativa del Ayuntamiento y los j\u00f3venes y ser\u00e1n las personas mayores quienes decidir\u00e1n si quieren recibir tambi\u00e9n las llamadas de acompa\u00f1amiento y apoyo del Ayuntamiento o s\u00f3lo el seguimiento que les ofrecen las \u00c1reas B\u00e1sicas de Salud.<\/p>\n","protected":false},"excerpt":{"rendered":"<p>Los departamentos que no forman parte de los servicios m\u00ednimos esenciales, junto con el grupo de j\u00f3venes voluntarios y los Centros de Atenci\u00f3n Primaria, se han coordinado para hacer llamadas de seguimiento y atender las necesidades de las personas mayores de 65 a\u00f1os Las llamadas, a las cerca de 2.850 personas que forman parte de [&hellip;]<\/p>\n","protected":false},"author":4,"featured_media":44338,"comment_status":"closed","ping_status":"closed","sticky":false,"template":"","format":"standard","meta":{"inline_featured_image":false,"_monsterinsights_skip_tracking":false,"_monsterinsights_sitenote_active":false,"_monsterinsights_sitenote_note":"","_monsterinsights_sitenote_category":0,"footnotes":""},"categories":[98,178,188,112,114],"tags":[],"class_list":["post-44343","post","type-post","status-publish","format-standard","has-post-thumbnail","hentry","category-ayuntamiento","category-coronavirus","category-coronavirus-sociales","category-sanidad-y-salud-publica","category-servicios-sociales"],"yoast_head":"<!-- This site is optimized with the Yoast SEO plugin v27.4 - https:\/\/yoast.com\/product\/yoast-seo-wordpress\/ -->\n<title>El Ayuntamiento de Mont-roig del Camp comienza a hacer llamadas de apoyo a las personas mayores del municipio - Ajuntament de Mont-roig del Camp<\/title>\n<meta name=\"robots\" content=\"index, follow, max-snippet:-1, max-image-preview:large, max-video-preview:-1\" \/>\n<link rel=\"canonical\" href=\"https:\/\/mont-roig.cat\/es\/actualitat\/noticies\/el-ayuntamiento-de-mont-roig-del-camp-comienza-a-hacer-llamadas-de-apoyo-a-las-personas-mayores-del-municipio\/\" \/>\n<meta property=\"og:locale\" content=\"es_ES\" \/>\n<meta property=\"og:type\" content=\"article\" \/>\n<meta property=\"og:title\" content=\"El Ayuntamiento de Mont-roig del Camp comienza a hacer llamadas de apoyo a las personas mayores del municipio - Ajuntament de Mont-roig del Camp\" \/>\n<meta property=\"og:description\" content=\"Los departamentos que no forman parte de los servicios m\u00ednimos esenciales, junto con el grupo de j\u00f3venes voluntarios y los Centros de Atenci\u00f3n Primaria, se han coordinado para hacer llamadas de seguimiento y atender las necesidades de las personas mayores de 65 a\u00f1os Las llamadas, a las cerca de 2.850 personas que forman parte de [&hellip;]\" \/>\n<meta property=\"og:url\" content=\"https:\/\/mont-roig.cat\/es\/actualitat\/noticies\/el-ayuntamiento-de-mont-roig-del-camp-comienza-a-hacer-llamadas-de-apoyo-a-las-personas-mayores-del-municipio\/\" \/>\n<meta property=\"og:site_name\" content=\"Ajuntament de Mont-roig del Camp\" \/>\n<meta property=\"article:published_time\" content=\"2020-03-18T13:39:07+00:00\" \/>\n<meta property=\"article:modified_time\" content=\"2020-03-27T12:24:32+00:00\" \/>\n<meta property=\"og:image\" content=\"https:\/\/mont-roig.cat\/wp-content\/uploads\/WhatsApp-Image-2020-03-18-at-14.31.56.jpeg\" \/>\n\t<meta property=\"og:image:width\" content=\"1600\" \/>\n\t<meta property=\"og:image:height\" content=\"760\" \/>\n\t<meta property=\"og:image:type\" content=\"image\/jpeg\" \/>\n<meta name=\"author\" content=\"administrador\" \/>\n<meta name=\"twitter:card\" content=\"summary_large_image\" \/>\n<meta name=\"twitter:label1\" content=\"Escrito por\" \/>\n\t<meta name=\"twitter:data1\" content=\"administrador\" \/>\n\t<meta name=\"twitter:label2\" content=\"Tiempo de lectura\" \/>\n\t<meta name=\"twitter:data2\" content=\"3 minutos\" \/>\n<script type=\"application\/ld+json\" class=\"yoast-schema-graph\">{\"@context\":\"https:\\\/\\\/schema.org\",\"@graph\":[{\"@type\":\"Article\",\"@id\":\"https:\\\/\\\/mont-roig.cat\\\/es\\\/actualitat\\\/noticies\\\/el-ayuntamiento-de-mont-roig-del-camp-comienza-a-hacer-llamadas-de-apoyo-a-las-personas-mayores-del-municipio\\\/#article\",\"isPartOf\":{\"@id\":\"https:\\\/\\\/mont-roig.cat\\\/es\\\/actualitat\\\/noticies\\\/el-ayuntamiento-de-mont-roig-del-camp-comienza-a-hacer-llamadas-de-apoyo-a-las-personas-mayores-del-municipio\\\/\"},\"author\":{\"name\":\"administrador\",\"@id\":\"https:\\\/\\\/mont-roig.cat\\\/es\\\/#\\\/schema\\\/person\\\/f2b111789f22b7d0c3bd6786c9128cba\"},\"headline\":\"El Ayuntamiento de Mont-roig del Camp comienza a hacer llamadas de apoyo a las personas mayores del municipio\",\"datePublished\":\"2020-03-18T13:39:07+00:00\",\"dateModified\":\"2020-03-27T12:24:32+00:00\",\"mainEntityOfPage\":{\"@id\":\"https:\\\/\\\/mont-roig.cat\\\/es\\\/actualitat\\\/noticies\\\/el-ayuntamiento-de-mont-roig-del-camp-comienza-a-hacer-llamadas-de-apoyo-a-las-personas-mayores-del-municipio\\\/\"},\"wordCount\":617,\"image\":{\"@id\":\"https:\\\/\\\/mont-roig.cat\\\/es\\\/actualitat\\\/noticies\\\/el-ayuntamiento-de-mont-roig-del-camp-comienza-a-hacer-llamadas-de-apoyo-a-las-personas-mayores-del-municipio\\\/#primaryimage\"},\"thumbnailUrl\":\"https:\\\/\\\/mont-roig.cat\\\/wp-content\\\/uploads\\\/WhatsApp-Image-2020-03-18-at-14.31.56.jpeg\",\"articleSection\":[\"Ayuntamiento\",\"Coronavirus\",\"Coronavirus - medidas sociales\",\"Sanidad y Salud p\u00fablica\",\"Servicios sociales\"],\"inLanguage\":\"es\"},{\"@type\":\"WebPage\",\"@id\":\"https:\\\/\\\/mont-roig.cat\\\/es\\\/actualitat\\\/noticies\\\/el-ayuntamiento-de-mont-roig-del-camp-comienza-a-hacer-llamadas-de-apoyo-a-las-personas-mayores-del-municipio\\\/\",\"url\":\"https:\\\/\\\/mont-roig.cat\\\/es\\\/actualitat\\\/noticies\\\/el-ayuntamiento-de-mont-roig-del-camp-comienza-a-hacer-llamadas-de-apoyo-a-las-personas-mayores-del-municipio\\\/\",\"name\":\"El Ayuntamiento de Mont-roig del Camp comienza a hacer llamadas de apoyo a las personas mayores del municipio - Ajuntament de Mont-roig del Camp\",\"isPartOf\":{\"@id\":\"https:\\\/\\\/mont-roig.cat\\\/es\\\/#website\"},\"primaryImageOfPage\":{\"@id\":\"https:\\\/\\\/mont-roig.cat\\\/es\\\/actualitat\\\/noticies\\\/el-ayuntamiento-de-mont-roig-del-camp-comienza-a-hacer-llamadas-de-apoyo-a-las-personas-mayores-del-municipio\\\/#primaryimage\"},\"image\":{\"@id\":\"https:\\\/\\\/mont-roig.cat\\\/es\\\/actualitat\\\/noticies\\\/el-ayuntamiento-de-mont-roig-del-camp-comienza-a-hacer-llamadas-de-apoyo-a-las-personas-mayores-del-municipio\\\/#primaryimage\"},\"thumbnailUrl\":\"https:\\\/\\\/mont-roig.cat\\\/wp-content\\\/uploads\\\/WhatsApp-Image-2020-03-18-at-14.31.56.jpeg\",\"datePublished\":\"2020-03-18T13:39:07+00:00\",\"dateModified\":\"2020-03-27T12:24:32+00:00\",\"author\":{\"@id\":\"https:\\\/\\\/mont-roig.cat\\\/es\\\/#\\\/schema\\\/person\\\/f2b111789f22b7d0c3bd6786c9128cba\"},\"breadcrumb\":{\"@id\":\"https:\\\/\\\/mont-roig.cat\\\/es\\\/actualitat\\\/noticies\\\/el-ayuntamiento-de-mont-roig-del-camp-comienza-a-hacer-llamadas-de-apoyo-a-las-personas-mayores-del-municipio\\\/#breadcrumb\"},\"inLanguage\":\"es\",\"potentialAction\":[{\"@type\":\"ReadAction\",\"target\":[\"https:\\\/\\\/mont-roig.cat\\\/es\\\/actualitat\\\/noticies\\\/el-ayuntamiento-de-mont-roig-del-camp-comienza-a-hacer-llamadas-de-apoyo-a-las-personas-mayores-del-municipio\\\/\"]}]},{\"@type\":\"ImageObject\",\"inLanguage\":\"es\",\"@id\":\"https:\\\/\\\/mont-roig.cat\\\/es\\\/actualitat\\\/noticies\\\/el-ayuntamiento-de-mont-roig-del-camp-comienza-a-hacer-llamadas-de-apoyo-a-las-personas-mayores-del-municipio\\\/#primaryimage\",\"url\":\"https:\\\/\\\/mont-roig.cat\\\/wp-content\\\/uploads\\\/WhatsApp-Image-2020-03-18-at-14.31.56.jpeg\",\"contentUrl\":\"https:\\\/\\\/mont-roig.cat\\\/wp-content\\\/uploads\\\/WhatsApp-Image-2020-03-18-at-14.31.56.jpeg\",\"width\":1600,\"height\":760},{\"@type\":\"BreadcrumbList\",\"@id\":\"https:\\\/\\\/mont-roig.cat\\\/es\\\/actualitat\\\/noticies\\\/el-ayuntamiento-de-mont-roig-del-camp-comienza-a-hacer-llamadas-de-apoyo-a-las-personas-mayores-del-municipio\\\/#breadcrumb\",\"itemListElement\":[{\"@type\":\"ListItem\",\"position\":1,\"name\":\"Inici\",\"item\":\"https:\\\/\\\/mont-roig.cat\\\/es\\\/pagina-de-inicio\\\/\"},{\"@type\":\"ListItem\",\"position\":2,\"name\":\"El Ayuntamiento de Mont-roig del Camp comienza a hacer llamadas de apoyo a las personas mayores del municipio\"}]},{\"@type\":\"WebSite\",\"@id\":\"https:\\\/\\\/mont-roig.cat\\\/es\\\/#website\",\"url\":\"https:\\\/\\\/mont-roig.cat\\\/es\\\/\",\"name\":\"Ajuntament de Mont-roig del Camp\",\"description\":\"Tota la informaci\u00f3 sobre la instituci\u00f3, els seus \u00f2rgans de govern, actualitat, serveis i molt m\u00e9s.\",\"potentialAction\":[{\"@type\":\"SearchAction\",\"target\":{\"@type\":\"EntryPoint\",\"urlTemplate\":\"https:\\\/\\\/mont-roig.cat\\\/es\\\/?s={search_term_string}\"},\"query-input\":{\"@type\":\"PropertyValueSpecification\",\"valueRequired\":true,\"valueName\":\"search_term_string\"}}],\"inLanguage\":\"es\"},{\"@type\":\"Person\",\"@id\":\"https:\\\/\\\/mont-roig.cat\\\/es\\\/#\\\/schema\\\/person\\\/f2b111789f22b7d0c3bd6786c9128cba\",\"name\":\"administrador\",\"image\":{\"@type\":\"ImageObject\",\"inLanguage\":\"es\",\"@id\":\"https:\\\/\\\/secure.gravatar.com\\\/avatar\\\/9137aac6891e2595c9d3036fd83bcb653b4db3c946db4c7d9b9be193c3c944bb?s=96&d=mm&r=g\",\"url\":\"https:\\\/\\\/secure.gravatar.com\\\/avatar\\\/9137aac6891e2595c9d3036fd83bcb653b4db3c946db4c7d9b9be193c3c944bb?s=96&d=mm&r=g\",\"contentUrl\":\"https:\\\/\\\/secure.gravatar.com\\\/avatar\\\/9137aac6891e2595c9d3036fd83bcb653b4db3c946db4c7d9b9be193c3c944bb?s=96&d=mm&r=g\",\"caption\":\"administrador\"},\"url\":\"https:\\\/\\\/mont-roig.cat\\\/es\\\/actualitat\\\/noticies\\\/author\\\/administrador\\\/\"}]}<\/script>\n<!-- \/ Yoast SEO plugin. -->","yoast_head_json":{"title":"El Ayuntamiento de Mont-roig del Camp comienza a hacer llamadas de apoyo a las personas mayores del municipio - Ajuntament de Mont-roig del Camp","robots":{"index":"index","follow":"follow","max-snippet":"max-snippet:-1","max-image-preview":"max-image-preview:large","max-video-preview":"max-video-preview:-1"},"canonical":"https:\/\/mont-roig.cat\/es\/actualitat\/noticies\/el-ayuntamiento-de-mont-roig-del-camp-comienza-a-hacer-llamadas-de-apoyo-a-las-personas-mayores-del-municipio\/","og_locale":"es_ES","og_type":"article","og_title":"El Ayuntamiento de Mont-roig del Camp comienza a hacer llamadas de apoyo a las personas mayores del municipio - Ajuntament de Mont-roig del Camp","og_description":"Los departamentos que no forman parte de los servicios m\u00ednimos esenciales, junto con el grupo de j\u00f3venes voluntarios y los Centros de Atenci\u00f3n Primaria, se han coordinado para hacer llamadas de seguimiento y atender las necesidades de las personas mayores de 65 a\u00f1os Las llamadas, a las cerca de 2.850 personas que forman parte de [&hellip;]","og_url":"https:\/\/mont-roig.cat\/es\/actualitat\/noticies\/el-ayuntamiento-de-mont-roig-del-camp-comienza-a-hacer-llamadas-de-apoyo-a-las-personas-mayores-del-municipio\/","og_site_name":"Ajuntament de Mont-roig del Camp","article_published_time":"2020-03-18T13:39:07+00:00","article_modified_time":"2020-03-27T12:24:32+00:00","og_image":[{"width":1600,"height":760,"url":"https:\/\/mont-roig.cat\/wp-content\/uploads\/WhatsApp-Image-2020-03-18-at-14.31.56.jpeg","type":"image\/jpeg"}],"author":"administrador","twitter_card":"summary_large_image","twitter_misc":{"Escrito por":"administrador","Tiempo de lectura":"3 minutos"},"schema":{"@context":"https:\/\/schema.org","@graph":[{"@type":"Article","@id":"https:\/\/mont-roig.cat\/es\/actualitat\/noticies\/el-ayuntamiento-de-mont-roig-del-camp-comienza-a-hacer-llamadas-de-apoyo-a-las-personas-mayores-del-municipio\/#article","isPartOf":{"@id":"https:\/\/mont-roig.cat\/es\/actualitat\/noticies\/el-ayuntamiento-de-mont-roig-del-camp-comienza-a-hacer-llamadas-de-apoyo-a-las-personas-mayores-del-municipio\/"},"author":{"name":"administrador","@id":"https:\/\/mont-roig.cat\/es\/#\/schema\/person\/f2b111789f22b7d0c3bd6786c9128cba"},"headline":"El Ayuntamiento de Mont-roig del Camp comienza a hacer llamadas de apoyo a las personas mayores del municipio","datePublished":"2020-03-18T13:39:07+00:00","dateModified":"2020-03-27T12:24:32+00:00","mainEntityOfPage":{"@id":"https:\/\/mont-roig.cat\/es\/actualitat\/noticies\/el-ayuntamiento-de-mont-roig-del-camp-comienza-a-hacer-llamadas-de-apoyo-a-las-personas-mayores-del-municipio\/"},"wordCount":617,"image":{"@id":"https:\/\/mont-roig.cat\/es\/actualitat\/noticies\/el-ayuntamiento-de-mont-roig-del-camp-comienza-a-hacer-llamadas-de-apoyo-a-las-personas-mayores-del-municipio\/#primaryimage"},"thumbnailUrl":"https:\/\/mont-roig.cat\/wp-content\/uploads\/WhatsApp-Image-2020-03-18-at-14.31.56.jpeg","articleSection":["Ayuntamiento","Coronavirus","Coronavirus - medidas sociales","Sanidad y Salud p\u00fablica","Servicios sociales"],"inLanguage":"es"},{"@type":"WebPage","@id":"https:\/\/mont-roig.cat\/es\/actualitat\/noticies\/el-ayuntamiento-de-mont-roig-del-camp-comienza-a-hacer-llamadas-de-apoyo-a-las-personas-mayores-del-municipio\/","url":"https:\/\/mont-roig.cat\/es\/actualitat\/noticies\/el-ayuntamiento-de-mont-roig-del-camp-comienza-a-hacer-llamadas-de-apoyo-a-las-personas-mayores-del-municipio\/","name":"El Ayuntamiento de Mont-roig del Camp comienza a hacer llamadas de apoyo a las personas mayores del municipio - Ajuntament de Mont-roig del Camp","isPartOf":{"@id":"https:\/\/mont-roig.cat\/es\/#website"},"primaryImageOfPage":{"@id":"https:\/\/mont-roig.cat\/es\/actualitat\/noticies\/el-ayuntamiento-de-mont-roig-del-camp-comienza-a-hacer-llamadas-de-apoyo-a-las-personas-mayores-del-municipio\/#primaryimage"},"image":{"@id":"https:\/\/mont-roig.cat\/es\/actualitat\/noticies\/el-ayuntamiento-de-mont-roig-del-camp-comienza-a-hacer-llamadas-de-apoyo-a-las-personas-mayores-del-municipio\/#primaryimage"},"thumbnailUrl":"https:\/\/mont-roig.cat\/wp-content\/uploads\/WhatsApp-Image-2020-03-18-at-14.31.56.jpeg","datePublished":"2020-03-18T13:39:07+00:00","dateModified":"2020-03-27T12:24:32+00:00","author":{"@id":"https:\/\/mont-roig.cat\/es\/#\/schema\/person\/f2b111789f22b7d0c3bd6786c9128cba"},"breadcrumb":{"@id":"https:\/\/mont-roig.cat\/es\/actualitat\/noticies\/el-ayuntamiento-de-mont-roig-del-camp-comienza-a-hacer-llamadas-de-apoyo-a-las-personas-mayores-del-municipio\/#breadcrumb"},"inLanguage":"es","potentialAction":[{"@type":"ReadAction","target":["https:\/\/mont-roig.cat\/es\/actualitat\/noticies\/el-ayuntamiento-de-mont-roig-del-camp-comienza-a-hacer-llamadas-de-apoyo-a-las-personas-mayores-del-municipio\/"]}]},{"@type":"ImageObject","inLanguage":"es","@id":"https:\/\/mont-roig.cat\/es\/actualitat\/noticies\/el-ayuntamiento-de-mont-roig-del-camp-comienza-a-hacer-llamadas-de-apoyo-a-las-personas-mayores-del-municipio\/#primaryimage","url":"https:\/\/mont-roig.cat\/wp-content\/uploads\/WhatsApp-Image-2020-03-18-at-14.31.56.jpeg","contentUrl":"https:\/\/mont-roig.cat\/wp-content\/uploads\/WhatsApp-Image-2020-03-18-at-14.31.56.jpeg","width":1600,"height":760},{"@type":"BreadcrumbList","@id":"https:\/\/mont-roig.cat\/es\/actualitat\/noticies\/el-ayuntamiento-de-mont-roig-del-camp-comienza-a-hacer-llamadas-de-apoyo-a-las-personas-mayores-del-municipio\/#breadcrumb","itemListElement":[{"@type":"ListItem","position":1,"name":"Inici","item":"https:\/\/mont-roig.cat\/es\/pagina-de-inicio\/"},{"@type":"ListItem","position":2,"name":"El Ayuntamiento de Mont-roig del Camp comienza a hacer llamadas de apoyo a las personas mayores del municipio"}]},{"@type":"WebSite","@id":"https:\/\/mont-roig.cat\/es\/#website","url":"https:\/\/mont-roig.cat\/es\/","name":"Ajuntament de Mont-roig del Camp","description":"Tota la informaci\u00f3 sobre la instituci\u00f3, els seus \u00f2rgans de govern, actualitat, serveis i molt m\u00e9s.","potentialAction":[{"@type":"SearchAction","target":{"@type":"EntryPoint","urlTemplate":"https:\/\/mont-roig.cat\/es\/?s={search_term_string}"},"query-input":{"@type":"PropertyValueSpecification","valueRequired":true,"valueName":"search_term_string"}}],"inLanguage":"es"},{"@type":"Person","@id":"https:\/\/mont-roig.cat\/es\/#\/schema\/person\/f2b111789f22b7d0c3bd6786c9128cba","name":"administrador","image":{"@type":"ImageObject","inLanguage":"es","@id":"https:\/\/secure.gravatar.com\/avatar\/9137aac6891e2595c9d3036fd83bcb653b4db3c946db4c7d9b9be193c3c944bb?s=96&d=mm&r=g","url":"https:\/\/secure.gravatar.com\/avatar\/9137aac6891e2595c9d3036fd83bcb653b4db3c946db4c7d9b9be193c3c944bb?s=96&d=mm&r=g","contentUrl":"https:\/\/secure.gravatar.com\/avatar\/9137aac6891e2595c9d3036fd83bcb653b4db3c946db4c7d9b9be193c3c944bb?s=96&d=mm&r=g","caption":"administrador"},"url":"https:\/\/mont-roig.cat\/es\/actualitat\/noticies\/author\/administrador\/"}]}},"_links":{"self":[{"href":"https:\/\/mont-roig.cat\/es\/wp-json\/wp\/v2\/posts\/44343","targetHints":{"allow":["GET"]}}],"collection":[{"href":"https:\/\/mont-roig.cat\/es\/wp-json\/wp\/v2\/posts"}],"about":[{"href":"https:\/\/mont-roig.cat\/es\/wp-json\/wp\/v2\/types\/post"}],"author":[{"embeddable":true,"href":"https:\/\/mont-roig.cat\/es\/wp-json\/wp\/v2\/users\/4"}],"replies":[{"embeddable":true,"href":"https:\/\/mont-roig.cat\/es\/wp-json\/wp\/v2\/comments?post=44343"}],"version-history":[{"count":3,"href":"https:\/\/mont-roig.cat\/es\/wp-json\/wp\/v2\/posts\/44343\/revisions"}],"predecessor-version":[{"id":44373,"href":"https:\/\/mont-roig.cat\/es\/wp-json\/wp\/v2\/posts\/44343\/revisions\/44373"}],"wp:featuredmedia":[{"embeddable":true,"href":"https:\/\/mont-roig.cat\/es\/wp-json\/wp\/v2\/media\/44338"}],"wp:attachment":[{"href":"https:\/\/mont-roig.cat\/es\/wp-json\/wp\/v2\/media?parent=44343"}],"wp:term":[{"taxonomy":"category","embeddable":true,"href":"https:\/\/mont-roig.cat\/es\/wp-json\/wp\/v2\/categories?post=44343"},{"taxonomy":"post_tag","embeddable":true,"href":"https:\/\/mont-roig.cat\/es\/wp-json\/wp\/v2\/tags?post=44343"}],"curies":[{"name":"wp","href":"https:\/\/api.w.org\/{rel}","templated":true}]}}