{"id":44350,"date":"2020-03-18T14:56:03","date_gmt":"2020-03-18T13:56:03","guid":{"rendered":"https:\/\/mont-roig.cat\/actualitat\/noticies\/avisos-i-consells-sobre-defuncions-i-us-de-les-sales-de-vetlla\/"},"modified":"2020-03-27T13:09:03","modified_gmt":"2020-03-27T12:09:03","slug":"avisos-y-consejos-sobre-defunciones-y-los-velatorios","status":"publish","type":"post","link":"https:\/\/mont-roig.cat\/es\/actualitat\/noticies\/avisos-y-consejos-sobre-defunciones-y-los-velatorios\/","title":{"rendered":"Avisos y consejos sobre defunciones y los velatorios"},"content":{"rendered":"<p><strong><a href=\"https:\/\/mont-roig.cat\/wp-content\/uploads\/Logotip-Ajuntament-de-Mont-roig-del-Camp-fons-transparent.gif\"><img loading=\"lazy\" decoding=\"async\" class=\"alignright wp-image-11379\" src=\"https:\/\/mont-roig.cat\/wp-content\/uploads\/Logotip-Ajuntament-de-Mont-roig-del-Camp-fons-transparent-500x354.gif\" alt=\"\" width=\"288\" height=\"204\" srcset=\"https:\/\/mont-roig.cat\/wp-content\/uploads\/Logotip-Ajuntament-de-Mont-roig-del-Camp-fons-transparent-500x354.gif 500w, https:\/\/mont-roig.cat\/wp-content\/uploads\/Logotip-Ajuntament-de-Mont-roig-del-Camp-fons-transparent-768x544.gif 768w, https:\/\/mont-roig.cat\/wp-content\/uploads\/Logotip-Ajuntament-de-Mont-roig-del-Camp-fons-transparent-1024x726.gif 1024w\" sizes=\"auto, (max-width: 288px) 100vw, 288px\" \/><\/a>Os informamos de las medidas excepcionales en relaci\u00f3n a las defunciones y el uso de los velatorios dada la crisis sanitaria del coronavirus.<\/strong><\/p>\n<p>&nbsp;<\/p>\n<ul>\n<li>En caso de que se produzcan fallecimientos no se podr\u00e1 hacer uso de los velatorios. Se trata de una medida preventiva marcada por el Ministerio de Sanidad para evitar aglomeraciones. Desgraciadamente, las defunciones, sean por el motivo que sea, no se detendr\u00e1n, y por eso os rogamos paciencia ante estos cambios y nuevos protocolos que suponen dolorosamente no poder despedir como quisi\u00e9ramos a nuestros familiares, amigos y conciudadanos que traspasan durante estos d\u00edas.<\/li>\n<li>Por motivos de protecci\u00f3n de las personas que realizan los pregones, no se pregonar\u00e1n las defunciones como se hac\u00eda habitualmente en Mont-roig. Hay que tener en cuenta que los mensajes que se dan por esta v\u00eda deben ser los estrictamente necesarios para comunicar nuevas medidas y recomendaciones a la poblaci\u00f3n sobre el coronavirus.<\/li>\n<li>En caso de que hubiera un fallecimiento por coronavirus en nuestro municipio, desde el departamento de Salud ya se establecer\u00eda un protocolo de seguimiento y las personas que hubieran estado en contacto con el fallecido estar\u00edan informadas de los pasos a seguir en todo momento.<\/li>\n<\/ul>\n","protected":false},"excerpt":{"rendered":"<p>Os informamos de las medidas excepcionales en relaci\u00f3n a las defunciones y el uso de los velatorios dada la crisis sanitaria del coronavirus. &nbsp; En caso de que se produzcan fallecimientos no se podr\u00e1 hacer uso de los velatorios. Se trata de una medida preventiva marcada por el Ministerio de Sanidad para evitar aglomeraciones. Desgraciadamente, [&hellip;]<\/p>\n","protected":false},"author":4,"featured_media":0,"comment_status":"closed","ping_status":"closed","sticky":false,"template":"","format":"standard","meta":{"inline_featured_image":false,"_monsterinsights_skip_tracking":false,"_monsterinsights_sitenote_active":false,"_monsterinsights_sitenote_note":"","_monsterinsights_sitenote_category":0,"footnotes":""},"categories":[178,186],"tags":[],"class_list":["post-44350","post","type-post","status-publish","format-standard","hentry","category-coronavirus","category-coronavirus-otras"],"yoast_head":"<!-- This site is optimized with the Yoast SEO plugin v27.4 - https:\/\/yoast.com\/product\/yoast-seo-wordpress\/ -->\n<title>Avisos y consejos sobre defunciones y los velatorios - Ajuntament de Mont-roig del Camp<\/title>\n<meta name=\"robots\" content=\"index, follow, max-snippet:-1, max-image-preview:large, max-video-preview:-1\" \/>\n<link rel=\"canonical\" href=\"https:\/\/mont-roig.cat\/es\/actualitat\/noticies\/avisos-y-consejos-sobre-defunciones-y-los-velatorios\/\" \/>\n<meta property=\"og:locale\" content=\"es_ES\" \/>\n<meta property=\"og:type\" content=\"article\" \/>\n<meta property=\"og:title\" content=\"Avisos y consejos sobre defunciones y los velatorios - Ajuntament de Mont-roig del Camp\" \/>\n<meta property=\"og:description\" content=\"Os informamos de las medidas excepcionales en relaci\u00f3n a las defunciones y el uso de los velatorios dada la crisis sanitaria del coronavirus. &nbsp; En caso de que se produzcan fallecimientos no se podr\u00e1 hacer uso de los velatorios. Se trata de una medida preventiva marcada por el Ministerio de Sanidad para evitar aglomeraciones. Desgraciadamente, [&hellip;]\" \/>\n<meta property=\"og:url\" content=\"https:\/\/mont-roig.cat\/es\/actualitat\/noticies\/avisos-y-consejos-sobre-defunciones-y-los-velatorios\/\" \/>\n<meta property=\"og:site_name\" content=\"Ajuntament de Mont-roig del Camp\" \/>\n<meta property=\"article:published_time\" content=\"2020-03-18T13:56:03+00:00\" \/>\n<meta property=\"article:modified_time\" content=\"2020-03-27T12:09:03+00:00\" \/>\n<meta property=\"og:image\" content=\"https:\/\/mont-roig.cat\/wp-content\/uploads\/mont-roig_logotip_2tintes.jpg\" \/>\n\t<meta property=\"og:image:width\" content=\"1134\" \/>\n\t<meta property=\"og:image:height\" content=\"806\" \/>\n\t<meta property=\"og:image:type\" content=\"image\/jpeg\" \/>\n<meta name=\"author\" content=\"administrador\" \/>\n<meta name=\"twitter:card\" content=\"summary_large_image\" \/>\n<meta name=\"twitter:label1\" content=\"Escrito por\" \/>\n\t<meta name=\"twitter:data1\" content=\"administrador\" \/>\n\t<meta name=\"twitter:label2\" content=\"Tiempo de lectura\" \/>\n\t<meta name=\"twitter:data2\" content=\"1 minuto\" \/>\n<script type=\"application\/ld+json\" class=\"yoast-schema-graph\">{\"@context\":\"https:\\\/\\\/schema.org\",\"@graph\":[{\"@type\":\"Article\",\"@id\":\"https:\\\/\\\/mont-roig.cat\\\/es\\\/actualitat\\\/noticies\\\/avisos-y-consejos-sobre-defunciones-y-los-velatorios\\\/#article\",\"isPartOf\":{\"@id\":\"https:\\\/\\\/mont-roig.cat\\\/es\\\/actualitat\\\/noticies\\\/avisos-y-consejos-sobre-defunciones-y-los-velatorios\\\/\"},\"author\":{\"name\":\"administrador\",\"@id\":\"https:\\\/\\\/mont-roig.cat\\\/es\\\/#\\\/schema\\\/person\\\/f2b111789f22b7d0c3bd6786c9128cba\"},\"headline\":\"Avisos y consejos sobre defunciones y los velatorios\",\"datePublished\":\"2020-03-18T13:56:03+00:00\",\"dateModified\":\"2020-03-27T12:09:03+00:00\",\"mainEntityOfPage\":{\"@id\":\"https:\\\/\\\/mont-roig.cat\\\/es\\\/actualitat\\\/noticies\\\/avisos-y-consejos-sobre-defunciones-y-los-velatorios\\\/\"},\"wordCount\":214,\"image\":{\"@id\":\"https:\\\/\\\/mont-roig.cat\\\/es\\\/actualitat\\\/noticies\\\/avisos-y-consejos-sobre-defunciones-y-los-velatorios\\\/#primaryimage\"},\"thumbnailUrl\":\"https:\\\/\\\/mont-roig.cat\\\/wp-content\\\/uploads\\\/Logotip-Ajuntament-de-Mont-roig-del-Camp-fons-transparent-500x354.gif\",\"articleSection\":[\"Coronavirus\",\"Coronavirus - otras medidas\"],\"inLanguage\":\"es\"},{\"@type\":\"WebPage\",\"@id\":\"https:\\\/\\\/mont-roig.cat\\\/es\\\/actualitat\\\/noticies\\\/avisos-y-consejos-sobre-defunciones-y-los-velatorios\\\/\",\"url\":\"https:\\\/\\\/mont-roig.cat\\\/es\\\/actualitat\\\/noticies\\\/avisos-y-consejos-sobre-defunciones-y-los-velatorios\\\/\",\"name\":\"Avisos y consejos sobre defunciones y los velatorios - Ajuntament de Mont-roig del Camp\",\"isPartOf\":{\"@id\":\"https:\\\/\\\/mont-roig.cat\\\/es\\\/#website\"},\"primaryImageOfPage\":{\"@id\":\"https:\\\/\\\/mont-roig.cat\\\/es\\\/actualitat\\\/noticies\\\/avisos-y-consejos-sobre-defunciones-y-los-velatorios\\\/#primaryimage\"},\"image\":{\"@id\":\"https:\\\/\\\/mont-roig.cat\\\/es\\\/actualitat\\\/noticies\\\/avisos-y-consejos-sobre-defunciones-y-los-velatorios\\\/#primaryimage\"},\"thumbnailUrl\":\"https:\\\/\\\/mont-roig.cat\\\/wp-content\\\/uploads\\\/Logotip-Ajuntament-de-Mont-roig-del-Camp-fons-transparent-500x354.gif\",\"datePublished\":\"2020-03-18T13:56:03+00:00\",\"dateModified\":\"2020-03-27T12:09:03+00:00\",\"author\":{\"@id\":\"https:\\\/\\\/mont-roig.cat\\\/es\\\/#\\\/schema\\\/person\\\/f2b111789f22b7d0c3bd6786c9128cba\"},\"breadcrumb\":{\"@id\":\"https:\\\/\\\/mont-roig.cat\\\/es\\\/actualitat\\\/noticies\\\/avisos-y-consejos-sobre-defunciones-y-los-velatorios\\\/#breadcrumb\"},\"inLanguage\":\"es\",\"potentialAction\":[{\"@type\":\"ReadAction\",\"target\":[\"https:\\\/\\\/mont-roig.cat\\\/es\\\/actualitat\\\/noticies\\\/avisos-y-consejos-sobre-defunciones-y-los-velatorios\\\/\"]}]},{\"@type\":\"ImageObject\",\"inLanguage\":\"es\",\"@id\":\"https:\\\/\\\/mont-roig.cat\\\/es\\\/actualitat\\\/noticies\\\/avisos-y-consejos-sobre-defunciones-y-los-velatorios\\\/#primaryimage\",\"url\":\"https:\\\/\\\/mont-roig.cat\\\/wp-content\\\/uploads\\\/Logotip-Ajuntament-de-Mont-roig-del-Camp-fons-transparent-500x354.gif\",\"contentUrl\":\"https:\\\/\\\/mont-roig.cat\\\/wp-content\\\/uploads\\\/Logotip-Ajuntament-de-Mont-roig-del-Camp-fons-transparent-500x354.gif\"},{\"@type\":\"BreadcrumbList\",\"@id\":\"https:\\\/\\\/mont-roig.cat\\\/es\\\/actualitat\\\/noticies\\\/avisos-y-consejos-sobre-defunciones-y-los-velatorios\\\/#breadcrumb\",\"itemListElement\":[{\"@type\":\"ListItem\",\"position\":1,\"name\":\"Inici\",\"item\":\"https:\\\/\\\/mont-roig.cat\\\/es\\\/pagina-de-inicio\\\/\"},{\"@type\":\"ListItem\",\"position\":2,\"name\":\"Avisos y consejos sobre defunciones y los velatorios\"}]},{\"@type\":\"WebSite\",\"@id\":\"https:\\\/\\\/mont-roig.cat\\\/es\\\/#website\",\"url\":\"https:\\\/\\\/mont-roig.cat\\\/es\\\/\",\"name\":\"Ajuntament de Mont-roig del Camp\",\"description\":\"Tota la informaci\u00f3 sobre la instituci\u00f3, els seus \u00f2rgans de govern, actualitat, serveis i molt m\u00e9s.\",\"potentialAction\":[{\"@type\":\"SearchAction\",\"target\":{\"@type\":\"EntryPoint\",\"urlTemplate\":\"https:\\\/\\\/mont-roig.cat\\\/es\\\/?s={search_term_string}\"},\"query-input\":{\"@type\":\"PropertyValueSpecification\",\"valueRequired\":true,\"valueName\":\"search_term_string\"}}],\"inLanguage\":\"es\"},{\"@type\":\"Person\",\"@id\":\"https:\\\/\\\/mont-roig.cat\\\/es\\\/#\\\/schema\\\/person\\\/f2b111789f22b7d0c3bd6786c9128cba\",\"name\":\"administrador\",\"image\":{\"@type\":\"ImageObject\",\"inLanguage\":\"es\",\"@id\":\"https:\\\/\\\/secure.gravatar.com\\\/avatar\\\/9137aac6891e2595c9d3036fd83bcb653b4db3c946db4c7d9b9be193c3c944bb?s=96&d=mm&r=g\",\"url\":\"https:\\\/\\\/secure.gravatar.com\\\/avatar\\\/9137aac6891e2595c9d3036fd83bcb653b4db3c946db4c7d9b9be193c3c944bb?s=96&d=mm&r=g\",\"contentUrl\":\"https:\\\/\\\/secure.gravatar.com\\\/avatar\\\/9137aac6891e2595c9d3036fd83bcb653b4db3c946db4c7d9b9be193c3c944bb?s=96&d=mm&r=g\",\"caption\":\"administrador\"},\"url\":\"https:\\\/\\\/mont-roig.cat\\\/es\\\/actualitat\\\/noticies\\\/author\\\/administrador\\\/\"}]}<\/script>\n<!-- \/ Yoast SEO plugin. -->","yoast_head_json":{"title":"Avisos y consejos sobre defunciones y los velatorios - Ajuntament de Mont-roig del Camp","robots":{"index":"index","follow":"follow","max-snippet":"max-snippet:-1","max-image-preview":"max-image-preview:large","max-video-preview":"max-video-preview:-1"},"canonical":"https:\/\/mont-roig.cat\/es\/actualitat\/noticies\/avisos-y-consejos-sobre-defunciones-y-los-velatorios\/","og_locale":"es_ES","og_type":"article","og_title":"Avisos y consejos sobre defunciones y los velatorios - Ajuntament de Mont-roig del Camp","og_description":"Os informamos de las medidas excepcionales en relaci\u00f3n a las defunciones y el uso de los velatorios dada la crisis sanitaria del coronavirus. &nbsp; En caso de que se produzcan fallecimientos no se podr\u00e1 hacer uso de los velatorios. Se trata de una medida preventiva marcada por el Ministerio de Sanidad para evitar aglomeraciones. Desgraciadamente, [&hellip;]","og_url":"https:\/\/mont-roig.cat\/es\/actualitat\/noticies\/avisos-y-consejos-sobre-defunciones-y-los-velatorios\/","og_site_name":"Ajuntament de Mont-roig del Camp","article_published_time":"2020-03-18T13:56:03+00:00","article_modified_time":"2020-03-27T12:09:03+00:00","og_image":[{"width":1134,"height":806,"url":"https:\/\/mont-roig.cat\/wp-content\/uploads\/mont-roig_logotip_2tintes.jpg","type":"image\/jpeg"}],"author":"administrador","twitter_card":"summary_large_image","twitter_misc":{"Escrito por":"administrador","Tiempo de lectura":"1 minuto"},"schema":{"@context":"https:\/\/schema.org","@graph":[{"@type":"Article","@id":"https:\/\/mont-roig.cat\/es\/actualitat\/noticies\/avisos-y-consejos-sobre-defunciones-y-los-velatorios\/#article","isPartOf":{"@id":"https:\/\/mont-roig.cat\/es\/actualitat\/noticies\/avisos-y-consejos-sobre-defunciones-y-los-velatorios\/"},"author":{"name":"administrador","@id":"https:\/\/mont-roig.cat\/es\/#\/schema\/person\/f2b111789f22b7d0c3bd6786c9128cba"},"headline":"Avisos y consejos sobre defunciones y los velatorios","datePublished":"2020-03-18T13:56:03+00:00","dateModified":"2020-03-27T12:09:03+00:00","mainEntityOfPage":{"@id":"https:\/\/mont-roig.cat\/es\/actualitat\/noticies\/avisos-y-consejos-sobre-defunciones-y-los-velatorios\/"},"wordCount":214,"image":{"@id":"https:\/\/mont-roig.cat\/es\/actualitat\/noticies\/avisos-y-consejos-sobre-defunciones-y-los-velatorios\/#primaryimage"},"thumbnailUrl":"https:\/\/mont-roig.cat\/wp-content\/uploads\/Logotip-Ajuntament-de-Mont-roig-del-Camp-fons-transparent-500x354.gif","articleSection":["Coronavirus","Coronavirus - otras medidas"],"inLanguage":"es"},{"@type":"WebPage","@id":"https:\/\/mont-roig.cat\/es\/actualitat\/noticies\/avisos-y-consejos-sobre-defunciones-y-los-velatorios\/","url":"https:\/\/mont-roig.cat\/es\/actualitat\/noticies\/avisos-y-consejos-sobre-defunciones-y-los-velatorios\/","name":"Avisos y consejos sobre defunciones y los velatorios - Ajuntament de Mont-roig del Camp","isPartOf":{"@id":"https:\/\/mont-roig.cat\/es\/#website"},"primaryImageOfPage":{"@id":"https:\/\/mont-roig.cat\/es\/actualitat\/noticies\/avisos-y-consejos-sobre-defunciones-y-los-velatorios\/#primaryimage"},"image":{"@id":"https:\/\/mont-roig.cat\/es\/actualitat\/noticies\/avisos-y-consejos-sobre-defunciones-y-los-velatorios\/#primaryimage"},"thumbnailUrl":"https:\/\/mont-roig.cat\/wp-content\/uploads\/Logotip-Ajuntament-de-Mont-roig-del-Camp-fons-transparent-500x354.gif","datePublished":"2020-03-18T13:56:03+00:00","dateModified":"2020-03-27T12:09:03+00:00","author":{"@id":"https:\/\/mont-roig.cat\/es\/#\/schema\/person\/f2b111789f22b7d0c3bd6786c9128cba"},"breadcrumb":{"@id":"https:\/\/mont-roig.cat\/es\/actualitat\/noticies\/avisos-y-consejos-sobre-defunciones-y-los-velatorios\/#breadcrumb"},"inLanguage":"es","potentialAction":[{"@type":"ReadAction","target":["https:\/\/mont-roig.cat\/es\/actualitat\/noticies\/avisos-y-consejos-sobre-defunciones-y-los-velatorios\/"]}]},{"@type":"ImageObject","inLanguage":"es","@id":"https:\/\/mont-roig.cat\/es\/actualitat\/noticies\/avisos-y-consejos-sobre-defunciones-y-los-velatorios\/#primaryimage","url":"https:\/\/mont-roig.cat\/wp-content\/uploads\/Logotip-Ajuntament-de-Mont-roig-del-Camp-fons-transparent-500x354.gif","contentUrl":"https:\/\/mont-roig.cat\/wp-content\/uploads\/Logotip-Ajuntament-de-Mont-roig-del-Camp-fons-transparent-500x354.gif"},{"@type":"BreadcrumbList","@id":"https:\/\/mont-roig.cat\/es\/actualitat\/noticies\/avisos-y-consejos-sobre-defunciones-y-los-velatorios\/#breadcrumb","itemListElement":[{"@type":"ListItem","position":1,"name":"Inici","item":"https:\/\/mont-roig.cat\/es\/pagina-de-inicio\/"},{"@type":"ListItem","position":2,"name":"Avisos y consejos sobre defunciones y los velatorios"}]},{"@type":"WebSite","@id":"https:\/\/mont-roig.cat\/es\/#website","url":"https:\/\/mont-roig.cat\/es\/","name":"Ajuntament de Mont-roig del Camp","description":"Tota la informaci\u00f3 sobre la instituci\u00f3, els seus \u00f2rgans de govern, actualitat, serveis i molt m\u00e9s.","potentialAction":[{"@type":"SearchAction","target":{"@type":"EntryPoint","urlTemplate":"https:\/\/mont-roig.cat\/es\/?s={search_term_string}"},"query-input":{"@type":"PropertyValueSpecification","valueRequired":true,"valueName":"search_term_string"}}],"inLanguage":"es"},{"@type":"Person","@id":"https:\/\/mont-roig.cat\/es\/#\/schema\/person\/f2b111789f22b7d0c3bd6786c9128cba","name":"administrador","image":{"@type":"ImageObject","inLanguage":"es","@id":"https:\/\/secure.gravatar.com\/avatar\/9137aac6891e2595c9d3036fd83bcb653b4db3c946db4c7d9b9be193c3c944bb?s=96&d=mm&r=g","url":"https:\/\/secure.gravatar.com\/avatar\/9137aac6891e2595c9d3036fd83bcb653b4db3c946db4c7d9b9be193c3c944bb?s=96&d=mm&r=g","contentUrl":"https:\/\/secure.gravatar.com\/avatar\/9137aac6891e2595c9d3036fd83bcb653b4db3c946db4c7d9b9be193c3c944bb?s=96&d=mm&r=g","caption":"administrador"},"url":"https:\/\/mont-roig.cat\/es\/actualitat\/noticies\/author\/administrador\/"}]}},"_links":{"self":[{"href":"https:\/\/mont-roig.cat\/es\/wp-json\/wp\/v2\/posts\/44350","targetHints":{"allow":["GET"]}}],"collection":[{"href":"https:\/\/mont-roig.cat\/es\/wp-json\/wp\/v2\/posts"}],"about":[{"href":"https:\/\/mont-roig.cat\/es\/wp-json\/wp\/v2\/types\/post"}],"author":[{"embeddable":true,"href":"https:\/\/mont-roig.cat\/es\/wp-json\/wp\/v2\/users\/4"}],"replies":[{"embeddable":true,"href":"https:\/\/mont-roig.cat\/es\/wp-json\/wp\/v2\/comments?post=44350"}],"version-history":[{"count":2,"href":"https:\/\/mont-roig.cat\/es\/wp-json\/wp\/v2\/posts\/44350\/revisions"}],"predecessor-version":[{"id":44353,"href":"https:\/\/mont-roig.cat\/es\/wp-json\/wp\/v2\/posts\/44350\/revisions\/44353"}],"wp:attachment":[{"href":"https:\/\/mont-roig.cat\/es\/wp-json\/wp\/v2\/media?parent=44350"}],"wp:term":[{"taxonomy":"category","embeddable":true,"href":"https:\/\/mont-roig.cat\/es\/wp-json\/wp\/v2\/categories?post=44350"},{"taxonomy":"post_tag","embeddable":true,"href":"https:\/\/mont-roig.cat\/es\/wp-json\/wp\/v2\/tags?post=44350"}],"curies":[{"name":"wp","href":"https:\/\/api.w.org\/{rel}","templated":true}]}}