{"id":44363,"date":"2020-03-18T15:04:27","date_gmt":"2020-03-18T14:04:27","guid":{"rendered":"https:\/\/mont-roig.cat\/?p=44363"},"modified":"2020-03-18T15:04:27","modified_gmt":"2020-03-18T14:04:27","slug":"se-suspenden-los-plazos-de-los-procedimientos-de-licitacion","status":"publish","type":"post","link":"https:\/\/mont-roig.cat\/es\/actualitat\/noticies\/se-suspenden-los-plazos-de-los-procedimientos-de-licitacion\/","title":{"rendered":"Se suspenden los plazos de los procedimientos de licitaci\u00f3n"},"content":{"rendered":"<p>En cumplimiento del Real Decreto 463\/2020, de 14 de marzo, por el que se declara el Estado de Alarma para la gesti\u00f3n de la situaci\u00f3n de crisis sanitaria ocasionada por Covid-19, en que se acuerda, entre otras medidas, la suspensi\u00f3n de los plazos administrativos, el Ayuntamiento de Mont-roig del Camp informa que en el caso de los procedimientos de licitaci\u00f3n los plazos tambi\u00e9n quedan parados.<\/p>\n<p>Sin embargo, las ofertas de licitaci\u00f3n, como por ejemplo las de los chiringuitos de playa, se seguir\u00e1n publicando para facilitar la preparaci\u00f3n de los documentos a presentar, a pesar, pues, que los plazos no avancen.<\/p>\n<p>M\u00e1s informaci\u00f3n:<\/p>\n<ul>\n<li><a href=\"https:\/\/mont-roig.cat\/wp-content\/uploads\/Comunicat-procediments-de-licitaci\u00f3.pdf\" target=\"_blank\" rel=\"noopener noreferrer\">Comunicado sobre els procedimientos de licitaci\u00f3n<\/a><\/li>\n<\/ul>\n","protected":false},"excerpt":{"rendered":"<p>En cumplimiento del Real Decreto 463\/2020, de 14 de marzo, por el que se declara el Estado de Alarma para la gesti\u00f3n de la situaci\u00f3n de crisis sanitaria ocasionada por Covid-19, en que se acuerda, entre otras medidas, la suspensi\u00f3n de los plazos administrativos, el Ayuntamiento de Mont-roig del Camp informa que en el caso [&hellip;]<\/p>\n","protected":false},"author":4,"featured_media":30107,"comment_status":"closed","ping_status":"closed","sticky":false,"template":"","format":"standard","meta":{"inline_featured_image":false,"_monsterinsights_skip_tracking":false,"_monsterinsights_sitenote_active":false,"_monsterinsights_sitenote_note":"","_monsterinsights_sitenote_category":0,"footnotes":""},"categories":[98,178,186],"tags":[],"class_list":["post-44363","post","type-post","status-publish","format-standard","has-post-thumbnail","hentry","category-ayuntamiento","category-coronavirus","category-coronavirus-otras"],"yoast_head":"<!-- This site is optimized with the Yoast SEO plugin v27.4 - https:\/\/yoast.com\/product\/yoast-seo-wordpress\/ -->\n<title>Se suspenden los plazos de los procedimientos de licitaci\u00f3n - Ajuntament de Mont-roig del Camp<\/title>\n<meta name=\"robots\" content=\"index, follow, max-snippet:-1, max-image-preview:large, max-video-preview:-1\" \/>\n<link rel=\"canonical\" href=\"https:\/\/mont-roig.cat\/es\/actualitat\/noticies\/se-suspenden-los-plazos-de-los-procedimientos-de-licitacion\/\" \/>\n<meta property=\"og:locale\" content=\"es_ES\" \/>\n<meta property=\"og:type\" content=\"article\" \/>\n<meta property=\"og:title\" content=\"Se suspenden los plazos de los procedimientos de licitaci\u00f3n - Ajuntament de Mont-roig del Camp\" \/>\n<meta property=\"og:description\" content=\"En cumplimiento del Real Decreto 463\/2020, de 14 de marzo, por el que se declara el Estado de Alarma para la gesti\u00f3n de la situaci\u00f3n de crisis sanitaria ocasionada por Covid-19, en que se acuerda, entre otras medidas, la suspensi\u00f3n de los plazos administrativos, el Ayuntamiento de Mont-roig del Camp informa que en el caso [&hellip;]\" \/>\n<meta property=\"og:url\" content=\"https:\/\/mont-roig.cat\/es\/actualitat\/noticies\/se-suspenden-los-plazos-de-los-procedimientos-de-licitacion\/\" \/>\n<meta property=\"og:site_name\" content=\"Ajuntament de Mont-roig del Camp\" \/>\n<meta property=\"article:published_time\" content=\"2020-03-18T14:04:27+00:00\" \/>\n<meta property=\"og:image\" content=\"https:\/\/mont-roig.cat\/wp-content\/uploads\/Logotip-Ajuntament-de-Mont-roig-del-Camp-fons-transparent.gif\" \/>\n\t<meta property=\"og:image:width\" content=\"1129\" \/>\n\t<meta property=\"og:image:height\" content=\"800\" \/>\n\t<meta property=\"og:image:type\" content=\"image\/gif\" \/>\n<meta name=\"author\" content=\"administrador\" \/>\n<meta name=\"twitter:card\" content=\"summary_large_image\" \/>\n<meta name=\"twitter:label1\" content=\"Escrito por\" \/>\n\t<meta name=\"twitter:data1\" content=\"administrador\" \/>\n\t<meta name=\"twitter:label2\" content=\"Tiempo de lectura\" \/>\n\t<meta name=\"twitter:data2\" content=\"1 minuto\" \/>\n<script type=\"application\/ld+json\" class=\"yoast-schema-graph\">{\"@context\":\"https:\\\/\\\/schema.org\",\"@graph\":[{\"@type\":\"Article\",\"@id\":\"https:\\\/\\\/mont-roig.cat\\\/es\\\/actualitat\\\/noticies\\\/se-suspenden-los-plazos-de-los-procedimientos-de-licitacion\\\/#article\",\"isPartOf\":{\"@id\":\"https:\\\/\\\/mont-roig.cat\\\/es\\\/actualitat\\\/noticies\\\/se-suspenden-los-plazos-de-los-procedimientos-de-licitacion\\\/\"},\"author\":{\"name\":\"administrador\",\"@id\":\"https:\\\/\\\/mont-roig.cat\\\/es\\\/#\\\/schema\\\/person\\\/f2b111789f22b7d0c3bd6786c9128cba\"},\"headline\":\"Se suspenden los plazos de los procedimientos de licitaci\u00f3n\",\"datePublished\":\"2020-03-18T14:04:27+00:00\",\"mainEntityOfPage\":{\"@id\":\"https:\\\/\\\/mont-roig.cat\\\/es\\\/actualitat\\\/noticies\\\/se-suspenden-los-plazos-de-los-procedimientos-de-licitacion\\\/\"},\"wordCount\":127,\"image\":{\"@id\":\"https:\\\/\\\/mont-roig.cat\\\/es\\\/actualitat\\\/noticies\\\/se-suspenden-los-plazos-de-los-procedimientos-de-licitacion\\\/#primaryimage\"},\"thumbnailUrl\":\"https:\\\/\\\/mont-roig.cat\\\/wp-content\\\/uploads\\\/Logotip-Ajuntament-de-Mont-roig-del-Camp-fons-transparent.gif\",\"articleSection\":[\"Ayuntamiento\",\"Coronavirus\",\"Coronavirus - otras medidas\"],\"inLanguage\":\"es\"},{\"@type\":\"WebPage\",\"@id\":\"https:\\\/\\\/mont-roig.cat\\\/es\\\/actualitat\\\/noticies\\\/se-suspenden-los-plazos-de-los-procedimientos-de-licitacion\\\/\",\"url\":\"https:\\\/\\\/mont-roig.cat\\\/es\\\/actualitat\\\/noticies\\\/se-suspenden-los-plazos-de-los-procedimientos-de-licitacion\\\/\",\"name\":\"Se suspenden los plazos de los procedimientos de licitaci\u00f3n - Ajuntament de Mont-roig del Camp\",\"isPartOf\":{\"@id\":\"https:\\\/\\\/mont-roig.cat\\\/es\\\/#website\"},\"primaryImageOfPage\":{\"@id\":\"https:\\\/\\\/mont-roig.cat\\\/es\\\/actualitat\\\/noticies\\\/se-suspenden-los-plazos-de-los-procedimientos-de-licitacion\\\/#primaryimage\"},\"image\":{\"@id\":\"https:\\\/\\\/mont-roig.cat\\\/es\\\/actualitat\\\/noticies\\\/se-suspenden-los-plazos-de-los-procedimientos-de-licitacion\\\/#primaryimage\"},\"thumbnailUrl\":\"https:\\\/\\\/mont-roig.cat\\\/wp-content\\\/uploads\\\/Logotip-Ajuntament-de-Mont-roig-del-Camp-fons-transparent.gif\",\"datePublished\":\"2020-03-18T14:04:27+00:00\",\"author\":{\"@id\":\"https:\\\/\\\/mont-roig.cat\\\/es\\\/#\\\/schema\\\/person\\\/f2b111789f22b7d0c3bd6786c9128cba\"},\"breadcrumb\":{\"@id\":\"https:\\\/\\\/mont-roig.cat\\\/es\\\/actualitat\\\/noticies\\\/se-suspenden-los-plazos-de-los-procedimientos-de-licitacion\\\/#breadcrumb\"},\"inLanguage\":\"es\",\"potentialAction\":[{\"@type\":\"ReadAction\",\"target\":[\"https:\\\/\\\/mont-roig.cat\\\/es\\\/actualitat\\\/noticies\\\/se-suspenden-los-plazos-de-los-procedimientos-de-licitacion\\\/\"]}]},{\"@type\":\"ImageObject\",\"inLanguage\":\"es\",\"@id\":\"https:\\\/\\\/mont-roig.cat\\\/es\\\/actualitat\\\/noticies\\\/se-suspenden-los-plazos-de-los-procedimientos-de-licitacion\\\/#primaryimage\",\"url\":\"https:\\\/\\\/mont-roig.cat\\\/wp-content\\\/uploads\\\/Logotip-Ajuntament-de-Mont-roig-del-Camp-fons-transparent.gif\",\"contentUrl\":\"https:\\\/\\\/mont-roig.cat\\\/wp-content\\\/uploads\\\/Logotip-Ajuntament-de-Mont-roig-del-Camp-fons-transparent.gif\",\"width\":1129,\"height\":800},{\"@type\":\"BreadcrumbList\",\"@id\":\"https:\\\/\\\/mont-roig.cat\\\/es\\\/actualitat\\\/noticies\\\/se-suspenden-los-plazos-de-los-procedimientos-de-licitacion\\\/#breadcrumb\",\"itemListElement\":[{\"@type\":\"ListItem\",\"position\":1,\"name\":\"Inici\",\"item\":\"https:\\\/\\\/mont-roig.cat\\\/es\\\/pagina-de-inicio\\\/\"},{\"@type\":\"ListItem\",\"position\":2,\"name\":\"Se suspenden los plazos de los procedimientos de licitaci\u00f3n\"}]},{\"@type\":\"WebSite\",\"@id\":\"https:\\\/\\\/mont-roig.cat\\\/es\\\/#website\",\"url\":\"https:\\\/\\\/mont-roig.cat\\\/es\\\/\",\"name\":\"Ajuntament de Mont-roig del Camp\",\"description\":\"Tota la informaci\u00f3 sobre la instituci\u00f3, els seus \u00f2rgans de govern, actualitat, serveis i molt m\u00e9s.\",\"potentialAction\":[{\"@type\":\"SearchAction\",\"target\":{\"@type\":\"EntryPoint\",\"urlTemplate\":\"https:\\\/\\\/mont-roig.cat\\\/es\\\/?s={search_term_string}\"},\"query-input\":{\"@type\":\"PropertyValueSpecification\",\"valueRequired\":true,\"valueName\":\"search_term_string\"}}],\"inLanguage\":\"es\"},{\"@type\":\"Person\",\"@id\":\"https:\\\/\\\/mont-roig.cat\\\/es\\\/#\\\/schema\\\/person\\\/f2b111789f22b7d0c3bd6786c9128cba\",\"name\":\"administrador\",\"image\":{\"@type\":\"ImageObject\",\"inLanguage\":\"es\",\"@id\":\"https:\\\/\\\/secure.gravatar.com\\\/avatar\\\/9137aac6891e2595c9d3036fd83bcb653b4db3c946db4c7d9b9be193c3c944bb?s=96&d=mm&r=g\",\"url\":\"https:\\\/\\\/secure.gravatar.com\\\/avatar\\\/9137aac6891e2595c9d3036fd83bcb653b4db3c946db4c7d9b9be193c3c944bb?s=96&d=mm&r=g\",\"contentUrl\":\"https:\\\/\\\/secure.gravatar.com\\\/avatar\\\/9137aac6891e2595c9d3036fd83bcb653b4db3c946db4c7d9b9be193c3c944bb?s=96&d=mm&r=g\",\"caption\":\"administrador\"},\"url\":\"https:\\\/\\\/mont-roig.cat\\\/es\\\/actualitat\\\/noticies\\\/author\\\/administrador\\\/\"}]}<\/script>\n<!-- \/ Yoast SEO plugin. -->","yoast_head_json":{"title":"Se suspenden los plazos de los procedimientos de licitaci\u00f3n - Ajuntament de Mont-roig del Camp","robots":{"index":"index","follow":"follow","max-snippet":"max-snippet:-1","max-image-preview":"max-image-preview:large","max-video-preview":"max-video-preview:-1"},"canonical":"https:\/\/mont-roig.cat\/es\/actualitat\/noticies\/se-suspenden-los-plazos-de-los-procedimientos-de-licitacion\/","og_locale":"es_ES","og_type":"article","og_title":"Se suspenden los plazos de los procedimientos de licitaci\u00f3n - Ajuntament de Mont-roig del Camp","og_description":"En cumplimiento del Real Decreto 463\/2020, de 14 de marzo, por el que se declara el Estado de Alarma para la gesti\u00f3n de la situaci\u00f3n de crisis sanitaria ocasionada por Covid-19, en que se acuerda, entre otras medidas, la suspensi\u00f3n de los plazos administrativos, el Ayuntamiento de Mont-roig del Camp informa que en el caso [&hellip;]","og_url":"https:\/\/mont-roig.cat\/es\/actualitat\/noticies\/se-suspenden-los-plazos-de-los-procedimientos-de-licitacion\/","og_site_name":"Ajuntament de Mont-roig del Camp","article_published_time":"2020-03-18T14:04:27+00:00","og_image":[{"width":1129,"height":800,"url":"https:\/\/mont-roig.cat\/wp-content\/uploads\/Logotip-Ajuntament-de-Mont-roig-del-Camp-fons-transparent.gif","type":"image\/gif"}],"author":"administrador","twitter_card":"summary_large_image","twitter_misc":{"Escrito por":"administrador","Tiempo de lectura":"1 minuto"},"schema":{"@context":"https:\/\/schema.org","@graph":[{"@type":"Article","@id":"https:\/\/mont-roig.cat\/es\/actualitat\/noticies\/se-suspenden-los-plazos-de-los-procedimientos-de-licitacion\/#article","isPartOf":{"@id":"https:\/\/mont-roig.cat\/es\/actualitat\/noticies\/se-suspenden-los-plazos-de-los-procedimientos-de-licitacion\/"},"author":{"name":"administrador","@id":"https:\/\/mont-roig.cat\/es\/#\/schema\/person\/f2b111789f22b7d0c3bd6786c9128cba"},"headline":"Se suspenden los plazos de los procedimientos de licitaci\u00f3n","datePublished":"2020-03-18T14:04:27+00:00","mainEntityOfPage":{"@id":"https:\/\/mont-roig.cat\/es\/actualitat\/noticies\/se-suspenden-los-plazos-de-los-procedimientos-de-licitacion\/"},"wordCount":127,"image":{"@id":"https:\/\/mont-roig.cat\/es\/actualitat\/noticies\/se-suspenden-los-plazos-de-los-procedimientos-de-licitacion\/#primaryimage"},"thumbnailUrl":"https:\/\/mont-roig.cat\/wp-content\/uploads\/Logotip-Ajuntament-de-Mont-roig-del-Camp-fons-transparent.gif","articleSection":["Ayuntamiento","Coronavirus","Coronavirus - otras medidas"],"inLanguage":"es"},{"@type":"WebPage","@id":"https:\/\/mont-roig.cat\/es\/actualitat\/noticies\/se-suspenden-los-plazos-de-los-procedimientos-de-licitacion\/","url":"https:\/\/mont-roig.cat\/es\/actualitat\/noticies\/se-suspenden-los-plazos-de-los-procedimientos-de-licitacion\/","name":"Se suspenden los plazos de los procedimientos de licitaci\u00f3n - Ajuntament de Mont-roig del Camp","isPartOf":{"@id":"https:\/\/mont-roig.cat\/es\/#website"},"primaryImageOfPage":{"@id":"https:\/\/mont-roig.cat\/es\/actualitat\/noticies\/se-suspenden-los-plazos-de-los-procedimientos-de-licitacion\/#primaryimage"},"image":{"@id":"https:\/\/mont-roig.cat\/es\/actualitat\/noticies\/se-suspenden-los-plazos-de-los-procedimientos-de-licitacion\/#primaryimage"},"thumbnailUrl":"https:\/\/mont-roig.cat\/wp-content\/uploads\/Logotip-Ajuntament-de-Mont-roig-del-Camp-fons-transparent.gif","datePublished":"2020-03-18T14:04:27+00:00","author":{"@id":"https:\/\/mont-roig.cat\/es\/#\/schema\/person\/f2b111789f22b7d0c3bd6786c9128cba"},"breadcrumb":{"@id":"https:\/\/mont-roig.cat\/es\/actualitat\/noticies\/se-suspenden-los-plazos-de-los-procedimientos-de-licitacion\/#breadcrumb"},"inLanguage":"es","potentialAction":[{"@type":"ReadAction","target":["https:\/\/mont-roig.cat\/es\/actualitat\/noticies\/se-suspenden-los-plazos-de-los-procedimientos-de-licitacion\/"]}]},{"@type":"ImageObject","inLanguage":"es","@id":"https:\/\/mont-roig.cat\/es\/actualitat\/noticies\/se-suspenden-los-plazos-de-los-procedimientos-de-licitacion\/#primaryimage","url":"https:\/\/mont-roig.cat\/wp-content\/uploads\/Logotip-Ajuntament-de-Mont-roig-del-Camp-fons-transparent.gif","contentUrl":"https:\/\/mont-roig.cat\/wp-content\/uploads\/Logotip-Ajuntament-de-Mont-roig-del-Camp-fons-transparent.gif","width":1129,"height":800},{"@type":"BreadcrumbList","@id":"https:\/\/mont-roig.cat\/es\/actualitat\/noticies\/se-suspenden-los-plazos-de-los-procedimientos-de-licitacion\/#breadcrumb","itemListElement":[{"@type":"ListItem","position":1,"name":"Inici","item":"https:\/\/mont-roig.cat\/es\/pagina-de-inicio\/"},{"@type":"ListItem","position":2,"name":"Se suspenden los plazos de los procedimientos de licitaci\u00f3n"}]},{"@type":"WebSite","@id":"https:\/\/mont-roig.cat\/es\/#website","url":"https:\/\/mont-roig.cat\/es\/","name":"Ajuntament de Mont-roig del Camp","description":"Tota la informaci\u00f3 sobre la instituci\u00f3, els seus \u00f2rgans de govern, actualitat, serveis i molt m\u00e9s.","potentialAction":[{"@type":"SearchAction","target":{"@type":"EntryPoint","urlTemplate":"https:\/\/mont-roig.cat\/es\/?s={search_term_string}"},"query-input":{"@type":"PropertyValueSpecification","valueRequired":true,"valueName":"search_term_string"}}],"inLanguage":"es"},{"@type":"Person","@id":"https:\/\/mont-roig.cat\/es\/#\/schema\/person\/f2b111789f22b7d0c3bd6786c9128cba","name":"administrador","image":{"@type":"ImageObject","inLanguage":"es","@id":"https:\/\/secure.gravatar.com\/avatar\/9137aac6891e2595c9d3036fd83bcb653b4db3c946db4c7d9b9be193c3c944bb?s=96&d=mm&r=g","url":"https:\/\/secure.gravatar.com\/avatar\/9137aac6891e2595c9d3036fd83bcb653b4db3c946db4c7d9b9be193c3c944bb?s=96&d=mm&r=g","contentUrl":"https:\/\/secure.gravatar.com\/avatar\/9137aac6891e2595c9d3036fd83bcb653b4db3c946db4c7d9b9be193c3c944bb?s=96&d=mm&r=g","caption":"administrador"},"url":"https:\/\/mont-roig.cat\/es\/actualitat\/noticies\/author\/administrador\/"}]}},"_links":{"self":[{"href":"https:\/\/mont-roig.cat\/es\/wp-json\/wp\/v2\/posts\/44363","targetHints":{"allow":["GET"]}}],"collection":[{"href":"https:\/\/mont-roig.cat\/es\/wp-json\/wp\/v2\/posts"}],"about":[{"href":"https:\/\/mont-roig.cat\/es\/wp-json\/wp\/v2\/types\/post"}],"author":[{"embeddable":true,"href":"https:\/\/mont-roig.cat\/es\/wp-json\/wp\/v2\/users\/4"}],"replies":[{"embeddable":true,"href":"https:\/\/mont-roig.cat\/es\/wp-json\/wp\/v2\/comments?post=44363"}],"version-history":[{"count":2,"href":"https:\/\/mont-roig.cat\/es\/wp-json\/wp\/v2\/posts\/44363\/revisions"}],"predecessor-version":[{"id":44367,"href":"https:\/\/mont-roig.cat\/es\/wp-json\/wp\/v2\/posts\/44363\/revisions\/44367"}],"wp:featuredmedia":[{"embeddable":true,"href":"https:\/\/mont-roig.cat\/es\/wp-json\/wp\/v2\/media\/30107"}],"wp:attachment":[{"href":"https:\/\/mont-roig.cat\/es\/wp-json\/wp\/v2\/media?parent=44363"}],"wp:term":[{"taxonomy":"category","embeddable":true,"href":"https:\/\/mont-roig.cat\/es\/wp-json\/wp\/v2\/categories?post=44363"},{"taxonomy":"post_tag","embeddable":true,"href":"https:\/\/mont-roig.cat\/es\/wp-json\/wp\/v2\/tags?post=44363"}],"curies":[{"name":"wp","href":"https:\/\/api.w.org\/{rel}","templated":true}]}}