{"id":44379,"date":"2020-03-19T09:26:35","date_gmt":"2020-03-19T08:26:35","guid":{"rendered":"https:\/\/mont-roig.cat\/actualitat\/noticies\/educacio-ajorna-la-preinscripcio-i-matriculacio-de-tots-els-ensenyaments\/"},"modified":"2020-03-27T13:08:37","modified_gmt":"2020-03-27T12:08:37","slug":"educacion-aplaza-la-preinscripcion-y-matriculacion-de-todas-las-ensenanzas","status":"publish","type":"post","link":"https:\/\/mont-roig.cat\/es\/actualitat\/noticies\/educacion-aplaza-la-preinscripcion-y-matriculacion-de-todas-las-ensenanzas\/","title":{"rendered":"Educaci\u00f3n aplaza la preinscripci\u00f3n y matriculaci\u00f3n de todas las ense\u00f1anzas"},"content":{"rendered":"<p><a href=\"https:\/\/mont-roig.cat\/wp-content\/uploads\/ensenyament.png\"><img loading=\"lazy\" decoding=\"async\" class=\"alignright wp-image-44375\" src=\"https:\/\/mont-roig.cat\/wp-content\/uploads\/ensenyament.png\" alt=\"\" width=\"312\" height=\"234\" \/><\/a><\/p>\n<ul>\n<li style=\"text-align: justify;\"><strong>Se aplazan todos los tr\u00e1mites relacionados con la preinscripci\u00f3n y matr\u00edcula del alumnado de las diferentes ense\u00f1anzas, en todas las etapas<\/strong><\/li>\n<\/ul>\n<p style=\"text-align: justify;\">El Departament d&#8217;Educaci\u00f3 del Ajuntament de Mont-roig del Camp informa que quedan aplazados todos los tr\u00e1mites relacionados con el procedimiento de preinscripci\u00f3n y matriculaci\u00f3n del alumnado de todas las ense\u00f1anzas, en todas las etapas, como consecuencia de la crisis del Covid-19.<\/p>\n<p style=\"text-align: justify;\">El Departament d&#8217;Educaci\u00f3 de la Generalitat est\u00e1 trabajando para que los diferentes procesos de preinscripci\u00f3n y matriculaci\u00f3n se puedan llevar a cabo con todas las garant\u00edas pr\u00f3ximamente. Al mismo tiempo, se trabaja para adecuar los tr\u00e1mites pensando en las circunstancias actuales.<\/p>\n<p style=\"text-align: justify;\">Se informar\u00e1 sobre el nuevo calendario de actuaciones tan pronto como sea posible.<\/p>\n<p style=\"text-align: justify;\">\n","protected":false},"excerpt":{"rendered":"<p>Se aplazan todos los tr\u00e1mites relacionados con la preinscripci\u00f3n y matr\u00edcula del alumnado de las diferentes ense\u00f1anzas, en todas las etapas El Departament d&#8217;Educaci\u00f3 del Ajuntament de Mont-roig del Camp informa que quedan aplazados todos los tr\u00e1mites relacionados con el procedimiento de preinscripci\u00f3n y matriculaci\u00f3n del alumnado de todas las ense\u00f1anzas, en todas las etapas, [&hellip;]<\/p>\n","protected":false},"author":4,"featured_media":44376,"comment_status":"closed","ping_status":"closed","sticky":false,"template":"","format":"standard","meta":{"inline_featured_image":false,"_monsterinsights_skip_tracking":false,"_monsterinsights_sitenote_active":false,"_monsterinsights_sitenote_note":"","_monsterinsights_sitenote_category":0,"footnotes":""},"categories":[98,178,188,103],"tags":[],"class_list":["post-44379","post","type-post","status-publish","format-standard","has-post-thumbnail","hentry","category-ayuntamiento","category-coronavirus","category-coronavirus-sociales","category-educacion"],"yoast_head":"<!-- This site is optimized with the Yoast SEO plugin v27.4 - https:\/\/yoast.com\/product\/yoast-seo-wordpress\/ -->\n<title>Educaci\u00f3n aplaza la preinscripci\u00f3n y matriculaci\u00f3n de todas las ense\u00f1anzas - Ajuntament de Mont-roig del Camp<\/title>\n<meta name=\"robots\" content=\"index, follow, max-snippet:-1, max-image-preview:large, max-video-preview:-1\" \/>\n<link rel=\"canonical\" href=\"https:\/\/mont-roig.cat\/es\/actualitat\/noticies\/educacion-aplaza-la-preinscripcion-y-matriculacion-de-todas-las-ensenanzas\/\" \/>\n<meta property=\"og:locale\" content=\"es_ES\" \/>\n<meta property=\"og:type\" content=\"article\" \/>\n<meta property=\"og:title\" content=\"Educaci\u00f3n aplaza la preinscripci\u00f3n y matriculaci\u00f3n de todas las ense\u00f1anzas - Ajuntament de Mont-roig del Camp\" \/>\n<meta property=\"og:description\" content=\"Se aplazan todos los tr\u00e1mites relacionados con la preinscripci\u00f3n y matr\u00edcula del alumnado de las diferentes ense\u00f1anzas, en todas las etapas El Departament d&#8217;Educaci\u00f3 del Ajuntament de Mont-roig del Camp informa que quedan aplazados todos los tr\u00e1mites relacionados con el procedimiento de preinscripci\u00f3n y matriculaci\u00f3n del alumnado de todas las ense\u00f1anzas, en todas las etapas, [&hellip;]\" \/>\n<meta property=\"og:url\" content=\"https:\/\/mont-roig.cat\/es\/actualitat\/noticies\/educacion-aplaza-la-preinscripcion-y-matriculacion-de-todas-las-ensenanzas\/\" \/>\n<meta property=\"og:site_name\" content=\"Ajuntament de Mont-roig del Camp\" \/>\n<meta property=\"article:published_time\" content=\"2020-03-19T08:26:35+00:00\" \/>\n<meta property=\"article:modified_time\" content=\"2020-03-27T12:08:37+00:00\" \/>\n<meta property=\"og:image\" content=\"https:\/\/mont-roig.cat\/wp-content\/uploads\/ensenyament.png\" \/>\n\t<meta property=\"og:image:width\" content=\"400\" \/>\n\t<meta property=\"og:image:height\" content=\"300\" \/>\n\t<meta property=\"og:image:type\" content=\"image\/png\" \/>\n<meta name=\"author\" content=\"administrador\" \/>\n<meta name=\"twitter:card\" content=\"summary_large_image\" \/>\n<meta name=\"twitter:label1\" content=\"Escrito por\" \/>\n\t<meta name=\"twitter:data1\" content=\"administrador\" \/>\n\t<meta name=\"twitter:label2\" content=\"Tiempo de lectura\" \/>\n\t<meta name=\"twitter:data2\" content=\"1 minuto\" \/>\n<script type=\"application\/ld+json\" class=\"yoast-schema-graph\">{\"@context\":\"https:\\\/\\\/schema.org\",\"@graph\":[{\"@type\":\"Article\",\"@id\":\"https:\\\/\\\/mont-roig.cat\\\/es\\\/actualitat\\\/noticies\\\/educacion-aplaza-la-preinscripcion-y-matriculacion-de-todas-las-ensenanzas\\\/#article\",\"isPartOf\":{\"@id\":\"https:\\\/\\\/mont-roig.cat\\\/es\\\/actualitat\\\/noticies\\\/educacion-aplaza-la-preinscripcion-y-matriculacion-de-todas-las-ensenanzas\\\/\"},\"author\":{\"name\":\"administrador\",\"@id\":\"https:\\\/\\\/mont-roig.cat\\\/es\\\/#\\\/schema\\\/person\\\/f2b111789f22b7d0c3bd6786c9128cba\"},\"headline\":\"Educaci\u00f3n aplaza la preinscripci\u00f3n y matriculaci\u00f3n de todas las ense\u00f1anzas\",\"datePublished\":\"2020-03-19T08:26:35+00:00\",\"dateModified\":\"2020-03-27T12:08:37+00:00\",\"mainEntityOfPage\":{\"@id\":\"https:\\\/\\\/mont-roig.cat\\\/es\\\/actualitat\\\/noticies\\\/educacion-aplaza-la-preinscripcion-y-matriculacion-de-todas-las-ensenanzas\\\/\"},\"wordCount\":143,\"image\":{\"@id\":\"https:\\\/\\\/mont-roig.cat\\\/es\\\/actualitat\\\/noticies\\\/educacion-aplaza-la-preinscripcion-y-matriculacion-de-todas-las-ensenanzas\\\/#primaryimage\"},\"thumbnailUrl\":\"https:\\\/\\\/mont-roig.cat\\\/wp-content\\\/uploads\\\/ensenyament.png\",\"articleSection\":[\"Ayuntamiento\",\"Coronavirus\",\"Coronavirus - medidas sociales\",\"Educaci\u00f3n\"],\"inLanguage\":\"es\"},{\"@type\":\"WebPage\",\"@id\":\"https:\\\/\\\/mont-roig.cat\\\/es\\\/actualitat\\\/noticies\\\/educacion-aplaza-la-preinscripcion-y-matriculacion-de-todas-las-ensenanzas\\\/\",\"url\":\"https:\\\/\\\/mont-roig.cat\\\/es\\\/actualitat\\\/noticies\\\/educacion-aplaza-la-preinscripcion-y-matriculacion-de-todas-las-ensenanzas\\\/\",\"name\":\"Educaci\u00f3n aplaza la preinscripci\u00f3n y matriculaci\u00f3n de todas las ense\u00f1anzas - Ajuntament de Mont-roig del Camp\",\"isPartOf\":{\"@id\":\"https:\\\/\\\/mont-roig.cat\\\/es\\\/#website\"},\"primaryImageOfPage\":{\"@id\":\"https:\\\/\\\/mont-roig.cat\\\/es\\\/actualitat\\\/noticies\\\/educacion-aplaza-la-preinscripcion-y-matriculacion-de-todas-las-ensenanzas\\\/#primaryimage\"},\"image\":{\"@id\":\"https:\\\/\\\/mont-roig.cat\\\/es\\\/actualitat\\\/noticies\\\/educacion-aplaza-la-preinscripcion-y-matriculacion-de-todas-las-ensenanzas\\\/#primaryimage\"},\"thumbnailUrl\":\"https:\\\/\\\/mont-roig.cat\\\/wp-content\\\/uploads\\\/ensenyament.png\",\"datePublished\":\"2020-03-19T08:26:35+00:00\",\"dateModified\":\"2020-03-27T12:08:37+00:00\",\"author\":{\"@id\":\"https:\\\/\\\/mont-roig.cat\\\/es\\\/#\\\/schema\\\/person\\\/f2b111789f22b7d0c3bd6786c9128cba\"},\"breadcrumb\":{\"@id\":\"https:\\\/\\\/mont-roig.cat\\\/es\\\/actualitat\\\/noticies\\\/educacion-aplaza-la-preinscripcion-y-matriculacion-de-todas-las-ensenanzas\\\/#breadcrumb\"},\"inLanguage\":\"es\",\"potentialAction\":[{\"@type\":\"ReadAction\",\"target\":[\"https:\\\/\\\/mont-roig.cat\\\/es\\\/actualitat\\\/noticies\\\/educacion-aplaza-la-preinscripcion-y-matriculacion-de-todas-las-ensenanzas\\\/\"]}]},{\"@type\":\"ImageObject\",\"inLanguage\":\"es\",\"@id\":\"https:\\\/\\\/mont-roig.cat\\\/es\\\/actualitat\\\/noticies\\\/educacion-aplaza-la-preinscripcion-y-matriculacion-de-todas-las-ensenanzas\\\/#primaryimage\",\"url\":\"https:\\\/\\\/mont-roig.cat\\\/wp-content\\\/uploads\\\/ensenyament.png\",\"contentUrl\":\"https:\\\/\\\/mont-roig.cat\\\/wp-content\\\/uploads\\\/ensenyament.png\",\"width\":400,\"height\":300},{\"@type\":\"BreadcrumbList\",\"@id\":\"https:\\\/\\\/mont-roig.cat\\\/es\\\/actualitat\\\/noticies\\\/educacion-aplaza-la-preinscripcion-y-matriculacion-de-todas-las-ensenanzas\\\/#breadcrumb\",\"itemListElement\":[{\"@type\":\"ListItem\",\"position\":1,\"name\":\"Inici\",\"item\":\"https:\\\/\\\/mont-roig.cat\\\/es\\\/pagina-de-inicio\\\/\"},{\"@type\":\"ListItem\",\"position\":2,\"name\":\"Educaci\u00f3n aplaza la preinscripci\u00f3n y matriculaci\u00f3n de todas las ense\u00f1anzas\"}]},{\"@type\":\"WebSite\",\"@id\":\"https:\\\/\\\/mont-roig.cat\\\/es\\\/#website\",\"url\":\"https:\\\/\\\/mont-roig.cat\\\/es\\\/\",\"name\":\"Ajuntament de Mont-roig del Camp\",\"description\":\"Tota la informaci\u00f3 sobre la instituci\u00f3, els seus \u00f2rgans de govern, actualitat, serveis i molt m\u00e9s.\",\"potentialAction\":[{\"@type\":\"SearchAction\",\"target\":{\"@type\":\"EntryPoint\",\"urlTemplate\":\"https:\\\/\\\/mont-roig.cat\\\/es\\\/?s={search_term_string}\"},\"query-input\":{\"@type\":\"PropertyValueSpecification\",\"valueRequired\":true,\"valueName\":\"search_term_string\"}}],\"inLanguage\":\"es\"},{\"@type\":\"Person\",\"@id\":\"https:\\\/\\\/mont-roig.cat\\\/es\\\/#\\\/schema\\\/person\\\/f2b111789f22b7d0c3bd6786c9128cba\",\"name\":\"administrador\",\"image\":{\"@type\":\"ImageObject\",\"inLanguage\":\"es\",\"@id\":\"https:\\\/\\\/secure.gravatar.com\\\/avatar\\\/9137aac6891e2595c9d3036fd83bcb653b4db3c946db4c7d9b9be193c3c944bb?s=96&d=mm&r=g\",\"url\":\"https:\\\/\\\/secure.gravatar.com\\\/avatar\\\/9137aac6891e2595c9d3036fd83bcb653b4db3c946db4c7d9b9be193c3c944bb?s=96&d=mm&r=g\",\"contentUrl\":\"https:\\\/\\\/secure.gravatar.com\\\/avatar\\\/9137aac6891e2595c9d3036fd83bcb653b4db3c946db4c7d9b9be193c3c944bb?s=96&d=mm&r=g\",\"caption\":\"administrador\"},\"url\":\"https:\\\/\\\/mont-roig.cat\\\/es\\\/actualitat\\\/noticies\\\/author\\\/administrador\\\/\"}]}<\/script>\n<!-- \/ Yoast SEO plugin. -->","yoast_head_json":{"title":"Educaci\u00f3n aplaza la preinscripci\u00f3n y matriculaci\u00f3n de todas las ense\u00f1anzas - Ajuntament de Mont-roig del Camp","robots":{"index":"index","follow":"follow","max-snippet":"max-snippet:-1","max-image-preview":"max-image-preview:large","max-video-preview":"max-video-preview:-1"},"canonical":"https:\/\/mont-roig.cat\/es\/actualitat\/noticies\/educacion-aplaza-la-preinscripcion-y-matriculacion-de-todas-las-ensenanzas\/","og_locale":"es_ES","og_type":"article","og_title":"Educaci\u00f3n aplaza la preinscripci\u00f3n y matriculaci\u00f3n de todas las ense\u00f1anzas - Ajuntament de Mont-roig del Camp","og_description":"Se aplazan todos los tr\u00e1mites relacionados con la preinscripci\u00f3n y matr\u00edcula del alumnado de las diferentes ense\u00f1anzas, en todas las etapas El Departament d&#8217;Educaci\u00f3 del Ajuntament de Mont-roig del Camp informa que quedan aplazados todos los tr\u00e1mites relacionados con el procedimiento de preinscripci\u00f3n y matriculaci\u00f3n del alumnado de todas las ense\u00f1anzas, en todas las etapas, [&hellip;]","og_url":"https:\/\/mont-roig.cat\/es\/actualitat\/noticies\/educacion-aplaza-la-preinscripcion-y-matriculacion-de-todas-las-ensenanzas\/","og_site_name":"Ajuntament de Mont-roig del Camp","article_published_time":"2020-03-19T08:26:35+00:00","article_modified_time":"2020-03-27T12:08:37+00:00","og_image":[{"width":400,"height":300,"url":"https:\/\/mont-roig.cat\/wp-content\/uploads\/ensenyament.png","type":"image\/png"}],"author":"administrador","twitter_card":"summary_large_image","twitter_misc":{"Escrito por":"administrador","Tiempo de lectura":"1 minuto"},"schema":{"@context":"https:\/\/schema.org","@graph":[{"@type":"Article","@id":"https:\/\/mont-roig.cat\/es\/actualitat\/noticies\/educacion-aplaza-la-preinscripcion-y-matriculacion-de-todas-las-ensenanzas\/#article","isPartOf":{"@id":"https:\/\/mont-roig.cat\/es\/actualitat\/noticies\/educacion-aplaza-la-preinscripcion-y-matriculacion-de-todas-las-ensenanzas\/"},"author":{"name":"administrador","@id":"https:\/\/mont-roig.cat\/es\/#\/schema\/person\/f2b111789f22b7d0c3bd6786c9128cba"},"headline":"Educaci\u00f3n aplaza la preinscripci\u00f3n y matriculaci\u00f3n de todas las ense\u00f1anzas","datePublished":"2020-03-19T08:26:35+00:00","dateModified":"2020-03-27T12:08:37+00:00","mainEntityOfPage":{"@id":"https:\/\/mont-roig.cat\/es\/actualitat\/noticies\/educacion-aplaza-la-preinscripcion-y-matriculacion-de-todas-las-ensenanzas\/"},"wordCount":143,"image":{"@id":"https:\/\/mont-roig.cat\/es\/actualitat\/noticies\/educacion-aplaza-la-preinscripcion-y-matriculacion-de-todas-las-ensenanzas\/#primaryimage"},"thumbnailUrl":"https:\/\/mont-roig.cat\/wp-content\/uploads\/ensenyament.png","articleSection":["Ayuntamiento","Coronavirus","Coronavirus - medidas sociales","Educaci\u00f3n"],"inLanguage":"es"},{"@type":"WebPage","@id":"https:\/\/mont-roig.cat\/es\/actualitat\/noticies\/educacion-aplaza-la-preinscripcion-y-matriculacion-de-todas-las-ensenanzas\/","url":"https:\/\/mont-roig.cat\/es\/actualitat\/noticies\/educacion-aplaza-la-preinscripcion-y-matriculacion-de-todas-las-ensenanzas\/","name":"Educaci\u00f3n aplaza la preinscripci\u00f3n y matriculaci\u00f3n de todas las ense\u00f1anzas - Ajuntament de Mont-roig del Camp","isPartOf":{"@id":"https:\/\/mont-roig.cat\/es\/#website"},"primaryImageOfPage":{"@id":"https:\/\/mont-roig.cat\/es\/actualitat\/noticies\/educacion-aplaza-la-preinscripcion-y-matriculacion-de-todas-las-ensenanzas\/#primaryimage"},"image":{"@id":"https:\/\/mont-roig.cat\/es\/actualitat\/noticies\/educacion-aplaza-la-preinscripcion-y-matriculacion-de-todas-las-ensenanzas\/#primaryimage"},"thumbnailUrl":"https:\/\/mont-roig.cat\/wp-content\/uploads\/ensenyament.png","datePublished":"2020-03-19T08:26:35+00:00","dateModified":"2020-03-27T12:08:37+00:00","author":{"@id":"https:\/\/mont-roig.cat\/es\/#\/schema\/person\/f2b111789f22b7d0c3bd6786c9128cba"},"breadcrumb":{"@id":"https:\/\/mont-roig.cat\/es\/actualitat\/noticies\/educacion-aplaza-la-preinscripcion-y-matriculacion-de-todas-las-ensenanzas\/#breadcrumb"},"inLanguage":"es","potentialAction":[{"@type":"ReadAction","target":["https:\/\/mont-roig.cat\/es\/actualitat\/noticies\/educacion-aplaza-la-preinscripcion-y-matriculacion-de-todas-las-ensenanzas\/"]}]},{"@type":"ImageObject","inLanguage":"es","@id":"https:\/\/mont-roig.cat\/es\/actualitat\/noticies\/educacion-aplaza-la-preinscripcion-y-matriculacion-de-todas-las-ensenanzas\/#primaryimage","url":"https:\/\/mont-roig.cat\/wp-content\/uploads\/ensenyament.png","contentUrl":"https:\/\/mont-roig.cat\/wp-content\/uploads\/ensenyament.png","width":400,"height":300},{"@type":"BreadcrumbList","@id":"https:\/\/mont-roig.cat\/es\/actualitat\/noticies\/educacion-aplaza-la-preinscripcion-y-matriculacion-de-todas-las-ensenanzas\/#breadcrumb","itemListElement":[{"@type":"ListItem","position":1,"name":"Inici","item":"https:\/\/mont-roig.cat\/es\/pagina-de-inicio\/"},{"@type":"ListItem","position":2,"name":"Educaci\u00f3n aplaza la preinscripci\u00f3n y matriculaci\u00f3n de todas las ense\u00f1anzas"}]},{"@type":"WebSite","@id":"https:\/\/mont-roig.cat\/es\/#website","url":"https:\/\/mont-roig.cat\/es\/","name":"Ajuntament de Mont-roig del Camp","description":"Tota la informaci\u00f3 sobre la instituci\u00f3, els seus \u00f2rgans de govern, actualitat, serveis i molt m\u00e9s.","potentialAction":[{"@type":"SearchAction","target":{"@type":"EntryPoint","urlTemplate":"https:\/\/mont-roig.cat\/es\/?s={search_term_string}"},"query-input":{"@type":"PropertyValueSpecification","valueRequired":true,"valueName":"search_term_string"}}],"inLanguage":"es"},{"@type":"Person","@id":"https:\/\/mont-roig.cat\/es\/#\/schema\/person\/f2b111789f22b7d0c3bd6786c9128cba","name":"administrador","image":{"@type":"ImageObject","inLanguage":"es","@id":"https:\/\/secure.gravatar.com\/avatar\/9137aac6891e2595c9d3036fd83bcb653b4db3c946db4c7d9b9be193c3c944bb?s=96&d=mm&r=g","url":"https:\/\/secure.gravatar.com\/avatar\/9137aac6891e2595c9d3036fd83bcb653b4db3c946db4c7d9b9be193c3c944bb?s=96&d=mm&r=g","contentUrl":"https:\/\/secure.gravatar.com\/avatar\/9137aac6891e2595c9d3036fd83bcb653b4db3c946db4c7d9b9be193c3c944bb?s=96&d=mm&r=g","caption":"administrador"},"url":"https:\/\/mont-roig.cat\/es\/actualitat\/noticies\/author\/administrador\/"}]}},"_links":{"self":[{"href":"https:\/\/mont-roig.cat\/es\/wp-json\/wp\/v2\/posts\/44379","targetHints":{"allow":["GET"]}}],"collection":[{"href":"https:\/\/mont-roig.cat\/es\/wp-json\/wp\/v2\/posts"}],"about":[{"href":"https:\/\/mont-roig.cat\/es\/wp-json\/wp\/v2\/types\/post"}],"author":[{"embeddable":true,"href":"https:\/\/mont-roig.cat\/es\/wp-json\/wp\/v2\/users\/4"}],"replies":[{"embeddable":true,"href":"https:\/\/mont-roig.cat\/es\/wp-json\/wp\/v2\/comments?post=44379"}],"version-history":[{"count":3,"href":"https:\/\/mont-roig.cat\/es\/wp-json\/wp\/v2\/posts\/44379\/revisions"}],"predecessor-version":[{"id":44433,"href":"https:\/\/mont-roig.cat\/es\/wp-json\/wp\/v2\/posts\/44379\/revisions\/44433"}],"wp:featuredmedia":[{"embeddable":true,"href":"https:\/\/mont-roig.cat\/es\/wp-json\/wp\/v2\/media\/44376"}],"wp:attachment":[{"href":"https:\/\/mont-roig.cat\/es\/wp-json\/wp\/v2\/media?parent=44379"}],"wp:term":[{"taxonomy":"category","embeddable":true,"href":"https:\/\/mont-roig.cat\/es\/wp-json\/wp\/v2\/categories?post=44379"},{"taxonomy":"post_tag","embeddable":true,"href":"https:\/\/mont-roig.cat\/es\/wp-json\/wp\/v2\/tags?post=44379"}],"curies":[{"name":"wp","href":"https:\/\/api.w.org\/{rel}","templated":true}]}}