{"id":44392,"date":"2020-03-19T10:14:19","date_gmt":"2020-03-19T09:14:19","guid":{"rendered":"https:\/\/mont-roig.cat\/actualitat\/noticies\/base-modifica-el-calendari-de-pagaments-per-alleugerir-la-carrega-economica-de-la-ciutadania-davant-la-crisi-del-covid-19\/"},"modified":"2020-04-01T17:14:05","modified_gmt":"2020-04-01T15:14:05","slug":"el-ayuntamiento-aplaza-el-pago-de-tributos-municipales-para-aligerar-la-carga-economica-de-la-ciudadania-ante-la-crisis-del-covid-19","status":"publish","type":"post","link":"https:\/\/mont-roig.cat\/es\/actualitat\/noticies\/el-ayuntamiento-aplaza-el-pago-de-tributos-municipales-para-aligerar-la-carga-economica-de-la-ciudadania-ante-la-crisis-del-covid-19\/","title":{"rendered":"El Ayuntamiento aplaza el pago de tributos municipales para aligerar la carga econ\u00f3mica de la ciudadan\u00eda ante la crisis del Covid-19"},"content":{"rendered":"<p>&nbsp;<\/p>\n<ul>\n<li><strong>Los plazos y tr\u00e1mites para el cobro de tributos y tasas que el Ayuntamiento de Mont-roig del Camp gestiona a trav\u00e9s de BASE, el organismo aut\u00f3nomo de la Diputaci\u00f3n de Tarragona, quedan suspendidos y aplazados, de acuerdo con el Real Decreto 463 \/ 2020<\/strong>.<\/li>\n<\/ul>\n<p>Esta medida excepcional se aplica en el marco del estado de alarma causado por Covid-19, y pretende evitar da\u00f1os y perjuicios de dif\u00edcil reparaci\u00f3n a los ciudadanos y ciudadanas que, debido a esta crisis sanitaria sin precedentes, dif\u00edcilmente podr\u00e1n efectuar pagos con normalidad.<\/p>\n<p>El decreto establece que para estos ingresos no comenzar\u00e1n, ni acabar\u00e1n -en el caso de que se hubieran iniciado-, los plazos de pago previstos en los respectivo anuncio de cobro, y resto aplazado este inicio, o finalizaci\u00f3n, hasta que se alcen las medidas relacionadas con el estado de alarma.<\/p>\n<ol>\n<li><strong>Recaudaci\u00f3n Voluntaria<\/strong>. Se suspende el plazo cobro voluntario de todos los padrones de car\u00e1cter colectivo. En el momento oportuno se acordar\u00e1 la modificaci\u00f3n de las fechas de cobro de los impuestos suspendidos como la aprobaci\u00f3n de nuevos plazos de pago para los que se vayan aprobando. De momento el plazo de pago del impuesto de veh\u00edculos de tracci\u00f3n mec\u00e1nica se ha ampliado hasta el 31\/07. El pago del impuesto de los taxis, nichos y vados de momento est\u00e1n suspendidos.<\/li>\n<li><strong>Recaudaci\u00f3n Ejecutiva<\/strong>. No se iniciar\u00e1 el procedimiento de apremio por deudas no abonados en voluntaria. Se suspende, tambi\u00e9n, la tramitaci\u00f3n de los expedientes ejecutivos en curso.<\/li>\n<li><strong>Fraccionamientos, aplazamientos y Pagos Personalizados<\/strong>. Los cobros que deb\u00edan efectuarse a partir del d\u00eda 20\/03\/2020 bajo estas modalidades de pago quedan aplazados hasta el d\u00eda 30\/04\/2020.<\/li>\n<li><strong>Inspecci\u00f3n y procedimiento sancionador<\/strong>. Se suspende todos los procedimientos de inspecci\u00f3n y sancionadores de todo tipo, incluidos los de tr\u00e1fico y convivencia, en virtud del Real Decreto por el que se declar\u00f3 el Estado de Alarma. Su tramitaci\u00f3n se reanudar\u00e1 cuando se levante dicha suspensi\u00f3n.<\/li>\n<li><strong>Atenci\u00f3n Ciudadan\u00eda.<\/strong> Las oficinas de atenci\u00f3n al ciudadano de BASE permanecer\u00e1n cerradas pero se mantiene la atenci\u00f3n telef\u00f3nica y por correo electr\u00f3nico. Todos los servicios telem\u00e1ticos operan de forma normal.<\/li>\n<\/ol>\n<p>M\u00e1s info: <a href=\"http:\/\/www.base.cat\">www.base.cat<\/a><\/p>\n<p>&nbsp;<\/p>\n","protected":false},"excerpt":{"rendered":"<p>&nbsp; Los plazos y tr\u00e1mites para el cobro de tributos y tasas que el Ayuntamiento de Mont-roig del Camp gestiona a trav\u00e9s de BASE, el organismo aut\u00f3nomo de la Diputaci\u00f3n de Tarragona, quedan suspendidos y aplazados, de acuerdo con el Real Decreto 463 \/ 2020. Esta medida excepcional se aplica en el marco del estado [&hellip;]<\/p>\n","protected":false},"author":4,"featured_media":30107,"comment_status":"closed","ping_status":"closed","sticky":false,"template":"","format":"standard","meta":{"inline_featured_image":false,"_monsterinsights_skip_tracking":false,"_monsterinsights_sitenote_active":false,"_monsterinsights_sitenote_note":"","_monsterinsights_sitenote_category":0,"footnotes":""},"categories":[98,178,187],"tags":[],"class_list":["post-44392","post","type-post","status-publish","format-standard","has-post-thumbnail","hentry","category-ayuntamiento","category-coronavirus","category-coronavirus-economicas"],"yoast_head":"<!-- This site is optimized with the Yoast SEO plugin v27.4 - https:\/\/yoast.com\/product\/yoast-seo-wordpress\/ -->\n<title>El Ayuntamiento aplaza el pago de tributos municipales para aligerar la carga econ\u00f3mica de la ciudadan\u00eda ante la crisis del Covid-19 - Ajuntament de Mont-roig del Camp<\/title>\n<meta name=\"robots\" content=\"index, follow, max-snippet:-1, max-image-preview:large, max-video-preview:-1\" \/>\n<link rel=\"canonical\" href=\"https:\/\/mont-roig.cat\/es\/actualitat\/noticies\/el-ayuntamiento-aplaza-el-pago-de-tributos-municipales-para-aligerar-la-carga-economica-de-la-ciudadania-ante-la-crisis-del-covid-19\/\" \/>\n<meta property=\"og:locale\" content=\"es_ES\" \/>\n<meta property=\"og:type\" content=\"article\" \/>\n<meta property=\"og:title\" content=\"El Ayuntamiento aplaza el pago de tributos municipales para aligerar la carga econ\u00f3mica de la ciudadan\u00eda ante la crisis del Covid-19 - Ajuntament de Mont-roig del Camp\" \/>\n<meta property=\"og:description\" content=\"&nbsp; Los plazos y tr\u00e1mites para el cobro de tributos y tasas que el Ayuntamiento de Mont-roig del Camp gestiona a trav\u00e9s de BASE, el organismo aut\u00f3nomo de la Diputaci\u00f3n de Tarragona, quedan suspendidos y aplazados, de acuerdo con el Real Decreto 463 \/ 2020. Esta medida excepcional se aplica en el marco del estado [&hellip;]\" \/>\n<meta property=\"og:url\" content=\"https:\/\/mont-roig.cat\/es\/actualitat\/noticies\/el-ayuntamiento-aplaza-el-pago-de-tributos-municipales-para-aligerar-la-carga-economica-de-la-ciudadania-ante-la-crisis-del-covid-19\/\" \/>\n<meta property=\"og:site_name\" content=\"Ajuntament de Mont-roig del Camp\" \/>\n<meta property=\"article:published_time\" content=\"2020-03-19T09:14:19+00:00\" \/>\n<meta property=\"article:modified_time\" content=\"2020-04-01T15:14:05+00:00\" \/>\n<meta property=\"og:image\" content=\"https:\/\/mont-roig.cat\/wp-content\/uploads\/Logotip-Ajuntament-de-Mont-roig-del-Camp-fons-transparent.gif\" \/>\n\t<meta property=\"og:image:width\" content=\"1129\" \/>\n\t<meta property=\"og:image:height\" content=\"800\" \/>\n\t<meta property=\"og:image:type\" content=\"image\/gif\" \/>\n<meta name=\"author\" content=\"administrador\" \/>\n<meta name=\"twitter:card\" content=\"summary_large_image\" \/>\n<meta name=\"twitter:label1\" content=\"Escrito por\" \/>\n\t<meta name=\"twitter:data1\" content=\"administrador\" \/>\n\t<meta name=\"twitter:label2\" content=\"Tiempo de lectura\" \/>\n\t<meta name=\"twitter:data2\" content=\"2 minutos\" \/>\n<script type=\"application\/ld+json\" class=\"yoast-schema-graph\">{\"@context\":\"https:\\\/\\\/schema.org\",\"@graph\":[{\"@type\":\"Article\",\"@id\":\"https:\\\/\\\/mont-roig.cat\\\/es\\\/actualitat\\\/noticies\\\/el-ayuntamiento-aplaza-el-pago-de-tributos-municipales-para-aligerar-la-carga-economica-de-la-ciudadania-ante-la-crisis-del-covid-19\\\/#article\",\"isPartOf\":{\"@id\":\"https:\\\/\\\/mont-roig.cat\\\/es\\\/actualitat\\\/noticies\\\/el-ayuntamiento-aplaza-el-pago-de-tributos-municipales-para-aligerar-la-carga-economica-de-la-ciudadania-ante-la-crisis-del-covid-19\\\/\"},\"author\":{\"name\":\"administrador\",\"@id\":\"https:\\\/\\\/mont-roig.cat\\\/es\\\/#\\\/schema\\\/person\\\/f2b111789f22b7d0c3bd6786c9128cba\"},\"headline\":\"El Ayuntamiento aplaza el pago de tributos municipales para aligerar la carga econ\u00f3mica de la ciudadan\u00eda ante la crisis del Covid-19\",\"datePublished\":\"2020-03-19T09:14:19+00:00\",\"dateModified\":\"2020-04-01T15:14:05+00:00\",\"mainEntityOfPage\":{\"@id\":\"https:\\\/\\\/mont-roig.cat\\\/es\\\/actualitat\\\/noticies\\\/el-ayuntamiento-aplaza-el-pago-de-tributos-municipales-para-aligerar-la-carga-economica-de-la-ciudadania-ante-la-crisis-del-covid-19\\\/\"},\"wordCount\":406,\"image\":{\"@id\":\"https:\\\/\\\/mont-roig.cat\\\/es\\\/actualitat\\\/noticies\\\/el-ayuntamiento-aplaza-el-pago-de-tributos-municipales-para-aligerar-la-carga-economica-de-la-ciudadania-ante-la-crisis-del-covid-19\\\/#primaryimage\"},\"thumbnailUrl\":\"https:\\\/\\\/mont-roig.cat\\\/wp-content\\\/uploads\\\/Logotip-Ajuntament-de-Mont-roig-del-Camp-fons-transparent.gif\",\"articleSection\":[\"Ayuntamiento\",\"Coronavirus\",\"Coronavirus - medidas econ\u00f3micas\"],\"inLanguage\":\"es\"},{\"@type\":\"WebPage\",\"@id\":\"https:\\\/\\\/mont-roig.cat\\\/es\\\/actualitat\\\/noticies\\\/el-ayuntamiento-aplaza-el-pago-de-tributos-municipales-para-aligerar-la-carga-economica-de-la-ciudadania-ante-la-crisis-del-covid-19\\\/\",\"url\":\"https:\\\/\\\/mont-roig.cat\\\/es\\\/actualitat\\\/noticies\\\/el-ayuntamiento-aplaza-el-pago-de-tributos-municipales-para-aligerar-la-carga-economica-de-la-ciudadania-ante-la-crisis-del-covid-19\\\/\",\"name\":\"El Ayuntamiento aplaza el pago de tributos municipales para aligerar la carga econ\u00f3mica de la ciudadan\u00eda ante la crisis del Covid-19 - Ajuntament de Mont-roig del Camp\",\"isPartOf\":{\"@id\":\"https:\\\/\\\/mont-roig.cat\\\/es\\\/#website\"},\"primaryImageOfPage\":{\"@id\":\"https:\\\/\\\/mont-roig.cat\\\/es\\\/actualitat\\\/noticies\\\/el-ayuntamiento-aplaza-el-pago-de-tributos-municipales-para-aligerar-la-carga-economica-de-la-ciudadania-ante-la-crisis-del-covid-19\\\/#primaryimage\"},\"image\":{\"@id\":\"https:\\\/\\\/mont-roig.cat\\\/es\\\/actualitat\\\/noticies\\\/el-ayuntamiento-aplaza-el-pago-de-tributos-municipales-para-aligerar-la-carga-economica-de-la-ciudadania-ante-la-crisis-del-covid-19\\\/#primaryimage\"},\"thumbnailUrl\":\"https:\\\/\\\/mont-roig.cat\\\/wp-content\\\/uploads\\\/Logotip-Ajuntament-de-Mont-roig-del-Camp-fons-transparent.gif\",\"datePublished\":\"2020-03-19T09:14:19+00:00\",\"dateModified\":\"2020-04-01T15:14:05+00:00\",\"author\":{\"@id\":\"https:\\\/\\\/mont-roig.cat\\\/es\\\/#\\\/schema\\\/person\\\/f2b111789f22b7d0c3bd6786c9128cba\"},\"breadcrumb\":{\"@id\":\"https:\\\/\\\/mont-roig.cat\\\/es\\\/actualitat\\\/noticies\\\/el-ayuntamiento-aplaza-el-pago-de-tributos-municipales-para-aligerar-la-carga-economica-de-la-ciudadania-ante-la-crisis-del-covid-19\\\/#breadcrumb\"},\"inLanguage\":\"es\",\"potentialAction\":[{\"@type\":\"ReadAction\",\"target\":[\"https:\\\/\\\/mont-roig.cat\\\/es\\\/actualitat\\\/noticies\\\/el-ayuntamiento-aplaza-el-pago-de-tributos-municipales-para-aligerar-la-carga-economica-de-la-ciudadania-ante-la-crisis-del-covid-19\\\/\"]}]},{\"@type\":\"ImageObject\",\"inLanguage\":\"es\",\"@id\":\"https:\\\/\\\/mont-roig.cat\\\/es\\\/actualitat\\\/noticies\\\/el-ayuntamiento-aplaza-el-pago-de-tributos-municipales-para-aligerar-la-carga-economica-de-la-ciudadania-ante-la-crisis-del-covid-19\\\/#primaryimage\",\"url\":\"https:\\\/\\\/mont-roig.cat\\\/wp-content\\\/uploads\\\/Logotip-Ajuntament-de-Mont-roig-del-Camp-fons-transparent.gif\",\"contentUrl\":\"https:\\\/\\\/mont-roig.cat\\\/wp-content\\\/uploads\\\/Logotip-Ajuntament-de-Mont-roig-del-Camp-fons-transparent.gif\",\"width\":1129,\"height\":800},{\"@type\":\"BreadcrumbList\",\"@id\":\"https:\\\/\\\/mont-roig.cat\\\/es\\\/actualitat\\\/noticies\\\/el-ayuntamiento-aplaza-el-pago-de-tributos-municipales-para-aligerar-la-carga-economica-de-la-ciudadania-ante-la-crisis-del-covid-19\\\/#breadcrumb\",\"itemListElement\":[{\"@type\":\"ListItem\",\"position\":1,\"name\":\"Inici\",\"item\":\"https:\\\/\\\/mont-roig.cat\\\/es\\\/pagina-de-inicio\\\/\"},{\"@type\":\"ListItem\",\"position\":2,\"name\":\"El Ayuntamiento aplaza el pago de tributos municipales para aligerar la carga econ\u00f3mica de la ciudadan\u00eda ante la crisis del Covid-19\"}]},{\"@type\":\"WebSite\",\"@id\":\"https:\\\/\\\/mont-roig.cat\\\/es\\\/#website\",\"url\":\"https:\\\/\\\/mont-roig.cat\\\/es\\\/\",\"name\":\"Ajuntament de Mont-roig del Camp\",\"description\":\"Tota la informaci\u00f3 sobre la instituci\u00f3, els seus \u00f2rgans de govern, actualitat, serveis i molt m\u00e9s.\",\"potentialAction\":[{\"@type\":\"SearchAction\",\"target\":{\"@type\":\"EntryPoint\",\"urlTemplate\":\"https:\\\/\\\/mont-roig.cat\\\/es\\\/?s={search_term_string}\"},\"query-input\":{\"@type\":\"PropertyValueSpecification\",\"valueRequired\":true,\"valueName\":\"search_term_string\"}}],\"inLanguage\":\"es\"},{\"@type\":\"Person\",\"@id\":\"https:\\\/\\\/mont-roig.cat\\\/es\\\/#\\\/schema\\\/person\\\/f2b111789f22b7d0c3bd6786c9128cba\",\"name\":\"administrador\",\"image\":{\"@type\":\"ImageObject\",\"inLanguage\":\"es\",\"@id\":\"https:\\\/\\\/secure.gravatar.com\\\/avatar\\\/9137aac6891e2595c9d3036fd83bcb653b4db3c946db4c7d9b9be193c3c944bb?s=96&d=mm&r=g\",\"url\":\"https:\\\/\\\/secure.gravatar.com\\\/avatar\\\/9137aac6891e2595c9d3036fd83bcb653b4db3c946db4c7d9b9be193c3c944bb?s=96&d=mm&r=g\",\"contentUrl\":\"https:\\\/\\\/secure.gravatar.com\\\/avatar\\\/9137aac6891e2595c9d3036fd83bcb653b4db3c946db4c7d9b9be193c3c944bb?s=96&d=mm&r=g\",\"caption\":\"administrador\"},\"url\":\"https:\\\/\\\/mont-roig.cat\\\/es\\\/actualitat\\\/noticies\\\/author\\\/administrador\\\/\"}]}<\/script>\n<!-- \/ Yoast SEO plugin. -->","yoast_head_json":{"title":"El Ayuntamiento aplaza el pago de tributos municipales para aligerar la carga econ\u00f3mica de la ciudadan\u00eda ante la crisis del Covid-19 - Ajuntament de Mont-roig del Camp","robots":{"index":"index","follow":"follow","max-snippet":"max-snippet:-1","max-image-preview":"max-image-preview:large","max-video-preview":"max-video-preview:-1"},"canonical":"https:\/\/mont-roig.cat\/es\/actualitat\/noticies\/el-ayuntamiento-aplaza-el-pago-de-tributos-municipales-para-aligerar-la-carga-economica-de-la-ciudadania-ante-la-crisis-del-covid-19\/","og_locale":"es_ES","og_type":"article","og_title":"El Ayuntamiento aplaza el pago de tributos municipales para aligerar la carga econ\u00f3mica de la ciudadan\u00eda ante la crisis del Covid-19 - Ajuntament de Mont-roig del Camp","og_description":"&nbsp; Los plazos y tr\u00e1mites para el cobro de tributos y tasas que el Ayuntamiento de Mont-roig del Camp gestiona a trav\u00e9s de BASE, el organismo aut\u00f3nomo de la Diputaci\u00f3n de Tarragona, quedan suspendidos y aplazados, de acuerdo con el Real Decreto 463 \/ 2020. Esta medida excepcional se aplica en el marco del estado [&hellip;]","og_url":"https:\/\/mont-roig.cat\/es\/actualitat\/noticies\/el-ayuntamiento-aplaza-el-pago-de-tributos-municipales-para-aligerar-la-carga-economica-de-la-ciudadania-ante-la-crisis-del-covid-19\/","og_site_name":"Ajuntament de Mont-roig del Camp","article_published_time":"2020-03-19T09:14:19+00:00","article_modified_time":"2020-04-01T15:14:05+00:00","og_image":[{"width":1129,"height":800,"url":"https:\/\/mont-roig.cat\/wp-content\/uploads\/Logotip-Ajuntament-de-Mont-roig-del-Camp-fons-transparent.gif","type":"image\/gif"}],"author":"administrador","twitter_card":"summary_large_image","twitter_misc":{"Escrito por":"administrador","Tiempo de lectura":"2 minutos"},"schema":{"@context":"https:\/\/schema.org","@graph":[{"@type":"Article","@id":"https:\/\/mont-roig.cat\/es\/actualitat\/noticies\/el-ayuntamiento-aplaza-el-pago-de-tributos-municipales-para-aligerar-la-carga-economica-de-la-ciudadania-ante-la-crisis-del-covid-19\/#article","isPartOf":{"@id":"https:\/\/mont-roig.cat\/es\/actualitat\/noticies\/el-ayuntamiento-aplaza-el-pago-de-tributos-municipales-para-aligerar-la-carga-economica-de-la-ciudadania-ante-la-crisis-del-covid-19\/"},"author":{"name":"administrador","@id":"https:\/\/mont-roig.cat\/es\/#\/schema\/person\/f2b111789f22b7d0c3bd6786c9128cba"},"headline":"El Ayuntamiento aplaza el pago de tributos municipales para aligerar la carga econ\u00f3mica de la ciudadan\u00eda ante la crisis del Covid-19","datePublished":"2020-03-19T09:14:19+00:00","dateModified":"2020-04-01T15:14:05+00:00","mainEntityOfPage":{"@id":"https:\/\/mont-roig.cat\/es\/actualitat\/noticies\/el-ayuntamiento-aplaza-el-pago-de-tributos-municipales-para-aligerar-la-carga-economica-de-la-ciudadania-ante-la-crisis-del-covid-19\/"},"wordCount":406,"image":{"@id":"https:\/\/mont-roig.cat\/es\/actualitat\/noticies\/el-ayuntamiento-aplaza-el-pago-de-tributos-municipales-para-aligerar-la-carga-economica-de-la-ciudadania-ante-la-crisis-del-covid-19\/#primaryimage"},"thumbnailUrl":"https:\/\/mont-roig.cat\/wp-content\/uploads\/Logotip-Ajuntament-de-Mont-roig-del-Camp-fons-transparent.gif","articleSection":["Ayuntamiento","Coronavirus","Coronavirus - medidas econ\u00f3micas"],"inLanguage":"es"},{"@type":"WebPage","@id":"https:\/\/mont-roig.cat\/es\/actualitat\/noticies\/el-ayuntamiento-aplaza-el-pago-de-tributos-municipales-para-aligerar-la-carga-economica-de-la-ciudadania-ante-la-crisis-del-covid-19\/","url":"https:\/\/mont-roig.cat\/es\/actualitat\/noticies\/el-ayuntamiento-aplaza-el-pago-de-tributos-municipales-para-aligerar-la-carga-economica-de-la-ciudadania-ante-la-crisis-del-covid-19\/","name":"El Ayuntamiento aplaza el pago de tributos municipales para aligerar la carga econ\u00f3mica de la ciudadan\u00eda ante la crisis del Covid-19 - Ajuntament de Mont-roig del Camp","isPartOf":{"@id":"https:\/\/mont-roig.cat\/es\/#website"},"primaryImageOfPage":{"@id":"https:\/\/mont-roig.cat\/es\/actualitat\/noticies\/el-ayuntamiento-aplaza-el-pago-de-tributos-municipales-para-aligerar-la-carga-economica-de-la-ciudadania-ante-la-crisis-del-covid-19\/#primaryimage"},"image":{"@id":"https:\/\/mont-roig.cat\/es\/actualitat\/noticies\/el-ayuntamiento-aplaza-el-pago-de-tributos-municipales-para-aligerar-la-carga-economica-de-la-ciudadania-ante-la-crisis-del-covid-19\/#primaryimage"},"thumbnailUrl":"https:\/\/mont-roig.cat\/wp-content\/uploads\/Logotip-Ajuntament-de-Mont-roig-del-Camp-fons-transparent.gif","datePublished":"2020-03-19T09:14:19+00:00","dateModified":"2020-04-01T15:14:05+00:00","author":{"@id":"https:\/\/mont-roig.cat\/es\/#\/schema\/person\/f2b111789f22b7d0c3bd6786c9128cba"},"breadcrumb":{"@id":"https:\/\/mont-roig.cat\/es\/actualitat\/noticies\/el-ayuntamiento-aplaza-el-pago-de-tributos-municipales-para-aligerar-la-carga-economica-de-la-ciudadania-ante-la-crisis-del-covid-19\/#breadcrumb"},"inLanguage":"es","potentialAction":[{"@type":"ReadAction","target":["https:\/\/mont-roig.cat\/es\/actualitat\/noticies\/el-ayuntamiento-aplaza-el-pago-de-tributos-municipales-para-aligerar-la-carga-economica-de-la-ciudadania-ante-la-crisis-del-covid-19\/"]}]},{"@type":"ImageObject","inLanguage":"es","@id":"https:\/\/mont-roig.cat\/es\/actualitat\/noticies\/el-ayuntamiento-aplaza-el-pago-de-tributos-municipales-para-aligerar-la-carga-economica-de-la-ciudadania-ante-la-crisis-del-covid-19\/#primaryimage","url":"https:\/\/mont-roig.cat\/wp-content\/uploads\/Logotip-Ajuntament-de-Mont-roig-del-Camp-fons-transparent.gif","contentUrl":"https:\/\/mont-roig.cat\/wp-content\/uploads\/Logotip-Ajuntament-de-Mont-roig-del-Camp-fons-transparent.gif","width":1129,"height":800},{"@type":"BreadcrumbList","@id":"https:\/\/mont-roig.cat\/es\/actualitat\/noticies\/el-ayuntamiento-aplaza-el-pago-de-tributos-municipales-para-aligerar-la-carga-economica-de-la-ciudadania-ante-la-crisis-del-covid-19\/#breadcrumb","itemListElement":[{"@type":"ListItem","position":1,"name":"Inici","item":"https:\/\/mont-roig.cat\/es\/pagina-de-inicio\/"},{"@type":"ListItem","position":2,"name":"El Ayuntamiento aplaza el pago de tributos municipales para aligerar la carga econ\u00f3mica de la ciudadan\u00eda ante la crisis del Covid-19"}]},{"@type":"WebSite","@id":"https:\/\/mont-roig.cat\/es\/#website","url":"https:\/\/mont-roig.cat\/es\/","name":"Ajuntament de Mont-roig del Camp","description":"Tota la informaci\u00f3 sobre la instituci\u00f3, els seus \u00f2rgans de govern, actualitat, serveis i molt m\u00e9s.","potentialAction":[{"@type":"SearchAction","target":{"@type":"EntryPoint","urlTemplate":"https:\/\/mont-roig.cat\/es\/?s={search_term_string}"},"query-input":{"@type":"PropertyValueSpecification","valueRequired":true,"valueName":"search_term_string"}}],"inLanguage":"es"},{"@type":"Person","@id":"https:\/\/mont-roig.cat\/es\/#\/schema\/person\/f2b111789f22b7d0c3bd6786c9128cba","name":"administrador","image":{"@type":"ImageObject","inLanguage":"es","@id":"https:\/\/secure.gravatar.com\/avatar\/9137aac6891e2595c9d3036fd83bcb653b4db3c946db4c7d9b9be193c3c944bb?s=96&d=mm&r=g","url":"https:\/\/secure.gravatar.com\/avatar\/9137aac6891e2595c9d3036fd83bcb653b4db3c946db4c7d9b9be193c3c944bb?s=96&d=mm&r=g","contentUrl":"https:\/\/secure.gravatar.com\/avatar\/9137aac6891e2595c9d3036fd83bcb653b4db3c946db4c7d9b9be193c3c944bb?s=96&d=mm&r=g","caption":"administrador"},"url":"https:\/\/mont-roig.cat\/es\/actualitat\/noticies\/author\/administrador\/"}]}},"_links":{"self":[{"href":"https:\/\/mont-roig.cat\/es\/wp-json\/wp\/v2\/posts\/44392","targetHints":{"allow":["GET"]}}],"collection":[{"href":"https:\/\/mont-roig.cat\/es\/wp-json\/wp\/v2\/posts"}],"about":[{"href":"https:\/\/mont-roig.cat\/es\/wp-json\/wp\/v2\/types\/post"}],"author":[{"embeddable":true,"href":"https:\/\/mont-roig.cat\/es\/wp-json\/wp\/v2\/users\/4"}],"replies":[{"embeddable":true,"href":"https:\/\/mont-roig.cat\/es\/wp-json\/wp\/v2\/comments?post=44392"}],"version-history":[{"count":8,"href":"https:\/\/mont-roig.cat\/es\/wp-json\/wp\/v2\/posts\/44392\/revisions"}],"predecessor-version":[{"id":44882,"href":"https:\/\/mont-roig.cat\/es\/wp-json\/wp\/v2\/posts\/44392\/revisions\/44882"}],"wp:featuredmedia":[{"embeddable":true,"href":"https:\/\/mont-roig.cat\/es\/wp-json\/wp\/v2\/media\/30107"}],"wp:attachment":[{"href":"https:\/\/mont-roig.cat\/es\/wp-json\/wp\/v2\/media?parent=44392"}],"wp:term":[{"taxonomy":"category","embeddable":true,"href":"https:\/\/mont-roig.cat\/es\/wp-json\/wp\/v2\/categories?post=44392"},{"taxonomy":"post_tag","embeddable":true,"href":"https:\/\/mont-roig.cat\/es\/wp-json\/wp\/v2\/tags?post=44392"}],"curies":[{"name":"wp","href":"https:\/\/api.w.org\/{rel}","templated":true}]}}