{"id":44573,"date":"2020-03-25T13:11:43","date_gmt":"2020-03-25T12:11:43","guid":{"rendered":"https:\/\/mont-roig.cat\/actualitat\/noticies\/lajuntament-intensifica-la-desinfeccio-de-carrers-i-zones-de-pas-per-minimitzar-els-riscos-del-coronavirus\/"},"modified":"2020-03-27T12:33:56","modified_gmt":"2020-03-27T11:33:56","slug":"el-ayuntamiento-intensifica-la-desinfeccion-de-calles-y-zonas-de-paso-para-minimizar-los-riesgos-del-coronavirus","status":"publish","type":"post","link":"https:\/\/mont-roig.cat\/es\/actualitat\/noticies\/el-ayuntamiento-intensifica-la-desinfeccion-de-calles-y-zonas-de-paso-para-minimizar-los-riesgos-del-coronavirus\/","title":{"rendered":"El Ayuntamiento intensifica la desinfecci\u00f3n de calles y zonas de paso para minimizar los riesgos del coronavirus"},"content":{"rendered":"<ul>\n<li><strong><a href=\"https:\/\/mont-roig.cat\/wp-content\/uploads\/WhatsApp-Image-2020-03-25-at-13.06.42.jpeg\"><img loading=\"lazy\" decoding=\"async\" class=\"alignright wp-image-44570\" src=\"https:\/\/mont-roig.cat\/wp-content\/uploads\/WhatsApp-Image-2020-03-25-at-13.06.42-423x500.jpeg\" alt=\"\" width=\"301\" height=\"356\" srcset=\"https:\/\/mont-roig.cat\/wp-content\/uploads\/WhatsApp-Image-2020-03-25-at-13.06.42-423x500.jpeg 423w, https:\/\/mont-roig.cat\/wp-content\/uploads\/WhatsApp-Image-2020-03-25-at-13.06.42-768x908.jpeg 768w, https:\/\/mont-roig.cat\/wp-content\/uploads\/WhatsApp-Image-2020-03-25-at-13.06.42.jpeg 866w\" sizes=\"auto, (max-width: 301px) 100vw, 301px\" \/><\/a>El operativo que se ha puesto en marcha est\u00e1 integrado por el personal de la empresa municipal Nostreserveis y por Secomsa<\/strong><\/li>\n<li><strong>A pesar de que de momento no ser\u00e1 necesario, el consistorio agradece a los agricultores del municipio su oferta de colaboraci\u00f3n<\/strong><\/li>\n<\/ul>\n<p>El Ayuntamiento de Mont-roig del Camp intensifica estos d\u00edas la desinfecci\u00f3n de las calles y las principales zonas de paso de los vecinos y vecinas para minimizar los riesgos del coronavirus. Estas tareas, que se llevan a cabo siguiendo los protocolos estrictos que ha hecho llegar Sanidad, las est\u00e1n ejecutando los operarios de Secomsa y de Nostreserveis. El personal de las dos empresas efect\u00faa las tareas de desinfecci\u00f3n en los n\u00facleos de Mont-roig y de Miami y tambi\u00e9n a las urbanizaciones, principalmente en las zonas de contenedores de basura y en algunas calles principales.<\/p>\n<p>El personal t\u00e9cnico de Secomsa y de Nostreserveis con un cami\u00f3n cuba va regando las calles al mismo tiempo que un operario a pie va regando los espacios peatonales. Esta tarea se realiza en los lugares donde puede haber m\u00e1s afluencia de gente, tales como las aceras y aparcamientos de supermercados y establecimientos de alimentaci\u00f3n, gasolineras, centros m\u00e9dicos, farmacias, instalaciones municipales abiertas, etc.<\/p>\n<p>Por otra parte, se realiza el riego a presi\u00f3n con hidrolimpiadora de todas las \u00e1reas de recogida selectiva, tanto las subterr\u00e1neas como las de superficie. Esta tarea consiste en desinfectar con una soluci\u00f3n de agua mezclada con hipoclorito s\u00f3dico (lej\u00eda) todas las partes de los contenedores que son susceptibles de entrar en contacto directo con los usuarios, es decir, tapas y mansas en profundidad y de manera m\u00e1s superficial el resto de las \u00e1reas.<\/p>\n<p>Finalmente, se procede a la desinfecci\u00f3n en el espacio p\u00fablico de todo aquel mobiliario urbano que la ciudadan\u00eda puede tocar con las manos, como barandillas y papeleras. Estas tareas se van haciendo de manera rotativa en los n\u00facleos de Mont-roig y de Miami y tambi\u00e9n en algunas zonas de las urbanizaciones.<\/p>\n<p><strong>Agradecimiento a los agricultores<\/strong><\/p>\n<p>El Ayuntamiento de Mont-roig del Camp tambi\u00e9n quiere agradecer la predisposici\u00f3n de algunos agricultores del municipio que hab\u00edan ofrecido su maquinaria para colaborar con esta desinfecci\u00f3n. Finalmente, los responsables del dispositivo han considerado que, de momento, no es necesaria esta colaboraci\u00f3n porque ya se dispone de suficiente material y personal para desinfectar las zonas que recomienda Sanidad.<\/p>\n<p><strong>Nostreserveis sigue trabajando<\/strong><\/p>\n<p>Por otra parte, la empresa Nostreserveis, adem\u00e1s de las tareas de desinfecci\u00f3n antes mencionadas, contin\u00faa operando en el municipio con otras actividades imprescindibles, como el mantenimiento del alumbrado p\u00fablico en los lugares necesarios, el reparto de las tarjetas monedero a las familias con beca de comedor o cualquier otra tarea que se estima necesaria.<\/p>\n<div style=\"width: 848px;\" class=\"wp-video\"><video class=\"wp-video-shortcode\" id=\"video-44573-1\" width=\"848\" height=\"480\" preload=\"metadata\" controls=\"controls\"><source type=\"video\/mp4\" src=\"https:\/\/mont-roig.cat\/wp-content\/uploads\/WhatsApp-Video-2020-03-25-at-12.48.48.mp4?_=1\" \/><a href=\"https:\/\/mont-roig.cat\/wp-content\/uploads\/WhatsApp-Video-2020-03-25-at-12.48.48.mp4\">https:\/\/mont-roig.cat\/wp-content\/uploads\/WhatsApp-Video-2020-03-25-at-12.48.48.mp4<\/a><\/video><\/div>\n<p>&nbsp;<\/p>\n","protected":false},"excerpt":{"rendered":"<p>El operativo que se ha puesto en marcha est\u00e1 integrado por el personal de la empresa municipal Nostreserveis y por Secomsa A pesar de que de momento no ser\u00e1 necesario, el consistorio agradece a los agricultores del municipio su oferta de colaboraci\u00f3n El Ayuntamiento de Mont-roig del Camp intensifica estos d\u00edas la desinfecci\u00f3n de las [&hellip;]<\/p>\n","protected":false},"author":4,"featured_media":44570,"comment_status":"closed","ping_status":"closed","sticky":false,"template":"","format":"standard","meta":{"inline_featured_image":false,"_monsterinsights_skip_tracking":false,"_monsterinsights_sitenote_active":false,"_monsterinsights_sitenote_note":"","_monsterinsights_sitenote_category":0,"footnotes":""},"categories":[98,178,186,109],"tags":[],"class_list":["post-44573","post","type-post","status-publish","format-standard","has-post-thumbnail","hentry","category-ayuntamiento","category-coronavirus","category-coronavirus-otras","category-limpieza-viaria"],"yoast_head":"<!-- This site is optimized with the Yoast SEO plugin v27.4 - https:\/\/yoast.com\/product\/yoast-seo-wordpress\/ -->\n<title>El Ayuntamiento intensifica la desinfecci\u00f3n de calles y zonas de paso para minimizar los riesgos del coronavirus - Ajuntament de Mont-roig del Camp<\/title>\n<meta name=\"robots\" content=\"index, follow, max-snippet:-1, max-image-preview:large, max-video-preview:-1\" \/>\n<link rel=\"canonical\" href=\"https:\/\/mont-roig.cat\/es\/actualitat\/noticies\/el-ayuntamiento-intensifica-la-desinfeccion-de-calles-y-zonas-de-paso-para-minimizar-los-riesgos-del-coronavirus\/\" \/>\n<meta property=\"og:locale\" content=\"es_ES\" \/>\n<meta property=\"og:type\" content=\"article\" \/>\n<meta property=\"og:title\" content=\"El Ayuntamiento intensifica la desinfecci\u00f3n de calles y zonas de paso para minimizar los riesgos del coronavirus - Ajuntament de Mont-roig del Camp\" \/>\n<meta property=\"og:description\" content=\"El operativo que se ha puesto en marcha est\u00e1 integrado por el personal de la empresa municipal Nostreserveis y por Secomsa A pesar de que de momento no ser\u00e1 necesario, el consistorio agradece a los agricultores del municipio su oferta de colaboraci\u00f3n El Ayuntamiento de Mont-roig del Camp intensifica estos d\u00edas la desinfecci\u00f3n de las [&hellip;]\" \/>\n<meta property=\"og:url\" content=\"https:\/\/mont-roig.cat\/es\/actualitat\/noticies\/el-ayuntamiento-intensifica-la-desinfeccion-de-calles-y-zonas-de-paso-para-minimizar-los-riesgos-del-coronavirus\/\" \/>\n<meta property=\"og:site_name\" content=\"Ajuntament de Mont-roig del Camp\" \/>\n<meta property=\"article:published_time\" content=\"2020-03-25T12:11:43+00:00\" \/>\n<meta property=\"article:modified_time\" content=\"2020-03-27T11:33:56+00:00\" \/>\n<meta property=\"og:image\" content=\"https:\/\/mont-roig.cat\/wp-content\/uploads\/WhatsApp-Image-2020-03-25-at-13.06.42.jpeg\" \/>\n\t<meta property=\"og:image:width\" content=\"866\" \/>\n\t<meta property=\"og:image:height\" content=\"1024\" \/>\n\t<meta property=\"og:image:type\" content=\"image\/jpeg\" \/>\n<meta name=\"author\" content=\"administrador\" \/>\n<meta name=\"twitter:card\" content=\"summary_large_image\" \/>\n<meta name=\"twitter:label1\" content=\"Escrito por\" \/>\n\t<meta name=\"twitter:data1\" content=\"administrador\" \/>\n\t<meta name=\"twitter:label2\" content=\"Tiempo de lectura\" \/>\n\t<meta name=\"twitter:data2\" content=\"2 minutos\" \/>\n<script type=\"application\/ld+json\" class=\"yoast-schema-graph\">{\"@context\":\"https:\\\/\\\/schema.org\",\"@graph\":[{\"@type\":\"Article\",\"@id\":\"https:\\\/\\\/mont-roig.cat\\\/es\\\/actualitat\\\/noticies\\\/el-ayuntamiento-intensifica-la-desinfeccion-de-calles-y-zonas-de-paso-para-minimizar-los-riesgos-del-coronavirus\\\/#article\",\"isPartOf\":{\"@id\":\"https:\\\/\\\/mont-roig.cat\\\/es\\\/actualitat\\\/noticies\\\/el-ayuntamiento-intensifica-la-desinfeccion-de-calles-y-zonas-de-paso-para-minimizar-los-riesgos-del-coronavirus\\\/\"},\"author\":{\"name\":\"administrador\",\"@id\":\"https:\\\/\\\/mont-roig.cat\\\/es\\\/#\\\/schema\\\/person\\\/f2b111789f22b7d0c3bd6786c9128cba\"},\"headline\":\"El Ayuntamiento intensifica la desinfecci\u00f3n de calles y zonas de paso para minimizar los riesgos del coronavirus\",\"datePublished\":\"2020-03-25T12:11:43+00:00\",\"dateModified\":\"2020-03-27T11:33:56+00:00\",\"mainEntityOfPage\":{\"@id\":\"https:\\\/\\\/mont-roig.cat\\\/es\\\/actualitat\\\/noticies\\\/el-ayuntamiento-intensifica-la-desinfeccion-de-calles-y-zonas-de-paso-para-minimizar-los-riesgos-del-coronavirus\\\/\"},\"wordCount\":509,\"image\":{\"@id\":\"https:\\\/\\\/mont-roig.cat\\\/es\\\/actualitat\\\/noticies\\\/el-ayuntamiento-intensifica-la-desinfeccion-de-calles-y-zonas-de-paso-para-minimizar-los-riesgos-del-coronavirus\\\/#primaryimage\"},\"thumbnailUrl\":\"https:\\\/\\\/mont-roig.cat\\\/wp-content\\\/uploads\\\/WhatsApp-Image-2020-03-25-at-13.06.42.jpeg\",\"articleSection\":[\"Ayuntamiento\",\"Coronavirus\",\"Coronavirus - otras medidas\",\"Limpieza viaria\"],\"inLanguage\":\"es\"},{\"@type\":\"WebPage\",\"@id\":\"https:\\\/\\\/mont-roig.cat\\\/es\\\/actualitat\\\/noticies\\\/el-ayuntamiento-intensifica-la-desinfeccion-de-calles-y-zonas-de-paso-para-minimizar-los-riesgos-del-coronavirus\\\/\",\"url\":\"https:\\\/\\\/mont-roig.cat\\\/es\\\/actualitat\\\/noticies\\\/el-ayuntamiento-intensifica-la-desinfeccion-de-calles-y-zonas-de-paso-para-minimizar-los-riesgos-del-coronavirus\\\/\",\"name\":\"El Ayuntamiento intensifica la desinfecci\u00f3n de calles y zonas de paso para minimizar los riesgos del coronavirus - Ajuntament de Mont-roig del Camp\",\"isPartOf\":{\"@id\":\"https:\\\/\\\/mont-roig.cat\\\/es\\\/#website\"},\"primaryImageOfPage\":{\"@id\":\"https:\\\/\\\/mont-roig.cat\\\/es\\\/actualitat\\\/noticies\\\/el-ayuntamiento-intensifica-la-desinfeccion-de-calles-y-zonas-de-paso-para-minimizar-los-riesgos-del-coronavirus\\\/#primaryimage\"},\"image\":{\"@id\":\"https:\\\/\\\/mont-roig.cat\\\/es\\\/actualitat\\\/noticies\\\/el-ayuntamiento-intensifica-la-desinfeccion-de-calles-y-zonas-de-paso-para-minimizar-los-riesgos-del-coronavirus\\\/#primaryimage\"},\"thumbnailUrl\":\"https:\\\/\\\/mont-roig.cat\\\/wp-content\\\/uploads\\\/WhatsApp-Image-2020-03-25-at-13.06.42.jpeg\",\"datePublished\":\"2020-03-25T12:11:43+00:00\",\"dateModified\":\"2020-03-27T11:33:56+00:00\",\"author\":{\"@id\":\"https:\\\/\\\/mont-roig.cat\\\/es\\\/#\\\/schema\\\/person\\\/f2b111789f22b7d0c3bd6786c9128cba\"},\"breadcrumb\":{\"@id\":\"https:\\\/\\\/mont-roig.cat\\\/es\\\/actualitat\\\/noticies\\\/el-ayuntamiento-intensifica-la-desinfeccion-de-calles-y-zonas-de-paso-para-minimizar-los-riesgos-del-coronavirus\\\/#breadcrumb\"},\"inLanguage\":\"es\",\"potentialAction\":[{\"@type\":\"ReadAction\",\"target\":[\"https:\\\/\\\/mont-roig.cat\\\/es\\\/actualitat\\\/noticies\\\/el-ayuntamiento-intensifica-la-desinfeccion-de-calles-y-zonas-de-paso-para-minimizar-los-riesgos-del-coronavirus\\\/\"]}]},{\"@type\":\"ImageObject\",\"inLanguage\":\"es\",\"@id\":\"https:\\\/\\\/mont-roig.cat\\\/es\\\/actualitat\\\/noticies\\\/el-ayuntamiento-intensifica-la-desinfeccion-de-calles-y-zonas-de-paso-para-minimizar-los-riesgos-del-coronavirus\\\/#primaryimage\",\"url\":\"https:\\\/\\\/mont-roig.cat\\\/wp-content\\\/uploads\\\/WhatsApp-Image-2020-03-25-at-13.06.42.jpeg\",\"contentUrl\":\"https:\\\/\\\/mont-roig.cat\\\/wp-content\\\/uploads\\\/WhatsApp-Image-2020-03-25-at-13.06.42.jpeg\",\"width\":866,\"height\":1024},{\"@type\":\"BreadcrumbList\",\"@id\":\"https:\\\/\\\/mont-roig.cat\\\/es\\\/actualitat\\\/noticies\\\/el-ayuntamiento-intensifica-la-desinfeccion-de-calles-y-zonas-de-paso-para-minimizar-los-riesgos-del-coronavirus\\\/#breadcrumb\",\"itemListElement\":[{\"@type\":\"ListItem\",\"position\":1,\"name\":\"Inici\",\"item\":\"https:\\\/\\\/mont-roig.cat\\\/es\\\/pagina-de-inicio\\\/\"},{\"@type\":\"ListItem\",\"position\":2,\"name\":\"El Ayuntamiento intensifica la desinfecci\u00f3n de calles y zonas de paso para minimizar los riesgos del coronavirus\"}]},{\"@type\":\"WebSite\",\"@id\":\"https:\\\/\\\/mont-roig.cat\\\/es\\\/#website\",\"url\":\"https:\\\/\\\/mont-roig.cat\\\/es\\\/\",\"name\":\"Ajuntament de Mont-roig del Camp\",\"description\":\"Tota la informaci\u00f3 sobre la instituci\u00f3, els seus \u00f2rgans de govern, actualitat, serveis i molt m\u00e9s.\",\"potentialAction\":[{\"@type\":\"SearchAction\",\"target\":{\"@type\":\"EntryPoint\",\"urlTemplate\":\"https:\\\/\\\/mont-roig.cat\\\/es\\\/?s={search_term_string}\"},\"query-input\":{\"@type\":\"PropertyValueSpecification\",\"valueRequired\":true,\"valueName\":\"search_term_string\"}}],\"inLanguage\":\"es\"},{\"@type\":\"Person\",\"@id\":\"https:\\\/\\\/mont-roig.cat\\\/es\\\/#\\\/schema\\\/person\\\/f2b111789f22b7d0c3bd6786c9128cba\",\"name\":\"administrador\",\"image\":{\"@type\":\"ImageObject\",\"inLanguage\":\"es\",\"@id\":\"https:\\\/\\\/secure.gravatar.com\\\/avatar\\\/9137aac6891e2595c9d3036fd83bcb653b4db3c946db4c7d9b9be193c3c944bb?s=96&d=mm&r=g\",\"url\":\"https:\\\/\\\/secure.gravatar.com\\\/avatar\\\/9137aac6891e2595c9d3036fd83bcb653b4db3c946db4c7d9b9be193c3c944bb?s=96&d=mm&r=g\",\"contentUrl\":\"https:\\\/\\\/secure.gravatar.com\\\/avatar\\\/9137aac6891e2595c9d3036fd83bcb653b4db3c946db4c7d9b9be193c3c944bb?s=96&d=mm&r=g\",\"caption\":\"administrador\"},\"url\":\"https:\\\/\\\/mont-roig.cat\\\/es\\\/actualitat\\\/noticies\\\/author\\\/administrador\\\/\"}]}<\/script>\n<!-- \/ Yoast SEO plugin. -->","yoast_head_json":{"title":"El Ayuntamiento intensifica la desinfecci\u00f3n de calles y zonas de paso para minimizar los riesgos del coronavirus - Ajuntament de Mont-roig del Camp","robots":{"index":"index","follow":"follow","max-snippet":"max-snippet:-1","max-image-preview":"max-image-preview:large","max-video-preview":"max-video-preview:-1"},"canonical":"https:\/\/mont-roig.cat\/es\/actualitat\/noticies\/el-ayuntamiento-intensifica-la-desinfeccion-de-calles-y-zonas-de-paso-para-minimizar-los-riesgos-del-coronavirus\/","og_locale":"es_ES","og_type":"article","og_title":"El Ayuntamiento intensifica la desinfecci\u00f3n de calles y zonas de paso para minimizar los riesgos del coronavirus - Ajuntament de Mont-roig del Camp","og_description":"El operativo que se ha puesto en marcha est\u00e1 integrado por el personal de la empresa municipal Nostreserveis y por Secomsa A pesar de que de momento no ser\u00e1 necesario, el consistorio agradece a los agricultores del municipio su oferta de colaboraci\u00f3n El Ayuntamiento de Mont-roig del Camp intensifica estos d\u00edas la desinfecci\u00f3n de las [&hellip;]","og_url":"https:\/\/mont-roig.cat\/es\/actualitat\/noticies\/el-ayuntamiento-intensifica-la-desinfeccion-de-calles-y-zonas-de-paso-para-minimizar-los-riesgos-del-coronavirus\/","og_site_name":"Ajuntament de Mont-roig del Camp","article_published_time":"2020-03-25T12:11:43+00:00","article_modified_time":"2020-03-27T11:33:56+00:00","og_image":[{"width":866,"height":1024,"url":"https:\/\/mont-roig.cat\/wp-content\/uploads\/WhatsApp-Image-2020-03-25-at-13.06.42.jpeg","type":"image\/jpeg"}],"author":"administrador","twitter_card":"summary_large_image","twitter_misc":{"Escrito por":"administrador","Tiempo de lectura":"2 minutos"},"schema":{"@context":"https:\/\/schema.org","@graph":[{"@type":"Article","@id":"https:\/\/mont-roig.cat\/es\/actualitat\/noticies\/el-ayuntamiento-intensifica-la-desinfeccion-de-calles-y-zonas-de-paso-para-minimizar-los-riesgos-del-coronavirus\/#article","isPartOf":{"@id":"https:\/\/mont-roig.cat\/es\/actualitat\/noticies\/el-ayuntamiento-intensifica-la-desinfeccion-de-calles-y-zonas-de-paso-para-minimizar-los-riesgos-del-coronavirus\/"},"author":{"name":"administrador","@id":"https:\/\/mont-roig.cat\/es\/#\/schema\/person\/f2b111789f22b7d0c3bd6786c9128cba"},"headline":"El Ayuntamiento intensifica la desinfecci\u00f3n de calles y zonas de paso para minimizar los riesgos del coronavirus","datePublished":"2020-03-25T12:11:43+00:00","dateModified":"2020-03-27T11:33:56+00:00","mainEntityOfPage":{"@id":"https:\/\/mont-roig.cat\/es\/actualitat\/noticies\/el-ayuntamiento-intensifica-la-desinfeccion-de-calles-y-zonas-de-paso-para-minimizar-los-riesgos-del-coronavirus\/"},"wordCount":509,"image":{"@id":"https:\/\/mont-roig.cat\/es\/actualitat\/noticies\/el-ayuntamiento-intensifica-la-desinfeccion-de-calles-y-zonas-de-paso-para-minimizar-los-riesgos-del-coronavirus\/#primaryimage"},"thumbnailUrl":"https:\/\/mont-roig.cat\/wp-content\/uploads\/WhatsApp-Image-2020-03-25-at-13.06.42.jpeg","articleSection":["Ayuntamiento","Coronavirus","Coronavirus - otras medidas","Limpieza viaria"],"inLanguage":"es"},{"@type":"WebPage","@id":"https:\/\/mont-roig.cat\/es\/actualitat\/noticies\/el-ayuntamiento-intensifica-la-desinfeccion-de-calles-y-zonas-de-paso-para-minimizar-los-riesgos-del-coronavirus\/","url":"https:\/\/mont-roig.cat\/es\/actualitat\/noticies\/el-ayuntamiento-intensifica-la-desinfeccion-de-calles-y-zonas-de-paso-para-minimizar-los-riesgos-del-coronavirus\/","name":"El Ayuntamiento intensifica la desinfecci\u00f3n de calles y zonas de paso para minimizar los riesgos del coronavirus - Ajuntament de Mont-roig del Camp","isPartOf":{"@id":"https:\/\/mont-roig.cat\/es\/#website"},"primaryImageOfPage":{"@id":"https:\/\/mont-roig.cat\/es\/actualitat\/noticies\/el-ayuntamiento-intensifica-la-desinfeccion-de-calles-y-zonas-de-paso-para-minimizar-los-riesgos-del-coronavirus\/#primaryimage"},"image":{"@id":"https:\/\/mont-roig.cat\/es\/actualitat\/noticies\/el-ayuntamiento-intensifica-la-desinfeccion-de-calles-y-zonas-de-paso-para-minimizar-los-riesgos-del-coronavirus\/#primaryimage"},"thumbnailUrl":"https:\/\/mont-roig.cat\/wp-content\/uploads\/WhatsApp-Image-2020-03-25-at-13.06.42.jpeg","datePublished":"2020-03-25T12:11:43+00:00","dateModified":"2020-03-27T11:33:56+00:00","author":{"@id":"https:\/\/mont-roig.cat\/es\/#\/schema\/person\/f2b111789f22b7d0c3bd6786c9128cba"},"breadcrumb":{"@id":"https:\/\/mont-roig.cat\/es\/actualitat\/noticies\/el-ayuntamiento-intensifica-la-desinfeccion-de-calles-y-zonas-de-paso-para-minimizar-los-riesgos-del-coronavirus\/#breadcrumb"},"inLanguage":"es","potentialAction":[{"@type":"ReadAction","target":["https:\/\/mont-roig.cat\/es\/actualitat\/noticies\/el-ayuntamiento-intensifica-la-desinfeccion-de-calles-y-zonas-de-paso-para-minimizar-los-riesgos-del-coronavirus\/"]}]},{"@type":"ImageObject","inLanguage":"es","@id":"https:\/\/mont-roig.cat\/es\/actualitat\/noticies\/el-ayuntamiento-intensifica-la-desinfeccion-de-calles-y-zonas-de-paso-para-minimizar-los-riesgos-del-coronavirus\/#primaryimage","url":"https:\/\/mont-roig.cat\/wp-content\/uploads\/WhatsApp-Image-2020-03-25-at-13.06.42.jpeg","contentUrl":"https:\/\/mont-roig.cat\/wp-content\/uploads\/WhatsApp-Image-2020-03-25-at-13.06.42.jpeg","width":866,"height":1024},{"@type":"BreadcrumbList","@id":"https:\/\/mont-roig.cat\/es\/actualitat\/noticies\/el-ayuntamiento-intensifica-la-desinfeccion-de-calles-y-zonas-de-paso-para-minimizar-los-riesgos-del-coronavirus\/#breadcrumb","itemListElement":[{"@type":"ListItem","position":1,"name":"Inici","item":"https:\/\/mont-roig.cat\/es\/pagina-de-inicio\/"},{"@type":"ListItem","position":2,"name":"El Ayuntamiento intensifica la desinfecci\u00f3n de calles y zonas de paso para minimizar los riesgos del coronavirus"}]},{"@type":"WebSite","@id":"https:\/\/mont-roig.cat\/es\/#website","url":"https:\/\/mont-roig.cat\/es\/","name":"Ajuntament de Mont-roig del Camp","description":"Tota la informaci\u00f3 sobre la instituci\u00f3, els seus \u00f2rgans de govern, actualitat, serveis i molt m\u00e9s.","potentialAction":[{"@type":"SearchAction","target":{"@type":"EntryPoint","urlTemplate":"https:\/\/mont-roig.cat\/es\/?s={search_term_string}"},"query-input":{"@type":"PropertyValueSpecification","valueRequired":true,"valueName":"search_term_string"}}],"inLanguage":"es"},{"@type":"Person","@id":"https:\/\/mont-roig.cat\/es\/#\/schema\/person\/f2b111789f22b7d0c3bd6786c9128cba","name":"administrador","image":{"@type":"ImageObject","inLanguage":"es","@id":"https:\/\/secure.gravatar.com\/avatar\/9137aac6891e2595c9d3036fd83bcb653b4db3c946db4c7d9b9be193c3c944bb?s=96&d=mm&r=g","url":"https:\/\/secure.gravatar.com\/avatar\/9137aac6891e2595c9d3036fd83bcb653b4db3c946db4c7d9b9be193c3c944bb?s=96&d=mm&r=g","contentUrl":"https:\/\/secure.gravatar.com\/avatar\/9137aac6891e2595c9d3036fd83bcb653b4db3c946db4c7d9b9be193c3c944bb?s=96&d=mm&r=g","caption":"administrador"},"url":"https:\/\/mont-roig.cat\/es\/actualitat\/noticies\/author\/administrador\/"}]}},"_links":{"self":[{"href":"https:\/\/mont-roig.cat\/es\/wp-json\/wp\/v2\/posts\/44573","targetHints":{"allow":["GET"]}}],"collection":[{"href":"https:\/\/mont-roig.cat\/es\/wp-json\/wp\/v2\/posts"}],"about":[{"href":"https:\/\/mont-roig.cat\/es\/wp-json\/wp\/v2\/types\/post"}],"author":[{"embeddable":true,"href":"https:\/\/mont-roig.cat\/es\/wp-json\/wp\/v2\/users\/4"}],"replies":[{"embeddable":true,"href":"https:\/\/mont-roig.cat\/es\/wp-json\/wp\/v2\/comments?post=44573"}],"version-history":[{"count":2,"href":"https:\/\/mont-roig.cat\/es\/wp-json\/wp\/v2\/posts\/44573\/revisions"}],"predecessor-version":[{"id":44574,"href":"https:\/\/mont-roig.cat\/es\/wp-json\/wp\/v2\/posts\/44573\/revisions\/44574"}],"wp:featuredmedia":[{"embeddable":true,"href":"https:\/\/mont-roig.cat\/es\/wp-json\/wp\/v2\/media\/44570"}],"wp:attachment":[{"href":"https:\/\/mont-roig.cat\/es\/wp-json\/wp\/v2\/media?parent=44573"}],"wp:term":[{"taxonomy":"category","embeddable":true,"href":"https:\/\/mont-roig.cat\/es\/wp-json\/wp\/v2\/categories?post=44573"},{"taxonomy":"post_tag","embeddable":true,"href":"https:\/\/mont-roig.cat\/es\/wp-json\/wp\/v2\/tags?post=44573"}],"curies":[{"name":"wp","href":"https:\/\/api.w.org\/{rel}","templated":true}]}}