{"id":4460,"date":"2015-05-19T06:50:05","date_gmt":"2015-05-19T06:50:05","guid":{"rendered":""},"modified":"2015-05-19T06:50:05","modified_gmt":"2015-05-19T06:50:05","slug":"comienzan-las-preinscripciones-del-ptt-de-auxiliar-en-viveros-y-jardines","status":"publish","type":"post","link":"https:\/\/mont-roig.cat\/es\/actualitat\/noticies\/comienzan-las-preinscripciones-del-ptt-de-auxiliar-en-viveros-y-jardines\/","title":{"rendered":"Comienzan las preinscripciones del PTT de Auxiliar en viveros y jardines"},"content":{"rendered":"<div class=\"body\">\n<div>\n<p><strong><img decoding=\"async\" alt=\"PTT de Auxiliar en viveros y jardines\" class=\"requadre\" src=\"http:\/\/mont-roig.cat\/wp-content\/uploads\/cartell_aux_jardineria_2015_v2-1.jpg\" style=\"height: 283px; width: 200px; margin: 10px; float: right;\" title=\"PTT de Auxiliar en viveros y jardines\" \/><\/strong><\/p>\n<p><strong>Se pueden formalizar hasta el 29 de mayo en el Instituto Antonio Ballester<\/strong><\/p>\n<p>El &#8220;Departament de Ensenyament de la Generalitat de Catalunya&#8221;, el Ayuntamiento de Mont-roig del Camp y el Instituto Antoni Ballester ofrecen a los chicos y chicas de 16 a 21 a\u00f1os que no hayan obtenido el graduado en ESO formarse profesionalmente como auxiliar en viveros y jardines.<\/p>\n<p>Se trata de un Programa de Cualificaci\u00f3n Profesional Inicial organizado en la modalidad de Plan de Transici\u00f3n al Trabajo (PTT) que se configura como un curso formativo. El objetivo es que los j\u00f3venes puedan reintroducirse en el sistema educativo o acceder al mercado laboral con mejores posibilidades de obtener un empleo cualificado y duradero.<\/p>\n<p>El PTT, que se impartir\u00e1 de septiembre de 2015 a junio de 2016, ofrece m\u00f3dulos de formaci\u00f3n general, formaci\u00f3n profesional y pr\u00e1cticas en empresa.<\/p>\n<p>Las preinscripciones se pueden formalizar hasta el 29 de mayo en el Instituto Antonio Ballester, en el camino de las Arenas, 5 (Montroig del Camp) &#8211; 977 83 86 09.<\/p>\n<p>M\u00e1s informaci\u00f3n:<a href=\"\/?page_id=4294\" target=\"_blank\">&nbsp;http:\/\/mont-roig.cat\/ca\/ptt-dauxiliar-de-vivers-i-jardins<\/a><\/p>\n<\/div>\n<\/div>\n<div class=\"field_noticia_img_portada\">\n<div>Imatge portada<\/div>\n<p><img decoding=\"async\" src=\"http:\/\/mont-roig.cat\/wp-content\/uploads\/cartell_aux_jardineria_2015_v2-1_0.jpg\" title=\"cartell_aux_jardineria_2015_v2-1.jpg\" alt=\"cartell_aux_jardineria_2015_v2-1.jpg\" \/><\/div>\n","protected":false},"excerpt":{"rendered":"<p>Se pueden formalizar hasta el 29 de mayo en el Instituto Antonio Ballester El &#8220;Departament de Ensenyament de la Generalitat de Catalunya&#8221;, el Ayuntamiento de Mont-roig del Camp y el Instituto Antoni Ballester ofrecen a los chicos y chicas de 16 a 21 a\u00f1os que no hayan obtenido el graduado en ESO formarse profesionalmente como [&hellip;]<\/p>\n","protected":false},"author":4,"featured_media":5709,"comment_status":"closed","ping_status":"closed","sticky":false,"template":"","format":"standard","meta":{"inline_featured_image":false,"_monsterinsights_skip_tracking":false,"_monsterinsights_sitenote_active":false,"_monsterinsights_sitenote_note":"","_monsterinsights_sitenote_category":0,"footnotes":""},"categories":[103],"tags":[],"class_list":["post-4460","post","type-post","status-publish","format-standard","has-post-thumbnail","hentry","category-educacion"],"yoast_head":"<!-- This site is optimized with the Yoast SEO plugin v27.4 - https:\/\/yoast.com\/product\/yoast-seo-wordpress\/ -->\n<title>Comienzan las preinscripciones del PTT de Auxiliar en viveros y jardines - Ajuntament de Mont-roig del Camp<\/title>\n<meta name=\"robots\" content=\"index, follow, max-snippet:-1, max-image-preview:large, max-video-preview:-1\" \/>\n<link rel=\"canonical\" href=\"https:\/\/mont-roig.cat\/es\/actualitat\/noticies\/comienzan-las-preinscripciones-del-ptt-de-auxiliar-en-viveros-y-jardines\/\" \/>\n<meta property=\"og:locale\" content=\"es_ES\" \/>\n<meta property=\"og:type\" content=\"article\" \/>\n<meta property=\"og:title\" content=\"Comienzan las preinscripciones del PTT de Auxiliar en viveros y jardines - Ajuntament de Mont-roig del Camp\" \/>\n<meta property=\"og:description\" content=\"Se pueden formalizar hasta el 29 de mayo en el Instituto Antonio Ballester El &#8220;Departament de Ensenyament de la Generalitat de Catalunya&#8221;, el Ayuntamiento de Mont-roig del Camp y el Instituto Antoni Ballester ofrecen a los chicos y chicas de 16 a 21 a\u00f1os que no hayan obtenido el graduado en ESO formarse profesionalmente como [&hellip;]\" \/>\n<meta property=\"og:url\" content=\"https:\/\/mont-roig.cat\/es\/actualitat\/noticies\/comienzan-las-preinscripciones-del-ptt-de-auxiliar-en-viveros-y-jardines\/\" \/>\n<meta property=\"og:site_name\" content=\"Ajuntament de Mont-roig del Camp\" \/>\n<meta property=\"article:published_time\" content=\"2015-05-19T06:50:05+00:00\" \/>\n<meta property=\"og:image\" content=\"https:\/\/mont-roig.cat\/wp-content\/uploads\/cartell_aux_jardineria_2015_v2-1.jpg\" \/>\n\t<meta property=\"og:image:width\" content=\"1754\" \/>\n\t<meta property=\"og:image:height\" content=\"2481\" \/>\n\t<meta property=\"og:image:type\" content=\"image\/jpeg\" \/>\n<meta name=\"author\" content=\"administrador\" \/>\n<meta name=\"twitter:card\" content=\"summary_large_image\" \/>\n<meta name=\"twitter:label1\" content=\"Escrito por\" \/>\n\t<meta name=\"twitter:data1\" content=\"administrador\" \/>\n\t<meta name=\"twitter:label2\" content=\"Tiempo de lectura\" \/>\n\t<meta name=\"twitter:data2\" content=\"1 minuto\" \/>\n<script type=\"application\/ld+json\" class=\"yoast-schema-graph\">{\"@context\":\"https:\\\/\\\/schema.org\",\"@graph\":[{\"@type\":\"Article\",\"@id\":\"https:\\\/\\\/mont-roig.cat\\\/es\\\/actualitat\\\/noticies\\\/comienzan-las-preinscripciones-del-ptt-de-auxiliar-en-viveros-y-jardines\\\/#article\",\"isPartOf\":{\"@id\":\"https:\\\/\\\/mont-roig.cat\\\/es\\\/actualitat\\\/noticies\\\/comienzan-las-preinscripciones-del-ptt-de-auxiliar-en-viveros-y-jardines\\\/\"},\"author\":{\"name\":\"administrador\",\"@id\":\"https:\\\/\\\/mont-roig.cat\\\/es\\\/#\\\/schema\\\/person\\\/f2b111789f22b7d0c3bd6786c9128cba\"},\"headline\":\"Comienzan las preinscripciones del PTT de Auxiliar en viveros y jardines\",\"datePublished\":\"2015-05-19T06:50:05+00:00\",\"mainEntityOfPage\":{\"@id\":\"https:\\\/\\\/mont-roig.cat\\\/es\\\/actualitat\\\/noticies\\\/comienzan-las-preinscripciones-del-ptt-de-auxiliar-en-viveros-y-jardines\\\/\"},\"wordCount\":188,\"image\":{\"@id\":\"https:\\\/\\\/mont-roig.cat\\\/es\\\/actualitat\\\/noticies\\\/comienzan-las-preinscripciones-del-ptt-de-auxiliar-en-viveros-y-jardines\\\/#primaryimage\"},\"thumbnailUrl\":\"https:\\\/\\\/mont-roig.cat\\\/wp-content\\\/uploads\\\/cartell_aux_jardineria_2015_v2-1.jpg\",\"articleSection\":[\"Educaci\u00f3n\"],\"inLanguage\":\"es\"},{\"@type\":\"WebPage\",\"@id\":\"https:\\\/\\\/mont-roig.cat\\\/es\\\/actualitat\\\/noticies\\\/comienzan-las-preinscripciones-del-ptt-de-auxiliar-en-viveros-y-jardines\\\/\",\"url\":\"https:\\\/\\\/mont-roig.cat\\\/es\\\/actualitat\\\/noticies\\\/comienzan-las-preinscripciones-del-ptt-de-auxiliar-en-viveros-y-jardines\\\/\",\"name\":\"Comienzan las preinscripciones del PTT de Auxiliar en viveros y jardines - Ajuntament de Mont-roig del Camp\",\"isPartOf\":{\"@id\":\"https:\\\/\\\/mont-roig.cat\\\/es\\\/#website\"},\"primaryImageOfPage\":{\"@id\":\"https:\\\/\\\/mont-roig.cat\\\/es\\\/actualitat\\\/noticies\\\/comienzan-las-preinscripciones-del-ptt-de-auxiliar-en-viveros-y-jardines\\\/#primaryimage\"},\"image\":{\"@id\":\"https:\\\/\\\/mont-roig.cat\\\/es\\\/actualitat\\\/noticies\\\/comienzan-las-preinscripciones-del-ptt-de-auxiliar-en-viveros-y-jardines\\\/#primaryimage\"},\"thumbnailUrl\":\"https:\\\/\\\/mont-roig.cat\\\/wp-content\\\/uploads\\\/cartell_aux_jardineria_2015_v2-1.jpg\",\"datePublished\":\"2015-05-19T06:50:05+00:00\",\"author\":{\"@id\":\"https:\\\/\\\/mont-roig.cat\\\/es\\\/#\\\/schema\\\/person\\\/f2b111789f22b7d0c3bd6786c9128cba\"},\"breadcrumb\":{\"@id\":\"https:\\\/\\\/mont-roig.cat\\\/es\\\/actualitat\\\/noticies\\\/comienzan-las-preinscripciones-del-ptt-de-auxiliar-en-viveros-y-jardines\\\/#breadcrumb\"},\"inLanguage\":\"es\",\"potentialAction\":[{\"@type\":\"ReadAction\",\"target\":[\"https:\\\/\\\/mont-roig.cat\\\/es\\\/actualitat\\\/noticies\\\/comienzan-las-preinscripciones-del-ptt-de-auxiliar-en-viveros-y-jardines\\\/\"]}]},{\"@type\":\"ImageObject\",\"inLanguage\":\"es\",\"@id\":\"https:\\\/\\\/mont-roig.cat\\\/es\\\/actualitat\\\/noticies\\\/comienzan-las-preinscripciones-del-ptt-de-auxiliar-en-viveros-y-jardines\\\/#primaryimage\",\"url\":\"https:\\\/\\\/mont-roig.cat\\\/wp-content\\\/uploads\\\/cartell_aux_jardineria_2015_v2-1.jpg\",\"contentUrl\":\"https:\\\/\\\/mont-roig.cat\\\/wp-content\\\/uploads\\\/cartell_aux_jardineria_2015_v2-1.jpg\",\"width\":1754,\"height\":2481},{\"@type\":\"BreadcrumbList\",\"@id\":\"https:\\\/\\\/mont-roig.cat\\\/es\\\/actualitat\\\/noticies\\\/comienzan-las-preinscripciones-del-ptt-de-auxiliar-en-viveros-y-jardines\\\/#breadcrumb\",\"itemListElement\":[{\"@type\":\"ListItem\",\"position\":1,\"name\":\"Inici\",\"item\":\"https:\\\/\\\/mont-roig.cat\\\/es\\\/pagina-de-inicio\\\/\"},{\"@type\":\"ListItem\",\"position\":2,\"name\":\"Comienzan las preinscripciones del PTT de Auxiliar en viveros y jardines\"}]},{\"@type\":\"WebSite\",\"@id\":\"https:\\\/\\\/mont-roig.cat\\\/es\\\/#website\",\"url\":\"https:\\\/\\\/mont-roig.cat\\\/es\\\/\",\"name\":\"Ajuntament de Mont-roig del Camp\",\"description\":\"Tota la informaci\u00f3 sobre la instituci\u00f3, els seus \u00f2rgans de govern, actualitat, serveis i molt m\u00e9s.\",\"potentialAction\":[{\"@type\":\"SearchAction\",\"target\":{\"@type\":\"EntryPoint\",\"urlTemplate\":\"https:\\\/\\\/mont-roig.cat\\\/es\\\/?s={search_term_string}\"},\"query-input\":{\"@type\":\"PropertyValueSpecification\",\"valueRequired\":true,\"valueName\":\"search_term_string\"}}],\"inLanguage\":\"es\"},{\"@type\":\"Person\",\"@id\":\"https:\\\/\\\/mont-roig.cat\\\/es\\\/#\\\/schema\\\/person\\\/f2b111789f22b7d0c3bd6786c9128cba\",\"name\":\"administrador\",\"image\":{\"@type\":\"ImageObject\",\"inLanguage\":\"es\",\"@id\":\"https:\\\/\\\/secure.gravatar.com\\\/avatar\\\/9137aac6891e2595c9d3036fd83bcb653b4db3c946db4c7d9b9be193c3c944bb?s=96&d=mm&r=g\",\"url\":\"https:\\\/\\\/secure.gravatar.com\\\/avatar\\\/9137aac6891e2595c9d3036fd83bcb653b4db3c946db4c7d9b9be193c3c944bb?s=96&d=mm&r=g\",\"contentUrl\":\"https:\\\/\\\/secure.gravatar.com\\\/avatar\\\/9137aac6891e2595c9d3036fd83bcb653b4db3c946db4c7d9b9be193c3c944bb?s=96&d=mm&r=g\",\"caption\":\"administrador\"},\"url\":\"https:\\\/\\\/mont-roig.cat\\\/es\\\/actualitat\\\/noticies\\\/author\\\/administrador\\\/\"}]}<\/script>\n<!-- \/ Yoast SEO plugin. -->","yoast_head_json":{"title":"Comienzan las preinscripciones del PTT de Auxiliar en viveros y jardines - Ajuntament de Mont-roig del Camp","robots":{"index":"index","follow":"follow","max-snippet":"max-snippet:-1","max-image-preview":"max-image-preview:large","max-video-preview":"max-video-preview:-1"},"canonical":"https:\/\/mont-roig.cat\/es\/actualitat\/noticies\/comienzan-las-preinscripciones-del-ptt-de-auxiliar-en-viveros-y-jardines\/","og_locale":"es_ES","og_type":"article","og_title":"Comienzan las preinscripciones del PTT de Auxiliar en viveros y jardines - Ajuntament de Mont-roig del Camp","og_description":"Se pueden formalizar hasta el 29 de mayo en el Instituto Antonio Ballester El &#8220;Departament de Ensenyament de la Generalitat de Catalunya&#8221;, el Ayuntamiento de Mont-roig del Camp y el Instituto Antoni Ballester ofrecen a los chicos y chicas de 16 a 21 a\u00f1os que no hayan obtenido el graduado en ESO formarse profesionalmente como [&hellip;]","og_url":"https:\/\/mont-roig.cat\/es\/actualitat\/noticies\/comienzan-las-preinscripciones-del-ptt-de-auxiliar-en-viveros-y-jardines\/","og_site_name":"Ajuntament de Mont-roig del Camp","article_published_time":"2015-05-19T06:50:05+00:00","og_image":[{"width":1754,"height":2481,"url":"https:\/\/mont-roig.cat\/wp-content\/uploads\/cartell_aux_jardineria_2015_v2-1.jpg","type":"image\/jpeg"}],"author":"administrador","twitter_card":"summary_large_image","twitter_misc":{"Escrito por":"administrador","Tiempo de lectura":"1 minuto"},"schema":{"@context":"https:\/\/schema.org","@graph":[{"@type":"Article","@id":"https:\/\/mont-roig.cat\/es\/actualitat\/noticies\/comienzan-las-preinscripciones-del-ptt-de-auxiliar-en-viveros-y-jardines\/#article","isPartOf":{"@id":"https:\/\/mont-roig.cat\/es\/actualitat\/noticies\/comienzan-las-preinscripciones-del-ptt-de-auxiliar-en-viveros-y-jardines\/"},"author":{"name":"administrador","@id":"https:\/\/mont-roig.cat\/es\/#\/schema\/person\/f2b111789f22b7d0c3bd6786c9128cba"},"headline":"Comienzan las preinscripciones del PTT de Auxiliar en viveros y jardines","datePublished":"2015-05-19T06:50:05+00:00","mainEntityOfPage":{"@id":"https:\/\/mont-roig.cat\/es\/actualitat\/noticies\/comienzan-las-preinscripciones-del-ptt-de-auxiliar-en-viveros-y-jardines\/"},"wordCount":188,"image":{"@id":"https:\/\/mont-roig.cat\/es\/actualitat\/noticies\/comienzan-las-preinscripciones-del-ptt-de-auxiliar-en-viveros-y-jardines\/#primaryimage"},"thumbnailUrl":"https:\/\/mont-roig.cat\/wp-content\/uploads\/cartell_aux_jardineria_2015_v2-1.jpg","articleSection":["Educaci\u00f3n"],"inLanguage":"es"},{"@type":"WebPage","@id":"https:\/\/mont-roig.cat\/es\/actualitat\/noticies\/comienzan-las-preinscripciones-del-ptt-de-auxiliar-en-viveros-y-jardines\/","url":"https:\/\/mont-roig.cat\/es\/actualitat\/noticies\/comienzan-las-preinscripciones-del-ptt-de-auxiliar-en-viveros-y-jardines\/","name":"Comienzan las preinscripciones del PTT de Auxiliar en viveros y jardines - Ajuntament de Mont-roig del Camp","isPartOf":{"@id":"https:\/\/mont-roig.cat\/es\/#website"},"primaryImageOfPage":{"@id":"https:\/\/mont-roig.cat\/es\/actualitat\/noticies\/comienzan-las-preinscripciones-del-ptt-de-auxiliar-en-viveros-y-jardines\/#primaryimage"},"image":{"@id":"https:\/\/mont-roig.cat\/es\/actualitat\/noticies\/comienzan-las-preinscripciones-del-ptt-de-auxiliar-en-viveros-y-jardines\/#primaryimage"},"thumbnailUrl":"https:\/\/mont-roig.cat\/wp-content\/uploads\/cartell_aux_jardineria_2015_v2-1.jpg","datePublished":"2015-05-19T06:50:05+00:00","author":{"@id":"https:\/\/mont-roig.cat\/es\/#\/schema\/person\/f2b111789f22b7d0c3bd6786c9128cba"},"breadcrumb":{"@id":"https:\/\/mont-roig.cat\/es\/actualitat\/noticies\/comienzan-las-preinscripciones-del-ptt-de-auxiliar-en-viveros-y-jardines\/#breadcrumb"},"inLanguage":"es","potentialAction":[{"@type":"ReadAction","target":["https:\/\/mont-roig.cat\/es\/actualitat\/noticies\/comienzan-las-preinscripciones-del-ptt-de-auxiliar-en-viveros-y-jardines\/"]}]},{"@type":"ImageObject","inLanguage":"es","@id":"https:\/\/mont-roig.cat\/es\/actualitat\/noticies\/comienzan-las-preinscripciones-del-ptt-de-auxiliar-en-viveros-y-jardines\/#primaryimage","url":"https:\/\/mont-roig.cat\/wp-content\/uploads\/cartell_aux_jardineria_2015_v2-1.jpg","contentUrl":"https:\/\/mont-roig.cat\/wp-content\/uploads\/cartell_aux_jardineria_2015_v2-1.jpg","width":1754,"height":2481},{"@type":"BreadcrumbList","@id":"https:\/\/mont-roig.cat\/es\/actualitat\/noticies\/comienzan-las-preinscripciones-del-ptt-de-auxiliar-en-viveros-y-jardines\/#breadcrumb","itemListElement":[{"@type":"ListItem","position":1,"name":"Inici","item":"https:\/\/mont-roig.cat\/es\/pagina-de-inicio\/"},{"@type":"ListItem","position":2,"name":"Comienzan las preinscripciones del PTT de Auxiliar en viveros y jardines"}]},{"@type":"WebSite","@id":"https:\/\/mont-roig.cat\/es\/#website","url":"https:\/\/mont-roig.cat\/es\/","name":"Ajuntament de Mont-roig del Camp","description":"Tota la informaci\u00f3 sobre la instituci\u00f3, els seus \u00f2rgans de govern, actualitat, serveis i molt m\u00e9s.","potentialAction":[{"@type":"SearchAction","target":{"@type":"EntryPoint","urlTemplate":"https:\/\/mont-roig.cat\/es\/?s={search_term_string}"},"query-input":{"@type":"PropertyValueSpecification","valueRequired":true,"valueName":"search_term_string"}}],"inLanguage":"es"},{"@type":"Person","@id":"https:\/\/mont-roig.cat\/es\/#\/schema\/person\/f2b111789f22b7d0c3bd6786c9128cba","name":"administrador","image":{"@type":"ImageObject","inLanguage":"es","@id":"https:\/\/secure.gravatar.com\/avatar\/9137aac6891e2595c9d3036fd83bcb653b4db3c946db4c7d9b9be193c3c944bb?s=96&d=mm&r=g","url":"https:\/\/secure.gravatar.com\/avatar\/9137aac6891e2595c9d3036fd83bcb653b4db3c946db4c7d9b9be193c3c944bb?s=96&d=mm&r=g","contentUrl":"https:\/\/secure.gravatar.com\/avatar\/9137aac6891e2595c9d3036fd83bcb653b4db3c946db4c7d9b9be193c3c944bb?s=96&d=mm&r=g","caption":"administrador"},"url":"https:\/\/mont-roig.cat\/es\/actualitat\/noticies\/author\/administrador\/"}]}},"_links":{"self":[{"href":"https:\/\/mont-roig.cat\/es\/wp-json\/wp\/v2\/posts\/4460","targetHints":{"allow":["GET"]}}],"collection":[{"href":"https:\/\/mont-roig.cat\/es\/wp-json\/wp\/v2\/posts"}],"about":[{"href":"https:\/\/mont-roig.cat\/es\/wp-json\/wp\/v2\/types\/post"}],"author":[{"embeddable":true,"href":"https:\/\/mont-roig.cat\/es\/wp-json\/wp\/v2\/users\/4"}],"replies":[{"embeddable":true,"href":"https:\/\/mont-roig.cat\/es\/wp-json\/wp\/v2\/comments?post=4460"}],"version-history":[{"count":0,"href":"https:\/\/mont-roig.cat\/es\/wp-json\/wp\/v2\/posts\/4460\/revisions"}],"wp:featuredmedia":[{"embeddable":true,"href":"https:\/\/mont-roig.cat\/es\/wp-json\/wp\/v2\/media\/5709"}],"wp:attachment":[{"href":"https:\/\/mont-roig.cat\/es\/wp-json\/wp\/v2\/media?parent=4460"}],"wp:term":[{"taxonomy":"category","embeddable":true,"href":"https:\/\/mont-roig.cat\/es\/wp-json\/wp\/v2\/categories?post=4460"},{"taxonomy":"post_tag","embeddable":true,"href":"https:\/\/mont-roig.cat\/es\/wp-json\/wp\/v2\/tags?post=4460"}],"curies":[{"name":"wp","href":"https:\/\/api.w.org\/{rel}","templated":true}]}}