{"id":4464,"date":"2015-05-20T08:12:53","date_gmt":"2015-05-20T08:12:53","guid":{"rendered":""},"modified":"2015-05-20T08:12:53","modified_gmt":"2015-05-20T08:12:53","slug":"comienzan-los-trabajos-de-regeneracion-de-las-playas","status":"publish","type":"post","link":"https:\/\/mont-roig.cat\/es\/actualitat\/noticies\/comienzan-los-trabajos-de-regeneracion-de-las-playas\/","title":{"rendered":"Comienzan los trabajos de regeneraci\u00f3n de las playas"},"content":{"rendered":"<div class=\"body\">\n<div>\n<p><strong>El Ministerio invertir\u00e1 cerca de 120.000 euros en el litoral municipal<br \/>\n<img decoding=\"async\" alt=\"Trabajos de regeneraci\u00f3n de las playas\" class=\"requadre\" src=\"http:\/\/mont-roig.cat\/wp-content\/uploads\/2015_05_19_regeneracio_platges_036_0.jpg\" style=\"width: 300px; height: 225px; margin: 10px; float: right;\" title=\"Trabajos de regeneraci\u00f3n de las playas\" \/><\/strong><\/p>\n<p>La Cala <em>Casa Lladres<\/em> es una de las zonas donde ya han comenzado los trabajos de regeneraci\u00f3n de las playas. Las actuaciones tienen por objetivo reparar los da\u00f1os causados \u200b\u200bpor los temporales, restaurar, proteger y conservar las playas del litoral municipal y sus accesos.&nbsp;<\/p>\n<p>Las obras de regeneraci\u00f3n han comenzado en una de las zonas m\u00e1s castigadas por el temporal, aunque se prev\u00e9 que contin\u00faen los pr\u00f3ximos d\u00edas en otras playas del t\u00e9rmino municipal.<\/p>\n<p>El Ministerio de Agricultura, Alimentaci\u00f3n y Medio Ambiente, a trav\u00e9s del Servicio Provincial de Costas en Tarragona, destinar\u00e1 cerca de 120.000 en las playas del municipio para dejarlas a punto para el inicio de la temporada tur\u00edstica y la llegada los primeros ba\u00f1istas.<\/p>\n<p>Por otra parte el Ayuntamiento tambi\u00e9n ha puesto en marcha diversas obras de reparaci\u00f3n de servicios tambi\u00e9n da\u00f1ados por los temporales, como las duchas o las rampas de acceso de algunas calas.<\/p>\n<\/div>\n<\/div>\n<div class=\"field_noticia_img_portada\">\n<div>Imatge portada<\/div>\n<p><img decoding=\"async\" src=\"http:\/\/mont-roig.cat\/wp-content\/uploads\/2015_05_19_regeneracio_platges_036.jpg\" title=\"2015_05_19_regeneracio_platges_036.jpg\" alt=\"2015_05_19_regeneracio_platges_036.jpg\" \/><\/div>\n<div class=\"field_noticia_imatge\">\n<div>Imatges<\/div>\n<p><img decoding=\"async\" src=\"http:\/\/mont-roig.cat\/wp-content\/uploads\/2015_05_19_regeneracio_platges_043.jpg\" title=\"2015_05_19_regeneracio_platges_043.jpg\" alt=\"2015_05_19_regeneracio_platges_043.jpg\" \/><\/div>\n<div class=\"field_noticia_imatge\">\n<div>Imatges<\/div>\n<p><img decoding=\"async\" src=\"http:\/\/mont-roig.cat\/wp-content\/uploads\/2015_05_19_regeneracio_platges_024.jpg\" title=\"2015_05_19_regeneracio_platges_024.jpg\" alt=\"2015_05_19_regeneracio_platges_024.jpg\" \/><\/div>\n<div class=\"field_noticia_imatge\">\n<div>Imatges<\/div>\n<p><img decoding=\"async\" src=\"http:\/\/mont-roig.cat\/wp-content\/uploads\/2015_05_19_regeneracio_platges_029.jpg\" title=\"2015_05_19_regeneracio_platges_029.jpg\" alt=\"2015_05_19_regeneracio_platges_029.jpg\" \/><\/div>\n<div class=\"field_noticia_imatge\">\n<div>Imatges<\/div>\n<p><img decoding=\"async\" src=\"http:\/\/mont-roig.cat\/wp-content\/uploads\/2015_05_19_regeneracio_platges_004.jpg\" title=\"2015_05_19_regeneracio_platges_004.jpg\" alt=\"2015_05_19_regeneracio_platges_004.jpg\" \/><\/div>\n","protected":false},"excerpt":{"rendered":"<p>El Ministerio invertir\u00e1 cerca de 120.000 euros en el litoral municipal La Cala Casa Lladres es una de las zonas donde ya han comenzado los trabajos de regeneraci\u00f3n de las playas. Las actuaciones tienen por objetivo reparar los da\u00f1os causados \u200b\u200bpor los temporales, restaurar, proteger y conservar las playas del litoral municipal y sus accesos.&nbsp; [&hellip;]<\/p>\n","protected":false},"author":4,"featured_media":6590,"comment_status":"open","ping_status":"open","sticky":false,"template":"","format":"standard","meta":{"inline_featured_image":false,"_monsterinsights_skip_tracking":false,"_monsterinsights_sitenote_active":false,"_monsterinsights_sitenote_note":"","_monsterinsights_sitenote_category":0,"footnotes":""},"categories":[99],"tags":[],"class_list":["post-4464","post","type-post","status-publish","format-standard","has-post-thumbnail","hentry","category-otros"],"yoast_head":"<!-- This site is optimized with the Yoast SEO plugin v27.4 - https:\/\/yoast.com\/product\/yoast-seo-wordpress\/ -->\n<title>Comienzan los trabajos de regeneraci\u00f3n de las playas - Ajuntament de Mont-roig del Camp<\/title>\n<meta name=\"robots\" content=\"index, follow, max-snippet:-1, max-image-preview:large, max-video-preview:-1\" \/>\n<link rel=\"canonical\" href=\"https:\/\/mont-roig.cat\/es\/actualitat\/noticies\/comienzan-los-trabajos-de-regeneracion-de-las-playas\/\" \/>\n<meta property=\"og:locale\" content=\"es_ES\" \/>\n<meta property=\"og:type\" content=\"article\" \/>\n<meta property=\"og:title\" content=\"Comienzan los trabajos de regeneraci\u00f3n de las playas - Ajuntament de Mont-roig del Camp\" \/>\n<meta property=\"og:description\" content=\"El Ministerio invertir\u00e1 cerca de 120.000 euros en el litoral municipal La Cala Casa Lladres es una de las zonas donde ya han comenzado los trabajos de regeneraci\u00f3n de las playas. Las actuaciones tienen por objetivo reparar los da\u00f1os causados \u200b\u200bpor los temporales, restaurar, proteger y conservar las playas del litoral municipal y sus accesos.&nbsp; [&hellip;]\" \/>\n<meta property=\"og:url\" content=\"https:\/\/mont-roig.cat\/es\/actualitat\/noticies\/comienzan-los-trabajos-de-regeneracion-de-las-playas\/\" \/>\n<meta property=\"og:site_name\" content=\"Ajuntament de Mont-roig del Camp\" \/>\n<meta property=\"article:published_time\" content=\"2015-05-20T08:12:53+00:00\" \/>\n<meta property=\"og:image\" content=\"https:\/\/mont-roig.cat\/wp-content\/uploads\/2015_05_19_regeneracio_platges_036_0.jpg\" \/>\n\t<meta property=\"og:image:width\" content=\"3264\" \/>\n\t<meta property=\"og:image:height\" content=\"2448\" \/>\n\t<meta property=\"og:image:type\" content=\"image\/jpeg\" \/>\n<meta name=\"author\" content=\"administrador\" \/>\n<meta name=\"twitter:card\" content=\"summary_large_image\" \/>\n<meta name=\"twitter:label1\" content=\"Escrito por\" \/>\n\t<meta name=\"twitter:data1\" content=\"administrador\" \/>\n\t<meta name=\"twitter:label2\" content=\"Tiempo de lectura\" \/>\n\t<meta name=\"twitter:data2\" content=\"1 minuto\" \/>\n<script type=\"application\/ld+json\" class=\"yoast-schema-graph\">{\"@context\":\"https:\\\/\\\/schema.org\",\"@graph\":[{\"@type\":\"Article\",\"@id\":\"https:\\\/\\\/mont-roig.cat\\\/es\\\/actualitat\\\/noticies\\\/comienzan-los-trabajos-de-regeneracion-de-las-playas\\\/#article\",\"isPartOf\":{\"@id\":\"https:\\\/\\\/mont-roig.cat\\\/es\\\/actualitat\\\/noticies\\\/comienzan-los-trabajos-de-regeneracion-de-las-playas\\\/\"},\"author\":{\"name\":\"administrador\",\"@id\":\"https:\\\/\\\/mont-roig.cat\\\/es\\\/#\\\/schema\\\/person\\\/f2b111789f22b7d0c3bd6786c9128cba\"},\"headline\":\"Comienzan los trabajos de regeneraci\u00f3n de las playas\",\"datePublished\":\"2015-05-20T08:12:53+00:00\",\"mainEntityOfPage\":{\"@id\":\"https:\\\/\\\/mont-roig.cat\\\/es\\\/actualitat\\\/noticies\\\/comienzan-los-trabajos-de-regeneracion-de-las-playas\\\/\"},\"wordCount\":192,\"commentCount\":0,\"image\":{\"@id\":\"https:\\\/\\\/mont-roig.cat\\\/es\\\/actualitat\\\/noticies\\\/comienzan-los-trabajos-de-regeneracion-de-las-playas\\\/#primaryimage\"},\"thumbnailUrl\":\"https:\\\/\\\/mont-roig.cat\\\/wp-content\\\/uploads\\\/2015_05_19_regeneracio_platges_036_0.jpg\",\"articleSection\":[\"Otros\"],\"inLanguage\":\"es\"},{\"@type\":\"WebPage\",\"@id\":\"https:\\\/\\\/mont-roig.cat\\\/es\\\/actualitat\\\/noticies\\\/comienzan-los-trabajos-de-regeneracion-de-las-playas\\\/\",\"url\":\"https:\\\/\\\/mont-roig.cat\\\/es\\\/actualitat\\\/noticies\\\/comienzan-los-trabajos-de-regeneracion-de-las-playas\\\/\",\"name\":\"Comienzan los trabajos de regeneraci\u00f3n de las playas - Ajuntament de Mont-roig del Camp\",\"isPartOf\":{\"@id\":\"https:\\\/\\\/mont-roig.cat\\\/es\\\/#website\"},\"primaryImageOfPage\":{\"@id\":\"https:\\\/\\\/mont-roig.cat\\\/es\\\/actualitat\\\/noticies\\\/comienzan-los-trabajos-de-regeneracion-de-las-playas\\\/#primaryimage\"},\"image\":{\"@id\":\"https:\\\/\\\/mont-roig.cat\\\/es\\\/actualitat\\\/noticies\\\/comienzan-los-trabajos-de-regeneracion-de-las-playas\\\/#primaryimage\"},\"thumbnailUrl\":\"https:\\\/\\\/mont-roig.cat\\\/wp-content\\\/uploads\\\/2015_05_19_regeneracio_platges_036_0.jpg\",\"datePublished\":\"2015-05-20T08:12:53+00:00\",\"author\":{\"@id\":\"https:\\\/\\\/mont-roig.cat\\\/es\\\/#\\\/schema\\\/person\\\/f2b111789f22b7d0c3bd6786c9128cba\"},\"breadcrumb\":{\"@id\":\"https:\\\/\\\/mont-roig.cat\\\/es\\\/actualitat\\\/noticies\\\/comienzan-los-trabajos-de-regeneracion-de-las-playas\\\/#breadcrumb\"},\"inLanguage\":\"es\",\"potentialAction\":[{\"@type\":\"ReadAction\",\"target\":[\"https:\\\/\\\/mont-roig.cat\\\/es\\\/actualitat\\\/noticies\\\/comienzan-los-trabajos-de-regeneracion-de-las-playas\\\/\"]}]},{\"@type\":\"ImageObject\",\"inLanguage\":\"es\",\"@id\":\"https:\\\/\\\/mont-roig.cat\\\/es\\\/actualitat\\\/noticies\\\/comienzan-los-trabajos-de-regeneracion-de-las-playas\\\/#primaryimage\",\"url\":\"https:\\\/\\\/mont-roig.cat\\\/wp-content\\\/uploads\\\/2015_05_19_regeneracio_platges_036_0.jpg\",\"contentUrl\":\"https:\\\/\\\/mont-roig.cat\\\/wp-content\\\/uploads\\\/2015_05_19_regeneracio_platges_036_0.jpg\",\"width\":3264,\"height\":2448},{\"@type\":\"BreadcrumbList\",\"@id\":\"https:\\\/\\\/mont-roig.cat\\\/es\\\/actualitat\\\/noticies\\\/comienzan-los-trabajos-de-regeneracion-de-las-playas\\\/#breadcrumb\",\"itemListElement\":[{\"@type\":\"ListItem\",\"position\":1,\"name\":\"Inici\",\"item\":\"https:\\\/\\\/mont-roig.cat\\\/es\\\/pagina-de-inicio\\\/\"},{\"@type\":\"ListItem\",\"position\":2,\"name\":\"Comienzan los trabajos de regeneraci\u00f3n de las playas\"}]},{\"@type\":\"WebSite\",\"@id\":\"https:\\\/\\\/mont-roig.cat\\\/es\\\/#website\",\"url\":\"https:\\\/\\\/mont-roig.cat\\\/es\\\/\",\"name\":\"Ajuntament de Mont-roig del Camp\",\"description\":\"Tota la informaci\u00f3 sobre la instituci\u00f3, els seus \u00f2rgans de govern, actualitat, serveis i molt m\u00e9s.\",\"potentialAction\":[{\"@type\":\"SearchAction\",\"target\":{\"@type\":\"EntryPoint\",\"urlTemplate\":\"https:\\\/\\\/mont-roig.cat\\\/es\\\/?s={search_term_string}\"},\"query-input\":{\"@type\":\"PropertyValueSpecification\",\"valueRequired\":true,\"valueName\":\"search_term_string\"}}],\"inLanguage\":\"es\"},{\"@type\":\"Person\",\"@id\":\"https:\\\/\\\/mont-roig.cat\\\/es\\\/#\\\/schema\\\/person\\\/f2b111789f22b7d0c3bd6786c9128cba\",\"name\":\"administrador\",\"image\":{\"@type\":\"ImageObject\",\"inLanguage\":\"es\",\"@id\":\"https:\\\/\\\/secure.gravatar.com\\\/avatar\\\/9137aac6891e2595c9d3036fd83bcb653b4db3c946db4c7d9b9be193c3c944bb?s=96&d=mm&r=g\",\"url\":\"https:\\\/\\\/secure.gravatar.com\\\/avatar\\\/9137aac6891e2595c9d3036fd83bcb653b4db3c946db4c7d9b9be193c3c944bb?s=96&d=mm&r=g\",\"contentUrl\":\"https:\\\/\\\/secure.gravatar.com\\\/avatar\\\/9137aac6891e2595c9d3036fd83bcb653b4db3c946db4c7d9b9be193c3c944bb?s=96&d=mm&r=g\",\"caption\":\"administrador\"},\"url\":\"https:\\\/\\\/mont-roig.cat\\\/es\\\/actualitat\\\/noticies\\\/author\\\/administrador\\\/\"}]}<\/script>\n<!-- \/ Yoast SEO plugin. -->","yoast_head_json":{"title":"Comienzan los trabajos de regeneraci\u00f3n de las playas - Ajuntament de Mont-roig del Camp","robots":{"index":"index","follow":"follow","max-snippet":"max-snippet:-1","max-image-preview":"max-image-preview:large","max-video-preview":"max-video-preview:-1"},"canonical":"https:\/\/mont-roig.cat\/es\/actualitat\/noticies\/comienzan-los-trabajos-de-regeneracion-de-las-playas\/","og_locale":"es_ES","og_type":"article","og_title":"Comienzan los trabajos de regeneraci\u00f3n de las playas - Ajuntament de Mont-roig del Camp","og_description":"El Ministerio invertir\u00e1 cerca de 120.000 euros en el litoral municipal La Cala Casa Lladres es una de las zonas donde ya han comenzado los trabajos de regeneraci\u00f3n de las playas. Las actuaciones tienen por objetivo reparar los da\u00f1os causados \u200b\u200bpor los temporales, restaurar, proteger y conservar las playas del litoral municipal y sus accesos.&nbsp; [&hellip;]","og_url":"https:\/\/mont-roig.cat\/es\/actualitat\/noticies\/comienzan-los-trabajos-de-regeneracion-de-las-playas\/","og_site_name":"Ajuntament de Mont-roig del Camp","article_published_time":"2015-05-20T08:12:53+00:00","og_image":[{"width":3264,"height":2448,"url":"https:\/\/mont-roig.cat\/wp-content\/uploads\/2015_05_19_regeneracio_platges_036_0.jpg","type":"image\/jpeg"}],"author":"administrador","twitter_card":"summary_large_image","twitter_misc":{"Escrito por":"administrador","Tiempo de lectura":"1 minuto"},"schema":{"@context":"https:\/\/schema.org","@graph":[{"@type":"Article","@id":"https:\/\/mont-roig.cat\/es\/actualitat\/noticies\/comienzan-los-trabajos-de-regeneracion-de-las-playas\/#article","isPartOf":{"@id":"https:\/\/mont-roig.cat\/es\/actualitat\/noticies\/comienzan-los-trabajos-de-regeneracion-de-las-playas\/"},"author":{"name":"administrador","@id":"https:\/\/mont-roig.cat\/es\/#\/schema\/person\/f2b111789f22b7d0c3bd6786c9128cba"},"headline":"Comienzan los trabajos de regeneraci\u00f3n de las playas","datePublished":"2015-05-20T08:12:53+00:00","mainEntityOfPage":{"@id":"https:\/\/mont-roig.cat\/es\/actualitat\/noticies\/comienzan-los-trabajos-de-regeneracion-de-las-playas\/"},"wordCount":192,"commentCount":0,"image":{"@id":"https:\/\/mont-roig.cat\/es\/actualitat\/noticies\/comienzan-los-trabajos-de-regeneracion-de-las-playas\/#primaryimage"},"thumbnailUrl":"https:\/\/mont-roig.cat\/wp-content\/uploads\/2015_05_19_regeneracio_platges_036_0.jpg","articleSection":["Otros"],"inLanguage":"es"},{"@type":"WebPage","@id":"https:\/\/mont-roig.cat\/es\/actualitat\/noticies\/comienzan-los-trabajos-de-regeneracion-de-las-playas\/","url":"https:\/\/mont-roig.cat\/es\/actualitat\/noticies\/comienzan-los-trabajos-de-regeneracion-de-las-playas\/","name":"Comienzan los trabajos de regeneraci\u00f3n de las playas - Ajuntament de Mont-roig del Camp","isPartOf":{"@id":"https:\/\/mont-roig.cat\/es\/#website"},"primaryImageOfPage":{"@id":"https:\/\/mont-roig.cat\/es\/actualitat\/noticies\/comienzan-los-trabajos-de-regeneracion-de-las-playas\/#primaryimage"},"image":{"@id":"https:\/\/mont-roig.cat\/es\/actualitat\/noticies\/comienzan-los-trabajos-de-regeneracion-de-las-playas\/#primaryimage"},"thumbnailUrl":"https:\/\/mont-roig.cat\/wp-content\/uploads\/2015_05_19_regeneracio_platges_036_0.jpg","datePublished":"2015-05-20T08:12:53+00:00","author":{"@id":"https:\/\/mont-roig.cat\/es\/#\/schema\/person\/f2b111789f22b7d0c3bd6786c9128cba"},"breadcrumb":{"@id":"https:\/\/mont-roig.cat\/es\/actualitat\/noticies\/comienzan-los-trabajos-de-regeneracion-de-las-playas\/#breadcrumb"},"inLanguage":"es","potentialAction":[{"@type":"ReadAction","target":["https:\/\/mont-roig.cat\/es\/actualitat\/noticies\/comienzan-los-trabajos-de-regeneracion-de-las-playas\/"]}]},{"@type":"ImageObject","inLanguage":"es","@id":"https:\/\/mont-roig.cat\/es\/actualitat\/noticies\/comienzan-los-trabajos-de-regeneracion-de-las-playas\/#primaryimage","url":"https:\/\/mont-roig.cat\/wp-content\/uploads\/2015_05_19_regeneracio_platges_036_0.jpg","contentUrl":"https:\/\/mont-roig.cat\/wp-content\/uploads\/2015_05_19_regeneracio_platges_036_0.jpg","width":3264,"height":2448},{"@type":"BreadcrumbList","@id":"https:\/\/mont-roig.cat\/es\/actualitat\/noticies\/comienzan-los-trabajos-de-regeneracion-de-las-playas\/#breadcrumb","itemListElement":[{"@type":"ListItem","position":1,"name":"Inici","item":"https:\/\/mont-roig.cat\/es\/pagina-de-inicio\/"},{"@type":"ListItem","position":2,"name":"Comienzan los trabajos de regeneraci\u00f3n de las playas"}]},{"@type":"WebSite","@id":"https:\/\/mont-roig.cat\/es\/#website","url":"https:\/\/mont-roig.cat\/es\/","name":"Ajuntament de Mont-roig del Camp","description":"Tota la informaci\u00f3 sobre la instituci\u00f3, els seus \u00f2rgans de govern, actualitat, serveis i molt m\u00e9s.","potentialAction":[{"@type":"SearchAction","target":{"@type":"EntryPoint","urlTemplate":"https:\/\/mont-roig.cat\/es\/?s={search_term_string}"},"query-input":{"@type":"PropertyValueSpecification","valueRequired":true,"valueName":"search_term_string"}}],"inLanguage":"es"},{"@type":"Person","@id":"https:\/\/mont-roig.cat\/es\/#\/schema\/person\/f2b111789f22b7d0c3bd6786c9128cba","name":"administrador","image":{"@type":"ImageObject","inLanguage":"es","@id":"https:\/\/secure.gravatar.com\/avatar\/9137aac6891e2595c9d3036fd83bcb653b4db3c946db4c7d9b9be193c3c944bb?s=96&d=mm&r=g","url":"https:\/\/secure.gravatar.com\/avatar\/9137aac6891e2595c9d3036fd83bcb653b4db3c946db4c7d9b9be193c3c944bb?s=96&d=mm&r=g","contentUrl":"https:\/\/secure.gravatar.com\/avatar\/9137aac6891e2595c9d3036fd83bcb653b4db3c946db4c7d9b9be193c3c944bb?s=96&d=mm&r=g","caption":"administrador"},"url":"https:\/\/mont-roig.cat\/es\/actualitat\/noticies\/author\/administrador\/"}]}},"_links":{"self":[{"href":"https:\/\/mont-roig.cat\/es\/wp-json\/wp\/v2\/posts\/4464","targetHints":{"allow":["GET"]}}],"collection":[{"href":"https:\/\/mont-roig.cat\/es\/wp-json\/wp\/v2\/posts"}],"about":[{"href":"https:\/\/mont-roig.cat\/es\/wp-json\/wp\/v2\/types\/post"}],"author":[{"embeddable":true,"href":"https:\/\/mont-roig.cat\/es\/wp-json\/wp\/v2\/users\/4"}],"replies":[{"embeddable":true,"href":"https:\/\/mont-roig.cat\/es\/wp-json\/wp\/v2\/comments?post=4464"}],"version-history":[{"count":0,"href":"https:\/\/mont-roig.cat\/es\/wp-json\/wp\/v2\/posts\/4464\/revisions"}],"wp:featuredmedia":[{"embeddable":true,"href":"https:\/\/mont-roig.cat\/es\/wp-json\/wp\/v2\/media\/6590"}],"wp:attachment":[{"href":"https:\/\/mont-roig.cat\/es\/wp-json\/wp\/v2\/media?parent=4464"}],"wp:term":[{"taxonomy":"category","embeddable":true,"href":"https:\/\/mont-roig.cat\/es\/wp-json\/wp\/v2\/categories?post=4464"},{"taxonomy":"post_tag","embeddable":true,"href":"https:\/\/mont-roig.cat\/es\/wp-json\/wp\/v2\/tags?post=4464"}],"curies":[{"name":"wp","href":"https:\/\/api.w.org\/{rel}","templated":true}]}}