{"id":44649,"date":"2020-03-26T12:18:46","date_gmt":"2020-03-26T11:18:46","guid":{"rendered":"https:\/\/mont-roig.cat\/actualitat\/noticies\/inscriu-te-a-la-xarxa-de-voluntariat\/"},"modified":"2020-03-26T12:40:06","modified_gmt":"2020-03-26T11:40:06","slug":"inscribete-en-la-red-de-voluntariado","status":"publish","type":"post","link":"https:\/\/mont-roig.cat\/es\/actualitat\/noticies\/inscribete-en-la-red-de-voluntariado\/","title":{"rendered":"\u00a1Inscr\u00edbete en la red de voluntariado!"},"content":{"rendered":"<ul>\n<li><strong>El Ayuntamiento ha puesto en marcha un nuevo apartado web, www.mont-roig.cat\/voluntariat, a trav\u00e9s del cual todas aquellas personas que quieran pueden apuntarse para hacer de voluntarios\/as<\/strong><\/li>\n<li><strong>Se crear\u00e1n grupos de actuaci\u00f3n seg\u00fan las necesidades que vayan surgiendo y la disponibilidad de las personas inscritas<\/strong><\/li>\n<\/ul>\n<p><a href=\"https:\/\/mont-roig.cat\/wp-content\/uploads\/WhatsApp-Image-2020-03-26-at-12.02.10.jpeg\"><img loading=\"lazy\" decoding=\"async\" class=\"alignright wp-image-44642\" src=\"https:\/\/mont-roig.cat\/wp-content\/uploads\/WhatsApp-Image-2020-03-26-at-12.02.10-500x308.jpeg\" alt=\"\" width=\"315\" height=\"194\" srcset=\"https:\/\/mont-roig.cat\/wp-content\/uploads\/WhatsApp-Image-2020-03-26-at-12.02.10-500x308.jpeg 500w, https:\/\/mont-roig.cat\/wp-content\/uploads\/WhatsApp-Image-2020-03-26-at-12.02.10-1024x630.jpeg 1024w, https:\/\/mont-roig.cat\/wp-content\/uploads\/WhatsApp-Image-2020-03-26-at-12.02.10-768x473.jpeg 768w, https:\/\/mont-roig.cat\/wp-content\/uploads\/WhatsApp-Image-2020-03-26-at-12.02.10.jpeg 1243w\" sizes=\"auto, (max-width: 315px) 100vw, 315px\" \/><\/a>El Ayuntamiento de Mont-roig del Camp ha puesto en marcha una Red de Voluntariado, formada por todas aquellas personas que quieran ofrecer su apoyo y ayuda a otras personas que lo puedan necesitar, como consecuencia de la actual situaci\u00f3n de emergencia sanitaria provocada por la pandemia del Covid-19.<\/p>\n<p>Con este objetivo se ha puesto en marcha un nuevo apartado web www.mont-roig.cat\/voluntariat, a trav\u00e9s del cual aquellas personas que quieran ofrecer cualquier tipo de apoyo se pueden apuntar. La ayuda puede ser telef\u00f3nica o presencial, seg\u00fan cada caso. Es por ello que, seg\u00fan las preferencias de las personas apuntadas y sus posibilidades se organizar\u00e1n varios grupos de actuaci\u00f3n para dar respuesta a las necesidades que vayan surgiendo.<\/p>\n<p>El Ayuntamiento coordinar\u00e1 estos grupos y se pondr\u00e1 en contacto con las personas voluntarias para canalizar las acciones que se deban llevar a cabo.<\/p>\n<p>Estos grupos nuevos se coordinar\u00e1n con los que ya se han formado con trabajadores\/as municipales y algunos j\u00f3venes del municipio, que ya est\u00e1n haciendo tareas de voluntariado. Precisamente esta semana recib\u00edan nuevos consejos por parte de la Polic\u00eda Local y elementos de protecci\u00f3n para poder desarrollar las tareas encomendadas.<\/p>\n<p><strong><a href=\"https:\/\/mont-roig.cat\/wp-content\/uploads\/WhatsApp-Image-2020-03-26-at-12.00.55.jpeg\"><img loading=\"lazy\" decoding=\"async\" class=\"alignleft wp-image-44643\" src=\"https:\/\/mont-roig.cat\/wp-content\/uploads\/WhatsApp-Image-2020-03-26-at-12.00.55-500x375.jpeg\" alt=\"\" width=\"250\" height=\"188\" srcset=\"https:\/\/mont-roig.cat\/wp-content\/uploads\/WhatsApp-Image-2020-03-26-at-12.00.55-500x375.jpeg 500w, https:\/\/mont-roig.cat\/wp-content\/uploads\/WhatsApp-Image-2020-03-26-at-12.00.55-1024x768.jpeg 1024w, https:\/\/mont-roig.cat\/wp-content\/uploads\/WhatsApp-Image-2020-03-26-at-12.00.55-768x576.jpeg 768w, https:\/\/mont-roig.cat\/wp-content\/uploads\/WhatsApp-Image-2020-03-26-at-12.00.55-1536x1152.jpeg 1536w, https:\/\/mont-roig.cat\/wp-content\/uploads\/WhatsApp-Image-2020-03-26-at-12.00.55-463x348.jpeg 463w, https:\/\/mont-roig.cat\/wp-content\/uploads\/WhatsApp-Image-2020-03-26-at-12.00.55.jpeg 1600w\" sizes=\"auto, (max-width: 250px) 100vw, 250px\" \/><\/a><a href=\"https:\/\/mont-roig.cat\/wp-content\/uploads\/WhatsApp-Image-2020-03-26-at-12.01.03.jpeg\"><img loading=\"lazy\" decoding=\"async\" class=\"alignleft wp-image-44645\" src=\"https:\/\/mont-roig.cat\/wp-content\/uploads\/WhatsApp-Image-2020-03-26-at-12.01.03-500x375.jpeg\" alt=\"\" width=\"250\" height=\"188\" srcset=\"https:\/\/mont-roig.cat\/wp-content\/uploads\/WhatsApp-Image-2020-03-26-at-12.01.03-500x375.jpeg 500w, https:\/\/mont-roig.cat\/wp-content\/uploads\/WhatsApp-Image-2020-03-26-at-12.01.03-1024x768.jpeg 1024w, https:\/\/mont-roig.cat\/wp-content\/uploads\/WhatsApp-Image-2020-03-26-at-12.01.03-768x576.jpeg 768w, https:\/\/mont-roig.cat\/wp-content\/uploads\/WhatsApp-Image-2020-03-26-at-12.01.03-1536x1152.jpeg 1536w, https:\/\/mont-roig.cat\/wp-content\/uploads\/WhatsApp-Image-2020-03-26-at-12.01.03-463x348.jpeg 463w, https:\/\/mont-roig.cat\/wp-content\/uploads\/WhatsApp-Image-2020-03-26-at-12.01.03.jpeg 1600w\" sizes=\"auto, (max-width: 250px) 100vw, 250px\" \/><\/a><\/strong><\/p>\n<p>&nbsp;<\/p>\n<p>&nbsp;<\/p>\n<p>&nbsp;<\/p>\n<p>&nbsp;<\/p>\n<p>&nbsp;<\/p>\n<p>&nbsp;<\/p>\n<p><strong>Compartimos propuestas<\/strong><\/p>\n<p>Por otra parte, se anima a todas aquellas personas que tengan propuestas originales para hacer en casa estos d\u00edas, que las hagan llegar al Ayuntamiento para poderlas compartir con toda la ciudadan\u00eda. Por este motivo se ha creado un apartado web espec\u00edfico (www.mont-roig.cat\/coronavirus\/propostes) que servir\u00e1 de recopilaci\u00f3n y difusi\u00f3n de propuestas creadas por personas o entidades de nuestro municipio.<\/p>\n<p>Por ejemplo, se pueden enviar juegos para hacer desde los balcones o alg\u00fan elemento de manualidades para poder elaborar estos d\u00edas de confinamiento, entre otras actividades. Env\u00eda la propuesta en Word en esta p\u00e1gina y compartiremos las ideas con el resto de conciudadanos.<\/p>\n","protected":false},"excerpt":{"rendered":"<p>El Ayuntamiento ha puesto en marcha un nuevo apartado web, www.mont-roig.cat\/voluntariat, a trav\u00e9s del cual todas aquellas personas que quieran pueden apuntarse para hacer de voluntarios\/as Se crear\u00e1n grupos de actuaci\u00f3n seg\u00fan las necesidades que vayan surgiendo y la disponibilidad de las personas inscritas El Ayuntamiento de Mont-roig del Camp ha puesto en marcha una [&hellip;]<\/p>\n","protected":false},"author":4,"featured_media":44642,"comment_status":"closed","ping_status":"closed","sticky":false,"template":"","format":"standard","meta":{"inline_featured_image":false,"_monsterinsights_skip_tracking":false,"_monsterinsights_sitenote_active":false,"_monsterinsights_sitenote_note":"","_monsterinsights_sitenote_category":0,"footnotes":""},"categories":[98,178,188],"tags":[],"class_list":["post-44649","post","type-post","status-publish","format-standard","has-post-thumbnail","hentry","category-ayuntamiento","category-coronavirus","category-coronavirus-sociales"],"yoast_head":"<!-- This site is optimized with the Yoast SEO plugin v27.4 - https:\/\/yoast.com\/product\/yoast-seo-wordpress\/ -->\n<title>\u00a1Inscr\u00edbete en la red de voluntariado! - Ajuntament de Mont-roig del Camp<\/title>\n<meta name=\"robots\" content=\"index, follow, max-snippet:-1, max-image-preview:large, max-video-preview:-1\" \/>\n<link rel=\"canonical\" href=\"https:\/\/mont-roig.cat\/es\/actualitat\/noticies\/inscribete-en-la-red-de-voluntariado\/\" \/>\n<meta property=\"og:locale\" content=\"es_ES\" \/>\n<meta property=\"og:type\" content=\"article\" \/>\n<meta property=\"og:title\" content=\"\u00a1Inscr\u00edbete en la red de voluntariado! - Ajuntament de Mont-roig del Camp\" \/>\n<meta property=\"og:description\" content=\"El Ayuntamiento ha puesto en marcha un nuevo apartado web, www.mont-roig.cat\/voluntariat, a trav\u00e9s del cual todas aquellas personas que quieran pueden apuntarse para hacer de voluntarios\/as Se crear\u00e1n grupos de actuaci\u00f3n seg\u00fan las necesidades que vayan surgiendo y la disponibilidad de las personas inscritas El Ayuntamiento de Mont-roig del Camp ha puesto en marcha una [&hellip;]\" \/>\n<meta property=\"og:url\" content=\"https:\/\/mont-roig.cat\/es\/actualitat\/noticies\/inscribete-en-la-red-de-voluntariado\/\" \/>\n<meta property=\"og:site_name\" content=\"Ajuntament de Mont-roig del Camp\" \/>\n<meta property=\"article:published_time\" content=\"2020-03-26T11:18:46+00:00\" \/>\n<meta property=\"article:modified_time\" content=\"2020-03-26T11:40:06+00:00\" \/>\n<meta property=\"og:image\" content=\"https:\/\/mont-roig.cat\/wp-content\/uploads\/WhatsApp-Image-2020-03-26-at-12.02.10.jpeg\" \/>\n\t<meta property=\"og:image:width\" content=\"1243\" \/>\n\t<meta property=\"og:image:height\" content=\"765\" \/>\n\t<meta property=\"og:image:type\" content=\"image\/jpeg\" \/>\n<meta name=\"author\" content=\"administrador\" \/>\n<meta name=\"twitter:card\" content=\"summary_large_image\" \/>\n<meta name=\"twitter:label1\" content=\"Escrito por\" \/>\n\t<meta name=\"twitter:data1\" content=\"administrador\" \/>\n\t<meta name=\"twitter:label2\" content=\"Tiempo de lectura\" \/>\n\t<meta name=\"twitter:data2\" content=\"2 minutos\" \/>\n<script type=\"application\/ld+json\" class=\"yoast-schema-graph\">{\"@context\":\"https:\\\/\\\/schema.org\",\"@graph\":[{\"@type\":\"Article\",\"@id\":\"https:\\\/\\\/mont-roig.cat\\\/es\\\/actualitat\\\/noticies\\\/inscribete-en-la-red-de-voluntariado\\\/#article\",\"isPartOf\":{\"@id\":\"https:\\\/\\\/mont-roig.cat\\\/es\\\/actualitat\\\/noticies\\\/inscribete-en-la-red-de-voluntariado\\\/\"},\"author\":{\"name\":\"administrador\",\"@id\":\"https:\\\/\\\/mont-roig.cat\\\/es\\\/#\\\/schema\\\/person\\\/f2b111789f22b7d0c3bd6786c9128cba\"},\"headline\":\"\u00a1Inscr\u00edbete en la red de voluntariado!\",\"datePublished\":\"2020-03-26T11:18:46+00:00\",\"dateModified\":\"2020-03-26T11:40:06+00:00\",\"mainEntityOfPage\":{\"@id\":\"https:\\\/\\\/mont-roig.cat\\\/es\\\/actualitat\\\/noticies\\\/inscribete-en-la-red-de-voluntariado\\\/\"},\"wordCount\":388,\"image\":{\"@id\":\"https:\\\/\\\/mont-roig.cat\\\/es\\\/actualitat\\\/noticies\\\/inscribete-en-la-red-de-voluntariado\\\/#primaryimage\"},\"thumbnailUrl\":\"https:\\\/\\\/mont-roig.cat\\\/wp-content\\\/uploads\\\/WhatsApp-Image-2020-03-26-at-12.02.10.jpeg\",\"articleSection\":[\"Ayuntamiento\",\"Coronavirus\",\"Coronavirus - medidas sociales\"],\"inLanguage\":\"es\"},{\"@type\":\"WebPage\",\"@id\":\"https:\\\/\\\/mont-roig.cat\\\/es\\\/actualitat\\\/noticies\\\/inscribete-en-la-red-de-voluntariado\\\/\",\"url\":\"https:\\\/\\\/mont-roig.cat\\\/es\\\/actualitat\\\/noticies\\\/inscribete-en-la-red-de-voluntariado\\\/\",\"name\":\"\u00a1Inscr\u00edbete en la red de voluntariado! - Ajuntament de Mont-roig del Camp\",\"isPartOf\":{\"@id\":\"https:\\\/\\\/mont-roig.cat\\\/es\\\/#website\"},\"primaryImageOfPage\":{\"@id\":\"https:\\\/\\\/mont-roig.cat\\\/es\\\/actualitat\\\/noticies\\\/inscribete-en-la-red-de-voluntariado\\\/#primaryimage\"},\"image\":{\"@id\":\"https:\\\/\\\/mont-roig.cat\\\/es\\\/actualitat\\\/noticies\\\/inscribete-en-la-red-de-voluntariado\\\/#primaryimage\"},\"thumbnailUrl\":\"https:\\\/\\\/mont-roig.cat\\\/wp-content\\\/uploads\\\/WhatsApp-Image-2020-03-26-at-12.02.10.jpeg\",\"datePublished\":\"2020-03-26T11:18:46+00:00\",\"dateModified\":\"2020-03-26T11:40:06+00:00\",\"author\":{\"@id\":\"https:\\\/\\\/mont-roig.cat\\\/es\\\/#\\\/schema\\\/person\\\/f2b111789f22b7d0c3bd6786c9128cba\"},\"breadcrumb\":{\"@id\":\"https:\\\/\\\/mont-roig.cat\\\/es\\\/actualitat\\\/noticies\\\/inscribete-en-la-red-de-voluntariado\\\/#breadcrumb\"},\"inLanguage\":\"es\",\"potentialAction\":[{\"@type\":\"ReadAction\",\"target\":[\"https:\\\/\\\/mont-roig.cat\\\/es\\\/actualitat\\\/noticies\\\/inscribete-en-la-red-de-voluntariado\\\/\"]}]},{\"@type\":\"ImageObject\",\"inLanguage\":\"es\",\"@id\":\"https:\\\/\\\/mont-roig.cat\\\/es\\\/actualitat\\\/noticies\\\/inscribete-en-la-red-de-voluntariado\\\/#primaryimage\",\"url\":\"https:\\\/\\\/mont-roig.cat\\\/wp-content\\\/uploads\\\/WhatsApp-Image-2020-03-26-at-12.02.10.jpeg\",\"contentUrl\":\"https:\\\/\\\/mont-roig.cat\\\/wp-content\\\/uploads\\\/WhatsApp-Image-2020-03-26-at-12.02.10.jpeg\",\"width\":1243,\"height\":765},{\"@type\":\"BreadcrumbList\",\"@id\":\"https:\\\/\\\/mont-roig.cat\\\/es\\\/actualitat\\\/noticies\\\/inscribete-en-la-red-de-voluntariado\\\/#breadcrumb\",\"itemListElement\":[{\"@type\":\"ListItem\",\"position\":1,\"name\":\"Inici\",\"item\":\"https:\\\/\\\/mont-roig.cat\\\/es\\\/pagina-de-inicio\\\/\"},{\"@type\":\"ListItem\",\"position\":2,\"name\":\"\u00a1Inscr\u00edbete en la red de voluntariado!\"}]},{\"@type\":\"WebSite\",\"@id\":\"https:\\\/\\\/mont-roig.cat\\\/es\\\/#website\",\"url\":\"https:\\\/\\\/mont-roig.cat\\\/es\\\/\",\"name\":\"Ajuntament de Mont-roig del Camp\",\"description\":\"Tota la informaci\u00f3 sobre la instituci\u00f3, els seus \u00f2rgans de govern, actualitat, serveis i molt m\u00e9s.\",\"potentialAction\":[{\"@type\":\"SearchAction\",\"target\":{\"@type\":\"EntryPoint\",\"urlTemplate\":\"https:\\\/\\\/mont-roig.cat\\\/es\\\/?s={search_term_string}\"},\"query-input\":{\"@type\":\"PropertyValueSpecification\",\"valueRequired\":true,\"valueName\":\"search_term_string\"}}],\"inLanguage\":\"es\"},{\"@type\":\"Person\",\"@id\":\"https:\\\/\\\/mont-roig.cat\\\/es\\\/#\\\/schema\\\/person\\\/f2b111789f22b7d0c3bd6786c9128cba\",\"name\":\"administrador\",\"image\":{\"@type\":\"ImageObject\",\"inLanguage\":\"es\",\"@id\":\"https:\\\/\\\/secure.gravatar.com\\\/avatar\\\/9137aac6891e2595c9d3036fd83bcb653b4db3c946db4c7d9b9be193c3c944bb?s=96&d=mm&r=g\",\"url\":\"https:\\\/\\\/secure.gravatar.com\\\/avatar\\\/9137aac6891e2595c9d3036fd83bcb653b4db3c946db4c7d9b9be193c3c944bb?s=96&d=mm&r=g\",\"contentUrl\":\"https:\\\/\\\/secure.gravatar.com\\\/avatar\\\/9137aac6891e2595c9d3036fd83bcb653b4db3c946db4c7d9b9be193c3c944bb?s=96&d=mm&r=g\",\"caption\":\"administrador\"},\"url\":\"https:\\\/\\\/mont-roig.cat\\\/es\\\/actualitat\\\/noticies\\\/author\\\/administrador\\\/\"}]}<\/script>\n<!-- \/ Yoast SEO plugin. -->","yoast_head_json":{"title":"\u00a1Inscr\u00edbete en la red de voluntariado! - Ajuntament de Mont-roig del Camp","robots":{"index":"index","follow":"follow","max-snippet":"max-snippet:-1","max-image-preview":"max-image-preview:large","max-video-preview":"max-video-preview:-1"},"canonical":"https:\/\/mont-roig.cat\/es\/actualitat\/noticies\/inscribete-en-la-red-de-voluntariado\/","og_locale":"es_ES","og_type":"article","og_title":"\u00a1Inscr\u00edbete en la red de voluntariado! - Ajuntament de Mont-roig del Camp","og_description":"El Ayuntamiento ha puesto en marcha un nuevo apartado web, www.mont-roig.cat\/voluntariat, a trav\u00e9s del cual todas aquellas personas que quieran pueden apuntarse para hacer de voluntarios\/as Se crear\u00e1n grupos de actuaci\u00f3n seg\u00fan las necesidades que vayan surgiendo y la disponibilidad de las personas inscritas El Ayuntamiento de Mont-roig del Camp ha puesto en marcha una [&hellip;]","og_url":"https:\/\/mont-roig.cat\/es\/actualitat\/noticies\/inscribete-en-la-red-de-voluntariado\/","og_site_name":"Ajuntament de Mont-roig del Camp","article_published_time":"2020-03-26T11:18:46+00:00","article_modified_time":"2020-03-26T11:40:06+00:00","og_image":[{"width":1243,"height":765,"url":"https:\/\/mont-roig.cat\/wp-content\/uploads\/WhatsApp-Image-2020-03-26-at-12.02.10.jpeg","type":"image\/jpeg"}],"author":"administrador","twitter_card":"summary_large_image","twitter_misc":{"Escrito por":"administrador","Tiempo de lectura":"2 minutos"},"schema":{"@context":"https:\/\/schema.org","@graph":[{"@type":"Article","@id":"https:\/\/mont-roig.cat\/es\/actualitat\/noticies\/inscribete-en-la-red-de-voluntariado\/#article","isPartOf":{"@id":"https:\/\/mont-roig.cat\/es\/actualitat\/noticies\/inscribete-en-la-red-de-voluntariado\/"},"author":{"name":"administrador","@id":"https:\/\/mont-roig.cat\/es\/#\/schema\/person\/f2b111789f22b7d0c3bd6786c9128cba"},"headline":"\u00a1Inscr\u00edbete en la red de voluntariado!","datePublished":"2020-03-26T11:18:46+00:00","dateModified":"2020-03-26T11:40:06+00:00","mainEntityOfPage":{"@id":"https:\/\/mont-roig.cat\/es\/actualitat\/noticies\/inscribete-en-la-red-de-voluntariado\/"},"wordCount":388,"image":{"@id":"https:\/\/mont-roig.cat\/es\/actualitat\/noticies\/inscribete-en-la-red-de-voluntariado\/#primaryimage"},"thumbnailUrl":"https:\/\/mont-roig.cat\/wp-content\/uploads\/WhatsApp-Image-2020-03-26-at-12.02.10.jpeg","articleSection":["Ayuntamiento","Coronavirus","Coronavirus - medidas sociales"],"inLanguage":"es"},{"@type":"WebPage","@id":"https:\/\/mont-roig.cat\/es\/actualitat\/noticies\/inscribete-en-la-red-de-voluntariado\/","url":"https:\/\/mont-roig.cat\/es\/actualitat\/noticies\/inscribete-en-la-red-de-voluntariado\/","name":"\u00a1Inscr\u00edbete en la red de voluntariado! - Ajuntament de Mont-roig del Camp","isPartOf":{"@id":"https:\/\/mont-roig.cat\/es\/#website"},"primaryImageOfPage":{"@id":"https:\/\/mont-roig.cat\/es\/actualitat\/noticies\/inscribete-en-la-red-de-voluntariado\/#primaryimage"},"image":{"@id":"https:\/\/mont-roig.cat\/es\/actualitat\/noticies\/inscribete-en-la-red-de-voluntariado\/#primaryimage"},"thumbnailUrl":"https:\/\/mont-roig.cat\/wp-content\/uploads\/WhatsApp-Image-2020-03-26-at-12.02.10.jpeg","datePublished":"2020-03-26T11:18:46+00:00","dateModified":"2020-03-26T11:40:06+00:00","author":{"@id":"https:\/\/mont-roig.cat\/es\/#\/schema\/person\/f2b111789f22b7d0c3bd6786c9128cba"},"breadcrumb":{"@id":"https:\/\/mont-roig.cat\/es\/actualitat\/noticies\/inscribete-en-la-red-de-voluntariado\/#breadcrumb"},"inLanguage":"es","potentialAction":[{"@type":"ReadAction","target":["https:\/\/mont-roig.cat\/es\/actualitat\/noticies\/inscribete-en-la-red-de-voluntariado\/"]}]},{"@type":"ImageObject","inLanguage":"es","@id":"https:\/\/mont-roig.cat\/es\/actualitat\/noticies\/inscribete-en-la-red-de-voluntariado\/#primaryimage","url":"https:\/\/mont-roig.cat\/wp-content\/uploads\/WhatsApp-Image-2020-03-26-at-12.02.10.jpeg","contentUrl":"https:\/\/mont-roig.cat\/wp-content\/uploads\/WhatsApp-Image-2020-03-26-at-12.02.10.jpeg","width":1243,"height":765},{"@type":"BreadcrumbList","@id":"https:\/\/mont-roig.cat\/es\/actualitat\/noticies\/inscribete-en-la-red-de-voluntariado\/#breadcrumb","itemListElement":[{"@type":"ListItem","position":1,"name":"Inici","item":"https:\/\/mont-roig.cat\/es\/pagina-de-inicio\/"},{"@type":"ListItem","position":2,"name":"\u00a1Inscr\u00edbete en la red de voluntariado!"}]},{"@type":"WebSite","@id":"https:\/\/mont-roig.cat\/es\/#website","url":"https:\/\/mont-roig.cat\/es\/","name":"Ajuntament de Mont-roig del Camp","description":"Tota la informaci\u00f3 sobre la instituci\u00f3, els seus \u00f2rgans de govern, actualitat, serveis i molt m\u00e9s.","potentialAction":[{"@type":"SearchAction","target":{"@type":"EntryPoint","urlTemplate":"https:\/\/mont-roig.cat\/es\/?s={search_term_string}"},"query-input":{"@type":"PropertyValueSpecification","valueRequired":true,"valueName":"search_term_string"}}],"inLanguage":"es"},{"@type":"Person","@id":"https:\/\/mont-roig.cat\/es\/#\/schema\/person\/f2b111789f22b7d0c3bd6786c9128cba","name":"administrador","image":{"@type":"ImageObject","inLanguage":"es","@id":"https:\/\/secure.gravatar.com\/avatar\/9137aac6891e2595c9d3036fd83bcb653b4db3c946db4c7d9b9be193c3c944bb?s=96&d=mm&r=g","url":"https:\/\/secure.gravatar.com\/avatar\/9137aac6891e2595c9d3036fd83bcb653b4db3c946db4c7d9b9be193c3c944bb?s=96&d=mm&r=g","contentUrl":"https:\/\/secure.gravatar.com\/avatar\/9137aac6891e2595c9d3036fd83bcb653b4db3c946db4c7d9b9be193c3c944bb?s=96&d=mm&r=g","caption":"administrador"},"url":"https:\/\/mont-roig.cat\/es\/actualitat\/noticies\/author\/administrador\/"}]}},"_links":{"self":[{"href":"https:\/\/mont-roig.cat\/es\/wp-json\/wp\/v2\/posts\/44649","targetHints":{"allow":["GET"]}}],"collection":[{"href":"https:\/\/mont-roig.cat\/es\/wp-json\/wp\/v2\/posts"}],"about":[{"href":"https:\/\/mont-roig.cat\/es\/wp-json\/wp\/v2\/types\/post"}],"author":[{"embeddable":true,"href":"https:\/\/mont-roig.cat\/es\/wp-json\/wp\/v2\/users\/4"}],"replies":[{"embeddable":true,"href":"https:\/\/mont-roig.cat\/es\/wp-json\/wp\/v2\/comments?post=44649"}],"version-history":[{"count":2,"href":"https:\/\/mont-roig.cat\/es\/wp-json\/wp\/v2\/posts\/44649\/revisions"}],"predecessor-version":[{"id":44662,"href":"https:\/\/mont-roig.cat\/es\/wp-json\/wp\/v2\/posts\/44649\/revisions\/44662"}],"wp:featuredmedia":[{"embeddable":true,"href":"https:\/\/mont-roig.cat\/es\/wp-json\/wp\/v2\/media\/44642"}],"wp:attachment":[{"href":"https:\/\/mont-roig.cat\/es\/wp-json\/wp\/v2\/media?parent=44649"}],"wp:term":[{"taxonomy":"category","embeddable":true,"href":"https:\/\/mont-roig.cat\/es\/wp-json\/wp\/v2\/categories?post=44649"},{"taxonomy":"post_tag","embeddable":true,"href":"https:\/\/mont-roig.cat\/es\/wp-json\/wp\/v2\/tags?post=44649"}],"curies":[{"name":"wp","href":"https:\/\/api.w.org\/{rel}","templated":true}]}}