{"id":4466,"date":"2015-05-20T11:25:26","date_gmt":"2015-05-20T11:25:26","guid":{"rendered":""},"modified":"2015-05-20T11:25:26","modified_gmt":"2015-05-20T11:25:26","slug":"viii-jornadas-gastronomicas-del-pulpo-de-mont-roig-y-miami-platja","status":"publish","type":"post","link":"https:\/\/mont-roig.cat\/es\/actualitat\/noticies\/viii-jornadas-gastronomicas-del-pulpo-de-mont-roig-y-miami-platja\/","title":{"rendered":"VIII Jornadas Gastron\u00f3micas del Pulpo de Mont-roig y Miami Platja"},"content":{"rendered":"<div class=\"body\">\n<div>\n<p><strong><img decoding=\"async\" alt=\"VIII Jornadas Gastron\u00f3micas del Pulpo de Mont-roig y Miami Platja\" class=\"requadre\" src=\"http:\/\/mont-roig.cat\/wp-content\/uploads\/viii_jornades_gastronomiques_del_pop_cuiners.jpg\" style=\"height: 200px; width: 300px; margin: 10px; float: right;\" title=\"VIII Jornadas Gastron\u00f3micas del Pulpo de Mont-roig y Miami Platja\" \/><\/strong><\/p>\n<p><strong>Los 11 restaurantes participantes ofrecer\u00e1n platos donde el pulpo es el&nbsp;<\/strong><strong>ingrediente protagonista<\/strong><\/p>\n<p>Torta de pulpo con aguacate y ajillo, Maky de arroz bomba con pulpo y cebolla acompa\u00f1ado de romesco, pulpitos con cebolla y tomate o tartar de verduras y carpaccio de pulpo son algunas de las delicias culinarias que se podr\u00e1n degustar del 31 de mayo al 14 de junio en las VIII Jornadas Gastron\u00f3micas del Pulpo de Mont-roig y Miami Platja. Un total de 11 restaurantes del municipio ofrecer\u00e1n en sus cartas originales y sabrosos platos con el pulpo como ingrediente protagonista.<\/p>\n<div>\n<div>\n<p>La <em>Diada del Pop<\/em>, que se celebrar\u00e1 el pr\u00f3ximo 31 de mayo en la P\u00e9rgola de la Playa Cristal, servir\u00e1 para iniciar las jornadas. Los participantes podr\u00e1n degustar los platos que los restaurantes han preparado para las Jornadas con su correspondiente maridaje. El precio ser\u00e1: 2 degustaciones a 3 \u20ac o bien 8 degustaciones a 10 \u20ac (el ticket incluye: degustaci\u00f3n y maridaje). La muestra gastron\u00f3mica comenzar\u00e1 a las 11:30h y se espera servir m\u00e1s de 4.000 degustaciones. Este a\u00f1o como novedad habr\u00e1 tambi\u00e9n un concurso para escoger el mejor plato de pulpo.&nbsp;<\/p>\n<p><strong><img decoding=\"async\" alt=\"Cartel VIII Jornadas Gastron\u00f3micas del Pulpo\" class=\"requadre\" src=\"http:\/\/mont-roig.cat\/wp-content\/uploads\/cartell_jornades_del_pop_2015.jpg\" style=\"height: 279px; width: 200px; margin: 10px; float: right;\" title=\"Cartel VIII Jornadas Gastron\u00f3micas del Pulpo\" \/><\/strong><\/div>\n<div>\n<p>Durante la jornada se llevar\u00e1n a cabo actividades para los m\u00e1s peque\u00f1os, como hinchables y un taller de plastilina, adem\u00e1s de otras sorpresas. Tambi\u00e9n habr\u00e1 un servicio de autob\u00fas gratuito entre Mont-roig y Miami. En caso de mal tiempo, el acto se trasladar\u00e1 al Centro Polivalente de Miami Platja.<\/p>\n<p>Durante las Jornadas Gastron\u00f3micas, para disfrutar del pop y del arte de cocinarlo, vuelve el <em>TapaPop,<\/em> en el que los restaurantes participantes ofrecen el plato de pulpo en formato &#8220;tapa&#8221; y una bebida al precio de 2,5 \u20ac . Adem\u00e1s, todos aquellos que degusten 3 tapas en 3 restaurantes diferentes y llenen el &#8220;pasaporte&#8221;, tendr\u00e1n premio.<\/p>\n<p>Tambi\u00e9n en esta edici\u00f3n, los establecimientos pondr\u00e1n a disposici\u00f3n de los clientes que degusten un plato de pulpo, boletos para entrar en el sorteo de entradas para el Aquopolis, entradas para Port Aventura y men\u00fas para 2 personas en los restaurantes participantes.<\/p>\n<p>Finalmente para los m\u00e1s peque\u00f1os se vuelve a organizar el concurso de dibujo. Para participar hay que tener entre 5 y 14 a\u00f1os y elaborar un dibujo que haga referencia a las Jornadas Gastron\u00f3micas del Pulpo en una cartulina blanca DIN-A4. Los dibujos se pueden presentar en cualquiera de las Oficinas de Turismo del municipio con los datos de contacto, antes de que finalizen las Jornadas.<\/p>\n<p>Las VIII Jornadas Gastron\u00f3micas del Pulpo est\u00e1n organizadas por Mont-roigMiami Turismo y cuentan con la participaci\u00f3n de los restaurantes Calma Playa Cristal, Chez Lorenzo, Eclipse, El Vaixell, Ginger Caf\u00e9, La Cuina, La Tasca del Joan, Miami Paradise, Os de Corneas, Osospolo y Popeye.&nbsp;<\/p>\n<\/div>\n<\/div>\n<\/div>\n<\/div>\n<div class=\"field_noticia_img_portada\">\n<div>Imatge portada<\/div>\n<p><img decoding=\"async\" src=\"http:\/\/mont-roig.cat\/wp-content\/uploads\/viii_jornades_gastronomiques_del_pop_cuiners_0.jpg\" title=\"viii_jornades_gastronomiques_del_pop_cuiners.jpg\" alt=\"viii_jornades_gastronomiques_del_pop_cuiners.jpg\" \/><\/div>\n<div class=\"field_noticia_fitxers\">\n<div>Fitxers<\/div>\n<p><a href=\"http:\/\/mont-roig.cat\/wp-content\/uploads\/quadriptic_pop15_af_definitiu_2.pdf\" title=\"quadriptic_pop15_af_definitiu_2.pdf\">quadriptic_pop15_af_definitiu_2.pdf<\/a><\/div>\n<div class=\"field_noticia_fitxers\">\n<div>Fitxers<\/div>\n<p><a href=\"http:\/\/mont-roig.cat\/wp-content\/uploads\/passaport_pop_af_definitiu.pdf\" title=\"passaport_pop_af_definitiu.pdf\">passaport_pop_af_definitiu.pdf<\/a><\/div>\n","protected":false},"excerpt":{"rendered":"<p>Los 11 restaurantes participantes ofrecer\u00e1n platos donde el pulpo es el&nbsp;ingrediente protagonista Torta de pulpo con aguacate y ajillo, Maky de arroz bomba con pulpo y cebolla acompa\u00f1ado de romesco, pulpitos con cebolla y tomate o tartar de verduras y carpaccio de pulpo son algunas de las delicias culinarias que se podr\u00e1n degustar del 31 [&hellip;]<\/p>\n","protected":false},"author":4,"featured_media":3880,"comment_status":"open","ping_status":"open","sticky":false,"template":"","format":"standard","meta":{"inline_featured_image":false,"_monsterinsights_skip_tracking":false,"_monsterinsights_sitenote_active":false,"_monsterinsights_sitenote_note":"","_monsterinsights_sitenote_category":0,"footnotes":""},"categories":[115],"tags":[],"class_list":["post-4466","post","type-post","status-publish","format-standard","has-post-thumbnail","hentry","category-turismo"],"yoast_head":"<!-- This site is optimized with the Yoast SEO plugin v27.4 - https:\/\/yoast.com\/product\/yoast-seo-wordpress\/ -->\n<title>VIII Jornadas Gastron\u00f3micas del Pulpo de Mont-roig y Miami Platja - Ajuntament de Mont-roig del Camp<\/title>\n<meta name=\"robots\" content=\"index, follow, max-snippet:-1, max-image-preview:large, max-video-preview:-1\" \/>\n<link rel=\"canonical\" href=\"https:\/\/mont-roig.cat\/es\/actualitat\/noticies\/viii-jornadas-gastronomicas-del-pulpo-de-mont-roig-y-miami-platja\/\" \/>\n<meta property=\"og:locale\" content=\"es_ES\" \/>\n<meta property=\"og:type\" content=\"article\" \/>\n<meta property=\"og:title\" content=\"VIII Jornadas Gastron\u00f3micas del Pulpo de Mont-roig y Miami Platja - Ajuntament de Mont-roig del Camp\" \/>\n<meta property=\"og:description\" content=\"Los 11 restaurantes participantes ofrecer\u00e1n platos donde el pulpo es el&nbsp;ingrediente protagonista Torta de pulpo con aguacate y ajillo, Maky de arroz bomba con pulpo y cebolla acompa\u00f1ado de romesco, pulpitos con cebolla y tomate o tartar de verduras y carpaccio de pulpo son algunas de las delicias culinarias que se podr\u00e1n degustar del 31 [&hellip;]\" \/>\n<meta property=\"og:url\" content=\"https:\/\/mont-roig.cat\/es\/actualitat\/noticies\/viii-jornadas-gastronomicas-del-pulpo-de-mont-roig-y-miami-platja\/\" \/>\n<meta property=\"og:site_name\" content=\"Ajuntament de Mont-roig del Camp\" \/>\n<meta property=\"article:published_time\" content=\"2015-05-20T11:25:26+00:00\" \/>\n<meta property=\"og:image\" content=\"https:\/\/mont-roig.cat\/wp-content\/uploads\/aj-mont-roig-2.jpg\" \/>\n\t<meta property=\"og:image:width\" content=\"1200\" \/>\n\t<meta property=\"og:image:height\" content=\"600\" \/>\n\t<meta property=\"og:image:type\" content=\"image\/jpeg\" \/>\n<meta name=\"author\" content=\"administrador\" \/>\n<meta name=\"twitter:card\" content=\"summary_large_image\" \/>\n<meta name=\"twitter:label1\" content=\"Escrito por\" \/>\n\t<meta name=\"twitter:data1\" content=\"administrador\" \/>\n\t<meta name=\"twitter:label2\" content=\"Tiempo de lectura\" \/>\n\t<meta name=\"twitter:data2\" content=\"2 minutos\" \/>\n<script type=\"application\/ld+json\" class=\"yoast-schema-graph\">{\"@context\":\"https:\\\/\\\/schema.org\",\"@graph\":[{\"@type\":\"Article\",\"@id\":\"https:\\\/\\\/mont-roig.cat\\\/es\\\/actualitat\\\/noticies\\\/viii-jornadas-gastronomicas-del-pulpo-de-mont-roig-y-miami-platja\\\/#article\",\"isPartOf\":{\"@id\":\"https:\\\/\\\/mont-roig.cat\\\/es\\\/actualitat\\\/noticies\\\/viii-jornadas-gastronomicas-del-pulpo-de-mont-roig-y-miami-platja\\\/\"},\"author\":{\"name\":\"administrador\",\"@id\":\"https:\\\/\\\/mont-roig.cat\\\/es\\\/#\\\/schema\\\/person\\\/f2b111789f22b7d0c3bd6786c9128cba\"},\"headline\":\"VIII Jornadas Gastron\u00f3micas del Pulpo de Mont-roig y Miami Platja\",\"datePublished\":\"2015-05-20T11:25:26+00:00\",\"mainEntityOfPage\":{\"@id\":\"https:\\\/\\\/mont-roig.cat\\\/es\\\/actualitat\\\/noticies\\\/viii-jornadas-gastronomicas-del-pulpo-de-mont-roig-y-miami-platja\\\/\"},\"wordCount\":486,\"commentCount\":0,\"image\":{\"@id\":\"https:\\\/\\\/mont-roig.cat\\\/es\\\/actualitat\\\/noticies\\\/viii-jornadas-gastronomicas-del-pulpo-de-mont-roig-y-miami-platja\\\/#primaryimage\"},\"thumbnailUrl\":\"\",\"articleSection\":[\"Turismo\"],\"inLanguage\":\"es\"},{\"@type\":\"WebPage\",\"@id\":\"https:\\\/\\\/mont-roig.cat\\\/es\\\/actualitat\\\/noticies\\\/viii-jornadas-gastronomicas-del-pulpo-de-mont-roig-y-miami-platja\\\/\",\"url\":\"https:\\\/\\\/mont-roig.cat\\\/es\\\/actualitat\\\/noticies\\\/viii-jornadas-gastronomicas-del-pulpo-de-mont-roig-y-miami-platja\\\/\",\"name\":\"VIII Jornadas Gastron\u00f3micas del Pulpo de Mont-roig y Miami Platja - Ajuntament de Mont-roig del Camp\",\"isPartOf\":{\"@id\":\"https:\\\/\\\/mont-roig.cat\\\/es\\\/#website\"},\"primaryImageOfPage\":{\"@id\":\"https:\\\/\\\/mont-roig.cat\\\/es\\\/actualitat\\\/noticies\\\/viii-jornadas-gastronomicas-del-pulpo-de-mont-roig-y-miami-platja\\\/#primaryimage\"},\"image\":{\"@id\":\"https:\\\/\\\/mont-roig.cat\\\/es\\\/actualitat\\\/noticies\\\/viii-jornadas-gastronomicas-del-pulpo-de-mont-roig-y-miami-platja\\\/#primaryimage\"},\"thumbnailUrl\":\"\",\"datePublished\":\"2015-05-20T11:25:26+00:00\",\"author\":{\"@id\":\"https:\\\/\\\/mont-roig.cat\\\/es\\\/#\\\/schema\\\/person\\\/f2b111789f22b7d0c3bd6786c9128cba\"},\"breadcrumb\":{\"@id\":\"https:\\\/\\\/mont-roig.cat\\\/es\\\/actualitat\\\/noticies\\\/viii-jornadas-gastronomicas-del-pulpo-de-mont-roig-y-miami-platja\\\/#breadcrumb\"},\"inLanguage\":\"es\",\"potentialAction\":[{\"@type\":\"ReadAction\",\"target\":[\"https:\\\/\\\/mont-roig.cat\\\/es\\\/actualitat\\\/noticies\\\/viii-jornadas-gastronomicas-del-pulpo-de-mont-roig-y-miami-platja\\\/\"]}]},{\"@type\":\"ImageObject\",\"inLanguage\":\"es\",\"@id\":\"https:\\\/\\\/mont-roig.cat\\\/es\\\/actualitat\\\/noticies\\\/viii-jornadas-gastronomicas-del-pulpo-de-mont-roig-y-miami-platja\\\/#primaryimage\",\"url\":\"\",\"contentUrl\":\"\",\"width\":60,\"height\":60},{\"@type\":\"BreadcrumbList\",\"@id\":\"https:\\\/\\\/mont-roig.cat\\\/es\\\/actualitat\\\/noticies\\\/viii-jornadas-gastronomicas-del-pulpo-de-mont-roig-y-miami-platja\\\/#breadcrumb\",\"itemListElement\":[{\"@type\":\"ListItem\",\"position\":1,\"name\":\"Inici\",\"item\":\"https:\\\/\\\/mont-roig.cat\\\/es\\\/pagina-de-inicio\\\/\"},{\"@type\":\"ListItem\",\"position\":2,\"name\":\"VIII Jornadas Gastron\u00f3micas del Pulpo de Mont-roig y Miami Platja\"}]},{\"@type\":\"WebSite\",\"@id\":\"https:\\\/\\\/mont-roig.cat\\\/es\\\/#website\",\"url\":\"https:\\\/\\\/mont-roig.cat\\\/es\\\/\",\"name\":\"Ajuntament de Mont-roig del Camp\",\"description\":\"Tota la informaci\u00f3 sobre la instituci\u00f3, els seus \u00f2rgans de govern, actualitat, serveis i molt m\u00e9s.\",\"potentialAction\":[{\"@type\":\"SearchAction\",\"target\":{\"@type\":\"EntryPoint\",\"urlTemplate\":\"https:\\\/\\\/mont-roig.cat\\\/es\\\/?s={search_term_string}\"},\"query-input\":{\"@type\":\"PropertyValueSpecification\",\"valueRequired\":true,\"valueName\":\"search_term_string\"}}],\"inLanguage\":\"es\"},{\"@type\":\"Person\",\"@id\":\"https:\\\/\\\/mont-roig.cat\\\/es\\\/#\\\/schema\\\/person\\\/f2b111789f22b7d0c3bd6786c9128cba\",\"name\":\"administrador\",\"image\":{\"@type\":\"ImageObject\",\"inLanguage\":\"es\",\"@id\":\"https:\\\/\\\/secure.gravatar.com\\\/avatar\\\/9137aac6891e2595c9d3036fd83bcb653b4db3c946db4c7d9b9be193c3c944bb?s=96&d=mm&r=g\",\"url\":\"https:\\\/\\\/secure.gravatar.com\\\/avatar\\\/9137aac6891e2595c9d3036fd83bcb653b4db3c946db4c7d9b9be193c3c944bb?s=96&d=mm&r=g\",\"contentUrl\":\"https:\\\/\\\/secure.gravatar.com\\\/avatar\\\/9137aac6891e2595c9d3036fd83bcb653b4db3c946db4c7d9b9be193c3c944bb?s=96&d=mm&r=g\",\"caption\":\"administrador\"},\"url\":\"https:\\\/\\\/mont-roig.cat\\\/es\\\/actualitat\\\/noticies\\\/author\\\/administrador\\\/\"}]}<\/script>\n<!-- \/ Yoast SEO plugin. -->","yoast_head_json":{"title":"VIII Jornadas Gastron\u00f3micas del Pulpo de Mont-roig y Miami Platja - Ajuntament de Mont-roig del Camp","robots":{"index":"index","follow":"follow","max-snippet":"max-snippet:-1","max-image-preview":"max-image-preview:large","max-video-preview":"max-video-preview:-1"},"canonical":"https:\/\/mont-roig.cat\/es\/actualitat\/noticies\/viii-jornadas-gastronomicas-del-pulpo-de-mont-roig-y-miami-platja\/","og_locale":"es_ES","og_type":"article","og_title":"VIII Jornadas Gastron\u00f3micas del Pulpo de Mont-roig y Miami Platja - Ajuntament de Mont-roig del Camp","og_description":"Los 11 restaurantes participantes ofrecer\u00e1n platos donde el pulpo es el&nbsp;ingrediente protagonista Torta de pulpo con aguacate y ajillo, Maky de arroz bomba con pulpo y cebolla acompa\u00f1ado de romesco, pulpitos con cebolla y tomate o tartar de verduras y carpaccio de pulpo son algunas de las delicias culinarias que se podr\u00e1n degustar del 31 [&hellip;]","og_url":"https:\/\/mont-roig.cat\/es\/actualitat\/noticies\/viii-jornadas-gastronomicas-del-pulpo-de-mont-roig-y-miami-platja\/","og_site_name":"Ajuntament de Mont-roig del Camp","article_published_time":"2015-05-20T11:25:26+00:00","og_image":[{"width":1200,"height":600,"url":"https:\/\/mont-roig.cat\/wp-content\/uploads\/aj-mont-roig-2.jpg","type":"image\/jpeg"}],"author":"administrador","twitter_card":"summary_large_image","twitter_misc":{"Escrito por":"administrador","Tiempo de lectura":"2 minutos"},"schema":{"@context":"https:\/\/schema.org","@graph":[{"@type":"Article","@id":"https:\/\/mont-roig.cat\/es\/actualitat\/noticies\/viii-jornadas-gastronomicas-del-pulpo-de-mont-roig-y-miami-platja\/#article","isPartOf":{"@id":"https:\/\/mont-roig.cat\/es\/actualitat\/noticies\/viii-jornadas-gastronomicas-del-pulpo-de-mont-roig-y-miami-platja\/"},"author":{"name":"administrador","@id":"https:\/\/mont-roig.cat\/es\/#\/schema\/person\/f2b111789f22b7d0c3bd6786c9128cba"},"headline":"VIII Jornadas Gastron\u00f3micas del Pulpo de Mont-roig y Miami Platja","datePublished":"2015-05-20T11:25:26+00:00","mainEntityOfPage":{"@id":"https:\/\/mont-roig.cat\/es\/actualitat\/noticies\/viii-jornadas-gastronomicas-del-pulpo-de-mont-roig-y-miami-platja\/"},"wordCount":486,"commentCount":0,"image":{"@id":"https:\/\/mont-roig.cat\/es\/actualitat\/noticies\/viii-jornadas-gastronomicas-del-pulpo-de-mont-roig-y-miami-platja\/#primaryimage"},"thumbnailUrl":"","articleSection":["Turismo"],"inLanguage":"es"},{"@type":"WebPage","@id":"https:\/\/mont-roig.cat\/es\/actualitat\/noticies\/viii-jornadas-gastronomicas-del-pulpo-de-mont-roig-y-miami-platja\/","url":"https:\/\/mont-roig.cat\/es\/actualitat\/noticies\/viii-jornadas-gastronomicas-del-pulpo-de-mont-roig-y-miami-platja\/","name":"VIII Jornadas Gastron\u00f3micas del Pulpo de Mont-roig y Miami Platja - Ajuntament de Mont-roig del Camp","isPartOf":{"@id":"https:\/\/mont-roig.cat\/es\/#website"},"primaryImageOfPage":{"@id":"https:\/\/mont-roig.cat\/es\/actualitat\/noticies\/viii-jornadas-gastronomicas-del-pulpo-de-mont-roig-y-miami-platja\/#primaryimage"},"image":{"@id":"https:\/\/mont-roig.cat\/es\/actualitat\/noticies\/viii-jornadas-gastronomicas-del-pulpo-de-mont-roig-y-miami-platja\/#primaryimage"},"thumbnailUrl":"","datePublished":"2015-05-20T11:25:26+00:00","author":{"@id":"https:\/\/mont-roig.cat\/es\/#\/schema\/person\/f2b111789f22b7d0c3bd6786c9128cba"},"breadcrumb":{"@id":"https:\/\/mont-roig.cat\/es\/actualitat\/noticies\/viii-jornadas-gastronomicas-del-pulpo-de-mont-roig-y-miami-platja\/#breadcrumb"},"inLanguage":"es","potentialAction":[{"@type":"ReadAction","target":["https:\/\/mont-roig.cat\/es\/actualitat\/noticies\/viii-jornadas-gastronomicas-del-pulpo-de-mont-roig-y-miami-platja\/"]}]},{"@type":"ImageObject","inLanguage":"es","@id":"https:\/\/mont-roig.cat\/es\/actualitat\/noticies\/viii-jornadas-gastronomicas-del-pulpo-de-mont-roig-y-miami-platja\/#primaryimage","url":"","contentUrl":"","width":60,"height":60},{"@type":"BreadcrumbList","@id":"https:\/\/mont-roig.cat\/es\/actualitat\/noticies\/viii-jornadas-gastronomicas-del-pulpo-de-mont-roig-y-miami-platja\/#breadcrumb","itemListElement":[{"@type":"ListItem","position":1,"name":"Inici","item":"https:\/\/mont-roig.cat\/es\/pagina-de-inicio\/"},{"@type":"ListItem","position":2,"name":"VIII Jornadas Gastron\u00f3micas del Pulpo de Mont-roig y Miami Platja"}]},{"@type":"WebSite","@id":"https:\/\/mont-roig.cat\/es\/#website","url":"https:\/\/mont-roig.cat\/es\/","name":"Ajuntament de Mont-roig del Camp","description":"Tota la informaci\u00f3 sobre la instituci\u00f3, els seus \u00f2rgans de govern, actualitat, serveis i molt m\u00e9s.","potentialAction":[{"@type":"SearchAction","target":{"@type":"EntryPoint","urlTemplate":"https:\/\/mont-roig.cat\/es\/?s={search_term_string}"},"query-input":{"@type":"PropertyValueSpecification","valueRequired":true,"valueName":"search_term_string"}}],"inLanguage":"es"},{"@type":"Person","@id":"https:\/\/mont-roig.cat\/es\/#\/schema\/person\/f2b111789f22b7d0c3bd6786c9128cba","name":"administrador","image":{"@type":"ImageObject","inLanguage":"es","@id":"https:\/\/secure.gravatar.com\/avatar\/9137aac6891e2595c9d3036fd83bcb653b4db3c946db4c7d9b9be193c3c944bb?s=96&d=mm&r=g","url":"https:\/\/secure.gravatar.com\/avatar\/9137aac6891e2595c9d3036fd83bcb653b4db3c946db4c7d9b9be193c3c944bb?s=96&d=mm&r=g","contentUrl":"https:\/\/secure.gravatar.com\/avatar\/9137aac6891e2595c9d3036fd83bcb653b4db3c946db4c7d9b9be193c3c944bb?s=96&d=mm&r=g","caption":"administrador"},"url":"https:\/\/mont-roig.cat\/es\/actualitat\/noticies\/author\/administrador\/"}]}},"_links":{"self":[{"href":"https:\/\/mont-roig.cat\/es\/wp-json\/wp\/v2\/posts\/4466","targetHints":{"allow":["GET"]}}],"collection":[{"href":"https:\/\/mont-roig.cat\/es\/wp-json\/wp\/v2\/posts"}],"about":[{"href":"https:\/\/mont-roig.cat\/es\/wp-json\/wp\/v2\/types\/post"}],"author":[{"embeddable":true,"href":"https:\/\/mont-roig.cat\/es\/wp-json\/wp\/v2\/users\/4"}],"replies":[{"embeddable":true,"href":"https:\/\/mont-roig.cat\/es\/wp-json\/wp\/v2\/comments?post=4466"}],"version-history":[{"count":0,"href":"https:\/\/mont-roig.cat\/es\/wp-json\/wp\/v2\/posts\/4466\/revisions"}],"wp:featuredmedia":[{"embeddable":true,"href":"https:\/\/mont-roig.cat\/es\/wp-json\/wp\/v2\/media\/3880"}],"wp:attachment":[{"href":"https:\/\/mont-roig.cat\/es\/wp-json\/wp\/v2\/media?parent=4466"}],"wp:term":[{"taxonomy":"category","embeddable":true,"href":"https:\/\/mont-roig.cat\/es\/wp-json\/wp\/v2\/categories?post=4466"},{"taxonomy":"post_tag","embeddable":true,"href":"https:\/\/mont-roig.cat\/es\/wp-json\/wp\/v2\/tags?post=4466"}],"curies":[{"name":"wp","href":"https:\/\/api.w.org\/{rel}","templated":true}]}}