{"id":44660,"date":"2020-03-26T12:36:51","date_gmt":"2020-03-26T11:36:51","guid":{"rendered":"https:\/\/mont-roig.cat\/actualitat\/noticies\/sollicitud-dautoritzacio-de-crema-de-brancatge-i-restes-vegetals-procedents-de-treballs-agricoles\/"},"modified":"2020-03-28T06:16:34","modified_gmt":"2020-03-28T05:16:34","slug":"solicitud-de-autorizacion-de-quema-de-ramas-y-restos-vegetales-procedentes-de-trabajos-agricolas","status":"publish","type":"post","link":"https:\/\/mont-roig.cat\/es\/actualitat\/noticies\/solicitud-de-autorizacion-de-quema-de-ramas-y-restos-vegetales-procedentes-de-trabajos-agricolas\/","title":{"rendered":"Solicitud de autorizaci\u00f3n de quema de ramas y restos vegetales procedentes de trabajos agr\u00edcolas"},"content":{"rendered":"<ul>\n<li><strong><img loading=\"lazy\" decoding=\"async\" class=\"size-full wp-image-44654 alignright\" src=\"https:\/\/mont-roig.cat\/wp-content\/uploads\/departament.png\" alt=\"\" width=\"294\" height=\"171\" \/>La Generalitat de Catalunya, a trav\u00e9s del Departamento de Agricultura, Ganader\u00eda y Pesca y Alimentaci\u00f3n ha habilitado un apartado en la web con el nombre Crema de ramaje y restos vegetales, a fin de solicitar la autorizaci\u00f3n de quemas de ramas y restos vegetales procedentes de trabajos agr\u00edcolas y de la actividad ap\u00edcola.<br \/>\n<\/strong><\/li>\n<\/ul>\n<p>Se trata de rellenar un formulario que el interesado puede hacer desde casa y que se env\u00eda directamente al departamento de Agricultura. Esta autorizaci\u00f3n s\u00f3lo tendr\u00e1 vigencia hasta el d\u00eda 04\/15\/20 y estar\u00e1 condicionada a que las personas que lo soliciten presenten DUN (Declaraci\u00f3n agraria), est\u00e1n obligadas a presentar la declaraci\u00f3n los titulares de explotaciones agr\u00edcolas que realicen su actividad dentro del \u00e1mbito de la producci\u00f3n primaria agr\u00edcola. En ning\u00fan caso se pide la aportaci\u00f3n de este documento en el formulario.<\/p>\n<p>Aqueesta crema tambi\u00e9n queda condicionada a las restricciones de actividades del CECAT ya que el punto 30 establece que s\u00f3lo se puede ir al huerto o en las explotaciones agrarias en caso de que haya actividad econ\u00f3mica, no para consumo propio.<\/p>\n<p>Por lo tanto:<\/p>\n<p>Los propietarios de huertos para consumo propio no podr\u00e1n solicitar la autorizaci\u00f3n de quema, bajo pena de 600 \u20ac de multa en caso de que la realicen sin la preceptiva autorizaci\u00f3n.<\/p>\n<p>Los titulares de actividad econ\u00f3mica la podr\u00e1n pedir y realizar la crema una vez enviado el formulario. Previamente a realizar la quema deber\u00e1n comprobar si se ha recibido un SMS de activaci\u00f3n del nivel 1 del Plan Alfa, en este caso las autorizaciones quedar\u00e1n suspendidas.<\/p>\n<p>Link solicitud<\/p>\n<p><a href=\"http:\/\/agricultura.gencat.cat\/es\/ambits\/medi-natural\/gestio-forestal\/crema-brancatge-restes-vegetals\/index.html\" target=\"_blank\" rel=\"noopener noreferrer\">http:\/\/agricultura.gencat.cat\/es\/ambits\/medi-natural\/gestio-forestal\/crema-brancatge-restes-vegetals\/index.html<\/a><\/p>\n<p style=\"font-weight: 400;\">\n","protected":false},"excerpt":{"rendered":"<p>La Generalitat de Catalunya, a trav\u00e9s del Departamento de Agricultura, Ganader\u00eda y Pesca y Alimentaci\u00f3n ha habilitado un apartado en la web con el nombre Crema de ramaje y restos vegetales, a fin de solicitar la autorizaci\u00f3n de quemas de ramas y restos vegetales procedentes de trabajos agr\u00edcolas y de la actividad ap\u00edcola. Se trata [&hellip;]<\/p>\n","protected":false},"author":4,"featured_media":44653,"comment_status":"closed","ping_status":"closed","sticky":false,"template":"","format":"standard","meta":{"inline_featured_image":false,"_monsterinsights_skip_tracking":false,"_monsterinsights_sitenote_active":false,"_monsterinsights_sitenote_note":"","_monsterinsights_sitenote_category":0,"footnotes":""},"categories":[98,178,186],"tags":[],"class_list":["post-44660","post","type-post","status-publish","format-standard","has-post-thumbnail","hentry","category-ayuntamiento","category-coronavirus","category-coronavirus-otras"],"yoast_head":"<!-- This site is optimized with the Yoast SEO plugin v27.4 - https:\/\/yoast.com\/product\/yoast-seo-wordpress\/ -->\n<title>Solicitud de autorizaci\u00f3n de quema de ramas y restos vegetales procedentes de trabajos agr\u00edcolas - Ajuntament de Mont-roig del Camp<\/title>\n<meta name=\"robots\" content=\"index, follow, max-snippet:-1, max-image-preview:large, max-video-preview:-1\" \/>\n<link rel=\"canonical\" href=\"https:\/\/mont-roig.cat\/es\/actualitat\/noticies\/solicitud-de-autorizacion-de-quema-de-ramas-y-restos-vegetales-procedentes-de-trabajos-agricolas\/\" \/>\n<meta property=\"og:locale\" content=\"es_ES\" \/>\n<meta property=\"og:type\" content=\"article\" \/>\n<meta property=\"og:title\" content=\"Solicitud de autorizaci\u00f3n de quema de ramas y restos vegetales procedentes de trabajos agr\u00edcolas - Ajuntament de Mont-roig del Camp\" \/>\n<meta property=\"og:description\" content=\"La Generalitat de Catalunya, a trav\u00e9s del Departamento de Agricultura, Ganader\u00eda y Pesca y Alimentaci\u00f3n ha habilitado un apartado en la web con el nombre Crema de ramaje y restos vegetales, a fin de solicitar la autorizaci\u00f3n de quemas de ramas y restos vegetales procedentes de trabajos agr\u00edcolas y de la actividad ap\u00edcola. Se trata [&hellip;]\" \/>\n<meta property=\"og:url\" content=\"https:\/\/mont-roig.cat\/es\/actualitat\/noticies\/solicitud-de-autorizacion-de-quema-de-ramas-y-restos-vegetales-procedentes-de-trabajos-agricolas\/\" \/>\n<meta property=\"og:site_name\" content=\"Ajuntament de Mont-roig del Camp\" \/>\n<meta property=\"article:published_time\" content=\"2020-03-26T11:36:51+00:00\" \/>\n<meta property=\"article:modified_time\" content=\"2020-03-28T05:16:34+00:00\" \/>\n<meta property=\"og:image\" content=\"https:\/\/mont-roig.cat\/wp-content\/uploads\/departament.png\" \/>\n\t<meta property=\"og:image:width\" content=\"294\" \/>\n\t<meta property=\"og:image:height\" content=\"171\" \/>\n\t<meta property=\"og:image:type\" content=\"image\/png\" \/>\n<meta name=\"author\" content=\"administrador\" \/>\n<meta name=\"twitter:card\" content=\"summary_large_image\" \/>\n<meta name=\"twitter:label1\" content=\"Escrito por\" \/>\n\t<meta name=\"twitter:data1\" content=\"administrador\" \/>\n\t<meta name=\"twitter:label2\" content=\"Tiempo de lectura\" \/>\n\t<meta name=\"twitter:data2\" content=\"1 minuto\" \/>\n<script type=\"application\/ld+json\" class=\"yoast-schema-graph\">{\"@context\":\"https:\\\/\\\/schema.org\",\"@graph\":[{\"@type\":\"Article\",\"@id\":\"https:\\\/\\\/mont-roig.cat\\\/es\\\/actualitat\\\/noticies\\\/solicitud-de-autorizacion-de-quema-de-ramas-y-restos-vegetales-procedentes-de-trabajos-agricolas\\\/#article\",\"isPartOf\":{\"@id\":\"https:\\\/\\\/mont-roig.cat\\\/es\\\/actualitat\\\/noticies\\\/solicitud-de-autorizacion-de-quema-de-ramas-y-restos-vegetales-procedentes-de-trabajos-agricolas\\\/\"},\"author\":{\"name\":\"administrador\",\"@id\":\"https:\\\/\\\/mont-roig.cat\\\/es\\\/#\\\/schema\\\/person\\\/f2b111789f22b7d0c3bd6786c9128cba\"},\"headline\":\"Solicitud de autorizaci\u00f3n de quema de ramas y restos vegetales procedentes de trabajos agr\u00edcolas\",\"datePublished\":\"2020-03-26T11:36:51+00:00\",\"dateModified\":\"2020-03-28T05:16:34+00:00\",\"mainEntityOfPage\":{\"@id\":\"https:\\\/\\\/mont-roig.cat\\\/es\\\/actualitat\\\/noticies\\\/solicitud-de-autorizacion-de-quema-de-ramas-y-restos-vegetales-procedentes-de-trabajos-agricolas\\\/\"},\"wordCount\":307,\"image\":{\"@id\":\"https:\\\/\\\/mont-roig.cat\\\/es\\\/actualitat\\\/noticies\\\/solicitud-de-autorizacion-de-quema-de-ramas-y-restos-vegetales-procedentes-de-trabajos-agricolas\\\/#primaryimage\"},\"thumbnailUrl\":\"https:\\\/\\\/mont-roig.cat\\\/wp-content\\\/uploads\\\/departament.png\",\"articleSection\":[\"Ayuntamiento\",\"Coronavirus\",\"Coronavirus - otras medidas\"],\"inLanguage\":\"es\"},{\"@type\":\"WebPage\",\"@id\":\"https:\\\/\\\/mont-roig.cat\\\/es\\\/actualitat\\\/noticies\\\/solicitud-de-autorizacion-de-quema-de-ramas-y-restos-vegetales-procedentes-de-trabajos-agricolas\\\/\",\"url\":\"https:\\\/\\\/mont-roig.cat\\\/es\\\/actualitat\\\/noticies\\\/solicitud-de-autorizacion-de-quema-de-ramas-y-restos-vegetales-procedentes-de-trabajos-agricolas\\\/\",\"name\":\"Solicitud de autorizaci\u00f3n de quema de ramas y restos vegetales procedentes de trabajos agr\u00edcolas - Ajuntament de Mont-roig del Camp\",\"isPartOf\":{\"@id\":\"https:\\\/\\\/mont-roig.cat\\\/es\\\/#website\"},\"primaryImageOfPage\":{\"@id\":\"https:\\\/\\\/mont-roig.cat\\\/es\\\/actualitat\\\/noticies\\\/solicitud-de-autorizacion-de-quema-de-ramas-y-restos-vegetales-procedentes-de-trabajos-agricolas\\\/#primaryimage\"},\"image\":{\"@id\":\"https:\\\/\\\/mont-roig.cat\\\/es\\\/actualitat\\\/noticies\\\/solicitud-de-autorizacion-de-quema-de-ramas-y-restos-vegetales-procedentes-de-trabajos-agricolas\\\/#primaryimage\"},\"thumbnailUrl\":\"https:\\\/\\\/mont-roig.cat\\\/wp-content\\\/uploads\\\/departament.png\",\"datePublished\":\"2020-03-26T11:36:51+00:00\",\"dateModified\":\"2020-03-28T05:16:34+00:00\",\"author\":{\"@id\":\"https:\\\/\\\/mont-roig.cat\\\/es\\\/#\\\/schema\\\/person\\\/f2b111789f22b7d0c3bd6786c9128cba\"},\"breadcrumb\":{\"@id\":\"https:\\\/\\\/mont-roig.cat\\\/es\\\/actualitat\\\/noticies\\\/solicitud-de-autorizacion-de-quema-de-ramas-y-restos-vegetales-procedentes-de-trabajos-agricolas\\\/#breadcrumb\"},\"inLanguage\":\"es\",\"potentialAction\":[{\"@type\":\"ReadAction\",\"target\":[\"https:\\\/\\\/mont-roig.cat\\\/es\\\/actualitat\\\/noticies\\\/solicitud-de-autorizacion-de-quema-de-ramas-y-restos-vegetales-procedentes-de-trabajos-agricolas\\\/\"]}]},{\"@type\":\"ImageObject\",\"inLanguage\":\"es\",\"@id\":\"https:\\\/\\\/mont-roig.cat\\\/es\\\/actualitat\\\/noticies\\\/solicitud-de-autorizacion-de-quema-de-ramas-y-restos-vegetales-procedentes-de-trabajos-agricolas\\\/#primaryimage\",\"url\":\"https:\\\/\\\/mont-roig.cat\\\/wp-content\\\/uploads\\\/departament.png\",\"contentUrl\":\"https:\\\/\\\/mont-roig.cat\\\/wp-content\\\/uploads\\\/departament.png\",\"width\":294,\"height\":171},{\"@type\":\"BreadcrumbList\",\"@id\":\"https:\\\/\\\/mont-roig.cat\\\/es\\\/actualitat\\\/noticies\\\/solicitud-de-autorizacion-de-quema-de-ramas-y-restos-vegetales-procedentes-de-trabajos-agricolas\\\/#breadcrumb\",\"itemListElement\":[{\"@type\":\"ListItem\",\"position\":1,\"name\":\"Inici\",\"item\":\"https:\\\/\\\/mont-roig.cat\\\/es\\\/pagina-de-inicio\\\/\"},{\"@type\":\"ListItem\",\"position\":2,\"name\":\"Solicitud de autorizaci\u00f3n de quema de ramas y restos vegetales procedentes de trabajos agr\u00edcolas\"}]},{\"@type\":\"WebSite\",\"@id\":\"https:\\\/\\\/mont-roig.cat\\\/es\\\/#website\",\"url\":\"https:\\\/\\\/mont-roig.cat\\\/es\\\/\",\"name\":\"Ajuntament de Mont-roig del Camp\",\"description\":\"Tota la informaci\u00f3 sobre la instituci\u00f3, els seus \u00f2rgans de govern, actualitat, serveis i molt m\u00e9s.\",\"potentialAction\":[{\"@type\":\"SearchAction\",\"target\":{\"@type\":\"EntryPoint\",\"urlTemplate\":\"https:\\\/\\\/mont-roig.cat\\\/es\\\/?s={search_term_string}\"},\"query-input\":{\"@type\":\"PropertyValueSpecification\",\"valueRequired\":true,\"valueName\":\"search_term_string\"}}],\"inLanguage\":\"es\"},{\"@type\":\"Person\",\"@id\":\"https:\\\/\\\/mont-roig.cat\\\/es\\\/#\\\/schema\\\/person\\\/f2b111789f22b7d0c3bd6786c9128cba\",\"name\":\"administrador\",\"image\":{\"@type\":\"ImageObject\",\"inLanguage\":\"es\",\"@id\":\"https:\\\/\\\/secure.gravatar.com\\\/avatar\\\/9137aac6891e2595c9d3036fd83bcb653b4db3c946db4c7d9b9be193c3c944bb?s=96&d=mm&r=g\",\"url\":\"https:\\\/\\\/secure.gravatar.com\\\/avatar\\\/9137aac6891e2595c9d3036fd83bcb653b4db3c946db4c7d9b9be193c3c944bb?s=96&d=mm&r=g\",\"contentUrl\":\"https:\\\/\\\/secure.gravatar.com\\\/avatar\\\/9137aac6891e2595c9d3036fd83bcb653b4db3c946db4c7d9b9be193c3c944bb?s=96&d=mm&r=g\",\"caption\":\"administrador\"},\"url\":\"https:\\\/\\\/mont-roig.cat\\\/es\\\/actualitat\\\/noticies\\\/author\\\/administrador\\\/\"}]}<\/script>\n<!-- \/ Yoast SEO plugin. -->","yoast_head_json":{"title":"Solicitud de autorizaci\u00f3n de quema de ramas y restos vegetales procedentes de trabajos agr\u00edcolas - Ajuntament de Mont-roig del Camp","robots":{"index":"index","follow":"follow","max-snippet":"max-snippet:-1","max-image-preview":"max-image-preview:large","max-video-preview":"max-video-preview:-1"},"canonical":"https:\/\/mont-roig.cat\/es\/actualitat\/noticies\/solicitud-de-autorizacion-de-quema-de-ramas-y-restos-vegetales-procedentes-de-trabajos-agricolas\/","og_locale":"es_ES","og_type":"article","og_title":"Solicitud de autorizaci\u00f3n de quema de ramas y restos vegetales procedentes de trabajos agr\u00edcolas - Ajuntament de Mont-roig del Camp","og_description":"La Generalitat de Catalunya, a trav\u00e9s del Departamento de Agricultura, Ganader\u00eda y Pesca y Alimentaci\u00f3n ha habilitado un apartado en la web con el nombre Crema de ramaje y restos vegetales, a fin de solicitar la autorizaci\u00f3n de quemas de ramas y restos vegetales procedentes de trabajos agr\u00edcolas y de la actividad ap\u00edcola. Se trata [&hellip;]","og_url":"https:\/\/mont-roig.cat\/es\/actualitat\/noticies\/solicitud-de-autorizacion-de-quema-de-ramas-y-restos-vegetales-procedentes-de-trabajos-agricolas\/","og_site_name":"Ajuntament de Mont-roig del Camp","article_published_time":"2020-03-26T11:36:51+00:00","article_modified_time":"2020-03-28T05:16:34+00:00","og_image":[{"width":294,"height":171,"url":"https:\/\/mont-roig.cat\/wp-content\/uploads\/departament.png","type":"image\/png"}],"author":"administrador","twitter_card":"summary_large_image","twitter_misc":{"Escrito por":"administrador","Tiempo de lectura":"1 minuto"},"schema":{"@context":"https:\/\/schema.org","@graph":[{"@type":"Article","@id":"https:\/\/mont-roig.cat\/es\/actualitat\/noticies\/solicitud-de-autorizacion-de-quema-de-ramas-y-restos-vegetales-procedentes-de-trabajos-agricolas\/#article","isPartOf":{"@id":"https:\/\/mont-roig.cat\/es\/actualitat\/noticies\/solicitud-de-autorizacion-de-quema-de-ramas-y-restos-vegetales-procedentes-de-trabajos-agricolas\/"},"author":{"name":"administrador","@id":"https:\/\/mont-roig.cat\/es\/#\/schema\/person\/f2b111789f22b7d0c3bd6786c9128cba"},"headline":"Solicitud de autorizaci\u00f3n de quema de ramas y restos vegetales procedentes de trabajos agr\u00edcolas","datePublished":"2020-03-26T11:36:51+00:00","dateModified":"2020-03-28T05:16:34+00:00","mainEntityOfPage":{"@id":"https:\/\/mont-roig.cat\/es\/actualitat\/noticies\/solicitud-de-autorizacion-de-quema-de-ramas-y-restos-vegetales-procedentes-de-trabajos-agricolas\/"},"wordCount":307,"image":{"@id":"https:\/\/mont-roig.cat\/es\/actualitat\/noticies\/solicitud-de-autorizacion-de-quema-de-ramas-y-restos-vegetales-procedentes-de-trabajos-agricolas\/#primaryimage"},"thumbnailUrl":"https:\/\/mont-roig.cat\/wp-content\/uploads\/departament.png","articleSection":["Ayuntamiento","Coronavirus","Coronavirus - otras medidas"],"inLanguage":"es"},{"@type":"WebPage","@id":"https:\/\/mont-roig.cat\/es\/actualitat\/noticies\/solicitud-de-autorizacion-de-quema-de-ramas-y-restos-vegetales-procedentes-de-trabajos-agricolas\/","url":"https:\/\/mont-roig.cat\/es\/actualitat\/noticies\/solicitud-de-autorizacion-de-quema-de-ramas-y-restos-vegetales-procedentes-de-trabajos-agricolas\/","name":"Solicitud de autorizaci\u00f3n de quema de ramas y restos vegetales procedentes de trabajos agr\u00edcolas - Ajuntament de Mont-roig del Camp","isPartOf":{"@id":"https:\/\/mont-roig.cat\/es\/#website"},"primaryImageOfPage":{"@id":"https:\/\/mont-roig.cat\/es\/actualitat\/noticies\/solicitud-de-autorizacion-de-quema-de-ramas-y-restos-vegetales-procedentes-de-trabajos-agricolas\/#primaryimage"},"image":{"@id":"https:\/\/mont-roig.cat\/es\/actualitat\/noticies\/solicitud-de-autorizacion-de-quema-de-ramas-y-restos-vegetales-procedentes-de-trabajos-agricolas\/#primaryimage"},"thumbnailUrl":"https:\/\/mont-roig.cat\/wp-content\/uploads\/departament.png","datePublished":"2020-03-26T11:36:51+00:00","dateModified":"2020-03-28T05:16:34+00:00","author":{"@id":"https:\/\/mont-roig.cat\/es\/#\/schema\/person\/f2b111789f22b7d0c3bd6786c9128cba"},"breadcrumb":{"@id":"https:\/\/mont-roig.cat\/es\/actualitat\/noticies\/solicitud-de-autorizacion-de-quema-de-ramas-y-restos-vegetales-procedentes-de-trabajos-agricolas\/#breadcrumb"},"inLanguage":"es","potentialAction":[{"@type":"ReadAction","target":["https:\/\/mont-roig.cat\/es\/actualitat\/noticies\/solicitud-de-autorizacion-de-quema-de-ramas-y-restos-vegetales-procedentes-de-trabajos-agricolas\/"]}]},{"@type":"ImageObject","inLanguage":"es","@id":"https:\/\/mont-roig.cat\/es\/actualitat\/noticies\/solicitud-de-autorizacion-de-quema-de-ramas-y-restos-vegetales-procedentes-de-trabajos-agricolas\/#primaryimage","url":"https:\/\/mont-roig.cat\/wp-content\/uploads\/departament.png","contentUrl":"https:\/\/mont-roig.cat\/wp-content\/uploads\/departament.png","width":294,"height":171},{"@type":"BreadcrumbList","@id":"https:\/\/mont-roig.cat\/es\/actualitat\/noticies\/solicitud-de-autorizacion-de-quema-de-ramas-y-restos-vegetales-procedentes-de-trabajos-agricolas\/#breadcrumb","itemListElement":[{"@type":"ListItem","position":1,"name":"Inici","item":"https:\/\/mont-roig.cat\/es\/pagina-de-inicio\/"},{"@type":"ListItem","position":2,"name":"Solicitud de autorizaci\u00f3n de quema de ramas y restos vegetales procedentes de trabajos agr\u00edcolas"}]},{"@type":"WebSite","@id":"https:\/\/mont-roig.cat\/es\/#website","url":"https:\/\/mont-roig.cat\/es\/","name":"Ajuntament de Mont-roig del Camp","description":"Tota la informaci\u00f3 sobre la instituci\u00f3, els seus \u00f2rgans de govern, actualitat, serveis i molt m\u00e9s.","potentialAction":[{"@type":"SearchAction","target":{"@type":"EntryPoint","urlTemplate":"https:\/\/mont-roig.cat\/es\/?s={search_term_string}"},"query-input":{"@type":"PropertyValueSpecification","valueRequired":true,"valueName":"search_term_string"}}],"inLanguage":"es"},{"@type":"Person","@id":"https:\/\/mont-roig.cat\/es\/#\/schema\/person\/f2b111789f22b7d0c3bd6786c9128cba","name":"administrador","image":{"@type":"ImageObject","inLanguage":"es","@id":"https:\/\/secure.gravatar.com\/avatar\/9137aac6891e2595c9d3036fd83bcb653b4db3c946db4c7d9b9be193c3c944bb?s=96&d=mm&r=g","url":"https:\/\/secure.gravatar.com\/avatar\/9137aac6891e2595c9d3036fd83bcb653b4db3c946db4c7d9b9be193c3c944bb?s=96&d=mm&r=g","contentUrl":"https:\/\/secure.gravatar.com\/avatar\/9137aac6891e2595c9d3036fd83bcb653b4db3c946db4c7d9b9be193c3c944bb?s=96&d=mm&r=g","caption":"administrador"},"url":"https:\/\/mont-roig.cat\/es\/actualitat\/noticies\/author\/administrador\/"}]}},"_links":{"self":[{"href":"https:\/\/mont-roig.cat\/es\/wp-json\/wp\/v2\/posts\/44660","targetHints":{"allow":["GET"]}}],"collection":[{"href":"https:\/\/mont-roig.cat\/es\/wp-json\/wp\/v2\/posts"}],"about":[{"href":"https:\/\/mont-roig.cat\/es\/wp-json\/wp\/v2\/types\/post"}],"author":[{"embeddable":true,"href":"https:\/\/mont-roig.cat\/es\/wp-json\/wp\/v2\/users\/4"}],"replies":[{"embeddable":true,"href":"https:\/\/mont-roig.cat\/es\/wp-json\/wp\/v2\/comments?post=44660"}],"version-history":[{"count":4,"href":"https:\/\/mont-roig.cat\/es\/wp-json\/wp\/v2\/posts\/44660\/revisions"}],"predecessor-version":[{"id":44725,"href":"https:\/\/mont-roig.cat\/es\/wp-json\/wp\/v2\/posts\/44660\/revisions\/44725"}],"wp:featuredmedia":[{"embeddable":true,"href":"https:\/\/mont-roig.cat\/es\/wp-json\/wp\/v2\/media\/44653"}],"wp:attachment":[{"href":"https:\/\/mont-roig.cat\/es\/wp-json\/wp\/v2\/media?parent=44660"}],"wp:term":[{"taxonomy":"category","embeddable":true,"href":"https:\/\/mont-roig.cat\/es\/wp-json\/wp\/v2\/categories?post=44660"},{"taxonomy":"post_tag","embeddable":true,"href":"https:\/\/mont-roig.cat\/es\/wp-json\/wp\/v2\/tags?post=44660"}],"curies":[{"name":"wp","href":"https:\/\/api.w.org\/{rel}","templated":true}]}}