{"id":44670,"date":"2020-03-27T09:23:25","date_gmt":"2020-03-27T08:23:25","guid":{"rendered":"https:\/\/mont-roig.cat\/?p=44670"},"modified":"2020-03-27T09:23:25","modified_gmt":"2020-03-27T08:23:25","slug":"vuelve-el-espacio-de-conversacion-para-jovenes-sexpressat-a-traves-de-videoconferencia","status":"publish","type":"post","link":"https:\/\/mont-roig.cat\/es\/actualitat\/noticies\/vuelve-el-espacio-de-conversacion-para-jovenes-sexpressat-a-traves-de-videoconferencia\/","title":{"rendered":"Vuelve el espacio de conversaci\u00f3n para j\u00f3venes \u201cSexpressa&#8217;t!\u201d a trav\u00e9s de videoconferencia"},"content":{"rendered":"<ul>\n<li><strong><a href=\"https:\/\/mont-roig.cat\/wp-content\/uploads\/kdat-casa.png\"><img loading=\"lazy\" decoding=\"async\" class=\"alignright wp-image-44668\" src=\"https:\/\/mont-roig.cat\/wp-content\/uploads\/kdat-casa-500x500.png\" alt=\"\" width=\"315\" height=\"315\" srcset=\"https:\/\/mont-roig.cat\/wp-content\/uploads\/kdat-casa-500x500.png 500w, https:\/\/mont-roig.cat\/wp-content\/uploads\/kdat-casa-1024x1024.png 1024w, https:\/\/mont-roig.cat\/wp-content\/uploads\/kdat-casa-50x50.png 50w, https:\/\/mont-roig.cat\/wp-content\/uploads\/kdat-casa-768x768.png 768w, https:\/\/mont-roig.cat\/wp-content\/uploads\/kdat-casa-560x560.png 560w, https:\/\/mont-roig.cat\/wp-content\/uploads\/kdat-casa-367x367.png 367w, https:\/\/mont-roig.cat\/wp-content\/uploads\/kdat-casa-450x450.png 450w, https:\/\/mont-roig.cat\/wp-content\/uploads\/kdat-casa-85x85.png 85w, https:\/\/mont-roig.cat\/wp-content\/uploads\/kdat-casa-45x45.png 45w, https:\/\/mont-roig.cat\/wp-content\/uploads\/kdat-casa.png 1080w\" sizes=\"auto, (max-width: 315px) 100vw, 315px\" \/><\/a>El departamento de Juventud ha adaptado las actividades para mantener el contacto con los chicos y chicas y ha puesto en marcha nuevas herramientas de comunicaci\u00f3n, como un nuevo canal de Telegram<\/strong><\/li>\n<li><strong>Tambi\u00e9n se han programado otras actividades como un concurso de microrrelatos, talleres de cocina y acciones espec\u00edficas coincidiendo con la Hora del Planeta, entre otros<\/strong><\/li>\n<\/ul>\n<p>El departamento de Juventud del Ayuntamiento de Mont-roig del Camp ha adaptado las actividades para seguir manteniendo el contacto con los\/las j\u00f3venes del municipio y poder ofrecer propuestas interesantes, tambi\u00e9n estos d\u00edas de confinamiento. Por este motivo se han abierto nuevos canales de comunicaci\u00f3n online y se han reprogramado todos aquellos actos susceptibles de realizarse a trav\u00e9s de Internet.<\/p>\n<p>De este modo, el pr\u00f3ximo mi\u00e9rcoles d\u00eda 1 de abril, a las 18.30 h, vuelven a arrancar las sesiones de &#8220;Sexpressa&#8217;t!&#8221;, que esta vez se impartir\u00e1n en l\u00ednea. Se trata de una iniciativa que permite que los\/las j\u00f3venes puedan conversar e informarse sobre diferentes temas vinculados con la sexualidad. En concreto, en esta pr\u00f3xima sesi\u00f3n los\/las participantes debatir\u00e1n sobre el colectivo LGTBIQ.<\/p>\n<p>Las personas interesadas en participar, pueden ponerse en contacto con el equipo de juventud a trav\u00e9s del correo joventut@mont-roig.cat o a trav\u00e9s de las redes sociales de los centros juveniles del municipio (@casaljovek1ik2), donde les informar\u00e1n sobre c\u00f3mo acceder a la plataforma que permitir\u00e1 hacer las sesiones a trav\u00e9s de videoconferencia. Las plazas son limitadas.<\/p>\n<p><strong>Nuevo canal de Telegram<\/strong><\/p>\n<p>Adem\u00e1s, para captar la atenci\u00f3n de los\/las j\u00f3venes se ha puesto en marcha un nuevo canal de Telegram, pensado para poder llegar a los chicos y chicas. Se trata del nuevo Casal Jove interactivo al que se puede acceder a trav\u00e9s del canal de Telegram Casaler@. Desde aqu\u00ed se ofrece informaci\u00f3n y la posibilidad de participar en debates, juegos, din\u00e1micas y mucho m\u00e1s. Para acceder hay que descargarse la app de Telegram y despu\u00e9s hacer clic en este enlace: T.ME\/CANALK1K2.<\/p>\n<p>Por otra parte, en las redes sociales se ha creado una &#8220;Ciber Agenda Kdat&#8221;, donde el equipo de juventud va presentando varias propuestas diferentes y originales con el objetivo de pasar este tiempo de confinamiento de una forma m\u00e1s amena, como por ejemplo talleres de cocina o un concurso de microrrelatos, entre otros.<\/p>\n<p>Adem\u00e1s, invitan a todos los\/las j\u00f3venes a etiquetar las fotos y v\u00eddeos en las redes sociales con el hashtag #Kdatacasa.<\/p>\n<p><strong>El \u00e1rea de Juventud tambi\u00e9n se adhiere a la Hora del Planeta<\/strong><\/p>\n<p>Por otra parte, coincidiendo con la iniciativa mundial de la Hora del Planeta, prevista para este s\u00e1bado, se han preparado varias actividades para poder hacer desde casa.<\/p>\n<p>En primer lugar, a trav\u00e9s del canal de Juventud de Telegram, se podr\u00e1 acceder al documental Blackfish, que trata sobre la explotaci\u00f3n de orcas en los parques acu\u00e1ticos y estar\u00e1 disponible unos d\u00edas para que todo el que quiera lo pueda mirar.<\/p>\n<p>En segundo lugar, se realizar\u00e1 un juego en l\u00ednea con el Kahoot (juego desde una APP totalmente online) donde se plantear\u00e1n preguntas sobre el documental y habr\u00e1 premio para los ganadores\/as!<\/p>\n<p>Finalmente, durante toda la semana organizar\u00e1n un debate en el grupo de Telegram para hablar sobre c\u00f3mo la especie humana manipula el planeta.<\/p>\n<p>&nbsp;<\/p>\n","protected":false},"excerpt":{"rendered":"<p>El departamento de Juventud ha adaptado las actividades para mantener el contacto con los chicos y chicas y ha puesto en marcha nuevas herramientas de comunicaci\u00f3n, como un nuevo canal de Telegram Tambi\u00e9n se han programado otras actividades como un concurso de microrrelatos, talleres de cocina y acciones espec\u00edficas coincidiendo con la Hora del Planeta, [&hellip;]<\/p>\n","protected":false},"author":4,"featured_media":44668,"comment_status":"closed","ping_status":"closed","sticky":false,"template":"","format":"standard","meta":{"inline_featured_image":false,"_monsterinsights_skip_tracking":false,"_monsterinsights_sitenote_active":false,"_monsterinsights_sitenote_note":"","_monsterinsights_sitenote_category":0,"footnotes":""},"categories":[98,178,188,106],"tags":[],"class_list":["post-44670","post","type-post","status-publish","format-standard","has-post-thumbnail","hentry","category-ayuntamiento","category-coronavirus","category-coronavirus-sociales","category-juventud"],"yoast_head":"<!-- This site is optimized with the Yoast SEO plugin v27.4 - https:\/\/yoast.com\/product\/yoast-seo-wordpress\/ -->\n<title>Vuelve el espacio de conversaci\u00f3n para j\u00f3venes \u201cSexpressa&#039;t!\u201d a trav\u00e9s de videoconferencia - Ajuntament de Mont-roig del Camp<\/title>\n<meta name=\"robots\" content=\"index, follow, max-snippet:-1, max-image-preview:large, max-video-preview:-1\" \/>\n<link rel=\"canonical\" href=\"https:\/\/mont-roig.cat\/es\/actualitat\/noticies\/vuelve-el-espacio-de-conversacion-para-jovenes-sexpressat-a-traves-de-videoconferencia\/\" \/>\n<meta property=\"og:locale\" content=\"es_ES\" \/>\n<meta property=\"og:type\" content=\"article\" \/>\n<meta property=\"og:title\" content=\"Vuelve el espacio de conversaci\u00f3n para j\u00f3venes \u201cSexpressa&#039;t!\u201d a trav\u00e9s de videoconferencia - Ajuntament de Mont-roig del Camp\" \/>\n<meta property=\"og:description\" content=\"El departamento de Juventud ha adaptado las actividades para mantener el contacto con los chicos y chicas y ha puesto en marcha nuevas herramientas de comunicaci\u00f3n, como un nuevo canal de Telegram Tambi\u00e9n se han programado otras actividades como un concurso de microrrelatos, talleres de cocina y acciones espec\u00edficas coincidiendo con la Hora del Planeta, [&hellip;]\" \/>\n<meta property=\"og:url\" content=\"https:\/\/mont-roig.cat\/es\/actualitat\/noticies\/vuelve-el-espacio-de-conversacion-para-jovenes-sexpressat-a-traves-de-videoconferencia\/\" \/>\n<meta property=\"og:site_name\" content=\"Ajuntament de Mont-roig del Camp\" \/>\n<meta property=\"article:published_time\" content=\"2020-03-27T08:23:25+00:00\" \/>\n<meta property=\"og:image\" content=\"https:\/\/mont-roig.cat\/wp-content\/uploads\/kdat-casa.png\" \/>\n\t<meta property=\"og:image:width\" content=\"1080\" \/>\n\t<meta property=\"og:image:height\" content=\"1080\" \/>\n\t<meta property=\"og:image:type\" content=\"image\/png\" \/>\n<meta name=\"author\" content=\"administrador\" \/>\n<meta name=\"twitter:card\" content=\"summary_large_image\" \/>\n<meta name=\"twitter:label1\" content=\"Escrito por\" \/>\n\t<meta name=\"twitter:data1\" content=\"administrador\" \/>\n\t<meta name=\"twitter:label2\" content=\"Tiempo de lectura\" \/>\n\t<meta name=\"twitter:data2\" content=\"3 minutos\" \/>\n<script type=\"application\/ld+json\" class=\"yoast-schema-graph\">{\"@context\":\"https:\\\/\\\/schema.org\",\"@graph\":[{\"@type\":\"Article\",\"@id\":\"https:\\\/\\\/mont-roig.cat\\\/es\\\/actualitat\\\/noticies\\\/vuelve-el-espacio-de-conversacion-para-jovenes-sexpressat-a-traves-de-videoconferencia\\\/#article\",\"isPartOf\":{\"@id\":\"https:\\\/\\\/mont-roig.cat\\\/es\\\/actualitat\\\/noticies\\\/vuelve-el-espacio-de-conversacion-para-jovenes-sexpressat-a-traves-de-videoconferencia\\\/\"},\"author\":{\"name\":\"administrador\",\"@id\":\"https:\\\/\\\/mont-roig.cat\\\/es\\\/#\\\/schema\\\/person\\\/f2b111789f22b7d0c3bd6786c9128cba\"},\"headline\":\"Vuelve el espacio de conversaci\u00f3n para j\u00f3venes \u201cSexpressa&#8217;t!\u201d a trav\u00e9s de videoconferencia\",\"datePublished\":\"2020-03-27T08:23:25+00:00\",\"mainEntityOfPage\":{\"@id\":\"https:\\\/\\\/mont-roig.cat\\\/es\\\/actualitat\\\/noticies\\\/vuelve-el-espacio-de-conversacion-para-jovenes-sexpressat-a-traves-de-videoconferencia\\\/\"},\"wordCount\":595,\"image\":{\"@id\":\"https:\\\/\\\/mont-roig.cat\\\/es\\\/actualitat\\\/noticies\\\/vuelve-el-espacio-de-conversacion-para-jovenes-sexpressat-a-traves-de-videoconferencia\\\/#primaryimage\"},\"thumbnailUrl\":\"https:\\\/\\\/mont-roig.cat\\\/wp-content\\\/uploads\\\/kdat-casa.png\",\"articleSection\":[\"Ayuntamiento\",\"Coronavirus\",\"Coronavirus - medidas sociales\",\"Juventud\"],\"inLanguage\":\"es\"},{\"@type\":\"WebPage\",\"@id\":\"https:\\\/\\\/mont-roig.cat\\\/es\\\/actualitat\\\/noticies\\\/vuelve-el-espacio-de-conversacion-para-jovenes-sexpressat-a-traves-de-videoconferencia\\\/\",\"url\":\"https:\\\/\\\/mont-roig.cat\\\/es\\\/actualitat\\\/noticies\\\/vuelve-el-espacio-de-conversacion-para-jovenes-sexpressat-a-traves-de-videoconferencia\\\/\",\"name\":\"Vuelve el espacio de conversaci\u00f3n para j\u00f3venes \u201cSexpressa't!\u201d a trav\u00e9s de videoconferencia - Ajuntament de Mont-roig del Camp\",\"isPartOf\":{\"@id\":\"https:\\\/\\\/mont-roig.cat\\\/es\\\/#website\"},\"primaryImageOfPage\":{\"@id\":\"https:\\\/\\\/mont-roig.cat\\\/es\\\/actualitat\\\/noticies\\\/vuelve-el-espacio-de-conversacion-para-jovenes-sexpressat-a-traves-de-videoconferencia\\\/#primaryimage\"},\"image\":{\"@id\":\"https:\\\/\\\/mont-roig.cat\\\/es\\\/actualitat\\\/noticies\\\/vuelve-el-espacio-de-conversacion-para-jovenes-sexpressat-a-traves-de-videoconferencia\\\/#primaryimage\"},\"thumbnailUrl\":\"https:\\\/\\\/mont-roig.cat\\\/wp-content\\\/uploads\\\/kdat-casa.png\",\"datePublished\":\"2020-03-27T08:23:25+00:00\",\"author\":{\"@id\":\"https:\\\/\\\/mont-roig.cat\\\/es\\\/#\\\/schema\\\/person\\\/f2b111789f22b7d0c3bd6786c9128cba\"},\"breadcrumb\":{\"@id\":\"https:\\\/\\\/mont-roig.cat\\\/es\\\/actualitat\\\/noticies\\\/vuelve-el-espacio-de-conversacion-para-jovenes-sexpressat-a-traves-de-videoconferencia\\\/#breadcrumb\"},\"inLanguage\":\"es\",\"potentialAction\":[{\"@type\":\"ReadAction\",\"target\":[\"https:\\\/\\\/mont-roig.cat\\\/es\\\/actualitat\\\/noticies\\\/vuelve-el-espacio-de-conversacion-para-jovenes-sexpressat-a-traves-de-videoconferencia\\\/\"]}]},{\"@type\":\"ImageObject\",\"inLanguage\":\"es\",\"@id\":\"https:\\\/\\\/mont-roig.cat\\\/es\\\/actualitat\\\/noticies\\\/vuelve-el-espacio-de-conversacion-para-jovenes-sexpressat-a-traves-de-videoconferencia\\\/#primaryimage\",\"url\":\"https:\\\/\\\/mont-roig.cat\\\/wp-content\\\/uploads\\\/kdat-casa.png\",\"contentUrl\":\"https:\\\/\\\/mont-roig.cat\\\/wp-content\\\/uploads\\\/kdat-casa.png\",\"width\":1080,\"height\":1080},{\"@type\":\"BreadcrumbList\",\"@id\":\"https:\\\/\\\/mont-roig.cat\\\/es\\\/actualitat\\\/noticies\\\/vuelve-el-espacio-de-conversacion-para-jovenes-sexpressat-a-traves-de-videoconferencia\\\/#breadcrumb\",\"itemListElement\":[{\"@type\":\"ListItem\",\"position\":1,\"name\":\"Inici\",\"item\":\"https:\\\/\\\/mont-roig.cat\\\/es\\\/pagina-de-inicio\\\/\"},{\"@type\":\"ListItem\",\"position\":2,\"name\":\"Vuelve el espacio de conversaci\u00f3n para j\u00f3venes \u201cSexpressa&#8217;t!\u201d a trav\u00e9s de videoconferencia\"}]},{\"@type\":\"WebSite\",\"@id\":\"https:\\\/\\\/mont-roig.cat\\\/es\\\/#website\",\"url\":\"https:\\\/\\\/mont-roig.cat\\\/es\\\/\",\"name\":\"Ajuntament de Mont-roig del Camp\",\"description\":\"Tota la informaci\u00f3 sobre la instituci\u00f3, els seus \u00f2rgans de govern, actualitat, serveis i molt m\u00e9s.\",\"potentialAction\":[{\"@type\":\"SearchAction\",\"target\":{\"@type\":\"EntryPoint\",\"urlTemplate\":\"https:\\\/\\\/mont-roig.cat\\\/es\\\/?s={search_term_string}\"},\"query-input\":{\"@type\":\"PropertyValueSpecification\",\"valueRequired\":true,\"valueName\":\"search_term_string\"}}],\"inLanguage\":\"es\"},{\"@type\":\"Person\",\"@id\":\"https:\\\/\\\/mont-roig.cat\\\/es\\\/#\\\/schema\\\/person\\\/f2b111789f22b7d0c3bd6786c9128cba\",\"name\":\"administrador\",\"image\":{\"@type\":\"ImageObject\",\"inLanguage\":\"es\",\"@id\":\"https:\\\/\\\/secure.gravatar.com\\\/avatar\\\/9137aac6891e2595c9d3036fd83bcb653b4db3c946db4c7d9b9be193c3c944bb?s=96&d=mm&r=g\",\"url\":\"https:\\\/\\\/secure.gravatar.com\\\/avatar\\\/9137aac6891e2595c9d3036fd83bcb653b4db3c946db4c7d9b9be193c3c944bb?s=96&d=mm&r=g\",\"contentUrl\":\"https:\\\/\\\/secure.gravatar.com\\\/avatar\\\/9137aac6891e2595c9d3036fd83bcb653b4db3c946db4c7d9b9be193c3c944bb?s=96&d=mm&r=g\",\"caption\":\"administrador\"},\"url\":\"https:\\\/\\\/mont-roig.cat\\\/es\\\/actualitat\\\/noticies\\\/author\\\/administrador\\\/\"}]}<\/script>\n<!-- \/ Yoast SEO plugin. -->","yoast_head_json":{"title":"Vuelve el espacio de conversaci\u00f3n para j\u00f3venes \u201cSexpressa't!\u201d a trav\u00e9s de videoconferencia - Ajuntament de Mont-roig del Camp","robots":{"index":"index","follow":"follow","max-snippet":"max-snippet:-1","max-image-preview":"max-image-preview:large","max-video-preview":"max-video-preview:-1"},"canonical":"https:\/\/mont-roig.cat\/es\/actualitat\/noticies\/vuelve-el-espacio-de-conversacion-para-jovenes-sexpressat-a-traves-de-videoconferencia\/","og_locale":"es_ES","og_type":"article","og_title":"Vuelve el espacio de conversaci\u00f3n para j\u00f3venes \u201cSexpressa't!\u201d a trav\u00e9s de videoconferencia - Ajuntament de Mont-roig del Camp","og_description":"El departamento de Juventud ha adaptado las actividades para mantener el contacto con los chicos y chicas y ha puesto en marcha nuevas herramientas de comunicaci\u00f3n, como un nuevo canal de Telegram Tambi\u00e9n se han programado otras actividades como un concurso de microrrelatos, talleres de cocina y acciones espec\u00edficas coincidiendo con la Hora del Planeta, [&hellip;]","og_url":"https:\/\/mont-roig.cat\/es\/actualitat\/noticies\/vuelve-el-espacio-de-conversacion-para-jovenes-sexpressat-a-traves-de-videoconferencia\/","og_site_name":"Ajuntament de Mont-roig del Camp","article_published_time":"2020-03-27T08:23:25+00:00","og_image":[{"width":1080,"height":1080,"url":"https:\/\/mont-roig.cat\/wp-content\/uploads\/kdat-casa.png","type":"image\/png"}],"author":"administrador","twitter_card":"summary_large_image","twitter_misc":{"Escrito por":"administrador","Tiempo de lectura":"3 minutos"},"schema":{"@context":"https:\/\/schema.org","@graph":[{"@type":"Article","@id":"https:\/\/mont-roig.cat\/es\/actualitat\/noticies\/vuelve-el-espacio-de-conversacion-para-jovenes-sexpressat-a-traves-de-videoconferencia\/#article","isPartOf":{"@id":"https:\/\/mont-roig.cat\/es\/actualitat\/noticies\/vuelve-el-espacio-de-conversacion-para-jovenes-sexpressat-a-traves-de-videoconferencia\/"},"author":{"name":"administrador","@id":"https:\/\/mont-roig.cat\/es\/#\/schema\/person\/f2b111789f22b7d0c3bd6786c9128cba"},"headline":"Vuelve el espacio de conversaci\u00f3n para j\u00f3venes \u201cSexpressa&#8217;t!\u201d a trav\u00e9s de videoconferencia","datePublished":"2020-03-27T08:23:25+00:00","mainEntityOfPage":{"@id":"https:\/\/mont-roig.cat\/es\/actualitat\/noticies\/vuelve-el-espacio-de-conversacion-para-jovenes-sexpressat-a-traves-de-videoconferencia\/"},"wordCount":595,"image":{"@id":"https:\/\/mont-roig.cat\/es\/actualitat\/noticies\/vuelve-el-espacio-de-conversacion-para-jovenes-sexpressat-a-traves-de-videoconferencia\/#primaryimage"},"thumbnailUrl":"https:\/\/mont-roig.cat\/wp-content\/uploads\/kdat-casa.png","articleSection":["Ayuntamiento","Coronavirus","Coronavirus - medidas sociales","Juventud"],"inLanguage":"es"},{"@type":"WebPage","@id":"https:\/\/mont-roig.cat\/es\/actualitat\/noticies\/vuelve-el-espacio-de-conversacion-para-jovenes-sexpressat-a-traves-de-videoconferencia\/","url":"https:\/\/mont-roig.cat\/es\/actualitat\/noticies\/vuelve-el-espacio-de-conversacion-para-jovenes-sexpressat-a-traves-de-videoconferencia\/","name":"Vuelve el espacio de conversaci\u00f3n para j\u00f3venes \u201cSexpressa't!\u201d a trav\u00e9s de videoconferencia - Ajuntament de Mont-roig del Camp","isPartOf":{"@id":"https:\/\/mont-roig.cat\/es\/#website"},"primaryImageOfPage":{"@id":"https:\/\/mont-roig.cat\/es\/actualitat\/noticies\/vuelve-el-espacio-de-conversacion-para-jovenes-sexpressat-a-traves-de-videoconferencia\/#primaryimage"},"image":{"@id":"https:\/\/mont-roig.cat\/es\/actualitat\/noticies\/vuelve-el-espacio-de-conversacion-para-jovenes-sexpressat-a-traves-de-videoconferencia\/#primaryimage"},"thumbnailUrl":"https:\/\/mont-roig.cat\/wp-content\/uploads\/kdat-casa.png","datePublished":"2020-03-27T08:23:25+00:00","author":{"@id":"https:\/\/mont-roig.cat\/es\/#\/schema\/person\/f2b111789f22b7d0c3bd6786c9128cba"},"breadcrumb":{"@id":"https:\/\/mont-roig.cat\/es\/actualitat\/noticies\/vuelve-el-espacio-de-conversacion-para-jovenes-sexpressat-a-traves-de-videoconferencia\/#breadcrumb"},"inLanguage":"es","potentialAction":[{"@type":"ReadAction","target":["https:\/\/mont-roig.cat\/es\/actualitat\/noticies\/vuelve-el-espacio-de-conversacion-para-jovenes-sexpressat-a-traves-de-videoconferencia\/"]}]},{"@type":"ImageObject","inLanguage":"es","@id":"https:\/\/mont-roig.cat\/es\/actualitat\/noticies\/vuelve-el-espacio-de-conversacion-para-jovenes-sexpressat-a-traves-de-videoconferencia\/#primaryimage","url":"https:\/\/mont-roig.cat\/wp-content\/uploads\/kdat-casa.png","contentUrl":"https:\/\/mont-roig.cat\/wp-content\/uploads\/kdat-casa.png","width":1080,"height":1080},{"@type":"BreadcrumbList","@id":"https:\/\/mont-roig.cat\/es\/actualitat\/noticies\/vuelve-el-espacio-de-conversacion-para-jovenes-sexpressat-a-traves-de-videoconferencia\/#breadcrumb","itemListElement":[{"@type":"ListItem","position":1,"name":"Inici","item":"https:\/\/mont-roig.cat\/es\/pagina-de-inicio\/"},{"@type":"ListItem","position":2,"name":"Vuelve el espacio de conversaci\u00f3n para j\u00f3venes \u201cSexpressa&#8217;t!\u201d a trav\u00e9s de videoconferencia"}]},{"@type":"WebSite","@id":"https:\/\/mont-roig.cat\/es\/#website","url":"https:\/\/mont-roig.cat\/es\/","name":"Ajuntament de Mont-roig del Camp","description":"Tota la informaci\u00f3 sobre la instituci\u00f3, els seus \u00f2rgans de govern, actualitat, serveis i molt m\u00e9s.","potentialAction":[{"@type":"SearchAction","target":{"@type":"EntryPoint","urlTemplate":"https:\/\/mont-roig.cat\/es\/?s={search_term_string}"},"query-input":{"@type":"PropertyValueSpecification","valueRequired":true,"valueName":"search_term_string"}}],"inLanguage":"es"},{"@type":"Person","@id":"https:\/\/mont-roig.cat\/es\/#\/schema\/person\/f2b111789f22b7d0c3bd6786c9128cba","name":"administrador","image":{"@type":"ImageObject","inLanguage":"es","@id":"https:\/\/secure.gravatar.com\/avatar\/9137aac6891e2595c9d3036fd83bcb653b4db3c946db4c7d9b9be193c3c944bb?s=96&d=mm&r=g","url":"https:\/\/secure.gravatar.com\/avatar\/9137aac6891e2595c9d3036fd83bcb653b4db3c946db4c7d9b9be193c3c944bb?s=96&d=mm&r=g","contentUrl":"https:\/\/secure.gravatar.com\/avatar\/9137aac6891e2595c9d3036fd83bcb653b4db3c946db4c7d9b9be193c3c944bb?s=96&d=mm&r=g","caption":"administrador"},"url":"https:\/\/mont-roig.cat\/es\/actualitat\/noticies\/author\/administrador\/"}]}},"_links":{"self":[{"href":"https:\/\/mont-roig.cat\/es\/wp-json\/wp\/v2\/posts\/44670","targetHints":{"allow":["GET"]}}],"collection":[{"href":"https:\/\/mont-roig.cat\/es\/wp-json\/wp\/v2\/posts"}],"about":[{"href":"https:\/\/mont-roig.cat\/es\/wp-json\/wp\/v2\/types\/post"}],"author":[{"embeddable":true,"href":"https:\/\/mont-roig.cat\/es\/wp-json\/wp\/v2\/users\/4"}],"replies":[{"embeddable":true,"href":"https:\/\/mont-roig.cat\/es\/wp-json\/wp\/v2\/comments?post=44670"}],"version-history":[{"count":2,"href":"https:\/\/mont-roig.cat\/es\/wp-json\/wp\/v2\/posts\/44670\/revisions"}],"predecessor-version":[{"id":44672,"href":"https:\/\/mont-roig.cat\/es\/wp-json\/wp\/v2\/posts\/44670\/revisions\/44672"}],"wp:featuredmedia":[{"embeddable":true,"href":"https:\/\/mont-roig.cat\/es\/wp-json\/wp\/v2\/media\/44668"}],"wp:attachment":[{"href":"https:\/\/mont-roig.cat\/es\/wp-json\/wp\/v2\/media?parent=44670"}],"wp:term":[{"taxonomy":"category","embeddable":true,"href":"https:\/\/mont-roig.cat\/es\/wp-json\/wp\/v2\/categories?post=44670"},{"taxonomy":"post_tag","embeddable":true,"href":"https:\/\/mont-roig.cat\/es\/wp-json\/wp\/v2\/tags?post=44670"}],"curies":[{"name":"wp","href":"https:\/\/api.w.org\/{rel}","templated":true}]}}