{"id":44680,"date":"2020-03-27T11:38:37","date_gmt":"2020-03-27T10:38:37","guid":{"rendered":"https:\/\/mont-roig.cat\/actualitat\/noticies\/lajuntament-de-mont-roig-del-camp-permetra-aixecar-la-suspensio-de-terminis-per-lestat-de-lalarma-en-alguns-casos-si-linteressat-ho-sollicita\/"},"modified":"2020-03-27T11:55:01","modified_gmt":"2020-03-27T10:55:01","slug":"el-ayuntamiento-de-mont-roig-del-camp-permitira-levantar-la-suspension-de-plazos-por-el-estado-de-la-alarma-en-algunos-casos-si-el-interesado-lo-solicita","status":"publish","type":"post","link":"https:\/\/mont-roig.cat\/es\/actualitat\/noticies\/el-ayuntamiento-de-mont-roig-del-camp-permitira-levantar-la-suspension-de-plazos-por-el-estado-de-la-alarma-en-algunos-casos-si-el-interesado-lo-solicita\/","title":{"rendered":"El Ayuntamiento de Mont-roig del Camp permitir\u00e1 levantar la suspensi\u00f3n de plazos por el estado de la alarma en algunos casos si el interesado lo solicita"},"content":{"rendered":"<ul>\n<li><strong><a href=\"https:\/\/mont-roig.cat\/wp-content\/uploads\/tr\u00e0mits-administratius.jpeg\"><img loading=\"lazy\" decoding=\"async\" class=\"alignright wp-image-44677\" src=\"https:\/\/mont-roig.cat\/wp-content\/uploads\/tr\u00e0mits-administratius-500x377.jpeg\" alt=\"\" width=\"315\" height=\"237\" srcset=\"https:\/\/mont-roig.cat\/wp-content\/uploads\/tr\u00e0mits-administratius-500x377.jpeg 500w, https:\/\/mont-roig.cat\/wp-content\/uploads\/tr\u00e0mits-administratius-768x579.jpeg 768w, https:\/\/mont-roig.cat\/wp-content\/uploads\/tr\u00e0mits-administratius-463x348.jpeg 463w, https:\/\/mont-roig.cat\/wp-content\/uploads\/tr\u00e0mits-administratius.jpeg 893w\" sizes=\"auto, (max-width: 315px) 100vw, 315px\" \/><\/a>El objetivo de la medida que ha tomado el consistorio es no entorpecer la poca actividad econ\u00f3mica que pueda continuar activa<\/strong><\/li>\n<\/ul>\n<p>El Ayuntamiento de Mont-roig del Camp ha decidido mantener la tramitaci\u00f3n ordinaria de algunas actividades que hab\u00edan sido suspendidas por el estado de alarma, siempre y cuando los interesados \u200b\u200blo soliciten oficialmente a trav\u00e9s de la sede electr\u00f3nica de la instituci\u00f3n.<\/p>\n<p>Hay que recordar que el estado de alarma decretado por el gobierno estatal el pasado 16 de marzo y que de momento se ha prorrogado hasta el d\u00eda 11 de abril ha suspendido todos los plazos de los procedimientos que estaban realizando los diversos organismos tales como licitaciones, licencias de obras, procesos de personal, subvenciones, etc. Con todo, la ley permit\u00eda en casos excepcionales levantar esta suspensi\u00f3n dictada con car\u00e1cter de urgencia.<\/p>\n<p>Por este motivo, el Ayuntamiento de Mont-roig del Camp ha decidido agarrarse a este punto para permitir continuar con la tramitaci\u00f3n administrativa de algunos expedientes y que se mantengan los plazos inicialmente establecidos. El objetivo final es no entorpecer la poca actividad econ\u00f3mica que queda activa y continuar dando servicio a la ciudadan\u00eda en la medida de lo posible.<\/p>\n<p><strong>Se debe solicitar expresamente el levantamiento de los plazos<\/strong><\/p>\n<p>Todos los interesados \u200b\u200bque quieran utilizar esta opci\u00f3n de mantener los plazos deben hacerlo a trav\u00e9s de la sede electr\u00f3nica del Ayuntamiento de Mont-roig del Camp (www.mont-roig.cat\/seu-electronica).<\/p>\n<p>Esta solicitud debe hacerse a trav\u00e9s de un nuevo tr\u00e1mite espec\u00edfico: CONFORMIDAD PARA CONTINUAR CON EL PROCEDIMIENTO DURANTE EL ESTADO DE ALARMA<\/p>\n<p>El enlace de conformidad para continuar con el procedimiento y la no suspensi\u00f3n de los plazos administrativos durante el estado de alarma es este: <a href=\"https:\/\/mont-roig.eadministracio.cat\/catalog\/t\/21285ddc-50d3-4359-b020-e44d0bff3139\">https:\/\/mont-roig.eadministracio.cat\/catalog\/t\/21285ddc-50d3-4359-b020-e44d0bff3139<\/a><\/p>\n","protected":false},"excerpt":{"rendered":"<p>El objetivo de la medida que ha tomado el consistorio es no entorpecer la poca actividad econ\u00f3mica que pueda continuar activa El Ayuntamiento de Mont-roig del Camp ha decidido mantener la tramitaci\u00f3n ordinaria de algunas actividades que hab\u00edan sido suspendidas por el estado de alarma, siempre y cuando los interesados \u200b\u200blo soliciten oficialmente a trav\u00e9s [&hellip;]<\/p>\n","protected":false},"author":4,"featured_media":44677,"comment_status":"closed","ping_status":"closed","sticky":false,"template":"","format":"standard","meta":{"inline_featured_image":false,"_monsterinsights_skip_tracking":false,"_monsterinsights_sitenote_active":false,"_monsterinsights_sitenote_note":"","_monsterinsights_sitenote_category":0,"footnotes":""},"categories":[98,178,186],"tags":[],"class_list":["post-44680","post","type-post","status-publish","format-standard","has-post-thumbnail","hentry","category-ayuntamiento","category-coronavirus","category-coronavirus-otras"],"yoast_head":"<!-- This site is optimized with the Yoast SEO plugin v27.4 - https:\/\/yoast.com\/product\/yoast-seo-wordpress\/ -->\n<title>El Ayuntamiento de Mont-roig del Camp permitir\u00e1 levantar la suspensi\u00f3n de plazos por el estado de la alarma en algunos casos si el interesado lo solicita - Ajuntament de Mont-roig del Camp<\/title>\n<meta name=\"robots\" content=\"index, follow, max-snippet:-1, max-image-preview:large, max-video-preview:-1\" \/>\n<link rel=\"canonical\" href=\"https:\/\/mont-roig.cat\/es\/actualitat\/noticies\/el-ayuntamiento-de-mont-roig-del-camp-permitira-levantar-la-suspension-de-plazos-por-el-estado-de-la-alarma-en-algunos-casos-si-el-interesado-lo-solicita\/\" \/>\n<meta property=\"og:locale\" content=\"es_ES\" \/>\n<meta property=\"og:type\" content=\"article\" \/>\n<meta property=\"og:title\" content=\"El Ayuntamiento de Mont-roig del Camp permitir\u00e1 levantar la suspensi\u00f3n de plazos por el estado de la alarma en algunos casos si el interesado lo solicita - Ajuntament de Mont-roig del Camp\" \/>\n<meta property=\"og:description\" content=\"El objetivo de la medida que ha tomado el consistorio es no entorpecer la poca actividad econ\u00f3mica que pueda continuar activa El Ayuntamiento de Mont-roig del Camp ha decidido mantener la tramitaci\u00f3n ordinaria de algunas actividades que hab\u00edan sido suspendidas por el estado de alarma, siempre y cuando los interesados \u200b\u200blo soliciten oficialmente a trav\u00e9s [&hellip;]\" \/>\n<meta property=\"og:url\" content=\"https:\/\/mont-roig.cat\/es\/actualitat\/noticies\/el-ayuntamiento-de-mont-roig-del-camp-permitira-levantar-la-suspension-de-plazos-por-el-estado-de-la-alarma-en-algunos-casos-si-el-interesado-lo-solicita\/\" \/>\n<meta property=\"og:site_name\" content=\"Ajuntament de Mont-roig del Camp\" \/>\n<meta property=\"article:published_time\" content=\"2020-03-27T10:38:37+00:00\" \/>\n<meta property=\"article:modified_time\" content=\"2020-03-27T10:55:01+00:00\" \/>\n<meta property=\"og:image\" content=\"https:\/\/mont-roig.cat\/wp-content\/uploads\/tr\u00e0mits-administratius.jpeg\" \/>\n\t<meta property=\"og:image:width\" content=\"893\" \/>\n\t<meta property=\"og:image:height\" content=\"673\" \/>\n\t<meta property=\"og:image:type\" content=\"image\/jpeg\" \/>\n<meta name=\"author\" content=\"administrador\" \/>\n<meta name=\"twitter:card\" content=\"summary_large_image\" \/>\n<meta name=\"twitter:label1\" content=\"Escrito por\" \/>\n\t<meta name=\"twitter:data1\" content=\"administrador\" \/>\n\t<meta name=\"twitter:label2\" content=\"Tiempo de lectura\" \/>\n\t<meta name=\"twitter:data2\" content=\"2 minutos\" \/>\n<script type=\"application\/ld+json\" class=\"yoast-schema-graph\">{\"@context\":\"https:\\\/\\\/schema.org\",\"@graph\":[{\"@type\":\"Article\",\"@id\":\"https:\\\/\\\/mont-roig.cat\\\/es\\\/actualitat\\\/noticies\\\/el-ayuntamiento-de-mont-roig-del-camp-permitira-levantar-la-suspension-de-plazos-por-el-estado-de-la-alarma-en-algunos-casos-si-el-interesado-lo-solicita\\\/#article\",\"isPartOf\":{\"@id\":\"https:\\\/\\\/mont-roig.cat\\\/es\\\/actualitat\\\/noticies\\\/el-ayuntamiento-de-mont-roig-del-camp-permitira-levantar-la-suspension-de-plazos-por-el-estado-de-la-alarma-en-algunos-casos-si-el-interesado-lo-solicita\\\/\"},\"author\":{\"name\":\"administrador\",\"@id\":\"https:\\\/\\\/mont-roig.cat\\\/es\\\/#\\\/schema\\\/person\\\/f2b111789f22b7d0c3bd6786c9128cba\"},\"headline\":\"El Ayuntamiento de Mont-roig del Camp permitir\u00e1 levantar la suspensi\u00f3n de plazos por el estado de la alarma en algunos casos si el interesado lo solicita\",\"datePublished\":\"2020-03-27T10:38:37+00:00\",\"dateModified\":\"2020-03-27T10:55:01+00:00\",\"mainEntityOfPage\":{\"@id\":\"https:\\\/\\\/mont-roig.cat\\\/es\\\/actualitat\\\/noticies\\\/el-ayuntamiento-de-mont-roig-del-camp-permitira-levantar-la-suspension-de-plazos-por-el-estado-de-la-alarma-en-algunos-casos-si-el-interesado-lo-solicita\\\/\"},\"wordCount\":340,\"image\":{\"@id\":\"https:\\\/\\\/mont-roig.cat\\\/es\\\/actualitat\\\/noticies\\\/el-ayuntamiento-de-mont-roig-del-camp-permitira-levantar-la-suspension-de-plazos-por-el-estado-de-la-alarma-en-algunos-casos-si-el-interesado-lo-solicita\\\/#primaryimage\"},\"thumbnailUrl\":\"https:\\\/\\\/mont-roig.cat\\\/wp-content\\\/uploads\\\/tr\u00e0mits-administratius.jpeg\",\"articleSection\":[\"Ayuntamiento\",\"Coronavirus\",\"Coronavirus - otras medidas\"],\"inLanguage\":\"es\"},{\"@type\":\"WebPage\",\"@id\":\"https:\\\/\\\/mont-roig.cat\\\/es\\\/actualitat\\\/noticies\\\/el-ayuntamiento-de-mont-roig-del-camp-permitira-levantar-la-suspension-de-plazos-por-el-estado-de-la-alarma-en-algunos-casos-si-el-interesado-lo-solicita\\\/\",\"url\":\"https:\\\/\\\/mont-roig.cat\\\/es\\\/actualitat\\\/noticies\\\/el-ayuntamiento-de-mont-roig-del-camp-permitira-levantar-la-suspension-de-plazos-por-el-estado-de-la-alarma-en-algunos-casos-si-el-interesado-lo-solicita\\\/\",\"name\":\"El Ayuntamiento de Mont-roig del Camp permitir\u00e1 levantar la suspensi\u00f3n de plazos por el estado de la alarma en algunos casos si el interesado lo solicita - Ajuntament de Mont-roig del Camp\",\"isPartOf\":{\"@id\":\"https:\\\/\\\/mont-roig.cat\\\/es\\\/#website\"},\"primaryImageOfPage\":{\"@id\":\"https:\\\/\\\/mont-roig.cat\\\/es\\\/actualitat\\\/noticies\\\/el-ayuntamiento-de-mont-roig-del-camp-permitira-levantar-la-suspension-de-plazos-por-el-estado-de-la-alarma-en-algunos-casos-si-el-interesado-lo-solicita\\\/#primaryimage\"},\"image\":{\"@id\":\"https:\\\/\\\/mont-roig.cat\\\/es\\\/actualitat\\\/noticies\\\/el-ayuntamiento-de-mont-roig-del-camp-permitira-levantar-la-suspension-de-plazos-por-el-estado-de-la-alarma-en-algunos-casos-si-el-interesado-lo-solicita\\\/#primaryimage\"},\"thumbnailUrl\":\"https:\\\/\\\/mont-roig.cat\\\/wp-content\\\/uploads\\\/tr\u00e0mits-administratius.jpeg\",\"datePublished\":\"2020-03-27T10:38:37+00:00\",\"dateModified\":\"2020-03-27T10:55:01+00:00\",\"author\":{\"@id\":\"https:\\\/\\\/mont-roig.cat\\\/es\\\/#\\\/schema\\\/person\\\/f2b111789f22b7d0c3bd6786c9128cba\"},\"breadcrumb\":{\"@id\":\"https:\\\/\\\/mont-roig.cat\\\/es\\\/actualitat\\\/noticies\\\/el-ayuntamiento-de-mont-roig-del-camp-permitira-levantar-la-suspension-de-plazos-por-el-estado-de-la-alarma-en-algunos-casos-si-el-interesado-lo-solicita\\\/#breadcrumb\"},\"inLanguage\":\"es\",\"potentialAction\":[{\"@type\":\"ReadAction\",\"target\":[\"https:\\\/\\\/mont-roig.cat\\\/es\\\/actualitat\\\/noticies\\\/el-ayuntamiento-de-mont-roig-del-camp-permitira-levantar-la-suspension-de-plazos-por-el-estado-de-la-alarma-en-algunos-casos-si-el-interesado-lo-solicita\\\/\"]}]},{\"@type\":\"ImageObject\",\"inLanguage\":\"es\",\"@id\":\"https:\\\/\\\/mont-roig.cat\\\/es\\\/actualitat\\\/noticies\\\/el-ayuntamiento-de-mont-roig-del-camp-permitira-levantar-la-suspension-de-plazos-por-el-estado-de-la-alarma-en-algunos-casos-si-el-interesado-lo-solicita\\\/#primaryimage\",\"url\":\"https:\\\/\\\/mont-roig.cat\\\/wp-content\\\/uploads\\\/tr\u00e0mits-administratius.jpeg\",\"contentUrl\":\"https:\\\/\\\/mont-roig.cat\\\/wp-content\\\/uploads\\\/tr\u00e0mits-administratius.jpeg\",\"width\":893,\"height\":673},{\"@type\":\"BreadcrumbList\",\"@id\":\"https:\\\/\\\/mont-roig.cat\\\/es\\\/actualitat\\\/noticies\\\/el-ayuntamiento-de-mont-roig-del-camp-permitira-levantar-la-suspension-de-plazos-por-el-estado-de-la-alarma-en-algunos-casos-si-el-interesado-lo-solicita\\\/#breadcrumb\",\"itemListElement\":[{\"@type\":\"ListItem\",\"position\":1,\"name\":\"Inici\",\"item\":\"https:\\\/\\\/mont-roig.cat\\\/es\\\/pagina-de-inicio\\\/\"},{\"@type\":\"ListItem\",\"position\":2,\"name\":\"El Ayuntamiento de Mont-roig del Camp permitir\u00e1 levantar la suspensi\u00f3n de plazos por el estado de la alarma en algunos casos si el interesado lo solicita\"}]},{\"@type\":\"WebSite\",\"@id\":\"https:\\\/\\\/mont-roig.cat\\\/es\\\/#website\",\"url\":\"https:\\\/\\\/mont-roig.cat\\\/es\\\/\",\"name\":\"Ajuntament de Mont-roig del Camp\",\"description\":\"Tota la informaci\u00f3 sobre la instituci\u00f3, els seus \u00f2rgans de govern, actualitat, serveis i molt m\u00e9s.\",\"potentialAction\":[{\"@type\":\"SearchAction\",\"target\":{\"@type\":\"EntryPoint\",\"urlTemplate\":\"https:\\\/\\\/mont-roig.cat\\\/es\\\/?s={search_term_string}\"},\"query-input\":{\"@type\":\"PropertyValueSpecification\",\"valueRequired\":true,\"valueName\":\"search_term_string\"}}],\"inLanguage\":\"es\"},{\"@type\":\"Person\",\"@id\":\"https:\\\/\\\/mont-roig.cat\\\/es\\\/#\\\/schema\\\/person\\\/f2b111789f22b7d0c3bd6786c9128cba\",\"name\":\"administrador\",\"image\":{\"@type\":\"ImageObject\",\"inLanguage\":\"es\",\"@id\":\"https:\\\/\\\/secure.gravatar.com\\\/avatar\\\/9137aac6891e2595c9d3036fd83bcb653b4db3c946db4c7d9b9be193c3c944bb?s=96&d=mm&r=g\",\"url\":\"https:\\\/\\\/secure.gravatar.com\\\/avatar\\\/9137aac6891e2595c9d3036fd83bcb653b4db3c946db4c7d9b9be193c3c944bb?s=96&d=mm&r=g\",\"contentUrl\":\"https:\\\/\\\/secure.gravatar.com\\\/avatar\\\/9137aac6891e2595c9d3036fd83bcb653b4db3c946db4c7d9b9be193c3c944bb?s=96&d=mm&r=g\",\"caption\":\"administrador\"},\"url\":\"https:\\\/\\\/mont-roig.cat\\\/es\\\/actualitat\\\/noticies\\\/author\\\/administrador\\\/\"}]}<\/script>\n<!-- \/ Yoast SEO plugin. -->","yoast_head_json":{"title":"El Ayuntamiento de Mont-roig del Camp permitir\u00e1 levantar la suspensi\u00f3n de plazos por el estado de la alarma en algunos casos si el interesado lo solicita - Ajuntament de Mont-roig del Camp","robots":{"index":"index","follow":"follow","max-snippet":"max-snippet:-1","max-image-preview":"max-image-preview:large","max-video-preview":"max-video-preview:-1"},"canonical":"https:\/\/mont-roig.cat\/es\/actualitat\/noticies\/el-ayuntamiento-de-mont-roig-del-camp-permitira-levantar-la-suspension-de-plazos-por-el-estado-de-la-alarma-en-algunos-casos-si-el-interesado-lo-solicita\/","og_locale":"es_ES","og_type":"article","og_title":"El Ayuntamiento de Mont-roig del Camp permitir\u00e1 levantar la suspensi\u00f3n de plazos por el estado de la alarma en algunos casos si el interesado lo solicita - Ajuntament de Mont-roig del Camp","og_description":"El objetivo de la medida que ha tomado el consistorio es no entorpecer la poca actividad econ\u00f3mica que pueda continuar activa El Ayuntamiento de Mont-roig del Camp ha decidido mantener la tramitaci\u00f3n ordinaria de algunas actividades que hab\u00edan sido suspendidas por el estado de alarma, siempre y cuando los interesados \u200b\u200blo soliciten oficialmente a trav\u00e9s [&hellip;]","og_url":"https:\/\/mont-roig.cat\/es\/actualitat\/noticies\/el-ayuntamiento-de-mont-roig-del-camp-permitira-levantar-la-suspension-de-plazos-por-el-estado-de-la-alarma-en-algunos-casos-si-el-interesado-lo-solicita\/","og_site_name":"Ajuntament de Mont-roig del Camp","article_published_time":"2020-03-27T10:38:37+00:00","article_modified_time":"2020-03-27T10:55:01+00:00","og_image":[{"width":893,"height":673,"url":"https:\/\/mont-roig.cat\/wp-content\/uploads\/tr\u00e0mits-administratius.jpeg","type":"image\/jpeg"}],"author":"administrador","twitter_card":"summary_large_image","twitter_misc":{"Escrito por":"administrador","Tiempo de lectura":"2 minutos"},"schema":{"@context":"https:\/\/schema.org","@graph":[{"@type":"Article","@id":"https:\/\/mont-roig.cat\/es\/actualitat\/noticies\/el-ayuntamiento-de-mont-roig-del-camp-permitira-levantar-la-suspension-de-plazos-por-el-estado-de-la-alarma-en-algunos-casos-si-el-interesado-lo-solicita\/#article","isPartOf":{"@id":"https:\/\/mont-roig.cat\/es\/actualitat\/noticies\/el-ayuntamiento-de-mont-roig-del-camp-permitira-levantar-la-suspension-de-plazos-por-el-estado-de-la-alarma-en-algunos-casos-si-el-interesado-lo-solicita\/"},"author":{"name":"administrador","@id":"https:\/\/mont-roig.cat\/es\/#\/schema\/person\/f2b111789f22b7d0c3bd6786c9128cba"},"headline":"El Ayuntamiento de Mont-roig del Camp permitir\u00e1 levantar la suspensi\u00f3n de plazos por el estado de la alarma en algunos casos si el interesado lo solicita","datePublished":"2020-03-27T10:38:37+00:00","dateModified":"2020-03-27T10:55:01+00:00","mainEntityOfPage":{"@id":"https:\/\/mont-roig.cat\/es\/actualitat\/noticies\/el-ayuntamiento-de-mont-roig-del-camp-permitira-levantar-la-suspension-de-plazos-por-el-estado-de-la-alarma-en-algunos-casos-si-el-interesado-lo-solicita\/"},"wordCount":340,"image":{"@id":"https:\/\/mont-roig.cat\/es\/actualitat\/noticies\/el-ayuntamiento-de-mont-roig-del-camp-permitira-levantar-la-suspension-de-plazos-por-el-estado-de-la-alarma-en-algunos-casos-si-el-interesado-lo-solicita\/#primaryimage"},"thumbnailUrl":"https:\/\/mont-roig.cat\/wp-content\/uploads\/tr\u00e0mits-administratius.jpeg","articleSection":["Ayuntamiento","Coronavirus","Coronavirus - otras medidas"],"inLanguage":"es"},{"@type":"WebPage","@id":"https:\/\/mont-roig.cat\/es\/actualitat\/noticies\/el-ayuntamiento-de-mont-roig-del-camp-permitira-levantar-la-suspension-de-plazos-por-el-estado-de-la-alarma-en-algunos-casos-si-el-interesado-lo-solicita\/","url":"https:\/\/mont-roig.cat\/es\/actualitat\/noticies\/el-ayuntamiento-de-mont-roig-del-camp-permitira-levantar-la-suspension-de-plazos-por-el-estado-de-la-alarma-en-algunos-casos-si-el-interesado-lo-solicita\/","name":"El Ayuntamiento de Mont-roig del Camp permitir\u00e1 levantar la suspensi\u00f3n de plazos por el estado de la alarma en algunos casos si el interesado lo solicita - Ajuntament de Mont-roig del Camp","isPartOf":{"@id":"https:\/\/mont-roig.cat\/es\/#website"},"primaryImageOfPage":{"@id":"https:\/\/mont-roig.cat\/es\/actualitat\/noticies\/el-ayuntamiento-de-mont-roig-del-camp-permitira-levantar-la-suspension-de-plazos-por-el-estado-de-la-alarma-en-algunos-casos-si-el-interesado-lo-solicita\/#primaryimage"},"image":{"@id":"https:\/\/mont-roig.cat\/es\/actualitat\/noticies\/el-ayuntamiento-de-mont-roig-del-camp-permitira-levantar-la-suspension-de-plazos-por-el-estado-de-la-alarma-en-algunos-casos-si-el-interesado-lo-solicita\/#primaryimage"},"thumbnailUrl":"https:\/\/mont-roig.cat\/wp-content\/uploads\/tr\u00e0mits-administratius.jpeg","datePublished":"2020-03-27T10:38:37+00:00","dateModified":"2020-03-27T10:55:01+00:00","author":{"@id":"https:\/\/mont-roig.cat\/es\/#\/schema\/person\/f2b111789f22b7d0c3bd6786c9128cba"},"breadcrumb":{"@id":"https:\/\/mont-roig.cat\/es\/actualitat\/noticies\/el-ayuntamiento-de-mont-roig-del-camp-permitira-levantar-la-suspension-de-plazos-por-el-estado-de-la-alarma-en-algunos-casos-si-el-interesado-lo-solicita\/#breadcrumb"},"inLanguage":"es","potentialAction":[{"@type":"ReadAction","target":["https:\/\/mont-roig.cat\/es\/actualitat\/noticies\/el-ayuntamiento-de-mont-roig-del-camp-permitira-levantar-la-suspension-de-plazos-por-el-estado-de-la-alarma-en-algunos-casos-si-el-interesado-lo-solicita\/"]}]},{"@type":"ImageObject","inLanguage":"es","@id":"https:\/\/mont-roig.cat\/es\/actualitat\/noticies\/el-ayuntamiento-de-mont-roig-del-camp-permitira-levantar-la-suspension-de-plazos-por-el-estado-de-la-alarma-en-algunos-casos-si-el-interesado-lo-solicita\/#primaryimage","url":"https:\/\/mont-roig.cat\/wp-content\/uploads\/tr\u00e0mits-administratius.jpeg","contentUrl":"https:\/\/mont-roig.cat\/wp-content\/uploads\/tr\u00e0mits-administratius.jpeg","width":893,"height":673},{"@type":"BreadcrumbList","@id":"https:\/\/mont-roig.cat\/es\/actualitat\/noticies\/el-ayuntamiento-de-mont-roig-del-camp-permitira-levantar-la-suspension-de-plazos-por-el-estado-de-la-alarma-en-algunos-casos-si-el-interesado-lo-solicita\/#breadcrumb","itemListElement":[{"@type":"ListItem","position":1,"name":"Inici","item":"https:\/\/mont-roig.cat\/es\/pagina-de-inicio\/"},{"@type":"ListItem","position":2,"name":"El Ayuntamiento de Mont-roig del Camp permitir\u00e1 levantar la suspensi\u00f3n de plazos por el estado de la alarma en algunos casos si el interesado lo solicita"}]},{"@type":"WebSite","@id":"https:\/\/mont-roig.cat\/es\/#website","url":"https:\/\/mont-roig.cat\/es\/","name":"Ajuntament de Mont-roig del Camp","description":"Tota la informaci\u00f3 sobre la instituci\u00f3, els seus \u00f2rgans de govern, actualitat, serveis i molt m\u00e9s.","potentialAction":[{"@type":"SearchAction","target":{"@type":"EntryPoint","urlTemplate":"https:\/\/mont-roig.cat\/es\/?s={search_term_string}"},"query-input":{"@type":"PropertyValueSpecification","valueRequired":true,"valueName":"search_term_string"}}],"inLanguage":"es"},{"@type":"Person","@id":"https:\/\/mont-roig.cat\/es\/#\/schema\/person\/f2b111789f22b7d0c3bd6786c9128cba","name":"administrador","image":{"@type":"ImageObject","inLanguage":"es","@id":"https:\/\/secure.gravatar.com\/avatar\/9137aac6891e2595c9d3036fd83bcb653b4db3c946db4c7d9b9be193c3c944bb?s=96&d=mm&r=g","url":"https:\/\/secure.gravatar.com\/avatar\/9137aac6891e2595c9d3036fd83bcb653b4db3c946db4c7d9b9be193c3c944bb?s=96&d=mm&r=g","contentUrl":"https:\/\/secure.gravatar.com\/avatar\/9137aac6891e2595c9d3036fd83bcb653b4db3c946db4c7d9b9be193c3c944bb?s=96&d=mm&r=g","caption":"administrador"},"url":"https:\/\/mont-roig.cat\/es\/actualitat\/noticies\/author\/administrador\/"}]}},"_links":{"self":[{"href":"https:\/\/mont-roig.cat\/es\/wp-json\/wp\/v2\/posts\/44680","targetHints":{"allow":["GET"]}}],"collection":[{"href":"https:\/\/mont-roig.cat\/es\/wp-json\/wp\/v2\/posts"}],"about":[{"href":"https:\/\/mont-roig.cat\/es\/wp-json\/wp\/v2\/types\/post"}],"author":[{"embeddable":true,"href":"https:\/\/mont-roig.cat\/es\/wp-json\/wp\/v2\/users\/4"}],"replies":[{"embeddable":true,"href":"https:\/\/mont-roig.cat\/es\/wp-json\/wp\/v2\/comments?post=44680"}],"version-history":[{"count":2,"href":"https:\/\/mont-roig.cat\/es\/wp-json\/wp\/v2\/posts\/44680\/revisions"}],"predecessor-version":[{"id":44682,"href":"https:\/\/mont-roig.cat\/es\/wp-json\/wp\/v2\/posts\/44680\/revisions\/44682"}],"wp:featuredmedia":[{"embeddable":true,"href":"https:\/\/mont-roig.cat\/es\/wp-json\/wp\/v2\/media\/44677"}],"wp:attachment":[{"href":"https:\/\/mont-roig.cat\/es\/wp-json\/wp\/v2\/media?parent=44680"}],"wp:term":[{"taxonomy":"category","embeddable":true,"href":"https:\/\/mont-roig.cat\/es\/wp-json\/wp\/v2\/categories?post=44680"},{"taxonomy":"post_tag","embeddable":true,"href":"https:\/\/mont-roig.cat\/es\/wp-json\/wp\/v2\/tags?post=44680"}],"curies":[{"name":"wp","href":"https:\/\/api.w.org\/{rel}","templated":true}]}}