{"id":44697,"date":"2020-03-27T12:47:56","date_gmt":"2020-03-27T11:47:56","guid":{"rendered":"https:\/\/mont-roig.cat\/actualitat\/noticies\/nous-recursos-educatius-en-temps-de-confinament-a-internet-i-a-les-xarxes-socials\/"},"modified":"2020-03-27T14:29:31","modified_gmt":"2020-03-27T13:29:31","slug":"nous-recursos-educatius-en-temps-de-confinament-a-internet-i-a-les-xarxes-socials","status":"publish","type":"post","link":"https:\/\/mont-roig.cat\/es\/actualitat\/noticies\/nous-recursos-educatius-en-temps-de-confinament-a-internet-i-a-les-xarxes-socials\/","title":{"rendered":"Nuevos recursos educativos en tiempos de confinamiento en internet y en las redes sociales"},"content":{"rendered":"<p><a href=\"https:\/\/mont-roig.cat\/wp-content\/uploads\/info-k.jpg\"><img loading=\"lazy\" decoding=\"async\" class=\"alignright wp-image-44692\" src=\"https:\/\/mont-roig.cat\/wp-content\/uploads\/info-k-500x436.jpg\" alt=\"\" width=\"309\" height=\"269\" srcset=\"https:\/\/mont-roig.cat\/wp-content\/uploads\/info-k-500x436.jpg 500w, https:\/\/mont-roig.cat\/wp-content\/uploads\/info-k.jpg 706w\" sizes=\"auto, (max-width: 309px) 100vw, 309px\" \/><\/a>La concejal\u00eda de Educaci\u00f3n del Ayuntamiento de Mont-roig del Camp, partiendo de los recursos educativos publicados por el Departamento de Educaci\u00f3n de la Generalitat de Catalunya, presenta una recopilaci\u00f3n de los m\u00e1s relevantes para los ni\u00f1os y ni\u00f1as de nuestro municipio, que pueden realizar durante el confinamiento a trav\u00e9s de algunas p\u00e1ginas web y tambi\u00e9n utilizando las redes sociales a su disposici\u00f3n.<\/p>\n<p><strong>TVC y Cat R\u00e0dio<\/strong><\/p>\n<p>Televisi\u00f3 de Catalunya y Catalunya R\u00e0dio han llegado a un acuerdo con el Departament d&#8217;Educaci\u00f3 de la Generalitat para promover contenidos para el aprendizaje del alumnado durante el confinamiento.<\/p>\n<p>El canal Super3 <a href=\"https:\/\/www.ccma.cat\/tv3\/super3\" target=\"_blank\" rel=\"noopener noreferrer\">https:\/\/www.ccma.cat\/tv3\/super3<\/a>\/ difundir\u00e1 los contenidos pedag\u00f3gicos en espacios como: DINAMIK (<a href=\"https:\/\/www.ccma.cat\/tv3\/super3\/dinamiks\/\" target=\"_blank\" rel=\"noopener noreferrer\">https:\/\/www.ccma.cat\/tv3\/super3\/dinamiks\/<\/a>), el InfoK <a href=\"https:\/\/www.ccma.cat\/tv3\/super3\/infok\/\" target=\"_blank\" rel=\"noopener noreferrer\">https:\/\/www.ccma.cat\/tv3\/super3\/infok\/<\/a>, Manduka (<a href=\"https:\/\/www.ccma.cat\/tv3\/super3\/manduka\/\" target=\"_blank\" rel=\"noopener noreferrer\">https:\/\/www.ccma.cat\/tv3\/super3\/manduka\/<\/a>) o Fish &amp; Chips <a href=\"https:\/\/www.ccma.cat \/ tv3 \/ super3 \/ fish-and-chips \/\" target=\"_blank\" rel=\"noopener noreferrer\">https:\/\/www.ccma.cat \/ tv3 \/ super3 \/ fish-and-chips \/<\/a>.<\/p>\n<p>Tambi\u00e9n ha creado su web un nuevo formato digital, Avui aprenem.<\/p>\n<p>Catalunya R\u00e0dio har\u00e1 divulgaci\u00f3n de herramientas y acciones telem\u00e1ticas dirigidas a los alumnos a trav\u00e9s de las redes sociales en los espacios Adolescents iCat y iCat Kids.<\/p>\n<p>Tambi\u00e9n emitir\u00e1 contenidos educativos al programa PopAp Escolar, cada d\u00eda a las 16h, y en espacios de Icat FM (<a href=\"https:\/\/www.ccma.cat\/catradio\/icat\/\" target=\"_blank\" rel=\"noopener noreferrer\">https:\/\/www.ccma.cat\/catradio\/icat\/<\/a>).<\/p>\n<p><strong>Instagram<\/strong><\/p>\n<p>El perfil de instagram &#8216;educaciocat&#8217; cada d\u00eda hacen historias con orientaciones para el alumnado durante el confinamiento, dividido por ciclos. Por ejemplo:<\/p>\n<p>Educaci\u00f3n Infantil: elegir una historia o cuento y representarlo con t\u00edteres o escenificarlo.<br \/>\nEducaci\u00f3n primaria: Leer cuentos, libros, pedir a ni\u00f1os que nos los expliquen despu\u00e9s, que los terminen de forma diferente, que cambien alg\u00fan personaje &#8230;<br \/>\nEducaci\u00f3n secundaria: crear un blog y hacer un comentario cada d\u00eda sobre la situaci\u00f3n actual: escrito, en un clip de v\u00eddeo, etc.<\/p>\n<p><strong>Webs educativas<\/strong><\/p>\n<p>Todas las orientaciones las encontrar\u00e1 en: <a href=\"http:\/\/www.xtec.gencat.cat\" target=\"_blank\" rel=\"noopener noreferrer\">www.xtec.gencat.cat<\/a><\/p>\n<p>En concreto en el siguiente apartado: http:\/\/xtec.gencat.cat\/ca\/recursos\/actuacio-extraordinaria-activitats-autoaprenentatge\/<\/p>\n<p>Aqu\u00ed os podr\u00e9is descargar el documento dirigido al trabajo para hacer en casa: <a href=\"http:\/\/xtec.gencat.cat\/web\/.content\/recursos\/actuacio-extraordinaria-activitats-autoaprenentatge\/Orientacions-centres-tancament-coronavirus-19- 03.pdf\" target=\"_blank\" rel=\"noopener noreferrer\">http:\/\/xtec.gencat.cat\/web\/.content\/recursos\/actuacio-extraordinaria-activitats-autoaprenentatge\/Orientacions-centres-tancament-coronavirus-19- 03.pdf<\/a><\/p>\n<p><a href=\"http:\/\/www.edu365.cat\" target=\"_blank\" rel=\"noopener noreferrer\">www.edu365.cat<\/a> (Herramientas y recursos de infantil y primaria para utilizar de forma f\u00e1cil e intuitiva).<\/p>\n<p>En Twitter, el &#8220;Sabies que&#8221; del portal #Fam\u00edliaiEscola encontrar\u00e1 un art\u00edculo con propuestas creativas y educativas para hacer con las hijas e hijos estos d\u00edas de #confinament <a href=\"http:\/\/familiaiescola.gencat.cat\/ca\/\" target=\"_blank\" rel=\"noopener noreferrer\">http:\/\/familiaiescola.gencat.cat\/ca\/<\/a><\/p>\n<p>&nbsp;<\/p>\n","protected":false},"excerpt":{"rendered":"<p>La concejal\u00eda de Educaci\u00f3n del Ayuntamiento de Mont-roig del Camp, partiendo de los recursos educativos publicados por el Departamento de Educaci\u00f3n de la Generalitat de Catalunya, presenta una recopilaci\u00f3n de los m\u00e1s relevantes para los ni\u00f1os y ni\u00f1as de nuestro municipio, que pueden realizar durante el confinamiento a trav\u00e9s de algunas p\u00e1ginas web y tambi\u00e9n [&hellip;]<\/p>\n","protected":false},"author":4,"featured_media":44693,"comment_status":"closed","ping_status":"closed","sticky":false,"template":"","format":"standard","meta":{"inline_featured_image":false,"_monsterinsights_skip_tracking":false,"_monsterinsights_sitenote_active":false,"_monsterinsights_sitenote_note":"","_monsterinsights_sitenote_category":0,"footnotes":""},"categories":[98,178,188],"tags":[],"class_list":["post-44697","post","type-post","status-publish","format-standard","has-post-thumbnail","hentry","category-ayuntamiento","category-coronavirus","category-coronavirus-sociales"],"yoast_head":"<!-- This site is optimized with the Yoast SEO plugin v27.4 - https:\/\/yoast.com\/product\/yoast-seo-wordpress\/ -->\n<title>Nuevos recursos educativos en tiempos de confinamiento en internet y en las redes sociales - Ajuntament de Mont-roig del Camp<\/title>\n<meta name=\"robots\" content=\"index, follow, max-snippet:-1, max-image-preview:large, max-video-preview:-1\" \/>\n<link rel=\"canonical\" href=\"https:\/\/mont-roig.cat\/es\/actualitat\/noticies\/nous-recursos-educatius-en-temps-de-confinament-a-internet-i-a-les-xarxes-socials\/\" \/>\n<meta property=\"og:locale\" content=\"es_ES\" \/>\n<meta property=\"og:type\" content=\"article\" \/>\n<meta property=\"og:title\" content=\"Nuevos recursos educativos en tiempos de confinamiento en internet y en las redes sociales - Ajuntament de Mont-roig del Camp\" \/>\n<meta property=\"og:description\" content=\"La concejal\u00eda de Educaci\u00f3n del Ayuntamiento de Mont-roig del Camp, partiendo de los recursos educativos publicados por el Departamento de Educaci\u00f3n de la Generalitat de Catalunya, presenta una recopilaci\u00f3n de los m\u00e1s relevantes para los ni\u00f1os y ni\u00f1as de nuestro municipio, que pueden realizar durante el confinamiento a trav\u00e9s de algunas p\u00e1ginas web y tambi\u00e9n [&hellip;]\" \/>\n<meta property=\"og:url\" content=\"https:\/\/mont-roig.cat\/es\/actualitat\/noticies\/nous-recursos-educatius-en-temps-de-confinament-a-internet-i-a-les-xarxes-socials\/\" \/>\n<meta property=\"og:site_name\" content=\"Ajuntament de Mont-roig del Camp\" \/>\n<meta property=\"article:published_time\" content=\"2020-03-27T11:47:56+00:00\" \/>\n<meta property=\"article:modified_time\" content=\"2020-03-27T13:29:31+00:00\" \/>\n<meta property=\"og:image\" content=\"https:\/\/mont-roig.cat\/wp-content\/uploads\/info-k.jpg\" \/>\n\t<meta property=\"og:image:width\" content=\"706\" \/>\n\t<meta property=\"og:image:height\" content=\"615\" \/>\n\t<meta property=\"og:image:type\" content=\"image\/jpeg\" \/>\n<meta name=\"author\" content=\"administrador\" \/>\n<meta name=\"twitter:card\" content=\"summary_large_image\" \/>\n<meta name=\"twitter:label1\" content=\"Escrito por\" \/>\n\t<meta name=\"twitter:data1\" content=\"administrador\" \/>\n\t<meta name=\"twitter:label2\" content=\"Tiempo de lectura\" \/>\n\t<meta name=\"twitter:data2\" content=\"2 minutos\" \/>\n<script type=\"application\/ld+json\" class=\"yoast-schema-graph\">{\"@context\":\"https:\\\/\\\/schema.org\",\"@graph\":[{\"@type\":\"Article\",\"@id\":\"https:\\\/\\\/mont-roig.cat\\\/es\\\/actualitat\\\/noticies\\\/nous-recursos-educatius-en-temps-de-confinament-a-internet-i-a-les-xarxes-socials\\\/#article\",\"isPartOf\":{\"@id\":\"https:\\\/\\\/mont-roig.cat\\\/es\\\/actualitat\\\/noticies\\\/nous-recursos-educatius-en-temps-de-confinament-a-internet-i-a-les-xarxes-socials\\\/\"},\"author\":{\"name\":\"administrador\",\"@id\":\"https:\\\/\\\/mont-roig.cat\\\/es\\\/#\\\/schema\\\/person\\\/f2b111789f22b7d0c3bd6786c9128cba\"},\"headline\":\"Nuevos recursos educativos en tiempos de confinamiento en internet y en las redes sociales\",\"datePublished\":\"2020-03-27T11:47:56+00:00\",\"dateModified\":\"2020-03-27T13:29:31+00:00\",\"mainEntityOfPage\":{\"@id\":\"https:\\\/\\\/mont-roig.cat\\\/es\\\/actualitat\\\/noticies\\\/nous-recursos-educatius-en-temps-de-confinament-a-internet-i-a-les-xarxes-socials\\\/\"},\"wordCount\":441,\"image\":{\"@id\":\"https:\\\/\\\/mont-roig.cat\\\/es\\\/actualitat\\\/noticies\\\/nous-recursos-educatius-en-temps-de-confinament-a-internet-i-a-les-xarxes-socials\\\/#primaryimage\"},\"thumbnailUrl\":\"https:\\\/\\\/mont-roig.cat\\\/wp-content\\\/uploads\\\/info-k.jpg\",\"articleSection\":[\"Ayuntamiento\",\"Coronavirus\",\"Coronavirus - medidas sociales\"],\"inLanguage\":\"es\"},{\"@type\":\"WebPage\",\"@id\":\"https:\\\/\\\/mont-roig.cat\\\/es\\\/actualitat\\\/noticies\\\/nous-recursos-educatius-en-temps-de-confinament-a-internet-i-a-les-xarxes-socials\\\/\",\"url\":\"https:\\\/\\\/mont-roig.cat\\\/es\\\/actualitat\\\/noticies\\\/nous-recursos-educatius-en-temps-de-confinament-a-internet-i-a-les-xarxes-socials\\\/\",\"name\":\"Nuevos recursos educativos en tiempos de confinamiento en internet y en las redes sociales - Ajuntament de Mont-roig del Camp\",\"isPartOf\":{\"@id\":\"https:\\\/\\\/mont-roig.cat\\\/es\\\/#website\"},\"primaryImageOfPage\":{\"@id\":\"https:\\\/\\\/mont-roig.cat\\\/es\\\/actualitat\\\/noticies\\\/nous-recursos-educatius-en-temps-de-confinament-a-internet-i-a-les-xarxes-socials\\\/#primaryimage\"},\"image\":{\"@id\":\"https:\\\/\\\/mont-roig.cat\\\/es\\\/actualitat\\\/noticies\\\/nous-recursos-educatius-en-temps-de-confinament-a-internet-i-a-les-xarxes-socials\\\/#primaryimage\"},\"thumbnailUrl\":\"https:\\\/\\\/mont-roig.cat\\\/wp-content\\\/uploads\\\/info-k.jpg\",\"datePublished\":\"2020-03-27T11:47:56+00:00\",\"dateModified\":\"2020-03-27T13:29:31+00:00\",\"author\":{\"@id\":\"https:\\\/\\\/mont-roig.cat\\\/es\\\/#\\\/schema\\\/person\\\/f2b111789f22b7d0c3bd6786c9128cba\"},\"breadcrumb\":{\"@id\":\"https:\\\/\\\/mont-roig.cat\\\/es\\\/actualitat\\\/noticies\\\/nous-recursos-educatius-en-temps-de-confinament-a-internet-i-a-les-xarxes-socials\\\/#breadcrumb\"},\"inLanguage\":\"es\",\"potentialAction\":[{\"@type\":\"ReadAction\",\"target\":[\"https:\\\/\\\/mont-roig.cat\\\/es\\\/actualitat\\\/noticies\\\/nous-recursos-educatius-en-temps-de-confinament-a-internet-i-a-les-xarxes-socials\\\/\"]}]},{\"@type\":\"ImageObject\",\"inLanguage\":\"es\",\"@id\":\"https:\\\/\\\/mont-roig.cat\\\/es\\\/actualitat\\\/noticies\\\/nous-recursos-educatius-en-temps-de-confinament-a-internet-i-a-les-xarxes-socials\\\/#primaryimage\",\"url\":\"https:\\\/\\\/mont-roig.cat\\\/wp-content\\\/uploads\\\/info-k.jpg\",\"contentUrl\":\"https:\\\/\\\/mont-roig.cat\\\/wp-content\\\/uploads\\\/info-k.jpg\",\"width\":706,\"height\":615},{\"@type\":\"BreadcrumbList\",\"@id\":\"https:\\\/\\\/mont-roig.cat\\\/es\\\/actualitat\\\/noticies\\\/nous-recursos-educatius-en-temps-de-confinament-a-internet-i-a-les-xarxes-socials\\\/#breadcrumb\",\"itemListElement\":[{\"@type\":\"ListItem\",\"position\":1,\"name\":\"Inici\",\"item\":\"https:\\\/\\\/mont-roig.cat\\\/es\\\/pagina-de-inicio\\\/\"},{\"@type\":\"ListItem\",\"position\":2,\"name\":\"Nuevos recursos educativos en tiempos de confinamiento en internet y en las redes sociales\"}]},{\"@type\":\"WebSite\",\"@id\":\"https:\\\/\\\/mont-roig.cat\\\/es\\\/#website\",\"url\":\"https:\\\/\\\/mont-roig.cat\\\/es\\\/\",\"name\":\"Ajuntament de Mont-roig del Camp\",\"description\":\"Tota la informaci\u00f3 sobre la instituci\u00f3, els seus \u00f2rgans de govern, actualitat, serveis i molt m\u00e9s.\",\"potentialAction\":[{\"@type\":\"SearchAction\",\"target\":{\"@type\":\"EntryPoint\",\"urlTemplate\":\"https:\\\/\\\/mont-roig.cat\\\/es\\\/?s={search_term_string}\"},\"query-input\":{\"@type\":\"PropertyValueSpecification\",\"valueRequired\":true,\"valueName\":\"search_term_string\"}}],\"inLanguage\":\"es\"},{\"@type\":\"Person\",\"@id\":\"https:\\\/\\\/mont-roig.cat\\\/es\\\/#\\\/schema\\\/person\\\/f2b111789f22b7d0c3bd6786c9128cba\",\"name\":\"administrador\",\"image\":{\"@type\":\"ImageObject\",\"inLanguage\":\"es\",\"@id\":\"https:\\\/\\\/secure.gravatar.com\\\/avatar\\\/9137aac6891e2595c9d3036fd83bcb653b4db3c946db4c7d9b9be193c3c944bb?s=96&d=mm&r=g\",\"url\":\"https:\\\/\\\/secure.gravatar.com\\\/avatar\\\/9137aac6891e2595c9d3036fd83bcb653b4db3c946db4c7d9b9be193c3c944bb?s=96&d=mm&r=g\",\"contentUrl\":\"https:\\\/\\\/secure.gravatar.com\\\/avatar\\\/9137aac6891e2595c9d3036fd83bcb653b4db3c946db4c7d9b9be193c3c944bb?s=96&d=mm&r=g\",\"caption\":\"administrador\"},\"url\":\"https:\\\/\\\/mont-roig.cat\\\/es\\\/actualitat\\\/noticies\\\/author\\\/administrador\\\/\"}]}<\/script>\n<!-- \/ Yoast SEO plugin. -->","yoast_head_json":{"title":"Nuevos recursos educativos en tiempos de confinamiento en internet y en las redes sociales - Ajuntament de Mont-roig del Camp","robots":{"index":"index","follow":"follow","max-snippet":"max-snippet:-1","max-image-preview":"max-image-preview:large","max-video-preview":"max-video-preview:-1"},"canonical":"https:\/\/mont-roig.cat\/es\/actualitat\/noticies\/nous-recursos-educatius-en-temps-de-confinament-a-internet-i-a-les-xarxes-socials\/","og_locale":"es_ES","og_type":"article","og_title":"Nuevos recursos educativos en tiempos de confinamiento en internet y en las redes sociales - Ajuntament de Mont-roig del Camp","og_description":"La concejal\u00eda de Educaci\u00f3n del Ayuntamiento de Mont-roig del Camp, partiendo de los recursos educativos publicados por el Departamento de Educaci\u00f3n de la Generalitat de Catalunya, presenta una recopilaci\u00f3n de los m\u00e1s relevantes para los ni\u00f1os y ni\u00f1as de nuestro municipio, que pueden realizar durante el confinamiento a trav\u00e9s de algunas p\u00e1ginas web y tambi\u00e9n [&hellip;]","og_url":"https:\/\/mont-roig.cat\/es\/actualitat\/noticies\/nous-recursos-educatius-en-temps-de-confinament-a-internet-i-a-les-xarxes-socials\/","og_site_name":"Ajuntament de Mont-roig del Camp","article_published_time":"2020-03-27T11:47:56+00:00","article_modified_time":"2020-03-27T13:29:31+00:00","og_image":[{"width":706,"height":615,"url":"https:\/\/mont-roig.cat\/wp-content\/uploads\/info-k.jpg","type":"image\/jpeg"}],"author":"administrador","twitter_card":"summary_large_image","twitter_misc":{"Escrito por":"administrador","Tiempo de lectura":"2 minutos"},"schema":{"@context":"https:\/\/schema.org","@graph":[{"@type":"Article","@id":"https:\/\/mont-roig.cat\/es\/actualitat\/noticies\/nous-recursos-educatius-en-temps-de-confinament-a-internet-i-a-les-xarxes-socials\/#article","isPartOf":{"@id":"https:\/\/mont-roig.cat\/es\/actualitat\/noticies\/nous-recursos-educatius-en-temps-de-confinament-a-internet-i-a-les-xarxes-socials\/"},"author":{"name":"administrador","@id":"https:\/\/mont-roig.cat\/es\/#\/schema\/person\/f2b111789f22b7d0c3bd6786c9128cba"},"headline":"Nuevos recursos educativos en tiempos de confinamiento en internet y en las redes sociales","datePublished":"2020-03-27T11:47:56+00:00","dateModified":"2020-03-27T13:29:31+00:00","mainEntityOfPage":{"@id":"https:\/\/mont-roig.cat\/es\/actualitat\/noticies\/nous-recursos-educatius-en-temps-de-confinament-a-internet-i-a-les-xarxes-socials\/"},"wordCount":441,"image":{"@id":"https:\/\/mont-roig.cat\/es\/actualitat\/noticies\/nous-recursos-educatius-en-temps-de-confinament-a-internet-i-a-les-xarxes-socials\/#primaryimage"},"thumbnailUrl":"https:\/\/mont-roig.cat\/wp-content\/uploads\/info-k.jpg","articleSection":["Ayuntamiento","Coronavirus","Coronavirus - medidas sociales"],"inLanguage":"es"},{"@type":"WebPage","@id":"https:\/\/mont-roig.cat\/es\/actualitat\/noticies\/nous-recursos-educatius-en-temps-de-confinament-a-internet-i-a-les-xarxes-socials\/","url":"https:\/\/mont-roig.cat\/es\/actualitat\/noticies\/nous-recursos-educatius-en-temps-de-confinament-a-internet-i-a-les-xarxes-socials\/","name":"Nuevos recursos educativos en tiempos de confinamiento en internet y en las redes sociales - Ajuntament de Mont-roig del Camp","isPartOf":{"@id":"https:\/\/mont-roig.cat\/es\/#website"},"primaryImageOfPage":{"@id":"https:\/\/mont-roig.cat\/es\/actualitat\/noticies\/nous-recursos-educatius-en-temps-de-confinament-a-internet-i-a-les-xarxes-socials\/#primaryimage"},"image":{"@id":"https:\/\/mont-roig.cat\/es\/actualitat\/noticies\/nous-recursos-educatius-en-temps-de-confinament-a-internet-i-a-les-xarxes-socials\/#primaryimage"},"thumbnailUrl":"https:\/\/mont-roig.cat\/wp-content\/uploads\/info-k.jpg","datePublished":"2020-03-27T11:47:56+00:00","dateModified":"2020-03-27T13:29:31+00:00","author":{"@id":"https:\/\/mont-roig.cat\/es\/#\/schema\/person\/f2b111789f22b7d0c3bd6786c9128cba"},"breadcrumb":{"@id":"https:\/\/mont-roig.cat\/es\/actualitat\/noticies\/nous-recursos-educatius-en-temps-de-confinament-a-internet-i-a-les-xarxes-socials\/#breadcrumb"},"inLanguage":"es","potentialAction":[{"@type":"ReadAction","target":["https:\/\/mont-roig.cat\/es\/actualitat\/noticies\/nous-recursos-educatius-en-temps-de-confinament-a-internet-i-a-les-xarxes-socials\/"]}]},{"@type":"ImageObject","inLanguage":"es","@id":"https:\/\/mont-roig.cat\/es\/actualitat\/noticies\/nous-recursos-educatius-en-temps-de-confinament-a-internet-i-a-les-xarxes-socials\/#primaryimage","url":"https:\/\/mont-roig.cat\/wp-content\/uploads\/info-k.jpg","contentUrl":"https:\/\/mont-roig.cat\/wp-content\/uploads\/info-k.jpg","width":706,"height":615},{"@type":"BreadcrumbList","@id":"https:\/\/mont-roig.cat\/es\/actualitat\/noticies\/nous-recursos-educatius-en-temps-de-confinament-a-internet-i-a-les-xarxes-socials\/#breadcrumb","itemListElement":[{"@type":"ListItem","position":1,"name":"Inici","item":"https:\/\/mont-roig.cat\/es\/pagina-de-inicio\/"},{"@type":"ListItem","position":2,"name":"Nuevos recursos educativos en tiempos de confinamiento en internet y en las redes sociales"}]},{"@type":"WebSite","@id":"https:\/\/mont-roig.cat\/es\/#website","url":"https:\/\/mont-roig.cat\/es\/","name":"Ajuntament de Mont-roig del Camp","description":"Tota la informaci\u00f3 sobre la instituci\u00f3, els seus \u00f2rgans de govern, actualitat, serveis i molt m\u00e9s.","potentialAction":[{"@type":"SearchAction","target":{"@type":"EntryPoint","urlTemplate":"https:\/\/mont-roig.cat\/es\/?s={search_term_string}"},"query-input":{"@type":"PropertyValueSpecification","valueRequired":true,"valueName":"search_term_string"}}],"inLanguage":"es"},{"@type":"Person","@id":"https:\/\/mont-roig.cat\/es\/#\/schema\/person\/f2b111789f22b7d0c3bd6786c9128cba","name":"administrador","image":{"@type":"ImageObject","inLanguage":"es","@id":"https:\/\/secure.gravatar.com\/avatar\/9137aac6891e2595c9d3036fd83bcb653b4db3c946db4c7d9b9be193c3c944bb?s=96&d=mm&r=g","url":"https:\/\/secure.gravatar.com\/avatar\/9137aac6891e2595c9d3036fd83bcb653b4db3c946db4c7d9b9be193c3c944bb?s=96&d=mm&r=g","contentUrl":"https:\/\/secure.gravatar.com\/avatar\/9137aac6891e2595c9d3036fd83bcb653b4db3c946db4c7d9b9be193c3c944bb?s=96&d=mm&r=g","caption":"administrador"},"url":"https:\/\/mont-roig.cat\/es\/actualitat\/noticies\/author\/administrador\/"}]}},"_links":{"self":[{"href":"https:\/\/mont-roig.cat\/es\/wp-json\/wp\/v2\/posts\/44697","targetHints":{"allow":["GET"]}}],"collection":[{"href":"https:\/\/mont-roig.cat\/es\/wp-json\/wp\/v2\/posts"}],"about":[{"href":"https:\/\/mont-roig.cat\/es\/wp-json\/wp\/v2\/types\/post"}],"author":[{"embeddable":true,"href":"https:\/\/mont-roig.cat\/es\/wp-json\/wp\/v2\/users\/4"}],"replies":[{"embeddable":true,"href":"https:\/\/mont-roig.cat\/es\/wp-json\/wp\/v2\/comments?post=44697"}],"version-history":[{"count":4,"href":"https:\/\/mont-roig.cat\/es\/wp-json\/wp\/v2\/posts\/44697\/revisions"}],"predecessor-version":[{"id":44722,"href":"https:\/\/mont-roig.cat\/es\/wp-json\/wp\/v2\/posts\/44697\/revisions\/44722"}],"wp:featuredmedia":[{"embeddable":true,"href":"https:\/\/mont-roig.cat\/es\/wp-json\/wp\/v2\/media\/44693"}],"wp:attachment":[{"href":"https:\/\/mont-roig.cat\/es\/wp-json\/wp\/v2\/media?parent=44697"}],"wp:term":[{"taxonomy":"category","embeddable":true,"href":"https:\/\/mont-roig.cat\/es\/wp-json\/wp\/v2\/categories?post=44697"},{"taxonomy":"post_tag","embeddable":true,"href":"https:\/\/mont-roig.cat\/es\/wp-json\/wp\/v2\/tags?post=44697"}],"curies":[{"name":"wp","href":"https:\/\/api.w.org\/{rel}","templated":true}]}}