{"id":44861,"date":"2020-04-01T12:56:03","date_gmt":"2020-04-01T10:56:03","guid":{"rendered":"https:\/\/mont-roig.cat\/actualitat\/noticies\/lajuntament-convida-a-les-empreses-i-autonoms-del-municipi-a-respondre-una-enquesta-per-coneixer-la-seva-situacio-actual\/"},"modified":"2020-04-01T12:58:31","modified_gmt":"2020-04-01T10:58:31","slug":"el-ayuntamiento-invita-a-las-empresas-y-autonomos-del-municipio-a-responder-una-encuesta-para-conocer-su-situacion-actual","status":"publish","type":"post","link":"https:\/\/mont-roig.cat\/es\/actualitat\/noticies\/el-ayuntamiento-invita-a-las-empresas-y-autonomos-del-municipio-a-responder-una-encuesta-para-conocer-su-situacion-actual\/","title":{"rendered":"El Ayuntamiento invita a las empresas y aut\u00f3nomos del municipio a responder una encuesta para conocer su situaci\u00f3n actual"},"content":{"rendered":"<ul>\n<li><strong><a href=\"https:\/\/mont-roig.cat\/wp-content\/uploads\/enquesta.png\"><img loading=\"lazy\" decoding=\"async\" class=\"alignright wp-image-44853\" src=\"https:\/\/mont-roig.cat\/wp-content\/uploads\/enquesta-500x445.png\" alt=\"\" width=\"315\" height=\"281\" srcset=\"https:\/\/mont-roig.cat\/wp-content\/uploads\/enquesta-500x445.png 500w, https:\/\/mont-roig.cat\/wp-content\/uploads\/enquesta.png 660w\" sizes=\"auto, (max-width: 315px) 100vw, 315px\" \/><\/a>Las respuestas servir\u00e1n para obtener informaci\u00f3n sobre los cambios que han sufrido como consecuencia del Estado de Alarma y valorar sus necesidades<\/strong><\/li>\n<li><strong>Para acceder a la encuesta hay que hacer clic en el siguiente enlace: <a href=\"https:\/\/forms.gle\/7VLMEVbLxz3647ZQ9\">https:\/\/forms.gle\/7VLMEVbLxz3647ZQ9<\/a><\/strong><\/li>\n<\/ul>\n<p>La concejal\u00eda de Impulso Econ\u00f3mico y Ocupaci\u00f3n ha lanzado un formulario dirigido a los empresarios y empresarias, aut\u00f3nomos y aut\u00f3nomas del municipio, con el objetivo de conseguir informaci\u00f3n sobre su situaci\u00f3n actual y valorar sus necesidades.<\/p>\n<p>As\u00ed, se pretende conseguir informaci\u00f3n sobre los posibles cambios organizativos y productivos que hayan podido sufrir a consecuencia de la crisis sanitaria provocada por la pandemia del coronavirus.<\/p>\n<p>El formulario contiene una serie de preguntas gen\u00e9ricas sobre los datos b\u00e1sicos de la empresa, as\u00ed como el tipo de empresa o el sector de actividad, y otras m\u00e1s concretas referentes al establecimiento comercial y la situaci\u00f3n actual, tanto de la empresa como de los trabajadores y trabajadoras.<\/p>\n<p>El objetivo es conocer con detalle la situaci\u00f3n en que se encuentra el tejido empresarial del municipio, y poder hacer un estudio de los resultados con el fin de valorar la posibilidad de ofrecer nuevas medidas desde el consistorio que puedan complementar las que se ofrecen desde el gobierno estatal y la Generalitat de Catalu\u00f1a.<\/p>\n<p>Para responder a la encuesta s\u00f3lo hay que acceder al siguiente enlace: <a href=\"https:\/\/forms.gle\/7VLMEVbLxz3647ZQ9\">https:\/\/forms.gle\/7VLMEVbLxz3647ZQ9<\/a>.<\/p>\n","protected":false},"excerpt":{"rendered":"<p>Las respuestas servir\u00e1n para obtener informaci\u00f3n sobre los cambios que han sufrido como consecuencia del Estado de Alarma y valorar sus necesidades Para acceder a la encuesta hay que hacer clic en el siguiente enlace: https:\/\/forms.gle\/7VLMEVbLxz3647ZQ9 La concejal\u00eda de Impulso Econ\u00f3mico y Ocupaci\u00f3n ha lanzado un formulario dirigido a los empresarios y empresarias, aut\u00f3nomos y [&hellip;]<\/p>\n","protected":false},"author":4,"featured_media":44853,"comment_status":"closed","ping_status":"closed","sticky":false,"template":"","format":"standard","meta":{"inline_featured_image":false,"_monsterinsights_skip_tracking":false,"_monsterinsights_sitenote_active":false,"_monsterinsights_sitenote_note":"","_monsterinsights_sitenote_category":0,"footnotes":""},"categories":[98,178,187,169],"tags":[],"class_list":["post-44861","post","type-post","status-publish","format-standard","has-post-thumbnail","hentry","category-ayuntamiento","category-coronavirus","category-coronavirus-economicas","category-impuls-economic-i-ocupacio-es"],"yoast_head":"<!-- This site is optimized with the Yoast SEO plugin v27.4 - https:\/\/yoast.com\/product\/yoast-seo-wordpress\/ -->\n<title>El Ayuntamiento invita a las empresas y aut\u00f3nomos del municipio a responder una encuesta para conocer su situaci\u00f3n actual - Ajuntament de Mont-roig del Camp<\/title>\n<meta name=\"robots\" content=\"index, follow, max-snippet:-1, max-image-preview:large, max-video-preview:-1\" \/>\n<link rel=\"canonical\" href=\"https:\/\/mont-roig.cat\/es\/actualitat\/noticies\/el-ayuntamiento-invita-a-las-empresas-y-autonomos-del-municipio-a-responder-una-encuesta-para-conocer-su-situacion-actual\/\" \/>\n<meta property=\"og:locale\" content=\"es_ES\" \/>\n<meta property=\"og:type\" content=\"article\" \/>\n<meta property=\"og:title\" content=\"El Ayuntamiento invita a las empresas y aut\u00f3nomos del municipio a responder una encuesta para conocer su situaci\u00f3n actual - Ajuntament de Mont-roig del Camp\" \/>\n<meta property=\"og:description\" content=\"Las respuestas servir\u00e1n para obtener informaci\u00f3n sobre los cambios que han sufrido como consecuencia del Estado de Alarma y valorar sus necesidades Para acceder a la encuesta hay que hacer clic en el siguiente enlace: https:\/\/forms.gle\/7VLMEVbLxz3647ZQ9 La concejal\u00eda de Impulso Econ\u00f3mico y Ocupaci\u00f3n ha lanzado un formulario dirigido a los empresarios y empresarias, aut\u00f3nomos y [&hellip;]\" \/>\n<meta property=\"og:url\" content=\"https:\/\/mont-roig.cat\/es\/actualitat\/noticies\/el-ayuntamiento-invita-a-las-empresas-y-autonomos-del-municipio-a-responder-una-encuesta-para-conocer-su-situacion-actual\/\" \/>\n<meta property=\"og:site_name\" content=\"Ajuntament de Mont-roig del Camp\" \/>\n<meta property=\"article:published_time\" content=\"2020-04-01T10:56:03+00:00\" \/>\n<meta property=\"article:modified_time\" content=\"2020-04-01T10:58:31+00:00\" \/>\n<meta property=\"og:image\" content=\"https:\/\/mont-roig.cat\/wp-content\/uploads\/enquesta.png\" \/>\n\t<meta property=\"og:image:width\" content=\"660\" \/>\n\t<meta property=\"og:image:height\" content=\"588\" \/>\n\t<meta property=\"og:image:type\" content=\"image\/png\" \/>\n<meta name=\"author\" content=\"administrador\" \/>\n<meta name=\"twitter:card\" content=\"summary_large_image\" \/>\n<meta name=\"twitter:label1\" content=\"Escrito por\" \/>\n\t<meta name=\"twitter:data1\" content=\"administrador\" \/>\n\t<meta name=\"twitter:label2\" content=\"Tiempo de lectura\" \/>\n\t<meta name=\"twitter:data2\" content=\"1 minuto\" \/>\n<script type=\"application\/ld+json\" class=\"yoast-schema-graph\">{\"@context\":\"https:\\\/\\\/schema.org\",\"@graph\":[{\"@type\":\"Article\",\"@id\":\"https:\\\/\\\/mont-roig.cat\\\/es\\\/actualitat\\\/noticies\\\/el-ayuntamiento-invita-a-las-empresas-y-autonomos-del-municipio-a-responder-una-encuesta-para-conocer-su-situacion-actual\\\/#article\",\"isPartOf\":{\"@id\":\"https:\\\/\\\/mont-roig.cat\\\/es\\\/actualitat\\\/noticies\\\/el-ayuntamiento-invita-a-las-empresas-y-autonomos-del-municipio-a-responder-una-encuesta-para-conocer-su-situacion-actual\\\/\"},\"author\":{\"name\":\"administrador\",\"@id\":\"https:\\\/\\\/mont-roig.cat\\\/es\\\/#\\\/schema\\\/person\\\/f2b111789f22b7d0c3bd6786c9128cba\"},\"headline\":\"El Ayuntamiento invita a las empresas y aut\u00f3nomos del municipio a responder una encuesta para conocer su situaci\u00f3n actual\",\"datePublished\":\"2020-04-01T10:56:03+00:00\",\"dateModified\":\"2020-04-01T10:58:31+00:00\",\"mainEntityOfPage\":{\"@id\":\"https:\\\/\\\/mont-roig.cat\\\/es\\\/actualitat\\\/noticies\\\/el-ayuntamiento-invita-a-las-empresas-y-autonomos-del-municipio-a-responder-una-encuesta-para-conocer-su-situacion-actual\\\/\"},\"wordCount\":262,\"image\":{\"@id\":\"https:\\\/\\\/mont-roig.cat\\\/es\\\/actualitat\\\/noticies\\\/el-ayuntamiento-invita-a-las-empresas-y-autonomos-del-municipio-a-responder-una-encuesta-para-conocer-su-situacion-actual\\\/#primaryimage\"},\"thumbnailUrl\":\"https:\\\/\\\/mont-roig.cat\\\/wp-content\\\/uploads\\\/enquesta.png\",\"articleSection\":[\"Ayuntamiento\",\"Coronavirus\",\"Coronavirus - medidas econ\u00f3micas\",\"Impuls Econ\u00f2mic i Ocupaci\u00f3\"],\"inLanguage\":\"es\"},{\"@type\":\"WebPage\",\"@id\":\"https:\\\/\\\/mont-roig.cat\\\/es\\\/actualitat\\\/noticies\\\/el-ayuntamiento-invita-a-las-empresas-y-autonomos-del-municipio-a-responder-una-encuesta-para-conocer-su-situacion-actual\\\/\",\"url\":\"https:\\\/\\\/mont-roig.cat\\\/es\\\/actualitat\\\/noticies\\\/el-ayuntamiento-invita-a-las-empresas-y-autonomos-del-municipio-a-responder-una-encuesta-para-conocer-su-situacion-actual\\\/\",\"name\":\"El Ayuntamiento invita a las empresas y aut\u00f3nomos del municipio a responder una encuesta para conocer su situaci\u00f3n actual - Ajuntament de Mont-roig del Camp\",\"isPartOf\":{\"@id\":\"https:\\\/\\\/mont-roig.cat\\\/es\\\/#website\"},\"primaryImageOfPage\":{\"@id\":\"https:\\\/\\\/mont-roig.cat\\\/es\\\/actualitat\\\/noticies\\\/el-ayuntamiento-invita-a-las-empresas-y-autonomos-del-municipio-a-responder-una-encuesta-para-conocer-su-situacion-actual\\\/#primaryimage\"},\"image\":{\"@id\":\"https:\\\/\\\/mont-roig.cat\\\/es\\\/actualitat\\\/noticies\\\/el-ayuntamiento-invita-a-las-empresas-y-autonomos-del-municipio-a-responder-una-encuesta-para-conocer-su-situacion-actual\\\/#primaryimage\"},\"thumbnailUrl\":\"https:\\\/\\\/mont-roig.cat\\\/wp-content\\\/uploads\\\/enquesta.png\",\"datePublished\":\"2020-04-01T10:56:03+00:00\",\"dateModified\":\"2020-04-01T10:58:31+00:00\",\"author\":{\"@id\":\"https:\\\/\\\/mont-roig.cat\\\/es\\\/#\\\/schema\\\/person\\\/f2b111789f22b7d0c3bd6786c9128cba\"},\"breadcrumb\":{\"@id\":\"https:\\\/\\\/mont-roig.cat\\\/es\\\/actualitat\\\/noticies\\\/el-ayuntamiento-invita-a-las-empresas-y-autonomos-del-municipio-a-responder-una-encuesta-para-conocer-su-situacion-actual\\\/#breadcrumb\"},\"inLanguage\":\"es\",\"potentialAction\":[{\"@type\":\"ReadAction\",\"target\":[\"https:\\\/\\\/mont-roig.cat\\\/es\\\/actualitat\\\/noticies\\\/el-ayuntamiento-invita-a-las-empresas-y-autonomos-del-municipio-a-responder-una-encuesta-para-conocer-su-situacion-actual\\\/\"]}]},{\"@type\":\"ImageObject\",\"inLanguage\":\"es\",\"@id\":\"https:\\\/\\\/mont-roig.cat\\\/es\\\/actualitat\\\/noticies\\\/el-ayuntamiento-invita-a-las-empresas-y-autonomos-del-municipio-a-responder-una-encuesta-para-conocer-su-situacion-actual\\\/#primaryimage\",\"url\":\"https:\\\/\\\/mont-roig.cat\\\/wp-content\\\/uploads\\\/enquesta.png\",\"contentUrl\":\"https:\\\/\\\/mont-roig.cat\\\/wp-content\\\/uploads\\\/enquesta.png\",\"width\":660,\"height\":588},{\"@type\":\"BreadcrumbList\",\"@id\":\"https:\\\/\\\/mont-roig.cat\\\/es\\\/actualitat\\\/noticies\\\/el-ayuntamiento-invita-a-las-empresas-y-autonomos-del-municipio-a-responder-una-encuesta-para-conocer-su-situacion-actual\\\/#breadcrumb\",\"itemListElement\":[{\"@type\":\"ListItem\",\"position\":1,\"name\":\"Inici\",\"item\":\"https:\\\/\\\/mont-roig.cat\\\/es\\\/pagina-de-inicio\\\/\"},{\"@type\":\"ListItem\",\"position\":2,\"name\":\"El Ayuntamiento invita a las empresas y aut\u00f3nomos del municipio a responder una encuesta para conocer su situaci\u00f3n actual\"}]},{\"@type\":\"WebSite\",\"@id\":\"https:\\\/\\\/mont-roig.cat\\\/es\\\/#website\",\"url\":\"https:\\\/\\\/mont-roig.cat\\\/es\\\/\",\"name\":\"Ajuntament de Mont-roig del Camp\",\"description\":\"Tota la informaci\u00f3 sobre la instituci\u00f3, els seus \u00f2rgans de govern, actualitat, serveis i molt m\u00e9s.\",\"potentialAction\":[{\"@type\":\"SearchAction\",\"target\":{\"@type\":\"EntryPoint\",\"urlTemplate\":\"https:\\\/\\\/mont-roig.cat\\\/es\\\/?s={search_term_string}\"},\"query-input\":{\"@type\":\"PropertyValueSpecification\",\"valueRequired\":true,\"valueName\":\"search_term_string\"}}],\"inLanguage\":\"es\"},{\"@type\":\"Person\",\"@id\":\"https:\\\/\\\/mont-roig.cat\\\/es\\\/#\\\/schema\\\/person\\\/f2b111789f22b7d0c3bd6786c9128cba\",\"name\":\"administrador\",\"image\":{\"@type\":\"ImageObject\",\"inLanguage\":\"es\",\"@id\":\"https:\\\/\\\/secure.gravatar.com\\\/avatar\\\/9137aac6891e2595c9d3036fd83bcb653b4db3c946db4c7d9b9be193c3c944bb?s=96&d=mm&r=g\",\"url\":\"https:\\\/\\\/secure.gravatar.com\\\/avatar\\\/9137aac6891e2595c9d3036fd83bcb653b4db3c946db4c7d9b9be193c3c944bb?s=96&d=mm&r=g\",\"contentUrl\":\"https:\\\/\\\/secure.gravatar.com\\\/avatar\\\/9137aac6891e2595c9d3036fd83bcb653b4db3c946db4c7d9b9be193c3c944bb?s=96&d=mm&r=g\",\"caption\":\"administrador\"},\"url\":\"https:\\\/\\\/mont-roig.cat\\\/es\\\/actualitat\\\/noticies\\\/author\\\/administrador\\\/\"}]}<\/script>\n<!-- \/ Yoast SEO plugin. -->","yoast_head_json":{"title":"El Ayuntamiento invita a las empresas y aut\u00f3nomos del municipio a responder una encuesta para conocer su situaci\u00f3n actual - Ajuntament de Mont-roig del Camp","robots":{"index":"index","follow":"follow","max-snippet":"max-snippet:-1","max-image-preview":"max-image-preview:large","max-video-preview":"max-video-preview:-1"},"canonical":"https:\/\/mont-roig.cat\/es\/actualitat\/noticies\/el-ayuntamiento-invita-a-las-empresas-y-autonomos-del-municipio-a-responder-una-encuesta-para-conocer-su-situacion-actual\/","og_locale":"es_ES","og_type":"article","og_title":"El Ayuntamiento invita a las empresas y aut\u00f3nomos del municipio a responder una encuesta para conocer su situaci\u00f3n actual - Ajuntament de Mont-roig del Camp","og_description":"Las respuestas servir\u00e1n para obtener informaci\u00f3n sobre los cambios que han sufrido como consecuencia del Estado de Alarma y valorar sus necesidades Para acceder a la encuesta hay que hacer clic en el siguiente enlace: https:\/\/forms.gle\/7VLMEVbLxz3647ZQ9 La concejal\u00eda de Impulso Econ\u00f3mico y Ocupaci\u00f3n ha lanzado un formulario dirigido a los empresarios y empresarias, aut\u00f3nomos y [&hellip;]","og_url":"https:\/\/mont-roig.cat\/es\/actualitat\/noticies\/el-ayuntamiento-invita-a-las-empresas-y-autonomos-del-municipio-a-responder-una-encuesta-para-conocer-su-situacion-actual\/","og_site_name":"Ajuntament de Mont-roig del Camp","article_published_time":"2020-04-01T10:56:03+00:00","article_modified_time":"2020-04-01T10:58:31+00:00","og_image":[{"width":660,"height":588,"url":"https:\/\/mont-roig.cat\/wp-content\/uploads\/enquesta.png","type":"image\/png"}],"author":"administrador","twitter_card":"summary_large_image","twitter_misc":{"Escrito por":"administrador","Tiempo de lectura":"1 minuto"},"schema":{"@context":"https:\/\/schema.org","@graph":[{"@type":"Article","@id":"https:\/\/mont-roig.cat\/es\/actualitat\/noticies\/el-ayuntamiento-invita-a-las-empresas-y-autonomos-del-municipio-a-responder-una-encuesta-para-conocer-su-situacion-actual\/#article","isPartOf":{"@id":"https:\/\/mont-roig.cat\/es\/actualitat\/noticies\/el-ayuntamiento-invita-a-las-empresas-y-autonomos-del-municipio-a-responder-una-encuesta-para-conocer-su-situacion-actual\/"},"author":{"name":"administrador","@id":"https:\/\/mont-roig.cat\/es\/#\/schema\/person\/f2b111789f22b7d0c3bd6786c9128cba"},"headline":"El Ayuntamiento invita a las empresas y aut\u00f3nomos del municipio a responder una encuesta para conocer su situaci\u00f3n actual","datePublished":"2020-04-01T10:56:03+00:00","dateModified":"2020-04-01T10:58:31+00:00","mainEntityOfPage":{"@id":"https:\/\/mont-roig.cat\/es\/actualitat\/noticies\/el-ayuntamiento-invita-a-las-empresas-y-autonomos-del-municipio-a-responder-una-encuesta-para-conocer-su-situacion-actual\/"},"wordCount":262,"image":{"@id":"https:\/\/mont-roig.cat\/es\/actualitat\/noticies\/el-ayuntamiento-invita-a-las-empresas-y-autonomos-del-municipio-a-responder-una-encuesta-para-conocer-su-situacion-actual\/#primaryimage"},"thumbnailUrl":"https:\/\/mont-roig.cat\/wp-content\/uploads\/enquesta.png","articleSection":["Ayuntamiento","Coronavirus","Coronavirus - medidas econ\u00f3micas","Impuls Econ\u00f2mic i Ocupaci\u00f3"],"inLanguage":"es"},{"@type":"WebPage","@id":"https:\/\/mont-roig.cat\/es\/actualitat\/noticies\/el-ayuntamiento-invita-a-las-empresas-y-autonomos-del-municipio-a-responder-una-encuesta-para-conocer-su-situacion-actual\/","url":"https:\/\/mont-roig.cat\/es\/actualitat\/noticies\/el-ayuntamiento-invita-a-las-empresas-y-autonomos-del-municipio-a-responder-una-encuesta-para-conocer-su-situacion-actual\/","name":"El Ayuntamiento invita a las empresas y aut\u00f3nomos del municipio a responder una encuesta para conocer su situaci\u00f3n actual - Ajuntament de Mont-roig del Camp","isPartOf":{"@id":"https:\/\/mont-roig.cat\/es\/#website"},"primaryImageOfPage":{"@id":"https:\/\/mont-roig.cat\/es\/actualitat\/noticies\/el-ayuntamiento-invita-a-las-empresas-y-autonomos-del-municipio-a-responder-una-encuesta-para-conocer-su-situacion-actual\/#primaryimage"},"image":{"@id":"https:\/\/mont-roig.cat\/es\/actualitat\/noticies\/el-ayuntamiento-invita-a-las-empresas-y-autonomos-del-municipio-a-responder-una-encuesta-para-conocer-su-situacion-actual\/#primaryimage"},"thumbnailUrl":"https:\/\/mont-roig.cat\/wp-content\/uploads\/enquesta.png","datePublished":"2020-04-01T10:56:03+00:00","dateModified":"2020-04-01T10:58:31+00:00","author":{"@id":"https:\/\/mont-roig.cat\/es\/#\/schema\/person\/f2b111789f22b7d0c3bd6786c9128cba"},"breadcrumb":{"@id":"https:\/\/mont-roig.cat\/es\/actualitat\/noticies\/el-ayuntamiento-invita-a-las-empresas-y-autonomos-del-municipio-a-responder-una-encuesta-para-conocer-su-situacion-actual\/#breadcrumb"},"inLanguage":"es","potentialAction":[{"@type":"ReadAction","target":["https:\/\/mont-roig.cat\/es\/actualitat\/noticies\/el-ayuntamiento-invita-a-las-empresas-y-autonomos-del-municipio-a-responder-una-encuesta-para-conocer-su-situacion-actual\/"]}]},{"@type":"ImageObject","inLanguage":"es","@id":"https:\/\/mont-roig.cat\/es\/actualitat\/noticies\/el-ayuntamiento-invita-a-las-empresas-y-autonomos-del-municipio-a-responder-una-encuesta-para-conocer-su-situacion-actual\/#primaryimage","url":"https:\/\/mont-roig.cat\/wp-content\/uploads\/enquesta.png","contentUrl":"https:\/\/mont-roig.cat\/wp-content\/uploads\/enquesta.png","width":660,"height":588},{"@type":"BreadcrumbList","@id":"https:\/\/mont-roig.cat\/es\/actualitat\/noticies\/el-ayuntamiento-invita-a-las-empresas-y-autonomos-del-municipio-a-responder-una-encuesta-para-conocer-su-situacion-actual\/#breadcrumb","itemListElement":[{"@type":"ListItem","position":1,"name":"Inici","item":"https:\/\/mont-roig.cat\/es\/pagina-de-inicio\/"},{"@type":"ListItem","position":2,"name":"El Ayuntamiento invita a las empresas y aut\u00f3nomos del municipio a responder una encuesta para conocer su situaci\u00f3n actual"}]},{"@type":"WebSite","@id":"https:\/\/mont-roig.cat\/es\/#website","url":"https:\/\/mont-roig.cat\/es\/","name":"Ajuntament de Mont-roig del Camp","description":"Tota la informaci\u00f3 sobre la instituci\u00f3, els seus \u00f2rgans de govern, actualitat, serveis i molt m\u00e9s.","potentialAction":[{"@type":"SearchAction","target":{"@type":"EntryPoint","urlTemplate":"https:\/\/mont-roig.cat\/es\/?s={search_term_string}"},"query-input":{"@type":"PropertyValueSpecification","valueRequired":true,"valueName":"search_term_string"}}],"inLanguage":"es"},{"@type":"Person","@id":"https:\/\/mont-roig.cat\/es\/#\/schema\/person\/f2b111789f22b7d0c3bd6786c9128cba","name":"administrador","image":{"@type":"ImageObject","inLanguage":"es","@id":"https:\/\/secure.gravatar.com\/avatar\/9137aac6891e2595c9d3036fd83bcb653b4db3c946db4c7d9b9be193c3c944bb?s=96&d=mm&r=g","url":"https:\/\/secure.gravatar.com\/avatar\/9137aac6891e2595c9d3036fd83bcb653b4db3c946db4c7d9b9be193c3c944bb?s=96&d=mm&r=g","contentUrl":"https:\/\/secure.gravatar.com\/avatar\/9137aac6891e2595c9d3036fd83bcb653b4db3c946db4c7d9b9be193c3c944bb?s=96&d=mm&r=g","caption":"administrador"},"url":"https:\/\/mont-roig.cat\/es\/actualitat\/noticies\/author\/administrador\/"}]}},"_links":{"self":[{"href":"https:\/\/mont-roig.cat\/es\/wp-json\/wp\/v2\/posts\/44861","targetHints":{"allow":["GET"]}}],"collection":[{"href":"https:\/\/mont-roig.cat\/es\/wp-json\/wp\/v2\/posts"}],"about":[{"href":"https:\/\/mont-roig.cat\/es\/wp-json\/wp\/v2\/types\/post"}],"author":[{"embeddable":true,"href":"https:\/\/mont-roig.cat\/es\/wp-json\/wp\/v2\/users\/4"}],"replies":[{"embeddable":true,"href":"https:\/\/mont-roig.cat\/es\/wp-json\/wp\/v2\/comments?post=44861"}],"version-history":[{"count":2,"href":"https:\/\/mont-roig.cat\/es\/wp-json\/wp\/v2\/posts\/44861\/revisions"}],"predecessor-version":[{"id":44863,"href":"https:\/\/mont-roig.cat\/es\/wp-json\/wp\/v2\/posts\/44861\/revisions\/44863"}],"wp:featuredmedia":[{"embeddable":true,"href":"https:\/\/mont-roig.cat\/es\/wp-json\/wp\/v2\/media\/44853"}],"wp:attachment":[{"href":"https:\/\/mont-roig.cat\/es\/wp-json\/wp\/v2\/media?parent=44861"}],"wp:term":[{"taxonomy":"category","embeddable":true,"href":"https:\/\/mont-roig.cat\/es\/wp-json\/wp\/v2\/categories?post=44861"},{"taxonomy":"post_tag","embeddable":true,"href":"https:\/\/mont-roig.cat\/es\/wp-json\/wp\/v2\/tags?post=44861"}],"curies":[{"name":"wp","href":"https:\/\/api.w.org\/{rel}","templated":true}]}}