{"id":45029,"date":"2020-04-07T13:04:09","date_gmt":"2020-04-07T11:04:09","guid":{"rendered":"https:\/\/mont-roig.cat\/actualitat\/noticies\/es-posa-en-marxa-lalcalde-a-casa-un-programa-de-trobades-virtuals-entre-fran-morancho-i-els-veins-i-veines-del-municipi\/"},"modified":"2020-04-15T11:22:51","modified_gmt":"2020-04-15T09:22:51","slug":"se-pone-en-marcha-lalcalde-a-casa-un-programa-de-encuentros-virtuales-entre-fran-morancho-y-los-vecinos-y-vecinas-del-municipio","status":"publish","type":"post","link":"https:\/\/mont-roig.cat\/es\/actualitat\/noticies\/se-pone-en-marcha-lalcalde-a-casa-un-programa-de-encuentros-virtuales-entre-fran-morancho-y-los-vecinos-y-vecinas-del-municipio\/","title":{"rendered":"Se pone en marcha &#8220;L\u2019Alcalde a casa&#8221;, un programa de encuentros virtuales entre Fran Morancho y los vecinos y vecinas del municipio"},"content":{"rendered":"<ul>\n<li><strong>El objetivo es compartir, a trav\u00e9s de videoconferencia, un rato de conversaci\u00f3n con la ciudadan\u00eda que lo solicite y conocer de forma directa c\u00f3mo est\u00e1n viviendo la crisis del coronavirus<\/strong><\/li>\n<li><strong>El primer encuentro tendr\u00e1 lugar el jueves 9 de abril a las 18 h y las inscripciones para participar se pueden hacer a trav\u00e9s del correo electr\u00f3nico alcaldeacasa@mont-roig.cat<\/strong><\/li>\n<\/ul>\n<p><a href=\"https:\/\/mont-roig.cat\/wp-content\/uploads\/MM_Trobades_virtuals_OK.png\"><img loading=\"lazy\" decoding=\"async\" class=\"alignright wp-image-45275\" src=\"https:\/\/mont-roig.cat\/wp-content\/uploads\/MM_Trobades_virtuals_OK-500x500.png\" alt=\"\" width=\"315\" height=\"315\" srcset=\"https:\/\/mont-roig.cat\/wp-content\/uploads\/MM_Trobades_virtuals_OK-500x500.png 500w, https:\/\/mont-roig.cat\/wp-content\/uploads\/MM_Trobades_virtuals_OK-1024x1024.png 1024w, https:\/\/mont-roig.cat\/wp-content\/uploads\/MM_Trobades_virtuals_OK-50x50.png 50w, https:\/\/mont-roig.cat\/wp-content\/uploads\/MM_Trobades_virtuals_OK-768x768.png 768w, https:\/\/mont-roig.cat\/wp-content\/uploads\/MM_Trobades_virtuals_OK-560x560.png 560w, https:\/\/mont-roig.cat\/wp-content\/uploads\/MM_Trobades_virtuals_OK-367x367.png 367w, https:\/\/mont-roig.cat\/wp-content\/uploads\/MM_Trobades_virtuals_OK-450x450.png 450w, https:\/\/mont-roig.cat\/wp-content\/uploads\/MM_Trobades_virtuals_OK-85x85.png 85w, https:\/\/mont-roig.cat\/wp-content\/uploads\/MM_Trobades_virtuals_OK-45x45.png 45w, https:\/\/mont-roig.cat\/wp-content\/uploads\/MM_Trobades_virtuals_OK.png 1080w\" sizes=\"auto, (max-width: 315px) 100vw, 315px\" \/><\/a>El Ayuntamiento de Mont-roig del Camp pone en marcha esta semana una nueva herramienta de participaci\u00f3n ciudadana en la que el alcalde Fran Morancho se reunir\u00e1 a trav\u00e9s de videoconferencia con la ciudadan\u00eda que lo solicite. Se trata del programa <em>L\u2019Alcalde a casa<\/em>, una iniciativa a trav\u00e9s de la cual Morancho compartir\u00e1 un rato de conversaci\u00f3n virtual con otros vecinos y vecinas del municipio.<\/p>\n<p>Esta propuesta es la continuaci\u00f3n de los encuentros que Fran Morancho celebraba habitualmente con los vecinos y vecinas a trav\u00e9s del programa <em>Caf\u00e8s amb l\u2019alcalde<\/em> y que actualmente no se pueden celebrar debido al confinamiento que nos obliga a permanecer en casa. Aprovechando que la tecnolog\u00eda est\u00e1 al alcance de pr\u00e1cticamente todo el mundo y teniendo en cuenta la actual crisis social, econ\u00f3mica y sanitaria que estamos viviendo, la propuesta de acercar el alcalde a todas las casas toma m\u00e1s sentido que nunca.<\/p>\n<p>Este es pues el motivo por el que Fran Morancho quiere mantener este contacto directo con la ciudadan\u00eda, para conocer las preocupaciones que la situaci\u00f3n actual est\u00e1 generando entre los vecinos y vecinas y para escuchar cualquier demanda o inquietud que quieran transmitir al consistorio.<\/p>\n<p><strong>Inscripciones a trav\u00e9s del correo alcaldeacasa@mont-roig.cat<\/strong><\/p>\n<p>El primer encuentro por videoconferencia tendr\u00e1 lugar este jueves 9 de abril a las 18 h. Todos los vecinos y vecinas que tengan ganas de participar pueden inscribirse a trav\u00e9s del correo <a href=\"mailto:alcaldeacasa@mont-roig.cat\">alcaldeacasa@mont-roig.cat<\/a>. Una vez hecha la inscripci\u00f3n recibir\u00e1n un correo de confirmaci\u00f3n con el enlace a la videoconferencia y las especificaciones t\u00e9cnicas para poder acceder.<\/p>\n","protected":false},"excerpt":{"rendered":"<p>El objetivo es compartir, a trav\u00e9s de videoconferencia, un rato de conversaci\u00f3n con la ciudadan\u00eda que lo solicite y conocer de forma directa c\u00f3mo est\u00e1n viviendo la crisis del coronavirus El primer encuentro tendr\u00e1 lugar el jueves 9 de abril a las 18 h y las inscripciones para participar se pueden hacer a trav\u00e9s del [&hellip;]<\/p>\n","protected":false},"author":4,"featured_media":45275,"comment_status":"closed","ping_status":"closed","sticky":false,"template":"","format":"standard","meta":{"inline_featured_image":false,"_monsterinsights_skip_tracking":false,"_monsterinsights_sitenote_active":false,"_monsterinsights_sitenote_note":"","_monsterinsights_sitenote_category":0,"footnotes":""},"categories":[156,98,178,186],"tags":[],"class_list":["post-45029","post","type-post","status-publish","format-standard","has-post-thumbnail","hentry","category-alcalde-es","category-ayuntamiento","category-coronavirus","category-coronavirus-otras"],"yoast_head":"<!-- This site is optimized with the Yoast SEO plugin v27.4 - https:\/\/yoast.com\/product\/yoast-seo-wordpress\/ -->\n<title>Se pone en marcha &quot;L\u2019Alcalde a casa&quot;, un programa de encuentros virtuales entre Fran Morancho y los vecinos y vecinas del municipio - Ajuntament de Mont-roig del Camp<\/title>\n<meta name=\"robots\" content=\"index, follow, max-snippet:-1, max-image-preview:large, max-video-preview:-1\" \/>\n<link rel=\"canonical\" href=\"https:\/\/mont-roig.cat\/es\/actualitat\/noticies\/se-pone-en-marcha-lalcalde-a-casa-un-programa-de-encuentros-virtuales-entre-fran-morancho-y-los-vecinos-y-vecinas-del-municipio\/\" \/>\n<meta property=\"og:locale\" content=\"es_ES\" \/>\n<meta property=\"og:type\" content=\"article\" \/>\n<meta property=\"og:title\" content=\"Se pone en marcha &quot;L\u2019Alcalde a casa&quot;, un programa de encuentros virtuales entre Fran Morancho y los vecinos y vecinas del municipio - Ajuntament de Mont-roig del Camp\" \/>\n<meta property=\"og:description\" content=\"El objetivo es compartir, a trav\u00e9s de videoconferencia, un rato de conversaci\u00f3n con la ciudadan\u00eda que lo solicite y conocer de forma directa c\u00f3mo est\u00e1n viviendo la crisis del coronavirus El primer encuentro tendr\u00e1 lugar el jueves 9 de abril a las 18 h y las inscripciones para participar se pueden hacer a trav\u00e9s del [&hellip;]\" \/>\n<meta property=\"og:url\" content=\"https:\/\/mont-roig.cat\/es\/actualitat\/noticies\/se-pone-en-marcha-lalcalde-a-casa-un-programa-de-encuentros-virtuales-entre-fran-morancho-y-los-vecinos-y-vecinas-del-municipio\/\" \/>\n<meta property=\"og:site_name\" content=\"Ajuntament de Mont-roig del Camp\" \/>\n<meta property=\"article:published_time\" content=\"2020-04-07T11:04:09+00:00\" \/>\n<meta property=\"article:modified_time\" content=\"2020-04-15T09:22:51+00:00\" \/>\n<meta property=\"og:image\" content=\"https:\/\/mont-roig.cat\/wp-content\/uploads\/MM_Trobades_virtuals_OK.png\" \/>\n\t<meta property=\"og:image:width\" content=\"1080\" \/>\n\t<meta property=\"og:image:height\" content=\"1080\" \/>\n\t<meta property=\"og:image:type\" content=\"image\/png\" \/>\n<meta name=\"author\" content=\"administrador\" \/>\n<meta name=\"twitter:card\" content=\"summary_large_image\" \/>\n<meta name=\"twitter:label1\" content=\"Escrito por\" \/>\n\t<meta name=\"twitter:data1\" content=\"administrador\" \/>\n\t<meta name=\"twitter:label2\" content=\"Tiempo de lectura\" \/>\n\t<meta name=\"twitter:data2\" content=\"2 minutos\" \/>\n<script type=\"application\/ld+json\" class=\"yoast-schema-graph\">{\"@context\":\"https:\\\/\\\/schema.org\",\"@graph\":[{\"@type\":\"Article\",\"@id\":\"https:\\\/\\\/mont-roig.cat\\\/es\\\/actualitat\\\/noticies\\\/se-pone-en-marcha-lalcalde-a-casa-un-programa-de-encuentros-virtuales-entre-fran-morancho-y-los-vecinos-y-vecinas-del-municipio\\\/#article\",\"isPartOf\":{\"@id\":\"https:\\\/\\\/mont-roig.cat\\\/es\\\/actualitat\\\/noticies\\\/se-pone-en-marcha-lalcalde-a-casa-un-programa-de-encuentros-virtuales-entre-fran-morancho-y-los-vecinos-y-vecinas-del-municipio\\\/\"},\"author\":{\"name\":\"administrador\",\"@id\":\"https:\\\/\\\/mont-roig.cat\\\/es\\\/#\\\/schema\\\/person\\\/f2b111789f22b7d0c3bd6786c9128cba\"},\"headline\":\"Se pone en marcha &#8220;L\u2019Alcalde a casa&#8221;, un programa de encuentros virtuales entre Fran Morancho y los vecinos y vecinas del municipio\",\"datePublished\":\"2020-04-07T11:04:09+00:00\",\"dateModified\":\"2020-04-15T09:22:51+00:00\",\"mainEntityOfPage\":{\"@id\":\"https:\\\/\\\/mont-roig.cat\\\/es\\\/actualitat\\\/noticies\\\/se-pone-en-marcha-lalcalde-a-casa-un-programa-de-encuentros-virtuales-entre-fran-morancho-y-los-vecinos-y-vecinas-del-municipio\\\/\"},\"wordCount\":366,\"image\":{\"@id\":\"https:\\\/\\\/mont-roig.cat\\\/es\\\/actualitat\\\/noticies\\\/se-pone-en-marcha-lalcalde-a-casa-un-programa-de-encuentros-virtuales-entre-fran-morancho-y-los-vecinos-y-vecinas-del-municipio\\\/#primaryimage\"},\"thumbnailUrl\":\"https:\\\/\\\/mont-roig.cat\\\/wp-content\\\/uploads\\\/MM_Trobades_virtuals_OK.png\",\"articleSection\":[\"Alcalde\",\"Ayuntamiento\",\"Coronavirus\",\"Coronavirus - otras medidas\"],\"inLanguage\":\"es\"},{\"@type\":\"WebPage\",\"@id\":\"https:\\\/\\\/mont-roig.cat\\\/es\\\/actualitat\\\/noticies\\\/se-pone-en-marcha-lalcalde-a-casa-un-programa-de-encuentros-virtuales-entre-fran-morancho-y-los-vecinos-y-vecinas-del-municipio\\\/\",\"url\":\"https:\\\/\\\/mont-roig.cat\\\/es\\\/actualitat\\\/noticies\\\/se-pone-en-marcha-lalcalde-a-casa-un-programa-de-encuentros-virtuales-entre-fran-morancho-y-los-vecinos-y-vecinas-del-municipio\\\/\",\"name\":\"Se pone en marcha \\\"L\u2019Alcalde a casa\\\", un programa de encuentros virtuales entre Fran Morancho y los vecinos y vecinas del municipio - Ajuntament de Mont-roig del Camp\",\"isPartOf\":{\"@id\":\"https:\\\/\\\/mont-roig.cat\\\/es\\\/#website\"},\"primaryImageOfPage\":{\"@id\":\"https:\\\/\\\/mont-roig.cat\\\/es\\\/actualitat\\\/noticies\\\/se-pone-en-marcha-lalcalde-a-casa-un-programa-de-encuentros-virtuales-entre-fran-morancho-y-los-vecinos-y-vecinas-del-municipio\\\/#primaryimage\"},\"image\":{\"@id\":\"https:\\\/\\\/mont-roig.cat\\\/es\\\/actualitat\\\/noticies\\\/se-pone-en-marcha-lalcalde-a-casa-un-programa-de-encuentros-virtuales-entre-fran-morancho-y-los-vecinos-y-vecinas-del-municipio\\\/#primaryimage\"},\"thumbnailUrl\":\"https:\\\/\\\/mont-roig.cat\\\/wp-content\\\/uploads\\\/MM_Trobades_virtuals_OK.png\",\"datePublished\":\"2020-04-07T11:04:09+00:00\",\"dateModified\":\"2020-04-15T09:22:51+00:00\",\"author\":{\"@id\":\"https:\\\/\\\/mont-roig.cat\\\/es\\\/#\\\/schema\\\/person\\\/f2b111789f22b7d0c3bd6786c9128cba\"},\"breadcrumb\":{\"@id\":\"https:\\\/\\\/mont-roig.cat\\\/es\\\/actualitat\\\/noticies\\\/se-pone-en-marcha-lalcalde-a-casa-un-programa-de-encuentros-virtuales-entre-fran-morancho-y-los-vecinos-y-vecinas-del-municipio\\\/#breadcrumb\"},\"inLanguage\":\"es\",\"potentialAction\":[{\"@type\":\"ReadAction\",\"target\":[\"https:\\\/\\\/mont-roig.cat\\\/es\\\/actualitat\\\/noticies\\\/se-pone-en-marcha-lalcalde-a-casa-un-programa-de-encuentros-virtuales-entre-fran-morancho-y-los-vecinos-y-vecinas-del-municipio\\\/\"]}]},{\"@type\":\"ImageObject\",\"inLanguage\":\"es\",\"@id\":\"https:\\\/\\\/mont-roig.cat\\\/es\\\/actualitat\\\/noticies\\\/se-pone-en-marcha-lalcalde-a-casa-un-programa-de-encuentros-virtuales-entre-fran-morancho-y-los-vecinos-y-vecinas-del-municipio\\\/#primaryimage\",\"url\":\"https:\\\/\\\/mont-roig.cat\\\/wp-content\\\/uploads\\\/MM_Trobades_virtuals_OK.png\",\"contentUrl\":\"https:\\\/\\\/mont-roig.cat\\\/wp-content\\\/uploads\\\/MM_Trobades_virtuals_OK.png\",\"width\":1080,\"height\":1080},{\"@type\":\"BreadcrumbList\",\"@id\":\"https:\\\/\\\/mont-roig.cat\\\/es\\\/actualitat\\\/noticies\\\/se-pone-en-marcha-lalcalde-a-casa-un-programa-de-encuentros-virtuales-entre-fran-morancho-y-los-vecinos-y-vecinas-del-municipio\\\/#breadcrumb\",\"itemListElement\":[{\"@type\":\"ListItem\",\"position\":1,\"name\":\"Inici\",\"item\":\"https:\\\/\\\/mont-roig.cat\\\/es\\\/pagina-de-inicio\\\/\"},{\"@type\":\"ListItem\",\"position\":2,\"name\":\"Se pone en marcha &#8220;L\u2019Alcalde a casa&#8221;, un programa de encuentros virtuales entre Fran Morancho y los vecinos y vecinas del municipio\"}]},{\"@type\":\"WebSite\",\"@id\":\"https:\\\/\\\/mont-roig.cat\\\/es\\\/#website\",\"url\":\"https:\\\/\\\/mont-roig.cat\\\/es\\\/\",\"name\":\"Ajuntament de Mont-roig del Camp\",\"description\":\"Tota la informaci\u00f3 sobre la instituci\u00f3, els seus \u00f2rgans de govern, actualitat, serveis i molt m\u00e9s.\",\"potentialAction\":[{\"@type\":\"SearchAction\",\"target\":{\"@type\":\"EntryPoint\",\"urlTemplate\":\"https:\\\/\\\/mont-roig.cat\\\/es\\\/?s={search_term_string}\"},\"query-input\":{\"@type\":\"PropertyValueSpecification\",\"valueRequired\":true,\"valueName\":\"search_term_string\"}}],\"inLanguage\":\"es\"},{\"@type\":\"Person\",\"@id\":\"https:\\\/\\\/mont-roig.cat\\\/es\\\/#\\\/schema\\\/person\\\/f2b111789f22b7d0c3bd6786c9128cba\",\"name\":\"administrador\",\"image\":{\"@type\":\"ImageObject\",\"inLanguage\":\"es\",\"@id\":\"https:\\\/\\\/secure.gravatar.com\\\/avatar\\\/9137aac6891e2595c9d3036fd83bcb653b4db3c946db4c7d9b9be193c3c944bb?s=96&d=mm&r=g\",\"url\":\"https:\\\/\\\/secure.gravatar.com\\\/avatar\\\/9137aac6891e2595c9d3036fd83bcb653b4db3c946db4c7d9b9be193c3c944bb?s=96&d=mm&r=g\",\"contentUrl\":\"https:\\\/\\\/secure.gravatar.com\\\/avatar\\\/9137aac6891e2595c9d3036fd83bcb653b4db3c946db4c7d9b9be193c3c944bb?s=96&d=mm&r=g\",\"caption\":\"administrador\"},\"url\":\"https:\\\/\\\/mont-roig.cat\\\/es\\\/actualitat\\\/noticies\\\/author\\\/administrador\\\/\"}]}<\/script>\n<!-- \/ Yoast SEO plugin. -->","yoast_head_json":{"title":"Se pone en marcha \"L\u2019Alcalde a casa\", un programa de encuentros virtuales entre Fran Morancho y los vecinos y vecinas del municipio - Ajuntament de Mont-roig del Camp","robots":{"index":"index","follow":"follow","max-snippet":"max-snippet:-1","max-image-preview":"max-image-preview:large","max-video-preview":"max-video-preview:-1"},"canonical":"https:\/\/mont-roig.cat\/es\/actualitat\/noticies\/se-pone-en-marcha-lalcalde-a-casa-un-programa-de-encuentros-virtuales-entre-fran-morancho-y-los-vecinos-y-vecinas-del-municipio\/","og_locale":"es_ES","og_type":"article","og_title":"Se pone en marcha \"L\u2019Alcalde a casa\", un programa de encuentros virtuales entre Fran Morancho y los vecinos y vecinas del municipio - Ajuntament de Mont-roig del Camp","og_description":"El objetivo es compartir, a trav\u00e9s de videoconferencia, un rato de conversaci\u00f3n con la ciudadan\u00eda que lo solicite y conocer de forma directa c\u00f3mo est\u00e1n viviendo la crisis del coronavirus El primer encuentro tendr\u00e1 lugar el jueves 9 de abril a las 18 h y las inscripciones para participar se pueden hacer a trav\u00e9s del [&hellip;]","og_url":"https:\/\/mont-roig.cat\/es\/actualitat\/noticies\/se-pone-en-marcha-lalcalde-a-casa-un-programa-de-encuentros-virtuales-entre-fran-morancho-y-los-vecinos-y-vecinas-del-municipio\/","og_site_name":"Ajuntament de Mont-roig del Camp","article_published_time":"2020-04-07T11:04:09+00:00","article_modified_time":"2020-04-15T09:22:51+00:00","og_image":[{"width":1080,"height":1080,"url":"https:\/\/mont-roig.cat\/wp-content\/uploads\/MM_Trobades_virtuals_OK.png","type":"image\/png"}],"author":"administrador","twitter_card":"summary_large_image","twitter_misc":{"Escrito por":"administrador","Tiempo de lectura":"2 minutos"},"schema":{"@context":"https:\/\/schema.org","@graph":[{"@type":"Article","@id":"https:\/\/mont-roig.cat\/es\/actualitat\/noticies\/se-pone-en-marcha-lalcalde-a-casa-un-programa-de-encuentros-virtuales-entre-fran-morancho-y-los-vecinos-y-vecinas-del-municipio\/#article","isPartOf":{"@id":"https:\/\/mont-roig.cat\/es\/actualitat\/noticies\/se-pone-en-marcha-lalcalde-a-casa-un-programa-de-encuentros-virtuales-entre-fran-morancho-y-los-vecinos-y-vecinas-del-municipio\/"},"author":{"name":"administrador","@id":"https:\/\/mont-roig.cat\/es\/#\/schema\/person\/f2b111789f22b7d0c3bd6786c9128cba"},"headline":"Se pone en marcha &#8220;L\u2019Alcalde a casa&#8221;, un programa de encuentros virtuales entre Fran Morancho y los vecinos y vecinas del municipio","datePublished":"2020-04-07T11:04:09+00:00","dateModified":"2020-04-15T09:22:51+00:00","mainEntityOfPage":{"@id":"https:\/\/mont-roig.cat\/es\/actualitat\/noticies\/se-pone-en-marcha-lalcalde-a-casa-un-programa-de-encuentros-virtuales-entre-fran-morancho-y-los-vecinos-y-vecinas-del-municipio\/"},"wordCount":366,"image":{"@id":"https:\/\/mont-roig.cat\/es\/actualitat\/noticies\/se-pone-en-marcha-lalcalde-a-casa-un-programa-de-encuentros-virtuales-entre-fran-morancho-y-los-vecinos-y-vecinas-del-municipio\/#primaryimage"},"thumbnailUrl":"https:\/\/mont-roig.cat\/wp-content\/uploads\/MM_Trobades_virtuals_OK.png","articleSection":["Alcalde","Ayuntamiento","Coronavirus","Coronavirus - otras medidas"],"inLanguage":"es"},{"@type":"WebPage","@id":"https:\/\/mont-roig.cat\/es\/actualitat\/noticies\/se-pone-en-marcha-lalcalde-a-casa-un-programa-de-encuentros-virtuales-entre-fran-morancho-y-los-vecinos-y-vecinas-del-municipio\/","url":"https:\/\/mont-roig.cat\/es\/actualitat\/noticies\/se-pone-en-marcha-lalcalde-a-casa-un-programa-de-encuentros-virtuales-entre-fran-morancho-y-los-vecinos-y-vecinas-del-municipio\/","name":"Se pone en marcha \"L\u2019Alcalde a casa\", un programa de encuentros virtuales entre Fran Morancho y los vecinos y vecinas del municipio - Ajuntament de Mont-roig del Camp","isPartOf":{"@id":"https:\/\/mont-roig.cat\/es\/#website"},"primaryImageOfPage":{"@id":"https:\/\/mont-roig.cat\/es\/actualitat\/noticies\/se-pone-en-marcha-lalcalde-a-casa-un-programa-de-encuentros-virtuales-entre-fran-morancho-y-los-vecinos-y-vecinas-del-municipio\/#primaryimage"},"image":{"@id":"https:\/\/mont-roig.cat\/es\/actualitat\/noticies\/se-pone-en-marcha-lalcalde-a-casa-un-programa-de-encuentros-virtuales-entre-fran-morancho-y-los-vecinos-y-vecinas-del-municipio\/#primaryimage"},"thumbnailUrl":"https:\/\/mont-roig.cat\/wp-content\/uploads\/MM_Trobades_virtuals_OK.png","datePublished":"2020-04-07T11:04:09+00:00","dateModified":"2020-04-15T09:22:51+00:00","author":{"@id":"https:\/\/mont-roig.cat\/es\/#\/schema\/person\/f2b111789f22b7d0c3bd6786c9128cba"},"breadcrumb":{"@id":"https:\/\/mont-roig.cat\/es\/actualitat\/noticies\/se-pone-en-marcha-lalcalde-a-casa-un-programa-de-encuentros-virtuales-entre-fran-morancho-y-los-vecinos-y-vecinas-del-municipio\/#breadcrumb"},"inLanguage":"es","potentialAction":[{"@type":"ReadAction","target":["https:\/\/mont-roig.cat\/es\/actualitat\/noticies\/se-pone-en-marcha-lalcalde-a-casa-un-programa-de-encuentros-virtuales-entre-fran-morancho-y-los-vecinos-y-vecinas-del-municipio\/"]}]},{"@type":"ImageObject","inLanguage":"es","@id":"https:\/\/mont-roig.cat\/es\/actualitat\/noticies\/se-pone-en-marcha-lalcalde-a-casa-un-programa-de-encuentros-virtuales-entre-fran-morancho-y-los-vecinos-y-vecinas-del-municipio\/#primaryimage","url":"https:\/\/mont-roig.cat\/wp-content\/uploads\/MM_Trobades_virtuals_OK.png","contentUrl":"https:\/\/mont-roig.cat\/wp-content\/uploads\/MM_Trobades_virtuals_OK.png","width":1080,"height":1080},{"@type":"BreadcrumbList","@id":"https:\/\/mont-roig.cat\/es\/actualitat\/noticies\/se-pone-en-marcha-lalcalde-a-casa-un-programa-de-encuentros-virtuales-entre-fran-morancho-y-los-vecinos-y-vecinas-del-municipio\/#breadcrumb","itemListElement":[{"@type":"ListItem","position":1,"name":"Inici","item":"https:\/\/mont-roig.cat\/es\/pagina-de-inicio\/"},{"@type":"ListItem","position":2,"name":"Se pone en marcha &#8220;L\u2019Alcalde a casa&#8221;, un programa de encuentros virtuales entre Fran Morancho y los vecinos y vecinas del municipio"}]},{"@type":"WebSite","@id":"https:\/\/mont-roig.cat\/es\/#website","url":"https:\/\/mont-roig.cat\/es\/","name":"Ajuntament de Mont-roig del Camp","description":"Tota la informaci\u00f3 sobre la instituci\u00f3, els seus \u00f2rgans de govern, actualitat, serveis i molt m\u00e9s.","potentialAction":[{"@type":"SearchAction","target":{"@type":"EntryPoint","urlTemplate":"https:\/\/mont-roig.cat\/es\/?s={search_term_string}"},"query-input":{"@type":"PropertyValueSpecification","valueRequired":true,"valueName":"search_term_string"}}],"inLanguage":"es"},{"@type":"Person","@id":"https:\/\/mont-roig.cat\/es\/#\/schema\/person\/f2b111789f22b7d0c3bd6786c9128cba","name":"administrador","image":{"@type":"ImageObject","inLanguage":"es","@id":"https:\/\/secure.gravatar.com\/avatar\/9137aac6891e2595c9d3036fd83bcb653b4db3c946db4c7d9b9be193c3c944bb?s=96&d=mm&r=g","url":"https:\/\/secure.gravatar.com\/avatar\/9137aac6891e2595c9d3036fd83bcb653b4db3c946db4c7d9b9be193c3c944bb?s=96&d=mm&r=g","contentUrl":"https:\/\/secure.gravatar.com\/avatar\/9137aac6891e2595c9d3036fd83bcb653b4db3c946db4c7d9b9be193c3c944bb?s=96&d=mm&r=g","caption":"administrador"},"url":"https:\/\/mont-roig.cat\/es\/actualitat\/noticies\/author\/administrador\/"}]}},"_links":{"self":[{"href":"https:\/\/mont-roig.cat\/es\/wp-json\/wp\/v2\/posts\/45029","targetHints":{"allow":["GET"]}}],"collection":[{"href":"https:\/\/mont-roig.cat\/es\/wp-json\/wp\/v2\/posts"}],"about":[{"href":"https:\/\/mont-roig.cat\/es\/wp-json\/wp\/v2\/types\/post"}],"author":[{"embeddable":true,"href":"https:\/\/mont-roig.cat\/es\/wp-json\/wp\/v2\/users\/4"}],"replies":[{"embeddable":true,"href":"https:\/\/mont-roig.cat\/es\/wp-json\/wp\/v2\/comments?post=45029"}],"version-history":[{"count":3,"href":"https:\/\/mont-roig.cat\/es\/wp-json\/wp\/v2\/posts\/45029\/revisions"}],"predecessor-version":[{"id":45281,"href":"https:\/\/mont-roig.cat\/es\/wp-json\/wp\/v2\/posts\/45029\/revisions\/45281"}],"wp:featuredmedia":[{"embeddable":true,"href":"https:\/\/mont-roig.cat\/es\/wp-json\/wp\/v2\/media\/45275"}],"wp:attachment":[{"href":"https:\/\/mont-roig.cat\/es\/wp-json\/wp\/v2\/media?parent=45029"}],"wp:term":[{"taxonomy":"category","embeddable":true,"href":"https:\/\/mont-roig.cat\/es\/wp-json\/wp\/v2\/categories?post=45029"},{"taxonomy":"post_tag","embeddable":true,"href":"https:\/\/mont-roig.cat\/es\/wp-json\/wp\/v2\/tags?post=45029"}],"curies":[{"name":"wp","href":"https:\/\/api.w.org\/{rel}","templated":true}]}}