{"id":4513,"date":"2015-06-03T07:00:39","date_gmt":"2015-06-03T07:00:39","guid":{"rendered":""},"modified":"2015-06-03T07:00:39","modified_gmt":"2015-06-03T07:00:39","slug":"transporte-escolar-curso-2015-2016","status":"publish","type":"post","link":"https:\/\/mont-roig.cat\/es\/actualitat\/noticies\/transporte-escolar-curso-2015-2016\/","title":{"rendered":"Transporte escolar curso 2015-2016"},"content":{"rendered":"<div class=\"body\">\n<div>\n<p><a href=\"http:\/\/mont-roig.cat\/?page_id=4183\"><img decoding=\"async\" alt=\"Autob\u00fas municipal\" class=\"requadre\" src=\"http:\/\/mont-roig.cat\/wp-content\/uploads\/foto_bus_municipal.jpg\" style=\"height: 169px; width: 300px; margin: 10px; float: right;\" title=\"Autob\u00fas municipal\" \/><\/a><\/p>\n<div>\n<p><strong>Inscripciones del 15 de junio al 31 de julio en las OMACs<\/strong><\/p>\n<p>El Consell Comarcal del Baix Camp y el Ayuntamiento de Mont-roig del Camp gestionan el servicio de transporte escolar con el objetivo de facilitar el acceso de los alumnos en los centros p\u00fablicos existentes en el t\u00e9rmino municipal, dadas las especiales caracter\u00edsticas de dispersi\u00f3n del asentamiento y la trama urbana de la poblaci\u00f3n.<\/p>\n<p>Las rutas del servicio de transporte escolar del alumnado matriculado en la Escuela Joan Mir\u00f3, la Escuela Marcel\u00b7l\u00ed Esquius y el alumnado de ESO del Instituto Antoni Ballester las gestiona el Consell Comarcal del Baix Camp.<\/p>\n<p>Las rutas de transporte escolar del alumnado matriculado en la Escuela Mare de D\u00e9u de la Roca y el alumnado del Instituto Antoni Ballester que cursa ense\u00f1anzas postobligatorias, las gestiona directamente el Ayuntamiento mediante el servicio de transporte p\u00fablico municipal de viajeros.<\/p>\n<p>Para el pr\u00f3ximo curso se ha establecido una tarifa de 0,75 \u20ac \/ alumno \/ d\u00eda lectivo, una tarifa reducida de 0,60 \u20ac \/ alumno \/ d\u00eda lectivo para las familias con 2 o m\u00e1s usuarios inscritos y la gratuidad para las familias con ingresos inferiores al Salario M\u00ednimo Interprofesional. Las inscripciones se pueden hacer del 15 de junio al 31 de julio en la OMAC de Monte-roig y la OMAC de Miami Platja. La admisi\u00f3n de usuarios fuera de este periodo quedar\u00e1 sujeta a la disponibilidad de plazas vac\u00edas del servicio de transporte.<\/p>\n<p>Para inscribirse hay que aportar la siguiente documentaci\u00f3n:<\/p>\n<p>\u2022 Fotocopia NIF \/ NIE<br \/>\n\u2022 Fotocopia primera hoja libreta bancaria<br \/>\n\u2022 Familias con ingresos inferiores al SMI: fotocopia de la \u00faltima declaraci\u00f3n de Renta o&nbsp;certificaci\u00f3n negativa emitida por la Agencia Tributaria<br \/>\n\u2022 Fotograf\u00eda tama\u00f1o carnet (s\u00f3lo para bachillerato, PTT Auxiliar de viveros y jardines y CFGS de Animaci\u00f3n sociocultural y tur\u00edstica)<\/p>\n<p>\nM\u00e1s informaci\u00f3n:<\/p>\n<p><a href=\"http:\/\/mont-roig.cat\/?page_id=4290\">http:\/\/mont-roig.cat\/es\/servicio-de-transporte-escolar<\/a><\/p>\n<\/div>\n<div>&nbsp;<\/div>\n<\/div>\n<\/div>\n<div class=\"field_noticia_img_portada\">\n<div>Imatge portada<\/div>\n<p><img decoding=\"async\" src=\"http:\/\/mont-roig.cat\/wp-content\/uploads\/foto_bus_municipal_0.jpg\" title=\"foto_bus_municipal.jpg\" alt=\"foto_bus_municipal.jpg\" \/><\/div>\n","protected":false},"excerpt":{"rendered":"<p>Inscripciones del 15 de junio al 31 de julio en las OMACs El Consell Comarcal del Baix Camp y el Ayuntamiento de Mont-roig del Camp gestionan el servicio de transporte escolar con el objetivo de facilitar el acceso de los alumnos en los centros p\u00fablicos existentes en el t\u00e9rmino municipal, dadas las especiales caracter\u00edsticas de [&hellip;]<\/p>\n","protected":false},"author":4,"featured_media":6773,"comment_status":"open","ping_status":"open","sticky":false,"template":"","format":"standard","meta":{"inline_featured_image":false,"_monsterinsights_skip_tracking":false,"_monsterinsights_sitenote_active":false,"_monsterinsights_sitenote_note":"","_monsterinsights_sitenote_category":0,"footnotes":""},"categories":[103],"tags":[],"class_list":["post-4513","post","type-post","status-publish","format-standard","has-post-thumbnail","hentry","category-educacion"],"yoast_head":"<!-- This site is optimized with the Yoast SEO plugin v27.4 - https:\/\/yoast.com\/product\/yoast-seo-wordpress\/ -->\n<title>Transporte escolar curso 2015-2016 - Ajuntament de Mont-roig del Camp<\/title>\n<meta name=\"robots\" content=\"index, follow, max-snippet:-1, max-image-preview:large, max-video-preview:-1\" \/>\n<link rel=\"canonical\" href=\"https:\/\/mont-roig.cat\/es\/actualitat\/noticies\/transporte-escolar-curso-2015-2016\/\" \/>\n<meta property=\"og:locale\" content=\"es_ES\" \/>\n<meta property=\"og:type\" content=\"article\" \/>\n<meta property=\"og:title\" content=\"Transporte escolar curso 2015-2016 - Ajuntament de Mont-roig del Camp\" \/>\n<meta property=\"og:description\" content=\"Inscripciones del 15 de junio al 31 de julio en las OMACs El Consell Comarcal del Baix Camp y el Ayuntamiento de Mont-roig del Camp gestionan el servicio de transporte escolar con el objetivo de facilitar el acceso de los alumnos en los centros p\u00fablicos existentes en el t\u00e9rmino municipal, dadas las especiales caracter\u00edsticas de [&hellip;]\" \/>\n<meta property=\"og:url\" content=\"https:\/\/mont-roig.cat\/es\/actualitat\/noticies\/transporte-escolar-curso-2015-2016\/\" \/>\n<meta property=\"og:site_name\" content=\"Ajuntament de Mont-roig del Camp\" \/>\n<meta property=\"article:published_time\" content=\"2015-06-03T07:00:39+00:00\" \/>\n<meta property=\"og:image\" content=\"https:\/\/mont-roig.cat\/wp-content\/uploads\/foto_bus_municipal.jpg\" \/>\n\t<meta property=\"og:image:width\" content=\"1280\" \/>\n\t<meta property=\"og:image:height\" content=\"720\" \/>\n\t<meta property=\"og:image:type\" content=\"image\/jpeg\" \/>\n<meta name=\"author\" content=\"administrador\" \/>\n<meta name=\"twitter:card\" content=\"summary_large_image\" \/>\n<meta name=\"twitter:label1\" content=\"Escrito por\" \/>\n\t<meta name=\"twitter:data1\" content=\"administrador\" \/>\n\t<meta name=\"twitter:label2\" content=\"Tiempo de lectura\" \/>\n\t<meta name=\"twitter:data2\" content=\"2 minutos\" \/>\n<script type=\"application\/ld+json\" class=\"yoast-schema-graph\">{\"@context\":\"https:\\\/\\\/schema.org\",\"@graph\":[{\"@type\":\"Article\",\"@id\":\"https:\\\/\\\/mont-roig.cat\\\/es\\\/actualitat\\\/noticies\\\/transporte-escolar-curso-2015-2016\\\/#article\",\"isPartOf\":{\"@id\":\"https:\\\/\\\/mont-roig.cat\\\/es\\\/actualitat\\\/noticies\\\/transporte-escolar-curso-2015-2016\\\/\"},\"author\":{\"name\":\"administrador\",\"@id\":\"https:\\\/\\\/mont-roig.cat\\\/es\\\/#\\\/schema\\\/person\\\/f2b111789f22b7d0c3bd6786c9128cba\"},\"headline\":\"Transporte escolar curso 2015-2016\",\"datePublished\":\"2015-06-03T07:00:39+00:00\",\"mainEntityOfPage\":{\"@id\":\"https:\\\/\\\/mont-roig.cat\\\/es\\\/actualitat\\\/noticies\\\/transporte-escolar-curso-2015-2016\\\/\"},\"wordCount\":321,\"commentCount\":0,\"image\":{\"@id\":\"https:\\\/\\\/mont-roig.cat\\\/es\\\/actualitat\\\/noticies\\\/transporte-escolar-curso-2015-2016\\\/#primaryimage\"},\"thumbnailUrl\":\"https:\\\/\\\/mont-roig.cat\\\/wp-content\\\/uploads\\\/foto_bus_municipal.jpg\",\"articleSection\":[\"Educaci\u00f3n\"],\"inLanguage\":\"es\"},{\"@type\":\"WebPage\",\"@id\":\"https:\\\/\\\/mont-roig.cat\\\/es\\\/actualitat\\\/noticies\\\/transporte-escolar-curso-2015-2016\\\/\",\"url\":\"https:\\\/\\\/mont-roig.cat\\\/es\\\/actualitat\\\/noticies\\\/transporte-escolar-curso-2015-2016\\\/\",\"name\":\"Transporte escolar curso 2015-2016 - Ajuntament de Mont-roig del Camp\",\"isPartOf\":{\"@id\":\"https:\\\/\\\/mont-roig.cat\\\/es\\\/#website\"},\"primaryImageOfPage\":{\"@id\":\"https:\\\/\\\/mont-roig.cat\\\/es\\\/actualitat\\\/noticies\\\/transporte-escolar-curso-2015-2016\\\/#primaryimage\"},\"image\":{\"@id\":\"https:\\\/\\\/mont-roig.cat\\\/es\\\/actualitat\\\/noticies\\\/transporte-escolar-curso-2015-2016\\\/#primaryimage\"},\"thumbnailUrl\":\"https:\\\/\\\/mont-roig.cat\\\/wp-content\\\/uploads\\\/foto_bus_municipal.jpg\",\"datePublished\":\"2015-06-03T07:00:39+00:00\",\"author\":{\"@id\":\"https:\\\/\\\/mont-roig.cat\\\/es\\\/#\\\/schema\\\/person\\\/f2b111789f22b7d0c3bd6786c9128cba\"},\"breadcrumb\":{\"@id\":\"https:\\\/\\\/mont-roig.cat\\\/es\\\/actualitat\\\/noticies\\\/transporte-escolar-curso-2015-2016\\\/#breadcrumb\"},\"inLanguage\":\"es\",\"potentialAction\":[{\"@type\":\"ReadAction\",\"target\":[\"https:\\\/\\\/mont-roig.cat\\\/es\\\/actualitat\\\/noticies\\\/transporte-escolar-curso-2015-2016\\\/\"]}]},{\"@type\":\"ImageObject\",\"inLanguage\":\"es\",\"@id\":\"https:\\\/\\\/mont-roig.cat\\\/es\\\/actualitat\\\/noticies\\\/transporte-escolar-curso-2015-2016\\\/#primaryimage\",\"url\":\"https:\\\/\\\/mont-roig.cat\\\/wp-content\\\/uploads\\\/foto_bus_municipal.jpg\",\"contentUrl\":\"https:\\\/\\\/mont-roig.cat\\\/wp-content\\\/uploads\\\/foto_bus_municipal.jpg\",\"width\":1280,\"height\":720},{\"@type\":\"BreadcrumbList\",\"@id\":\"https:\\\/\\\/mont-roig.cat\\\/es\\\/actualitat\\\/noticies\\\/transporte-escolar-curso-2015-2016\\\/#breadcrumb\",\"itemListElement\":[{\"@type\":\"ListItem\",\"position\":1,\"name\":\"Inici\",\"item\":\"https:\\\/\\\/mont-roig.cat\\\/es\\\/pagina-de-inicio\\\/\"},{\"@type\":\"ListItem\",\"position\":2,\"name\":\"Transporte escolar curso 2015-2016\"}]},{\"@type\":\"WebSite\",\"@id\":\"https:\\\/\\\/mont-roig.cat\\\/es\\\/#website\",\"url\":\"https:\\\/\\\/mont-roig.cat\\\/es\\\/\",\"name\":\"Ajuntament de Mont-roig del Camp\",\"description\":\"Tota la informaci\u00f3 sobre la instituci\u00f3, els seus \u00f2rgans de govern, actualitat, serveis i molt m\u00e9s.\",\"potentialAction\":[{\"@type\":\"SearchAction\",\"target\":{\"@type\":\"EntryPoint\",\"urlTemplate\":\"https:\\\/\\\/mont-roig.cat\\\/es\\\/?s={search_term_string}\"},\"query-input\":{\"@type\":\"PropertyValueSpecification\",\"valueRequired\":true,\"valueName\":\"search_term_string\"}}],\"inLanguage\":\"es\"},{\"@type\":\"Person\",\"@id\":\"https:\\\/\\\/mont-roig.cat\\\/es\\\/#\\\/schema\\\/person\\\/f2b111789f22b7d0c3bd6786c9128cba\",\"name\":\"administrador\",\"image\":{\"@type\":\"ImageObject\",\"inLanguage\":\"es\",\"@id\":\"https:\\\/\\\/secure.gravatar.com\\\/avatar\\\/9137aac6891e2595c9d3036fd83bcb653b4db3c946db4c7d9b9be193c3c944bb?s=96&d=mm&r=g\",\"url\":\"https:\\\/\\\/secure.gravatar.com\\\/avatar\\\/9137aac6891e2595c9d3036fd83bcb653b4db3c946db4c7d9b9be193c3c944bb?s=96&d=mm&r=g\",\"contentUrl\":\"https:\\\/\\\/secure.gravatar.com\\\/avatar\\\/9137aac6891e2595c9d3036fd83bcb653b4db3c946db4c7d9b9be193c3c944bb?s=96&d=mm&r=g\",\"caption\":\"administrador\"},\"url\":\"https:\\\/\\\/mont-roig.cat\\\/es\\\/actualitat\\\/noticies\\\/author\\\/administrador\\\/\"}]}<\/script>\n<!-- \/ Yoast SEO plugin. -->","yoast_head_json":{"title":"Transporte escolar curso 2015-2016 - Ajuntament de Mont-roig del Camp","robots":{"index":"index","follow":"follow","max-snippet":"max-snippet:-1","max-image-preview":"max-image-preview:large","max-video-preview":"max-video-preview:-1"},"canonical":"https:\/\/mont-roig.cat\/es\/actualitat\/noticies\/transporte-escolar-curso-2015-2016\/","og_locale":"es_ES","og_type":"article","og_title":"Transporte escolar curso 2015-2016 - Ajuntament de Mont-roig del Camp","og_description":"Inscripciones del 15 de junio al 31 de julio en las OMACs El Consell Comarcal del Baix Camp y el Ayuntamiento de Mont-roig del Camp gestionan el servicio de transporte escolar con el objetivo de facilitar el acceso de los alumnos en los centros p\u00fablicos existentes en el t\u00e9rmino municipal, dadas las especiales caracter\u00edsticas de [&hellip;]","og_url":"https:\/\/mont-roig.cat\/es\/actualitat\/noticies\/transporte-escolar-curso-2015-2016\/","og_site_name":"Ajuntament de Mont-roig del Camp","article_published_time":"2015-06-03T07:00:39+00:00","og_image":[{"width":1280,"height":720,"url":"https:\/\/mont-roig.cat\/wp-content\/uploads\/foto_bus_municipal.jpg","type":"image\/jpeg"}],"author":"administrador","twitter_card":"summary_large_image","twitter_misc":{"Escrito por":"administrador","Tiempo de lectura":"2 minutos"},"schema":{"@context":"https:\/\/schema.org","@graph":[{"@type":"Article","@id":"https:\/\/mont-roig.cat\/es\/actualitat\/noticies\/transporte-escolar-curso-2015-2016\/#article","isPartOf":{"@id":"https:\/\/mont-roig.cat\/es\/actualitat\/noticies\/transporte-escolar-curso-2015-2016\/"},"author":{"name":"administrador","@id":"https:\/\/mont-roig.cat\/es\/#\/schema\/person\/f2b111789f22b7d0c3bd6786c9128cba"},"headline":"Transporte escolar curso 2015-2016","datePublished":"2015-06-03T07:00:39+00:00","mainEntityOfPage":{"@id":"https:\/\/mont-roig.cat\/es\/actualitat\/noticies\/transporte-escolar-curso-2015-2016\/"},"wordCount":321,"commentCount":0,"image":{"@id":"https:\/\/mont-roig.cat\/es\/actualitat\/noticies\/transporte-escolar-curso-2015-2016\/#primaryimage"},"thumbnailUrl":"https:\/\/mont-roig.cat\/wp-content\/uploads\/foto_bus_municipal.jpg","articleSection":["Educaci\u00f3n"],"inLanguage":"es"},{"@type":"WebPage","@id":"https:\/\/mont-roig.cat\/es\/actualitat\/noticies\/transporte-escolar-curso-2015-2016\/","url":"https:\/\/mont-roig.cat\/es\/actualitat\/noticies\/transporte-escolar-curso-2015-2016\/","name":"Transporte escolar curso 2015-2016 - Ajuntament de Mont-roig del Camp","isPartOf":{"@id":"https:\/\/mont-roig.cat\/es\/#website"},"primaryImageOfPage":{"@id":"https:\/\/mont-roig.cat\/es\/actualitat\/noticies\/transporte-escolar-curso-2015-2016\/#primaryimage"},"image":{"@id":"https:\/\/mont-roig.cat\/es\/actualitat\/noticies\/transporte-escolar-curso-2015-2016\/#primaryimage"},"thumbnailUrl":"https:\/\/mont-roig.cat\/wp-content\/uploads\/foto_bus_municipal.jpg","datePublished":"2015-06-03T07:00:39+00:00","author":{"@id":"https:\/\/mont-roig.cat\/es\/#\/schema\/person\/f2b111789f22b7d0c3bd6786c9128cba"},"breadcrumb":{"@id":"https:\/\/mont-roig.cat\/es\/actualitat\/noticies\/transporte-escolar-curso-2015-2016\/#breadcrumb"},"inLanguage":"es","potentialAction":[{"@type":"ReadAction","target":["https:\/\/mont-roig.cat\/es\/actualitat\/noticies\/transporte-escolar-curso-2015-2016\/"]}]},{"@type":"ImageObject","inLanguage":"es","@id":"https:\/\/mont-roig.cat\/es\/actualitat\/noticies\/transporte-escolar-curso-2015-2016\/#primaryimage","url":"https:\/\/mont-roig.cat\/wp-content\/uploads\/foto_bus_municipal.jpg","contentUrl":"https:\/\/mont-roig.cat\/wp-content\/uploads\/foto_bus_municipal.jpg","width":1280,"height":720},{"@type":"BreadcrumbList","@id":"https:\/\/mont-roig.cat\/es\/actualitat\/noticies\/transporte-escolar-curso-2015-2016\/#breadcrumb","itemListElement":[{"@type":"ListItem","position":1,"name":"Inici","item":"https:\/\/mont-roig.cat\/es\/pagina-de-inicio\/"},{"@type":"ListItem","position":2,"name":"Transporte escolar curso 2015-2016"}]},{"@type":"WebSite","@id":"https:\/\/mont-roig.cat\/es\/#website","url":"https:\/\/mont-roig.cat\/es\/","name":"Ajuntament de Mont-roig del Camp","description":"Tota la informaci\u00f3 sobre la instituci\u00f3, els seus \u00f2rgans de govern, actualitat, serveis i molt m\u00e9s.","potentialAction":[{"@type":"SearchAction","target":{"@type":"EntryPoint","urlTemplate":"https:\/\/mont-roig.cat\/es\/?s={search_term_string}"},"query-input":{"@type":"PropertyValueSpecification","valueRequired":true,"valueName":"search_term_string"}}],"inLanguage":"es"},{"@type":"Person","@id":"https:\/\/mont-roig.cat\/es\/#\/schema\/person\/f2b111789f22b7d0c3bd6786c9128cba","name":"administrador","image":{"@type":"ImageObject","inLanguage":"es","@id":"https:\/\/secure.gravatar.com\/avatar\/9137aac6891e2595c9d3036fd83bcb653b4db3c946db4c7d9b9be193c3c944bb?s=96&d=mm&r=g","url":"https:\/\/secure.gravatar.com\/avatar\/9137aac6891e2595c9d3036fd83bcb653b4db3c946db4c7d9b9be193c3c944bb?s=96&d=mm&r=g","contentUrl":"https:\/\/secure.gravatar.com\/avatar\/9137aac6891e2595c9d3036fd83bcb653b4db3c946db4c7d9b9be193c3c944bb?s=96&d=mm&r=g","caption":"administrador"},"url":"https:\/\/mont-roig.cat\/es\/actualitat\/noticies\/author\/administrador\/"}]}},"_links":{"self":[{"href":"https:\/\/mont-roig.cat\/es\/wp-json\/wp\/v2\/posts\/4513","targetHints":{"allow":["GET"]}}],"collection":[{"href":"https:\/\/mont-roig.cat\/es\/wp-json\/wp\/v2\/posts"}],"about":[{"href":"https:\/\/mont-roig.cat\/es\/wp-json\/wp\/v2\/types\/post"}],"author":[{"embeddable":true,"href":"https:\/\/mont-roig.cat\/es\/wp-json\/wp\/v2\/users\/4"}],"replies":[{"embeddable":true,"href":"https:\/\/mont-roig.cat\/es\/wp-json\/wp\/v2\/comments?post=4513"}],"version-history":[{"count":0,"href":"https:\/\/mont-roig.cat\/es\/wp-json\/wp\/v2\/posts\/4513\/revisions"}],"wp:featuredmedia":[{"embeddable":true,"href":"https:\/\/mont-roig.cat\/es\/wp-json\/wp\/v2\/media\/6773"}],"wp:attachment":[{"href":"https:\/\/mont-roig.cat\/es\/wp-json\/wp\/v2\/media?parent=4513"}],"wp:term":[{"taxonomy":"category","embeddable":true,"href":"https:\/\/mont-roig.cat\/es\/wp-json\/wp\/v2\/categories?post=4513"},{"taxonomy":"post_tag","embeddable":true,"href":"https:\/\/mont-roig.cat\/es\/wp-json\/wp\/v2\/tags?post=4513"}],"curies":[{"name":"wp","href":"https:\/\/api.w.org\/{rel}","templated":true}]}}