{"id":45140,"date":"2020-04-08T15:26:45","date_gmt":"2020-04-08T13:26:45","guid":{"rendered":"https:\/\/mont-roig.cat\/actualitat\/noticies\/lajuntament-crea-un-nou-apartat-al-web-municipal-amb-telefons-i-recursos-dinteres\/"},"modified":"2020-04-08T16:59:52","modified_gmt":"2020-04-08T14:59:52","slug":"lajuntament-crea-un-nou-apartat-al-web-municipal-amb-telefons-i-recursos-dinteres","status":"publish","type":"post","link":"https:\/\/mont-roig.cat\/es\/actualitat\/noticies\/lajuntament-crea-un-nou-apartat-al-web-municipal-amb-telefons-i-recursos-dinteres\/","title":{"rendered":"El Ayuntamiento crea un nuevo apartado en la web municipal con tel\u00e9fonos y recursos de inter\u00e9s"},"content":{"rendered":"<ul>\n<li><strong><strong><a href=\"https:\/\/mont-roig.cat\/wp-content\/uploads\/cov-tels-header-es.png\"><img loading=\"lazy\" decoding=\"async\" class=\"alignright wp-image-45111 size-medium\" src=\"https:\/\/mont-roig.cat\/wp-content\/uploads\/cov-tels-header-es-500x113.png\" alt=\"\" width=\"500\" height=\"113\" srcset=\"https:\/\/mont-roig.cat\/wp-content\/uploads\/cov-tels-header-es-500x113.png 500w, https:\/\/mont-roig.cat\/wp-content\/uploads\/cov-tels-header-es-1024x231.png 1024w, https:\/\/mont-roig.cat\/wp-content\/uploads\/cov-tels-header-es-768x174.png 768w, https:\/\/mont-roig.cat\/wp-content\/uploads\/cov-tels-header-es-1536x347.png 1536w, https:\/\/mont-roig.cat\/wp-content\/uploads\/cov-tels-header-es.png 1920w\" sizes=\"auto, (max-width: 500px) 100vw, 500px\" \/><\/a><\/strong><\/strong><strong>Los vecinos y vecinas pueden solicitar asistencia telef\u00f3nica al 977 83 70 05 para poder continuar haciendo todos los tr\u00e1mites con el consistorio a trav\u00e9s de la Sede Electr\u00f3nica<\/strong>.<\/li>\n<\/ul>\n<p>El Ayuntamiento de Mont-roig del Camp ha querido centralizar algunos de los recursos y n\u00fameros de tel\u00e9fono que pueden resultar m\u00e1s importantes y \u00fatiles para la poblaci\u00f3n durante estos d\u00edas de confinamiento y mientras dure el estado de alarma decretado por la crisis sanitaria del coronavirus .<\/p>\n<p>Por este motivo se ha creado un nuevo apartado en la web municipal donde encontrar\u00e1n los tel\u00e9fonos y los horarios de los departamentos y entidades municipales que ofrecen servicios b\u00e1sicos a la ciudadan\u00eda, as\u00ed como la informaci\u00f3n de contacto de Salud, de Emergencias, los Centros de atenci\u00f3n Primaria del municipio, de los hospitales y de otros organismos que ofrecen informaci\u00f3n y atenci\u00f3n psicol\u00f3gica o sanitaria.<\/p>\n<p>Se trata de: <a href=\"https:\/\/mont-roig.cat\/es\/coronavirus\/telefonos-interes\/\" target=\"_blank\" rel=\"noopener noreferrer\">https:\/\/mont-roig.cat\/es\/coronavirus\/telefonos-interes\/<\/a><\/p>\n<p>Por otra parte, hay que recordar que el ayuntamiento de Mont-roig del Camp contin\u00faa abierto a trav\u00e9s de la Sede Electr\u00f3nica y que se ofrece soporte telef\u00f3nico a trav\u00e9s del 977 83 70 05 para poder hacer todos los tr\u00e1mites de forma telem\u00e1tica.<\/p>\n","protected":false},"excerpt":{"rendered":"<p>Los vecinos y vecinas pueden solicitar asistencia telef\u00f3nica al 977 83 70 05 para poder continuar haciendo todos los tr\u00e1mites con el consistorio a trav\u00e9s de la Sede Electr\u00f3nica. El Ayuntamiento de Mont-roig del Camp ha querido centralizar algunos de los recursos y n\u00fameros de tel\u00e9fono que pueden resultar m\u00e1s importantes y \u00fatiles para la [&hellip;]<\/p>\n","protected":false},"author":4,"featured_media":45110,"comment_status":"closed","ping_status":"closed","sticky":false,"template":"","format":"standard","meta":{"inline_featured_image":false,"_monsterinsights_skip_tracking":false,"_monsterinsights_sitenote_active":false,"_monsterinsights_sitenote_note":"","_monsterinsights_sitenote_category":0,"footnotes":""},"categories":[98,178,186],"tags":[],"class_list":["post-45140","post","type-post","status-publish","format-standard","has-post-thumbnail","hentry","category-ayuntamiento","category-coronavirus","category-coronavirus-otras"],"yoast_head":"<!-- This site is optimized with the Yoast SEO plugin v27.4 - https:\/\/yoast.com\/product\/yoast-seo-wordpress\/ -->\n<title>El Ayuntamiento crea un nuevo apartado en la web municipal con tel\u00e9fonos y recursos de inter\u00e9s - Ajuntament de Mont-roig del Camp<\/title>\n<meta name=\"robots\" content=\"index, follow, max-snippet:-1, max-image-preview:large, max-video-preview:-1\" \/>\n<link rel=\"canonical\" href=\"https:\/\/mont-roig.cat\/es\/actualitat\/noticies\/lajuntament-crea-un-nou-apartat-al-web-municipal-amb-telefons-i-recursos-dinteres\/\" \/>\n<meta property=\"og:locale\" content=\"es_ES\" \/>\n<meta property=\"og:type\" content=\"article\" \/>\n<meta property=\"og:title\" content=\"El Ayuntamiento crea un nuevo apartado en la web municipal con tel\u00e9fonos y recursos de inter\u00e9s - Ajuntament de Mont-roig del Camp\" \/>\n<meta property=\"og:description\" content=\"Los vecinos y vecinas pueden solicitar asistencia telef\u00f3nica al 977 83 70 05 para poder continuar haciendo todos los tr\u00e1mites con el consistorio a trav\u00e9s de la Sede Electr\u00f3nica. El Ayuntamiento de Mont-roig del Camp ha querido centralizar algunos de los recursos y n\u00fameros de tel\u00e9fono que pueden resultar m\u00e1s importantes y \u00fatiles para la [&hellip;]\" \/>\n<meta property=\"og:url\" content=\"https:\/\/mont-roig.cat\/es\/actualitat\/noticies\/lajuntament-crea-un-nou-apartat-al-web-municipal-amb-telefons-i-recursos-dinteres\/\" \/>\n<meta property=\"og:site_name\" content=\"Ajuntament de Mont-roig del Camp\" \/>\n<meta property=\"article:published_time\" content=\"2020-04-08T13:26:45+00:00\" \/>\n<meta property=\"article:modified_time\" content=\"2020-04-08T14:59:52+00:00\" \/>\n<meta property=\"og:image\" content=\"https:\/\/mont-roig.cat\/wp-content\/uploads\/cov-tels-header-ca.png\" \/>\n\t<meta property=\"og:image:width\" content=\"1920\" \/>\n\t<meta property=\"og:image:height\" content=\"434\" \/>\n\t<meta property=\"og:image:type\" content=\"image\/png\" \/>\n<meta name=\"author\" content=\"administrador\" \/>\n<meta name=\"twitter:card\" content=\"summary_large_image\" \/>\n<meta name=\"twitter:label1\" content=\"Escrito por\" \/>\n\t<meta name=\"twitter:data1\" content=\"administrador\" \/>\n\t<meta name=\"twitter:label2\" content=\"Tiempo de lectura\" \/>\n\t<meta name=\"twitter:data2\" content=\"1 minuto\" \/>\n<script type=\"application\/ld+json\" class=\"yoast-schema-graph\">{\"@context\":\"https:\\\/\\\/schema.org\",\"@graph\":[{\"@type\":\"Article\",\"@id\":\"https:\\\/\\\/mont-roig.cat\\\/es\\\/actualitat\\\/noticies\\\/lajuntament-crea-un-nou-apartat-al-web-municipal-amb-telefons-i-recursos-dinteres\\\/#article\",\"isPartOf\":{\"@id\":\"https:\\\/\\\/mont-roig.cat\\\/es\\\/actualitat\\\/noticies\\\/lajuntament-crea-un-nou-apartat-al-web-municipal-amb-telefons-i-recursos-dinteres\\\/\"},\"author\":{\"name\":\"administrador\",\"@id\":\"https:\\\/\\\/mont-roig.cat\\\/es\\\/#\\\/schema\\\/person\\\/f2b111789f22b7d0c3bd6786c9128cba\"},\"headline\":\"El Ayuntamiento crea un nuevo apartado en la web municipal con tel\u00e9fonos y recursos de inter\u00e9s\",\"datePublished\":\"2020-04-08T13:26:45+00:00\",\"dateModified\":\"2020-04-08T14:59:52+00:00\",\"mainEntityOfPage\":{\"@id\":\"https:\\\/\\\/mont-roig.cat\\\/es\\\/actualitat\\\/noticies\\\/lajuntament-crea-un-nou-apartat-al-web-municipal-amb-telefons-i-recursos-dinteres\\\/\"},\"wordCount\":227,\"image\":{\"@id\":\"https:\\\/\\\/mont-roig.cat\\\/es\\\/actualitat\\\/noticies\\\/lajuntament-crea-un-nou-apartat-al-web-municipal-amb-telefons-i-recursos-dinteres\\\/#primaryimage\"},\"thumbnailUrl\":\"https:\\\/\\\/mont-roig.cat\\\/wp-content\\\/uploads\\\/cov-tels-header-ca.png\",\"articleSection\":[\"Ayuntamiento\",\"Coronavirus\",\"Coronavirus - otras medidas\"],\"inLanguage\":\"es\"},{\"@type\":\"WebPage\",\"@id\":\"https:\\\/\\\/mont-roig.cat\\\/es\\\/actualitat\\\/noticies\\\/lajuntament-crea-un-nou-apartat-al-web-municipal-amb-telefons-i-recursos-dinteres\\\/\",\"url\":\"https:\\\/\\\/mont-roig.cat\\\/es\\\/actualitat\\\/noticies\\\/lajuntament-crea-un-nou-apartat-al-web-municipal-amb-telefons-i-recursos-dinteres\\\/\",\"name\":\"El Ayuntamiento crea un nuevo apartado en la web municipal con tel\u00e9fonos y recursos de inter\u00e9s - Ajuntament de Mont-roig del Camp\",\"isPartOf\":{\"@id\":\"https:\\\/\\\/mont-roig.cat\\\/es\\\/#website\"},\"primaryImageOfPage\":{\"@id\":\"https:\\\/\\\/mont-roig.cat\\\/es\\\/actualitat\\\/noticies\\\/lajuntament-crea-un-nou-apartat-al-web-municipal-amb-telefons-i-recursos-dinteres\\\/#primaryimage\"},\"image\":{\"@id\":\"https:\\\/\\\/mont-roig.cat\\\/es\\\/actualitat\\\/noticies\\\/lajuntament-crea-un-nou-apartat-al-web-municipal-amb-telefons-i-recursos-dinteres\\\/#primaryimage\"},\"thumbnailUrl\":\"https:\\\/\\\/mont-roig.cat\\\/wp-content\\\/uploads\\\/cov-tels-header-ca.png\",\"datePublished\":\"2020-04-08T13:26:45+00:00\",\"dateModified\":\"2020-04-08T14:59:52+00:00\",\"author\":{\"@id\":\"https:\\\/\\\/mont-roig.cat\\\/es\\\/#\\\/schema\\\/person\\\/f2b111789f22b7d0c3bd6786c9128cba\"},\"breadcrumb\":{\"@id\":\"https:\\\/\\\/mont-roig.cat\\\/es\\\/actualitat\\\/noticies\\\/lajuntament-crea-un-nou-apartat-al-web-municipal-amb-telefons-i-recursos-dinteres\\\/#breadcrumb\"},\"inLanguage\":\"es\",\"potentialAction\":[{\"@type\":\"ReadAction\",\"target\":[\"https:\\\/\\\/mont-roig.cat\\\/es\\\/actualitat\\\/noticies\\\/lajuntament-crea-un-nou-apartat-al-web-municipal-amb-telefons-i-recursos-dinteres\\\/\"]}]},{\"@type\":\"ImageObject\",\"inLanguage\":\"es\",\"@id\":\"https:\\\/\\\/mont-roig.cat\\\/es\\\/actualitat\\\/noticies\\\/lajuntament-crea-un-nou-apartat-al-web-municipal-amb-telefons-i-recursos-dinteres\\\/#primaryimage\",\"url\":\"https:\\\/\\\/mont-roig.cat\\\/wp-content\\\/uploads\\\/cov-tels-header-ca.png\",\"contentUrl\":\"https:\\\/\\\/mont-roig.cat\\\/wp-content\\\/uploads\\\/cov-tels-header-ca.png\",\"width\":1920,\"height\":434},{\"@type\":\"BreadcrumbList\",\"@id\":\"https:\\\/\\\/mont-roig.cat\\\/es\\\/actualitat\\\/noticies\\\/lajuntament-crea-un-nou-apartat-al-web-municipal-amb-telefons-i-recursos-dinteres\\\/#breadcrumb\",\"itemListElement\":[{\"@type\":\"ListItem\",\"position\":1,\"name\":\"Inici\",\"item\":\"https:\\\/\\\/mont-roig.cat\\\/es\\\/pagina-de-inicio\\\/\"},{\"@type\":\"ListItem\",\"position\":2,\"name\":\"El Ayuntamiento crea un nuevo apartado en la web municipal con tel\u00e9fonos y recursos de inter\u00e9s\"}]},{\"@type\":\"WebSite\",\"@id\":\"https:\\\/\\\/mont-roig.cat\\\/es\\\/#website\",\"url\":\"https:\\\/\\\/mont-roig.cat\\\/es\\\/\",\"name\":\"Ajuntament de Mont-roig del Camp\",\"description\":\"Tota la informaci\u00f3 sobre la instituci\u00f3, els seus \u00f2rgans de govern, actualitat, serveis i molt m\u00e9s.\",\"potentialAction\":[{\"@type\":\"SearchAction\",\"target\":{\"@type\":\"EntryPoint\",\"urlTemplate\":\"https:\\\/\\\/mont-roig.cat\\\/es\\\/?s={search_term_string}\"},\"query-input\":{\"@type\":\"PropertyValueSpecification\",\"valueRequired\":true,\"valueName\":\"search_term_string\"}}],\"inLanguage\":\"es\"},{\"@type\":\"Person\",\"@id\":\"https:\\\/\\\/mont-roig.cat\\\/es\\\/#\\\/schema\\\/person\\\/f2b111789f22b7d0c3bd6786c9128cba\",\"name\":\"administrador\",\"image\":{\"@type\":\"ImageObject\",\"inLanguage\":\"es\",\"@id\":\"https:\\\/\\\/secure.gravatar.com\\\/avatar\\\/9137aac6891e2595c9d3036fd83bcb653b4db3c946db4c7d9b9be193c3c944bb?s=96&d=mm&r=g\",\"url\":\"https:\\\/\\\/secure.gravatar.com\\\/avatar\\\/9137aac6891e2595c9d3036fd83bcb653b4db3c946db4c7d9b9be193c3c944bb?s=96&d=mm&r=g\",\"contentUrl\":\"https:\\\/\\\/secure.gravatar.com\\\/avatar\\\/9137aac6891e2595c9d3036fd83bcb653b4db3c946db4c7d9b9be193c3c944bb?s=96&d=mm&r=g\",\"caption\":\"administrador\"},\"url\":\"https:\\\/\\\/mont-roig.cat\\\/es\\\/actualitat\\\/noticies\\\/author\\\/administrador\\\/\"}]}<\/script>\n<!-- \/ Yoast SEO plugin. -->","yoast_head_json":{"title":"El Ayuntamiento crea un nuevo apartado en la web municipal con tel\u00e9fonos y recursos de inter\u00e9s - Ajuntament de Mont-roig del Camp","robots":{"index":"index","follow":"follow","max-snippet":"max-snippet:-1","max-image-preview":"max-image-preview:large","max-video-preview":"max-video-preview:-1"},"canonical":"https:\/\/mont-roig.cat\/es\/actualitat\/noticies\/lajuntament-crea-un-nou-apartat-al-web-municipal-amb-telefons-i-recursos-dinteres\/","og_locale":"es_ES","og_type":"article","og_title":"El Ayuntamiento crea un nuevo apartado en la web municipal con tel\u00e9fonos y recursos de inter\u00e9s - Ajuntament de Mont-roig del Camp","og_description":"Los vecinos y vecinas pueden solicitar asistencia telef\u00f3nica al 977 83 70 05 para poder continuar haciendo todos los tr\u00e1mites con el consistorio a trav\u00e9s de la Sede Electr\u00f3nica. El Ayuntamiento de Mont-roig del Camp ha querido centralizar algunos de los recursos y n\u00fameros de tel\u00e9fono que pueden resultar m\u00e1s importantes y \u00fatiles para la [&hellip;]","og_url":"https:\/\/mont-roig.cat\/es\/actualitat\/noticies\/lajuntament-crea-un-nou-apartat-al-web-municipal-amb-telefons-i-recursos-dinteres\/","og_site_name":"Ajuntament de Mont-roig del Camp","article_published_time":"2020-04-08T13:26:45+00:00","article_modified_time":"2020-04-08T14:59:52+00:00","og_image":[{"width":1920,"height":434,"url":"https:\/\/mont-roig.cat\/wp-content\/uploads\/cov-tels-header-ca.png","type":"image\/png"}],"author":"administrador","twitter_card":"summary_large_image","twitter_misc":{"Escrito por":"administrador","Tiempo de lectura":"1 minuto"},"schema":{"@context":"https:\/\/schema.org","@graph":[{"@type":"Article","@id":"https:\/\/mont-roig.cat\/es\/actualitat\/noticies\/lajuntament-crea-un-nou-apartat-al-web-municipal-amb-telefons-i-recursos-dinteres\/#article","isPartOf":{"@id":"https:\/\/mont-roig.cat\/es\/actualitat\/noticies\/lajuntament-crea-un-nou-apartat-al-web-municipal-amb-telefons-i-recursos-dinteres\/"},"author":{"name":"administrador","@id":"https:\/\/mont-roig.cat\/es\/#\/schema\/person\/f2b111789f22b7d0c3bd6786c9128cba"},"headline":"El Ayuntamiento crea un nuevo apartado en la web municipal con tel\u00e9fonos y recursos de inter\u00e9s","datePublished":"2020-04-08T13:26:45+00:00","dateModified":"2020-04-08T14:59:52+00:00","mainEntityOfPage":{"@id":"https:\/\/mont-roig.cat\/es\/actualitat\/noticies\/lajuntament-crea-un-nou-apartat-al-web-municipal-amb-telefons-i-recursos-dinteres\/"},"wordCount":227,"image":{"@id":"https:\/\/mont-roig.cat\/es\/actualitat\/noticies\/lajuntament-crea-un-nou-apartat-al-web-municipal-amb-telefons-i-recursos-dinteres\/#primaryimage"},"thumbnailUrl":"https:\/\/mont-roig.cat\/wp-content\/uploads\/cov-tels-header-ca.png","articleSection":["Ayuntamiento","Coronavirus","Coronavirus - otras medidas"],"inLanguage":"es"},{"@type":"WebPage","@id":"https:\/\/mont-roig.cat\/es\/actualitat\/noticies\/lajuntament-crea-un-nou-apartat-al-web-municipal-amb-telefons-i-recursos-dinteres\/","url":"https:\/\/mont-roig.cat\/es\/actualitat\/noticies\/lajuntament-crea-un-nou-apartat-al-web-municipal-amb-telefons-i-recursos-dinteres\/","name":"El Ayuntamiento crea un nuevo apartado en la web municipal con tel\u00e9fonos y recursos de inter\u00e9s - Ajuntament de Mont-roig del Camp","isPartOf":{"@id":"https:\/\/mont-roig.cat\/es\/#website"},"primaryImageOfPage":{"@id":"https:\/\/mont-roig.cat\/es\/actualitat\/noticies\/lajuntament-crea-un-nou-apartat-al-web-municipal-amb-telefons-i-recursos-dinteres\/#primaryimage"},"image":{"@id":"https:\/\/mont-roig.cat\/es\/actualitat\/noticies\/lajuntament-crea-un-nou-apartat-al-web-municipal-amb-telefons-i-recursos-dinteres\/#primaryimage"},"thumbnailUrl":"https:\/\/mont-roig.cat\/wp-content\/uploads\/cov-tels-header-ca.png","datePublished":"2020-04-08T13:26:45+00:00","dateModified":"2020-04-08T14:59:52+00:00","author":{"@id":"https:\/\/mont-roig.cat\/es\/#\/schema\/person\/f2b111789f22b7d0c3bd6786c9128cba"},"breadcrumb":{"@id":"https:\/\/mont-roig.cat\/es\/actualitat\/noticies\/lajuntament-crea-un-nou-apartat-al-web-municipal-amb-telefons-i-recursos-dinteres\/#breadcrumb"},"inLanguage":"es","potentialAction":[{"@type":"ReadAction","target":["https:\/\/mont-roig.cat\/es\/actualitat\/noticies\/lajuntament-crea-un-nou-apartat-al-web-municipal-amb-telefons-i-recursos-dinteres\/"]}]},{"@type":"ImageObject","inLanguage":"es","@id":"https:\/\/mont-roig.cat\/es\/actualitat\/noticies\/lajuntament-crea-un-nou-apartat-al-web-municipal-amb-telefons-i-recursos-dinteres\/#primaryimage","url":"https:\/\/mont-roig.cat\/wp-content\/uploads\/cov-tels-header-ca.png","contentUrl":"https:\/\/mont-roig.cat\/wp-content\/uploads\/cov-tels-header-ca.png","width":1920,"height":434},{"@type":"BreadcrumbList","@id":"https:\/\/mont-roig.cat\/es\/actualitat\/noticies\/lajuntament-crea-un-nou-apartat-al-web-municipal-amb-telefons-i-recursos-dinteres\/#breadcrumb","itemListElement":[{"@type":"ListItem","position":1,"name":"Inici","item":"https:\/\/mont-roig.cat\/es\/pagina-de-inicio\/"},{"@type":"ListItem","position":2,"name":"El Ayuntamiento crea un nuevo apartado en la web municipal con tel\u00e9fonos y recursos de inter\u00e9s"}]},{"@type":"WebSite","@id":"https:\/\/mont-roig.cat\/es\/#website","url":"https:\/\/mont-roig.cat\/es\/","name":"Ajuntament de Mont-roig del Camp","description":"Tota la informaci\u00f3 sobre la instituci\u00f3, els seus \u00f2rgans de govern, actualitat, serveis i molt m\u00e9s.","potentialAction":[{"@type":"SearchAction","target":{"@type":"EntryPoint","urlTemplate":"https:\/\/mont-roig.cat\/es\/?s={search_term_string}"},"query-input":{"@type":"PropertyValueSpecification","valueRequired":true,"valueName":"search_term_string"}}],"inLanguage":"es"},{"@type":"Person","@id":"https:\/\/mont-roig.cat\/es\/#\/schema\/person\/f2b111789f22b7d0c3bd6786c9128cba","name":"administrador","image":{"@type":"ImageObject","inLanguage":"es","@id":"https:\/\/secure.gravatar.com\/avatar\/9137aac6891e2595c9d3036fd83bcb653b4db3c946db4c7d9b9be193c3c944bb?s=96&d=mm&r=g","url":"https:\/\/secure.gravatar.com\/avatar\/9137aac6891e2595c9d3036fd83bcb653b4db3c946db4c7d9b9be193c3c944bb?s=96&d=mm&r=g","contentUrl":"https:\/\/secure.gravatar.com\/avatar\/9137aac6891e2595c9d3036fd83bcb653b4db3c946db4c7d9b9be193c3c944bb?s=96&d=mm&r=g","caption":"administrador"},"url":"https:\/\/mont-roig.cat\/es\/actualitat\/noticies\/author\/administrador\/"}]}},"_links":{"self":[{"href":"https:\/\/mont-roig.cat\/es\/wp-json\/wp\/v2\/posts\/45140","targetHints":{"allow":["GET"]}}],"collection":[{"href":"https:\/\/mont-roig.cat\/es\/wp-json\/wp\/v2\/posts"}],"about":[{"href":"https:\/\/mont-roig.cat\/es\/wp-json\/wp\/v2\/types\/post"}],"author":[{"embeddable":true,"href":"https:\/\/mont-roig.cat\/es\/wp-json\/wp\/v2\/users\/4"}],"replies":[{"embeddable":true,"href":"https:\/\/mont-roig.cat\/es\/wp-json\/wp\/v2\/comments?post=45140"}],"version-history":[{"count":5,"href":"https:\/\/mont-roig.cat\/es\/wp-json\/wp\/v2\/posts\/45140\/revisions"}],"predecessor-version":[{"id":45154,"href":"https:\/\/mont-roig.cat\/es\/wp-json\/wp\/v2\/posts\/45140\/revisions\/45154"}],"wp:featuredmedia":[{"embeddable":true,"href":"https:\/\/mont-roig.cat\/es\/wp-json\/wp\/v2\/media\/45110"}],"wp:attachment":[{"href":"https:\/\/mont-roig.cat\/es\/wp-json\/wp\/v2\/media?parent=45140"}],"wp:term":[{"taxonomy":"category","embeddable":true,"href":"https:\/\/mont-roig.cat\/es\/wp-json\/wp\/v2\/categories?post=45140"},{"taxonomy":"post_tag","embeddable":true,"href":"https:\/\/mont-roig.cat\/es\/wp-json\/wp\/v2\/tags?post=45140"}],"curies":[{"name":"wp","href":"https:\/\/api.w.org\/{rel}","templated":true}]}}