{"id":4515,"date":"2015-06-05T08:41:11","date_gmt":"2015-06-05T08:41:11","guid":{"rendered":""},"modified":"2015-06-05T08:41:11","modified_gmt":"2015-06-05T08:41:11","slug":"el-pla-de-barris-ofrece-dos-cursos-de-formacion-ocupacional-de-operaciones-auxiliares-de","status":"publish","type":"post","link":"https:\/\/mont-roig.cat\/es\/actualitat\/noticies\/el-pla-de-barris-ofrece-dos-cursos-de-formacion-ocupacional-de-operaciones-auxiliares-de\/","title":{"rendered":"El Pla de Barris ofrece dos cursos de formaci\u00f3n ocupacional de Operaciones Auxiliares de Montaje y Mantenimiento de Sistemas Microinform\u00e1ticos (IFCT0108)"},"content":{"rendered":"<div class=\"body\">\n<div>\n<p><strong><img decoding=\"async\" alt=\"Cursos Pla de Barris \" class=\"requadre\" src=\"http:\/\/mont-roig.cat\/wp-content\/uploads\/cartell_cursos_pla_de_barris-.jpg\" style=\"height: 284px; width: 200px; margin: 10px; float: right;\" title=\"Cursos Pla de Barris \" \/><\/strong><\/p>\n<div><strong>Las inscripciones se pueden hacer hasta el 15 de junio<\/strong><\/div>\n<p>El Servicio de Ocupaci\u00f3n de Catalu\u00f1a (SOC) adjudic\u00f3 al municipio 4 acciones formativas vinculadas a la obtenci\u00f3n del Certificado de Profesionalidad en las especialidades de Comercio e Inform\u00e1tica.<\/p>\n<p>El objetivo de estas acciones es ofrecer una formaci\u00f3n ajustada a las necesidades del mercado laboral y favorecer as\u00ed la productividad y competitividad de las empresas. Estos cursos van dirigidos prioritariamente a personas trabajadoras en situaci\u00f3n de desempleo y demandantes de ocupaci\u00f3n. Estas deben estar inscritas en el Servicio de Ocupaci\u00f3n de Catalu\u00f1a antes de iniciar la acci\u00f3n formativa, tanto si son personas en situaci\u00f3n de desempleo, como si son personas trabajadoras ocupadas.<\/p>\n<p>Desde la Concejal\u00eda del Pla de Barris se llev\u00f3 a cabo la primera acci\u00f3n formativa de Actividades Auxiliares de Comercio el pasado mes de diciembre y el pr\u00f3ximo 15 de junio se iniciar\u00e1n los dos cursos vinculados a la inform\u00e1tica.<\/p>\n<p><u>Descripci\u00f3n del certificado de profesionalidad:<\/u><br \/>\n2 cursos &#8211; <strong>IFCT0108 OPERACIONES AUXILIARES DE MONTAJE Y MANTENIMIENTO DE SISTEMAS MICROINFORM\u00c1TICOS<\/strong><br \/>\nEstos cursos constan de 310h de formaci\u00f3n te\u00f3rica y 80h de pr\u00e1cticas profesionales no laborales en empresas.<br \/>\n<em>Horario de los 2 cursos:<\/em><br \/>\n&#8211; Lunes a viernes de 8h a 13h<br \/>\n&#8211; Lunes a viernes de 13h a 18h<br \/>\n<em>Lugar:<\/em> Aula TIC del Pla de Barris situada en el Centro Polivalente, C \/ Soria 16-18 de Miami Platja.<\/p>\n<p>Toda la informaci\u00f3n se puede encontrar en los siguientes enlaces:<\/p>\n<p>\u2022 <a href=\"http:\/\/www.oficinadetreball.gencat.cat\/socfuncions\/CercadorCursosSimple.do?idiomaNavegacio=ca\">Cercador cursos Gencat<\/a>&nbsp;<br \/>\n\u2022&nbsp;<a href=\"http:\/\/www.pladebarrisdelaflorida.cat\/\">Pla de Barris de La Florida&nbsp;<\/a><\/p>\n<p>Para m\u00e1s informaci\u00f3n e inscripciones pueden contactar con la Oficina del Pla de Barris (c. Soria 14, Miami Platja) en el tel\u00e9fono 977 170440, de lunes a viernes de 9:00 a 14:00 horas, o enviar un correo a la direcci\u00f3n electr\u00f3nica: <a href=\"mailto:pladebarris@mont-roig.cat\">pladebarris@mont-roig.cat<\/a><\/p>\n<\/div>\n<\/div>\n<div class=\"field_noticia_img_portada\">\n<div>Imatge portada<\/div>\n<p><img decoding=\"async\" src=\"http:\/\/mont-roig.cat\/wp-content\/uploads\/cartell_cursos_pla_de_barris-_0.jpg\" title=\"cartell_cursos_pla_de_barris-.jpg\" alt=\"cartell_cursos_pla_de_barris-.jpg\" \/><\/div>\n<div class=\"field_noticia_fitxers\">\n<div>Fitxers<\/div>\n<p><a href=\"http:\/\/mont-roig.cat\/wp-content\/uploads\/cartell_ifct0108_opcio_b.pdf\" title=\"cartell_ifct0108_opcio_b.pdf\">cartell_ifct0108_opcio_b.pdf<\/a><\/div>\n","protected":false},"excerpt":{"rendered":"<p>Las inscripciones se pueden hacer hasta el 15 de junio El Servicio de Ocupaci\u00f3n de Catalu\u00f1a (SOC) adjudic\u00f3 al municipio 4 acciones formativas vinculadas a la obtenci\u00f3n del Certificado de Profesionalidad en las especialidades de Comercio e Inform\u00e1tica. El objetivo de estas acciones es ofrecer una formaci\u00f3n ajustada a las necesidades del mercado laboral y [&hellip;]<\/p>\n","protected":false},"author":4,"featured_media":3881,"comment_status":"open","ping_status":"open","sticky":false,"template":"","format":"standard","meta":{"inline_featured_image":false,"_monsterinsights_skip_tracking":false,"_monsterinsights_sitenote_active":false,"_monsterinsights_sitenote_note":"","_monsterinsights_sitenote_category":0,"footnotes":""},"categories":[99],"tags":[],"class_list":["post-4515","post","type-post","status-publish","format-standard","has-post-thumbnail","hentry","category-otros"],"yoast_head":"<!-- This site is optimized with the Yoast SEO plugin v27.4 - https:\/\/yoast.com\/product\/yoast-seo-wordpress\/ -->\n<title>El Pla de Barris ofrece dos cursos de formaci\u00f3n ocupacional de Operaciones Auxiliares de Montaje y Mantenimiento de Sistemas Microinform\u00e1ticos (IFCT0108) - Ajuntament de Mont-roig del Camp<\/title>\n<meta name=\"robots\" content=\"index, follow, max-snippet:-1, max-image-preview:large, max-video-preview:-1\" \/>\n<link rel=\"canonical\" href=\"https:\/\/mont-roig.cat\/es\/actualitat\/noticies\/el-pla-de-barris-ofrece-dos-cursos-de-formacion-ocupacional-de-operaciones-auxiliares-de\/\" \/>\n<meta property=\"og:locale\" content=\"es_ES\" \/>\n<meta property=\"og:type\" content=\"article\" \/>\n<meta property=\"og:title\" content=\"El Pla de Barris ofrece dos cursos de formaci\u00f3n ocupacional de Operaciones Auxiliares de Montaje y Mantenimiento de Sistemas Microinform\u00e1ticos (IFCT0108) - Ajuntament de Mont-roig del Camp\" \/>\n<meta property=\"og:description\" content=\"Las inscripciones se pueden hacer hasta el 15 de junio El Servicio de Ocupaci\u00f3n de Catalu\u00f1a (SOC) adjudic\u00f3 al municipio 4 acciones formativas vinculadas a la obtenci\u00f3n del Certificado de Profesionalidad en las especialidades de Comercio e Inform\u00e1tica. El objetivo de estas acciones es ofrecer una formaci\u00f3n ajustada a las necesidades del mercado laboral y [&hellip;]\" \/>\n<meta property=\"og:url\" content=\"https:\/\/mont-roig.cat\/es\/actualitat\/noticies\/el-pla-de-barris-ofrece-dos-cursos-de-formacion-ocupacional-de-operaciones-auxiliares-de\/\" \/>\n<meta property=\"og:site_name\" content=\"Ajuntament de Mont-roig del Camp\" \/>\n<meta property=\"article:published_time\" content=\"2015-06-05T08:41:11+00:00\" \/>\n<meta property=\"og:image\" content=\"https:\/\/mont-roig.cat\/wp-content\/uploads\/aj-mont-roig-2.jpg\" \/>\n\t<meta property=\"og:image:width\" content=\"1200\" \/>\n\t<meta property=\"og:image:height\" content=\"600\" \/>\n\t<meta property=\"og:image:type\" content=\"image\/jpeg\" \/>\n<meta name=\"author\" content=\"administrador\" \/>\n<meta name=\"twitter:card\" content=\"summary_large_image\" \/>\n<meta name=\"twitter:label1\" content=\"Escrito por\" \/>\n\t<meta name=\"twitter:data1\" content=\"administrador\" \/>\n\t<meta name=\"twitter:label2\" content=\"Tiempo de lectura\" \/>\n\t<meta name=\"twitter:data2\" content=\"2 minutos\" \/>\n<script type=\"application\/ld+json\" class=\"yoast-schema-graph\">{\"@context\":\"https:\\\/\\\/schema.org\",\"@graph\":[{\"@type\":\"Article\",\"@id\":\"https:\\\/\\\/mont-roig.cat\\\/es\\\/actualitat\\\/noticies\\\/el-pla-de-barris-ofrece-dos-cursos-de-formacion-ocupacional-de-operaciones-auxiliares-de\\\/#article\",\"isPartOf\":{\"@id\":\"https:\\\/\\\/mont-roig.cat\\\/es\\\/actualitat\\\/noticies\\\/el-pla-de-barris-ofrece-dos-cursos-de-formacion-ocupacional-de-operaciones-auxiliares-de\\\/\"},\"author\":{\"name\":\"administrador\",\"@id\":\"https:\\\/\\\/mont-roig.cat\\\/es\\\/#\\\/schema\\\/person\\\/f2b111789f22b7d0c3bd6786c9128cba\"},\"headline\":\"El Pla de Barris ofrece dos cursos de formaci\u00f3n ocupacional de Operaciones Auxiliares de Montaje y Mantenimiento de Sistemas Microinform\u00e1ticos (IFCT0108)\",\"datePublished\":\"2015-06-05T08:41:11+00:00\",\"mainEntityOfPage\":{\"@id\":\"https:\\\/\\\/mont-roig.cat\\\/es\\\/actualitat\\\/noticies\\\/el-pla-de-barris-ofrece-dos-cursos-de-formacion-ocupacional-de-operaciones-auxiliares-de\\\/\"},\"wordCount\":339,\"commentCount\":0,\"image\":{\"@id\":\"https:\\\/\\\/mont-roig.cat\\\/es\\\/actualitat\\\/noticies\\\/el-pla-de-barris-ofrece-dos-cursos-de-formacion-ocupacional-de-operaciones-auxiliares-de\\\/#primaryimage\"},\"thumbnailUrl\":\"\",\"articleSection\":[\"Otros\"],\"inLanguage\":\"es\"},{\"@type\":\"WebPage\",\"@id\":\"https:\\\/\\\/mont-roig.cat\\\/es\\\/actualitat\\\/noticies\\\/el-pla-de-barris-ofrece-dos-cursos-de-formacion-ocupacional-de-operaciones-auxiliares-de\\\/\",\"url\":\"https:\\\/\\\/mont-roig.cat\\\/es\\\/actualitat\\\/noticies\\\/el-pla-de-barris-ofrece-dos-cursos-de-formacion-ocupacional-de-operaciones-auxiliares-de\\\/\",\"name\":\"El Pla de Barris ofrece dos cursos de formaci\u00f3n ocupacional de Operaciones Auxiliares de Montaje y Mantenimiento de Sistemas Microinform\u00e1ticos (IFCT0108) - Ajuntament de Mont-roig del Camp\",\"isPartOf\":{\"@id\":\"https:\\\/\\\/mont-roig.cat\\\/es\\\/#website\"},\"primaryImageOfPage\":{\"@id\":\"https:\\\/\\\/mont-roig.cat\\\/es\\\/actualitat\\\/noticies\\\/el-pla-de-barris-ofrece-dos-cursos-de-formacion-ocupacional-de-operaciones-auxiliares-de\\\/#primaryimage\"},\"image\":{\"@id\":\"https:\\\/\\\/mont-roig.cat\\\/es\\\/actualitat\\\/noticies\\\/el-pla-de-barris-ofrece-dos-cursos-de-formacion-ocupacional-de-operaciones-auxiliares-de\\\/#primaryimage\"},\"thumbnailUrl\":\"\",\"datePublished\":\"2015-06-05T08:41:11+00:00\",\"author\":{\"@id\":\"https:\\\/\\\/mont-roig.cat\\\/es\\\/#\\\/schema\\\/person\\\/f2b111789f22b7d0c3bd6786c9128cba\"},\"breadcrumb\":{\"@id\":\"https:\\\/\\\/mont-roig.cat\\\/es\\\/actualitat\\\/noticies\\\/el-pla-de-barris-ofrece-dos-cursos-de-formacion-ocupacional-de-operaciones-auxiliares-de\\\/#breadcrumb\"},\"inLanguage\":\"es\",\"potentialAction\":[{\"@type\":\"ReadAction\",\"target\":[\"https:\\\/\\\/mont-roig.cat\\\/es\\\/actualitat\\\/noticies\\\/el-pla-de-barris-ofrece-dos-cursos-de-formacion-ocupacional-de-operaciones-auxiliares-de\\\/\"]}]},{\"@type\":\"ImageObject\",\"inLanguage\":\"es\",\"@id\":\"https:\\\/\\\/mont-roig.cat\\\/es\\\/actualitat\\\/noticies\\\/el-pla-de-barris-ofrece-dos-cursos-de-formacion-ocupacional-de-operaciones-auxiliares-de\\\/#primaryimage\",\"url\":\"\",\"contentUrl\":\"\",\"width\":60,\"height\":60},{\"@type\":\"BreadcrumbList\",\"@id\":\"https:\\\/\\\/mont-roig.cat\\\/es\\\/actualitat\\\/noticies\\\/el-pla-de-barris-ofrece-dos-cursos-de-formacion-ocupacional-de-operaciones-auxiliares-de\\\/#breadcrumb\",\"itemListElement\":[{\"@type\":\"ListItem\",\"position\":1,\"name\":\"Inici\",\"item\":\"https:\\\/\\\/mont-roig.cat\\\/es\\\/pagina-de-inicio\\\/\"},{\"@type\":\"ListItem\",\"position\":2,\"name\":\"El Pla de Barris ofrece dos cursos de formaci\u00f3n ocupacional de Operaciones Auxiliares de Montaje y Mantenimiento de Sistemas Microinform\u00e1ticos (IFCT0108)\"}]},{\"@type\":\"WebSite\",\"@id\":\"https:\\\/\\\/mont-roig.cat\\\/es\\\/#website\",\"url\":\"https:\\\/\\\/mont-roig.cat\\\/es\\\/\",\"name\":\"Ajuntament de Mont-roig del Camp\",\"description\":\"Tota la informaci\u00f3 sobre la instituci\u00f3, els seus \u00f2rgans de govern, actualitat, serveis i molt m\u00e9s.\",\"potentialAction\":[{\"@type\":\"SearchAction\",\"target\":{\"@type\":\"EntryPoint\",\"urlTemplate\":\"https:\\\/\\\/mont-roig.cat\\\/es\\\/?s={search_term_string}\"},\"query-input\":{\"@type\":\"PropertyValueSpecification\",\"valueRequired\":true,\"valueName\":\"search_term_string\"}}],\"inLanguage\":\"es\"},{\"@type\":\"Person\",\"@id\":\"https:\\\/\\\/mont-roig.cat\\\/es\\\/#\\\/schema\\\/person\\\/f2b111789f22b7d0c3bd6786c9128cba\",\"name\":\"administrador\",\"image\":{\"@type\":\"ImageObject\",\"inLanguage\":\"es\",\"@id\":\"https:\\\/\\\/secure.gravatar.com\\\/avatar\\\/9137aac6891e2595c9d3036fd83bcb653b4db3c946db4c7d9b9be193c3c944bb?s=96&d=mm&r=g\",\"url\":\"https:\\\/\\\/secure.gravatar.com\\\/avatar\\\/9137aac6891e2595c9d3036fd83bcb653b4db3c946db4c7d9b9be193c3c944bb?s=96&d=mm&r=g\",\"contentUrl\":\"https:\\\/\\\/secure.gravatar.com\\\/avatar\\\/9137aac6891e2595c9d3036fd83bcb653b4db3c946db4c7d9b9be193c3c944bb?s=96&d=mm&r=g\",\"caption\":\"administrador\"},\"url\":\"https:\\\/\\\/mont-roig.cat\\\/es\\\/actualitat\\\/noticies\\\/author\\\/administrador\\\/\"}]}<\/script>\n<!-- \/ Yoast SEO plugin. -->","yoast_head_json":{"title":"El Pla de Barris ofrece dos cursos de formaci\u00f3n ocupacional de Operaciones Auxiliares de Montaje y Mantenimiento de Sistemas Microinform\u00e1ticos (IFCT0108) - Ajuntament de Mont-roig del Camp","robots":{"index":"index","follow":"follow","max-snippet":"max-snippet:-1","max-image-preview":"max-image-preview:large","max-video-preview":"max-video-preview:-1"},"canonical":"https:\/\/mont-roig.cat\/es\/actualitat\/noticies\/el-pla-de-barris-ofrece-dos-cursos-de-formacion-ocupacional-de-operaciones-auxiliares-de\/","og_locale":"es_ES","og_type":"article","og_title":"El Pla de Barris ofrece dos cursos de formaci\u00f3n ocupacional de Operaciones Auxiliares de Montaje y Mantenimiento de Sistemas Microinform\u00e1ticos (IFCT0108) - Ajuntament de Mont-roig del Camp","og_description":"Las inscripciones se pueden hacer hasta el 15 de junio El Servicio de Ocupaci\u00f3n de Catalu\u00f1a (SOC) adjudic\u00f3 al municipio 4 acciones formativas vinculadas a la obtenci\u00f3n del Certificado de Profesionalidad en las especialidades de Comercio e Inform\u00e1tica. El objetivo de estas acciones es ofrecer una formaci\u00f3n ajustada a las necesidades del mercado laboral y [&hellip;]","og_url":"https:\/\/mont-roig.cat\/es\/actualitat\/noticies\/el-pla-de-barris-ofrece-dos-cursos-de-formacion-ocupacional-de-operaciones-auxiliares-de\/","og_site_name":"Ajuntament de Mont-roig del Camp","article_published_time":"2015-06-05T08:41:11+00:00","og_image":[{"width":1200,"height":600,"url":"https:\/\/mont-roig.cat\/wp-content\/uploads\/aj-mont-roig-2.jpg","type":"image\/jpeg"}],"author":"administrador","twitter_card":"summary_large_image","twitter_misc":{"Escrito por":"administrador","Tiempo de lectura":"2 minutos"},"schema":{"@context":"https:\/\/schema.org","@graph":[{"@type":"Article","@id":"https:\/\/mont-roig.cat\/es\/actualitat\/noticies\/el-pla-de-barris-ofrece-dos-cursos-de-formacion-ocupacional-de-operaciones-auxiliares-de\/#article","isPartOf":{"@id":"https:\/\/mont-roig.cat\/es\/actualitat\/noticies\/el-pla-de-barris-ofrece-dos-cursos-de-formacion-ocupacional-de-operaciones-auxiliares-de\/"},"author":{"name":"administrador","@id":"https:\/\/mont-roig.cat\/es\/#\/schema\/person\/f2b111789f22b7d0c3bd6786c9128cba"},"headline":"El Pla de Barris ofrece dos cursos de formaci\u00f3n ocupacional de Operaciones Auxiliares de Montaje y Mantenimiento de Sistemas Microinform\u00e1ticos (IFCT0108)","datePublished":"2015-06-05T08:41:11+00:00","mainEntityOfPage":{"@id":"https:\/\/mont-roig.cat\/es\/actualitat\/noticies\/el-pla-de-barris-ofrece-dos-cursos-de-formacion-ocupacional-de-operaciones-auxiliares-de\/"},"wordCount":339,"commentCount":0,"image":{"@id":"https:\/\/mont-roig.cat\/es\/actualitat\/noticies\/el-pla-de-barris-ofrece-dos-cursos-de-formacion-ocupacional-de-operaciones-auxiliares-de\/#primaryimage"},"thumbnailUrl":"","articleSection":["Otros"],"inLanguage":"es"},{"@type":"WebPage","@id":"https:\/\/mont-roig.cat\/es\/actualitat\/noticies\/el-pla-de-barris-ofrece-dos-cursos-de-formacion-ocupacional-de-operaciones-auxiliares-de\/","url":"https:\/\/mont-roig.cat\/es\/actualitat\/noticies\/el-pla-de-barris-ofrece-dos-cursos-de-formacion-ocupacional-de-operaciones-auxiliares-de\/","name":"El Pla de Barris ofrece dos cursos de formaci\u00f3n ocupacional de Operaciones Auxiliares de Montaje y Mantenimiento de Sistemas Microinform\u00e1ticos (IFCT0108) - Ajuntament de Mont-roig del Camp","isPartOf":{"@id":"https:\/\/mont-roig.cat\/es\/#website"},"primaryImageOfPage":{"@id":"https:\/\/mont-roig.cat\/es\/actualitat\/noticies\/el-pla-de-barris-ofrece-dos-cursos-de-formacion-ocupacional-de-operaciones-auxiliares-de\/#primaryimage"},"image":{"@id":"https:\/\/mont-roig.cat\/es\/actualitat\/noticies\/el-pla-de-barris-ofrece-dos-cursos-de-formacion-ocupacional-de-operaciones-auxiliares-de\/#primaryimage"},"thumbnailUrl":"","datePublished":"2015-06-05T08:41:11+00:00","author":{"@id":"https:\/\/mont-roig.cat\/es\/#\/schema\/person\/f2b111789f22b7d0c3bd6786c9128cba"},"breadcrumb":{"@id":"https:\/\/mont-roig.cat\/es\/actualitat\/noticies\/el-pla-de-barris-ofrece-dos-cursos-de-formacion-ocupacional-de-operaciones-auxiliares-de\/#breadcrumb"},"inLanguage":"es","potentialAction":[{"@type":"ReadAction","target":["https:\/\/mont-roig.cat\/es\/actualitat\/noticies\/el-pla-de-barris-ofrece-dos-cursos-de-formacion-ocupacional-de-operaciones-auxiliares-de\/"]}]},{"@type":"ImageObject","inLanguage":"es","@id":"https:\/\/mont-roig.cat\/es\/actualitat\/noticies\/el-pla-de-barris-ofrece-dos-cursos-de-formacion-ocupacional-de-operaciones-auxiliares-de\/#primaryimage","url":"","contentUrl":"","width":60,"height":60},{"@type":"BreadcrumbList","@id":"https:\/\/mont-roig.cat\/es\/actualitat\/noticies\/el-pla-de-barris-ofrece-dos-cursos-de-formacion-ocupacional-de-operaciones-auxiliares-de\/#breadcrumb","itemListElement":[{"@type":"ListItem","position":1,"name":"Inici","item":"https:\/\/mont-roig.cat\/es\/pagina-de-inicio\/"},{"@type":"ListItem","position":2,"name":"El Pla de Barris ofrece dos cursos de formaci\u00f3n ocupacional de Operaciones Auxiliares de Montaje y Mantenimiento de Sistemas Microinform\u00e1ticos (IFCT0108)"}]},{"@type":"WebSite","@id":"https:\/\/mont-roig.cat\/es\/#website","url":"https:\/\/mont-roig.cat\/es\/","name":"Ajuntament de Mont-roig del Camp","description":"Tota la informaci\u00f3 sobre la instituci\u00f3, els seus \u00f2rgans de govern, actualitat, serveis i molt m\u00e9s.","potentialAction":[{"@type":"SearchAction","target":{"@type":"EntryPoint","urlTemplate":"https:\/\/mont-roig.cat\/es\/?s={search_term_string}"},"query-input":{"@type":"PropertyValueSpecification","valueRequired":true,"valueName":"search_term_string"}}],"inLanguage":"es"},{"@type":"Person","@id":"https:\/\/mont-roig.cat\/es\/#\/schema\/person\/f2b111789f22b7d0c3bd6786c9128cba","name":"administrador","image":{"@type":"ImageObject","inLanguage":"es","@id":"https:\/\/secure.gravatar.com\/avatar\/9137aac6891e2595c9d3036fd83bcb653b4db3c946db4c7d9b9be193c3c944bb?s=96&d=mm&r=g","url":"https:\/\/secure.gravatar.com\/avatar\/9137aac6891e2595c9d3036fd83bcb653b4db3c946db4c7d9b9be193c3c944bb?s=96&d=mm&r=g","contentUrl":"https:\/\/secure.gravatar.com\/avatar\/9137aac6891e2595c9d3036fd83bcb653b4db3c946db4c7d9b9be193c3c944bb?s=96&d=mm&r=g","caption":"administrador"},"url":"https:\/\/mont-roig.cat\/es\/actualitat\/noticies\/author\/administrador\/"}]}},"_links":{"self":[{"href":"https:\/\/mont-roig.cat\/es\/wp-json\/wp\/v2\/posts\/4515","targetHints":{"allow":["GET"]}}],"collection":[{"href":"https:\/\/mont-roig.cat\/es\/wp-json\/wp\/v2\/posts"}],"about":[{"href":"https:\/\/mont-roig.cat\/es\/wp-json\/wp\/v2\/types\/post"}],"author":[{"embeddable":true,"href":"https:\/\/mont-roig.cat\/es\/wp-json\/wp\/v2\/users\/4"}],"replies":[{"embeddable":true,"href":"https:\/\/mont-roig.cat\/es\/wp-json\/wp\/v2\/comments?post=4515"}],"version-history":[{"count":0,"href":"https:\/\/mont-roig.cat\/es\/wp-json\/wp\/v2\/posts\/4515\/revisions"}],"wp:featuredmedia":[{"embeddable":true,"href":"https:\/\/mont-roig.cat\/es\/wp-json\/wp\/v2\/media\/3881"}],"wp:attachment":[{"href":"https:\/\/mont-roig.cat\/es\/wp-json\/wp\/v2\/media?parent=4515"}],"wp:term":[{"taxonomy":"category","embeddable":true,"href":"https:\/\/mont-roig.cat\/es\/wp-json\/wp\/v2\/categories?post=4515"},{"taxonomy":"post_tag","embeddable":true,"href":"https:\/\/mont-roig.cat\/es\/wp-json\/wp\/v2\/tags?post=4515"}],"curies":[{"name":"wp","href":"https:\/\/api.w.org\/{rel}","templated":true}]}}