{"id":4517,"date":"2015-06-08T08:29:55","date_gmt":"2015-06-08T08:29:55","guid":{"rendered":""},"modified":"2015-12-11T12:46:39","modified_gmt":"2015-12-11T11:46:39","slug":"campana-de-donacion-de-sangre-0","status":"publish","type":"post","link":"https:\/\/mont-roig.cat\/es\/actualitat\/noticies\/campana-de-donacion-de-sangre-0\/","title":{"rendered":"Campa\u00f1a de donaci\u00f3n de sangre"},"content":{"rendered":"<div class=\"body\">\n<div>\n<p><strong><img decoding=\"async\" class=\"requadre\" style=\"width: 300px; height: 92px; margin: 10px; float: right;\" title=\"Campa\u00f1a de donaci\u00f3n de sangre\" src=\"http:\/\/mont-roig.cat\/wp-content\/uploads\/2013_05_donacio_sang_1.jpg\" alt=\"Campa\u00f1a de donaci\u00f3n de sangre\" \/><\/strong><\/p>\n<p><strong>Viernes 12 de junio de 17:30h a 21:30h delante del CAP Mont-roig<\/strong><\/p>\n<p>La Unidad M\u00f3vil del <em>Banc de Sang i Teixits<\/em> se instalar\u00e1 este viernes, de las 17:30h hasta las 21:30h, delante del CAP Mont-roig, para realizar una nueva campa\u00f1a de donaci\u00f3n de sangre.<\/p>\n<p>La donaci\u00f3n de sangre es un acto sencillo, seguro, nada doloroso y asistido por profesionales especializados en todo momento. Para el donante no comporta ning\u00fan riesgo y, en cambio, para enfermos de todo el territorio puede suponer avanzar en su proceso de curaci\u00f3n.<\/p>\n<p>Es, pues, un gesto solidario y r\u00e1pido que pueden hacer todas aquellas personas que tengan entre 18 y 65 a\u00f1os y pesen m\u00e1s de 50 kilos. Hay que recordar que los hombres pueden dar sangre hasta 4 veces al a\u00f1o y las mujeres 3, siempre y cuando se respete el intervalo m\u00ednimo de dos meses entre donaciones.<\/p>\n<p>Actualmente, la donaci\u00f3n de sangre desinteresada es la \u00fanica v\u00eda para nutrir los bancos de sangre y tratar enfermos. Con una sola donaci\u00f3n una persona puede ayudar a tres personas diferentes.<\/p>\n<p>Todas aquellas personas que el viernes no puedan asistir tienen m\u00e1s oportunidades para dar sangre. En la web <a href=\"http:\/\/www.donarsang.gencat.cat\/\">donarsang.cat<\/a> puede conocer cu\u00e1les son los centros fijos de recogida y en qu\u00e9 municipios se desplaza diariamente la Unidad M\u00f3vil del\u00a0<em>Banc de Sang i Teixits.<\/em><\/p>\n<\/div>\n<\/div>\n<div class=\"field_noticia_img_portada\">\n<div>Imatge portada<\/div>\n<p><img decoding=\"async\" title=\"2013_05_donacio_sang.jpg\" src=\"http:\/\/mont-roig.cat\/wp-content\/uploads\/2013_05_donacio_sang_1.jpg\" alt=\"2013_05_donacio_sang.jpg\" \/><\/p>\n<\/div>\n","protected":false},"excerpt":{"rendered":"<p>Viernes 12 de junio de 17:30h a 21:30h delante del CAP Mont-roig La Unidad M\u00f3vil del Banc de Sang i Teixits se instalar\u00e1 este viernes, de las 17:30h hasta las 21:30h, delante del CAP Mont-roig, para realizar una nueva campa\u00f1a de donaci\u00f3n de sangre. La donaci\u00f3n de sangre es un acto sencillo, seguro, nada doloroso [&hellip;]<\/p>\n","protected":false},"author":4,"featured_media":6785,"comment_status":"open","ping_status":"open","sticky":false,"template":"","format":"standard","meta":{"inline_featured_image":false,"_monsterinsights_skip_tracking":false,"_monsterinsights_sitenote_active":false,"_monsterinsights_sitenote_note":"","_monsterinsights_sitenote_category":0,"footnotes":""},"categories":[112],"tags":[],"class_list":["post-4517","post","type-post","status-publish","format-standard","has-post-thumbnail","hentry","category-sanidad-y-salud-publica"],"yoast_head":"<!-- This site is optimized with the Yoast SEO plugin v27.4 - https:\/\/yoast.com\/product\/yoast-seo-wordpress\/ -->\n<title>Campa\u00f1a de donaci\u00f3n de sangre - Ajuntament de Mont-roig del Camp<\/title>\n<meta name=\"robots\" content=\"index, follow, max-snippet:-1, max-image-preview:large, max-video-preview:-1\" \/>\n<link rel=\"canonical\" href=\"https:\/\/mont-roig.cat\/es\/actualitat\/noticies\/campana-de-donacion-de-sangre-0\/\" \/>\n<meta property=\"og:locale\" content=\"es_ES\" \/>\n<meta property=\"og:type\" content=\"article\" \/>\n<meta property=\"og:title\" content=\"Campa\u00f1a de donaci\u00f3n de sangre - Ajuntament de Mont-roig del Camp\" \/>\n<meta property=\"og:description\" content=\"Viernes 12 de junio de 17:30h a 21:30h delante del CAP Mont-roig La Unidad M\u00f3vil del Banc de Sang i Teixits se instalar\u00e1 este viernes, de las 17:30h hasta las 21:30h, delante del CAP Mont-roig, para realizar una nueva campa\u00f1a de donaci\u00f3n de sangre. La donaci\u00f3n de sangre es un acto sencillo, seguro, nada doloroso [&hellip;]\" \/>\n<meta property=\"og:url\" content=\"https:\/\/mont-roig.cat\/es\/actualitat\/noticies\/campana-de-donacion-de-sangre-0\/\" \/>\n<meta property=\"og:site_name\" content=\"Ajuntament de Mont-roig del Camp\" \/>\n<meta property=\"article:published_time\" content=\"2015-06-08T08:29:55+00:00\" \/>\n<meta property=\"article:modified_time\" content=\"2015-12-11T11:46:39+00:00\" \/>\n<meta property=\"og:image\" content=\"https:\/\/mont-roig.cat\/wp-content\/uploads\/2013_05_donacio_sang_1.jpg\" \/>\n\t<meta property=\"og:image:width\" content=\"961\" \/>\n\t<meta property=\"og:image:height\" content=\"296\" \/>\n\t<meta property=\"og:image:type\" content=\"image\/jpeg\" \/>\n<meta name=\"author\" content=\"administrador\" \/>\n<meta name=\"twitter:card\" content=\"summary_large_image\" \/>\n<meta name=\"twitter:label1\" content=\"Escrito por\" \/>\n\t<meta name=\"twitter:data1\" content=\"administrador\" \/>\n\t<meta name=\"twitter:label2\" content=\"Tiempo de lectura\" \/>\n\t<meta name=\"twitter:data2\" content=\"1 minuto\" \/>\n<script type=\"application\/ld+json\" class=\"yoast-schema-graph\">{\"@context\":\"https:\\\/\\\/schema.org\",\"@graph\":[{\"@type\":\"Article\",\"@id\":\"https:\\\/\\\/mont-roig.cat\\\/es\\\/actualitat\\\/noticies\\\/campana-de-donacion-de-sangre-0\\\/#article\",\"isPartOf\":{\"@id\":\"https:\\\/\\\/mont-roig.cat\\\/es\\\/actualitat\\\/noticies\\\/campana-de-donacion-de-sangre-0\\\/\"},\"author\":{\"name\":\"administrador\",\"@id\":\"https:\\\/\\\/mont-roig.cat\\\/es\\\/#\\\/schema\\\/person\\\/f2b111789f22b7d0c3bd6786c9128cba\"},\"headline\":\"Campa\u00f1a de donaci\u00f3n de sangre\",\"datePublished\":\"2015-06-08T08:29:55+00:00\",\"dateModified\":\"2015-12-11T11:46:39+00:00\",\"mainEntityOfPage\":{\"@id\":\"https:\\\/\\\/mont-roig.cat\\\/es\\\/actualitat\\\/noticies\\\/campana-de-donacion-de-sangre-0\\\/\"},\"wordCount\":240,\"commentCount\":0,\"image\":{\"@id\":\"https:\\\/\\\/mont-roig.cat\\\/es\\\/actualitat\\\/noticies\\\/campana-de-donacion-de-sangre-0\\\/#primaryimage\"},\"thumbnailUrl\":\"https:\\\/\\\/mont-roig.cat\\\/wp-content\\\/uploads\\\/2013_05_donacio_sang_1.jpg\",\"articleSection\":[\"Sanidad y Salud p\u00fablica\"],\"inLanguage\":\"es\"},{\"@type\":\"WebPage\",\"@id\":\"https:\\\/\\\/mont-roig.cat\\\/es\\\/actualitat\\\/noticies\\\/campana-de-donacion-de-sangre-0\\\/\",\"url\":\"https:\\\/\\\/mont-roig.cat\\\/es\\\/actualitat\\\/noticies\\\/campana-de-donacion-de-sangre-0\\\/\",\"name\":\"Campa\u00f1a de donaci\u00f3n de sangre - Ajuntament de Mont-roig del Camp\",\"isPartOf\":{\"@id\":\"https:\\\/\\\/mont-roig.cat\\\/es\\\/#website\"},\"primaryImageOfPage\":{\"@id\":\"https:\\\/\\\/mont-roig.cat\\\/es\\\/actualitat\\\/noticies\\\/campana-de-donacion-de-sangre-0\\\/#primaryimage\"},\"image\":{\"@id\":\"https:\\\/\\\/mont-roig.cat\\\/es\\\/actualitat\\\/noticies\\\/campana-de-donacion-de-sangre-0\\\/#primaryimage\"},\"thumbnailUrl\":\"https:\\\/\\\/mont-roig.cat\\\/wp-content\\\/uploads\\\/2013_05_donacio_sang_1.jpg\",\"datePublished\":\"2015-06-08T08:29:55+00:00\",\"dateModified\":\"2015-12-11T11:46:39+00:00\",\"author\":{\"@id\":\"https:\\\/\\\/mont-roig.cat\\\/es\\\/#\\\/schema\\\/person\\\/f2b111789f22b7d0c3bd6786c9128cba\"},\"breadcrumb\":{\"@id\":\"https:\\\/\\\/mont-roig.cat\\\/es\\\/actualitat\\\/noticies\\\/campana-de-donacion-de-sangre-0\\\/#breadcrumb\"},\"inLanguage\":\"es\",\"potentialAction\":[{\"@type\":\"ReadAction\",\"target\":[\"https:\\\/\\\/mont-roig.cat\\\/es\\\/actualitat\\\/noticies\\\/campana-de-donacion-de-sangre-0\\\/\"]}]},{\"@type\":\"ImageObject\",\"inLanguage\":\"es\",\"@id\":\"https:\\\/\\\/mont-roig.cat\\\/es\\\/actualitat\\\/noticies\\\/campana-de-donacion-de-sangre-0\\\/#primaryimage\",\"url\":\"https:\\\/\\\/mont-roig.cat\\\/wp-content\\\/uploads\\\/2013_05_donacio_sang_1.jpg\",\"contentUrl\":\"https:\\\/\\\/mont-roig.cat\\\/wp-content\\\/uploads\\\/2013_05_donacio_sang_1.jpg\",\"width\":961,\"height\":296},{\"@type\":\"BreadcrumbList\",\"@id\":\"https:\\\/\\\/mont-roig.cat\\\/es\\\/actualitat\\\/noticies\\\/campana-de-donacion-de-sangre-0\\\/#breadcrumb\",\"itemListElement\":[{\"@type\":\"ListItem\",\"position\":1,\"name\":\"Inici\",\"item\":\"https:\\\/\\\/mont-roig.cat\\\/es\\\/pagina-de-inicio\\\/\"},{\"@type\":\"ListItem\",\"position\":2,\"name\":\"Campa\u00f1a de donaci\u00f3n de sangre\"}]},{\"@type\":\"WebSite\",\"@id\":\"https:\\\/\\\/mont-roig.cat\\\/es\\\/#website\",\"url\":\"https:\\\/\\\/mont-roig.cat\\\/es\\\/\",\"name\":\"Ajuntament de Mont-roig del Camp\",\"description\":\"Tota la informaci\u00f3 sobre la instituci\u00f3, els seus \u00f2rgans de govern, actualitat, serveis i molt m\u00e9s.\",\"potentialAction\":[{\"@type\":\"SearchAction\",\"target\":{\"@type\":\"EntryPoint\",\"urlTemplate\":\"https:\\\/\\\/mont-roig.cat\\\/es\\\/?s={search_term_string}\"},\"query-input\":{\"@type\":\"PropertyValueSpecification\",\"valueRequired\":true,\"valueName\":\"search_term_string\"}}],\"inLanguage\":\"es\"},{\"@type\":\"Person\",\"@id\":\"https:\\\/\\\/mont-roig.cat\\\/es\\\/#\\\/schema\\\/person\\\/f2b111789f22b7d0c3bd6786c9128cba\",\"name\":\"administrador\",\"image\":{\"@type\":\"ImageObject\",\"inLanguage\":\"es\",\"@id\":\"https:\\\/\\\/secure.gravatar.com\\\/avatar\\\/9137aac6891e2595c9d3036fd83bcb653b4db3c946db4c7d9b9be193c3c944bb?s=96&d=mm&r=g\",\"url\":\"https:\\\/\\\/secure.gravatar.com\\\/avatar\\\/9137aac6891e2595c9d3036fd83bcb653b4db3c946db4c7d9b9be193c3c944bb?s=96&d=mm&r=g\",\"contentUrl\":\"https:\\\/\\\/secure.gravatar.com\\\/avatar\\\/9137aac6891e2595c9d3036fd83bcb653b4db3c946db4c7d9b9be193c3c944bb?s=96&d=mm&r=g\",\"caption\":\"administrador\"},\"url\":\"https:\\\/\\\/mont-roig.cat\\\/es\\\/actualitat\\\/noticies\\\/author\\\/administrador\\\/\"}]}<\/script>\n<!-- \/ Yoast SEO plugin. -->","yoast_head_json":{"title":"Campa\u00f1a de donaci\u00f3n de sangre - Ajuntament de Mont-roig del Camp","robots":{"index":"index","follow":"follow","max-snippet":"max-snippet:-1","max-image-preview":"max-image-preview:large","max-video-preview":"max-video-preview:-1"},"canonical":"https:\/\/mont-roig.cat\/es\/actualitat\/noticies\/campana-de-donacion-de-sangre-0\/","og_locale":"es_ES","og_type":"article","og_title":"Campa\u00f1a de donaci\u00f3n de sangre - Ajuntament de Mont-roig del Camp","og_description":"Viernes 12 de junio de 17:30h a 21:30h delante del CAP Mont-roig La Unidad M\u00f3vil del Banc de Sang i Teixits se instalar\u00e1 este viernes, de las 17:30h hasta las 21:30h, delante del CAP Mont-roig, para realizar una nueva campa\u00f1a de donaci\u00f3n de sangre. La donaci\u00f3n de sangre es un acto sencillo, seguro, nada doloroso [&hellip;]","og_url":"https:\/\/mont-roig.cat\/es\/actualitat\/noticies\/campana-de-donacion-de-sangre-0\/","og_site_name":"Ajuntament de Mont-roig del Camp","article_published_time":"2015-06-08T08:29:55+00:00","article_modified_time":"2015-12-11T11:46:39+00:00","og_image":[{"width":961,"height":296,"url":"https:\/\/mont-roig.cat\/wp-content\/uploads\/2013_05_donacio_sang_1.jpg","type":"image\/jpeg"}],"author":"administrador","twitter_card":"summary_large_image","twitter_misc":{"Escrito por":"administrador","Tiempo de lectura":"1 minuto"},"schema":{"@context":"https:\/\/schema.org","@graph":[{"@type":"Article","@id":"https:\/\/mont-roig.cat\/es\/actualitat\/noticies\/campana-de-donacion-de-sangre-0\/#article","isPartOf":{"@id":"https:\/\/mont-roig.cat\/es\/actualitat\/noticies\/campana-de-donacion-de-sangre-0\/"},"author":{"name":"administrador","@id":"https:\/\/mont-roig.cat\/es\/#\/schema\/person\/f2b111789f22b7d0c3bd6786c9128cba"},"headline":"Campa\u00f1a de donaci\u00f3n de sangre","datePublished":"2015-06-08T08:29:55+00:00","dateModified":"2015-12-11T11:46:39+00:00","mainEntityOfPage":{"@id":"https:\/\/mont-roig.cat\/es\/actualitat\/noticies\/campana-de-donacion-de-sangre-0\/"},"wordCount":240,"commentCount":0,"image":{"@id":"https:\/\/mont-roig.cat\/es\/actualitat\/noticies\/campana-de-donacion-de-sangre-0\/#primaryimage"},"thumbnailUrl":"https:\/\/mont-roig.cat\/wp-content\/uploads\/2013_05_donacio_sang_1.jpg","articleSection":["Sanidad y Salud p\u00fablica"],"inLanguage":"es"},{"@type":"WebPage","@id":"https:\/\/mont-roig.cat\/es\/actualitat\/noticies\/campana-de-donacion-de-sangre-0\/","url":"https:\/\/mont-roig.cat\/es\/actualitat\/noticies\/campana-de-donacion-de-sangre-0\/","name":"Campa\u00f1a de donaci\u00f3n de sangre - Ajuntament de Mont-roig del Camp","isPartOf":{"@id":"https:\/\/mont-roig.cat\/es\/#website"},"primaryImageOfPage":{"@id":"https:\/\/mont-roig.cat\/es\/actualitat\/noticies\/campana-de-donacion-de-sangre-0\/#primaryimage"},"image":{"@id":"https:\/\/mont-roig.cat\/es\/actualitat\/noticies\/campana-de-donacion-de-sangre-0\/#primaryimage"},"thumbnailUrl":"https:\/\/mont-roig.cat\/wp-content\/uploads\/2013_05_donacio_sang_1.jpg","datePublished":"2015-06-08T08:29:55+00:00","dateModified":"2015-12-11T11:46:39+00:00","author":{"@id":"https:\/\/mont-roig.cat\/es\/#\/schema\/person\/f2b111789f22b7d0c3bd6786c9128cba"},"breadcrumb":{"@id":"https:\/\/mont-roig.cat\/es\/actualitat\/noticies\/campana-de-donacion-de-sangre-0\/#breadcrumb"},"inLanguage":"es","potentialAction":[{"@type":"ReadAction","target":["https:\/\/mont-roig.cat\/es\/actualitat\/noticies\/campana-de-donacion-de-sangre-0\/"]}]},{"@type":"ImageObject","inLanguage":"es","@id":"https:\/\/mont-roig.cat\/es\/actualitat\/noticies\/campana-de-donacion-de-sangre-0\/#primaryimage","url":"https:\/\/mont-roig.cat\/wp-content\/uploads\/2013_05_donacio_sang_1.jpg","contentUrl":"https:\/\/mont-roig.cat\/wp-content\/uploads\/2013_05_donacio_sang_1.jpg","width":961,"height":296},{"@type":"BreadcrumbList","@id":"https:\/\/mont-roig.cat\/es\/actualitat\/noticies\/campana-de-donacion-de-sangre-0\/#breadcrumb","itemListElement":[{"@type":"ListItem","position":1,"name":"Inici","item":"https:\/\/mont-roig.cat\/es\/pagina-de-inicio\/"},{"@type":"ListItem","position":2,"name":"Campa\u00f1a de donaci\u00f3n de sangre"}]},{"@type":"WebSite","@id":"https:\/\/mont-roig.cat\/es\/#website","url":"https:\/\/mont-roig.cat\/es\/","name":"Ajuntament de Mont-roig del Camp","description":"Tota la informaci\u00f3 sobre la instituci\u00f3, els seus \u00f2rgans de govern, actualitat, serveis i molt m\u00e9s.","potentialAction":[{"@type":"SearchAction","target":{"@type":"EntryPoint","urlTemplate":"https:\/\/mont-roig.cat\/es\/?s={search_term_string}"},"query-input":{"@type":"PropertyValueSpecification","valueRequired":true,"valueName":"search_term_string"}}],"inLanguage":"es"},{"@type":"Person","@id":"https:\/\/mont-roig.cat\/es\/#\/schema\/person\/f2b111789f22b7d0c3bd6786c9128cba","name":"administrador","image":{"@type":"ImageObject","inLanguage":"es","@id":"https:\/\/secure.gravatar.com\/avatar\/9137aac6891e2595c9d3036fd83bcb653b4db3c946db4c7d9b9be193c3c944bb?s=96&d=mm&r=g","url":"https:\/\/secure.gravatar.com\/avatar\/9137aac6891e2595c9d3036fd83bcb653b4db3c946db4c7d9b9be193c3c944bb?s=96&d=mm&r=g","contentUrl":"https:\/\/secure.gravatar.com\/avatar\/9137aac6891e2595c9d3036fd83bcb653b4db3c946db4c7d9b9be193c3c944bb?s=96&d=mm&r=g","caption":"administrador"},"url":"https:\/\/mont-roig.cat\/es\/actualitat\/noticies\/author\/administrador\/"}]}},"_links":{"self":[{"href":"https:\/\/mont-roig.cat\/es\/wp-json\/wp\/v2\/posts\/4517","targetHints":{"allow":["GET"]}}],"collection":[{"href":"https:\/\/mont-roig.cat\/es\/wp-json\/wp\/v2\/posts"}],"about":[{"href":"https:\/\/mont-roig.cat\/es\/wp-json\/wp\/v2\/types\/post"}],"author":[{"embeddable":true,"href":"https:\/\/mont-roig.cat\/es\/wp-json\/wp\/v2\/users\/4"}],"replies":[{"embeddable":true,"href":"https:\/\/mont-roig.cat\/es\/wp-json\/wp\/v2\/comments?post=4517"}],"version-history":[{"count":0,"href":"https:\/\/mont-roig.cat\/es\/wp-json\/wp\/v2\/posts\/4517\/revisions"}],"wp:featuredmedia":[{"embeddable":true,"href":"https:\/\/mont-roig.cat\/es\/wp-json\/wp\/v2\/media\/6785"}],"wp:attachment":[{"href":"https:\/\/mont-roig.cat\/es\/wp-json\/wp\/v2\/media?parent=4517"}],"wp:term":[{"taxonomy":"category","embeddable":true,"href":"https:\/\/mont-roig.cat\/es\/wp-json\/wp\/v2\/categories?post=4517"},{"taxonomy":"post_tag","embeddable":true,"href":"https:\/\/mont-roig.cat\/es\/wp-json\/wp\/v2\/tags?post=4517"}],"curies":[{"name":"wp","href":"https:\/\/api.w.org\/{rel}","templated":true}]}}