{"id":4521,"date":"2015-06-10T08:46:28","date_gmt":"2015-06-10T08:46:28","guid":{"rendered":""},"modified":"2015-06-10T08:46:28","modified_gmt":"2015-06-10T08:46:28","slug":"4a-feria-de-la-tapa-y-verbena-de-san-juan","status":"publish","type":"post","link":"https:\/\/mont-roig.cat\/es\/actualitat\/noticies\/4a-feria-de-la-tapa-y-verbena-de-san-juan\/","title":{"rendered":"4\u00aa Feria de la Tapa y Verbena de San Juan"},"content":{"rendered":"<div class=\"body\">\n<div>\n<p><strong><img decoding=\"async\" alt=\"4\u00aa Feria de la Tapa y Verbena de San Juan\" class=\"requadre\" src=\"http:\/\/mont-roig.cat\/wp-content\/uploads\/cartell_fira_tapa_stjoan_2015_ok_1_1.jpg\" style=\"width: 200px; height: 283px; margin: 10px; float: right;\" title=\"4\u00aa Feria de la Tapa y Verbena de San Juan\" \/>Domingo a las 20h se realizar\u00e1 el sorteo de la Ruta de la Tapa y se dar\u00e1 a conocer la tapa ganadora<\/strong><\/p>\n<p>La plaza Girona de Miami Platja acoger\u00e1 los d\u00edas 20 y 21 de junio la cuarta edici\u00f3n de la Feria de la Tapa. El certamen comenzar\u00e1 con un preg\u00f3n de homenaje al sr. Josep Duran. La familia de Duran lleg\u00f3 a la d\u00e9cada de los 60 en Miami Platja y alquil\u00f3 el hotel Tropicana donde el homenajeado aprendi\u00f3 el oficio de cocinero. En 1975 puso en marcha su negocio propio, el restaurante Las Maravillas, un referente en Miami Platja durante m\u00e1s de 35 a\u00f1os.<\/p>\n<p>Tras el preg\u00f3n se inaugurar\u00e1 la Feria y a continuaci\u00f3n tendr\u00e1 lugar la actuaci\u00f3n del ballet flamenco <em>Pasi\u00f3n Espa\u00f1ola<\/em>, la animaci\u00f3n de zumba a cargo de Azucena Sanz y la actuaci\u00f3n del grupo de rumbas <em>Son de dos<\/em>. Seguidamente discoteca m\u00f3vil.<\/p>\n<p>El domingo se celebrar\u00e1 una misa rociera con la actuaci\u00f3n del Coro Arena del Mar. A la una del mediod\u00eda los participantes podr\u00e1n degustar una tapa y bebida por 2 euros (Se podr\u00e1 completar el pasaporte de la Ruta de la Tapa). A las 13:30h est\u00e1 prevista la actuaci\u00f3n de la Asociaci\u00f3n Cultural <em>Sempre en Dansa de l&#8217;Hospitalet de l&#8217;Infant<\/em>. A las 14:00h fideu\u00e1 popular solidaria y a continuaci\u00f3n actuaciones y espect\u00e1culos de baile country y sardanas, sevillanas y exhibiciones caninas y ecuestres.<\/p>\n<p>A las 20h est\u00e1 previsto realizar el sorteo de la Ruta de la Tapa as\u00ed como dar a conocer la tapa ganadora de esta edici\u00f3n. Un certamen que finaliz\u00f3 el pasado 30 de mayo con m\u00e1s de 13.000 tapas servidas entre los 17 establecimientos participantes. Todos aquellos que realizaron la ruta y depositaron los boletos de participaci\u00f3n en las urnas entrar\u00e1n en el sorteo de varios premios:<\/p>\n<p>&#8211; 1er premio (Pasaporte completo): Paquete vacacional de la Vida es Bella &#8220;3 d\u00edas estancia rural&#8221;<br \/>\n&#8211; 2\u00ba premio (Pasaporte con + de 10 sellos): Reproductor MP4 de 4gb con pantalla 1.8 &#8220;<br \/>\n&#8211; 3er premio (Pasaporte con + de 10 sellos): Cup\u00f3n de una comida o cena en uno de los restaurantes participantes en la Ruta de la Tapa (m\u00e1ximo 50 \u20ac).<\/p>\n<p>Por otra parte se dar\u00e1 a conocer la mejor tapa de la Ruta escogida entre los participantes. El premio al restaurante ganador se entregar\u00e1 en el transcurso de la pr\u00f3xima Noche del Turismo.<\/p>\n<p>Y el martes, para celebrar la Verbena de San Juan, la misma plaza Girona acoger\u00e1 una cena al aire libre y baile con el grupo <em>Remember music<\/em>. No faltar\u00e1 la tradicional hoguera de San Juan y baile con discoteca m\u00f3vil para alargar la noche m\u00e1s corta del a\u00f1o.<\/p>\n<\/div>\n<\/div>\n<div class=\"field_noticia_img_portada\">\n<div>Imatge portada<\/div>\n<p><img decoding=\"async\" src=\"http:\/\/mont-roig.cat\/wp-content\/uploads\/cartell_fira_tapa_stjoan_2015_ok_1_0.jpg\" title=\"cartell_fira_tapa_stjoan_2015_ok_1.jpg\" alt=\"cartell_fira_tapa_stjoan_2015_ok_1.jpg\" \/><\/div>\n<div class=\"field_noticia_imatge\">\n<div>Imatges<\/div>\n<p><img decoding=\"async\" src=\"http:\/\/mont-roig.cat\/wp-content\/uploads\/20150414_142543.jpg\" title=\"20150414_142543.jpg\" alt=\"20150414_142543.jpg\" \/><\/div>\n<div class=\"field_noticia_imatge\">\n<div>Imatges<\/div>\n<p><img decoding=\"async\" src=\"http:\/\/mont-roig.cat\/wp-content\/uploads\/tapa_golden.jpg\" title=\"tapa_golden.jpg\" alt=\"tapa_golden.jpg\" \/><\/div>\n<div class=\"field_noticia_imatge\">\n<div>Imatges<\/div>\n<p><img decoding=\"async\" src=\"http:\/\/mont-roig.cat\/wp-content\/uploads\/11141679_387966438054213_1980734966_o.jpg\" title=\"11141679_387966438054213_1980734966_o.jpg\" alt=\"11141679_387966438054213_1980734966_o.jpg\" \/><\/div>\n<div class=\"field_noticia_imatge\">\n<div>Imatges<\/div>\n<p><img decoding=\"async\" src=\"http:\/\/mont-roig.cat\/wp-content\/uploads\/11156973_10202659317684555_642428933_n.jpg\" title=\"11156973_10202659317684555_642428933_n.jpg\" alt=\"11156973_10202659317684555_642428933_n.jpg\" \/><\/div>\n","protected":false},"excerpt":{"rendered":"<p>Domingo a las 20h se realizar\u00e1 el sorteo de la Ruta de la Tapa y se dar\u00e1 a conocer la tapa ganadora La plaza Girona de Miami Platja acoger\u00e1 los d\u00edas 20 y 21 de junio la cuarta edici\u00f3n de la Feria de la Tapa. El certamen comenzar\u00e1 con un preg\u00f3n de homenaje al sr. [&hellip;]<\/p>\n","protected":false},"author":4,"featured_media":6803,"comment_status":"open","ping_status":"open","sticky":false,"template":"","format":"standard","meta":{"inline_featured_image":false,"_monsterinsights_skip_tracking":false,"_monsterinsights_sitenote_active":false,"_monsterinsights_sitenote_note":"","_monsterinsights_sitenote_category":0,"footnotes":""},"categories":[105],"tags":[],"class_list":["post-4521","post","type-post","status-publish","format-standard","has-post-thumbnail","hentry","category-fiestas"],"yoast_head":"<!-- This site is optimized with the Yoast SEO plugin v27.4 - https:\/\/yoast.com\/product\/yoast-seo-wordpress\/ -->\n<title>4\u00aa Feria de la Tapa y Verbena de San Juan - Ajuntament de Mont-roig del Camp<\/title>\n<meta name=\"robots\" content=\"index, follow, max-snippet:-1, max-image-preview:large, max-video-preview:-1\" \/>\n<link rel=\"canonical\" href=\"https:\/\/mont-roig.cat\/es\/actualitat\/noticies\/4a-feria-de-la-tapa-y-verbena-de-san-juan\/\" \/>\n<meta property=\"og:locale\" content=\"es_ES\" \/>\n<meta property=\"og:type\" content=\"article\" \/>\n<meta property=\"og:title\" content=\"4\u00aa Feria de la Tapa y Verbena de San Juan - Ajuntament de Mont-roig del Camp\" \/>\n<meta property=\"og:description\" content=\"Domingo a las 20h se realizar\u00e1 el sorteo de la Ruta de la Tapa y se dar\u00e1 a conocer la tapa ganadora La plaza Girona de Miami Platja acoger\u00e1 los d\u00edas 20 y 21 de junio la cuarta edici\u00f3n de la Feria de la Tapa. El certamen comenzar\u00e1 con un preg\u00f3n de homenaje al sr. [&hellip;]\" \/>\n<meta property=\"og:url\" content=\"https:\/\/mont-roig.cat\/es\/actualitat\/noticies\/4a-feria-de-la-tapa-y-verbena-de-san-juan\/\" \/>\n<meta property=\"og:site_name\" content=\"Ajuntament de Mont-roig del Camp\" \/>\n<meta property=\"article:published_time\" content=\"2015-06-10T08:46:28+00:00\" \/>\n<meta property=\"og:image\" content=\"https:\/\/mont-roig.cat\/wp-content\/uploads\/cartell_fira_tapa_stjoan_2015_ok_1_1.jpg\" \/>\n\t<meta property=\"og:image:width\" content=\"724\" \/>\n\t<meta property=\"og:image:height\" content=\"1024\" \/>\n\t<meta property=\"og:image:type\" content=\"image\/jpeg\" \/>\n<meta name=\"author\" content=\"administrador\" \/>\n<meta name=\"twitter:card\" content=\"summary_large_image\" \/>\n<meta name=\"twitter:label1\" content=\"Escrito por\" \/>\n\t<meta name=\"twitter:data1\" content=\"administrador\" \/>\n\t<meta name=\"twitter:label2\" content=\"Tiempo de lectura\" \/>\n\t<meta name=\"twitter:data2\" content=\"2 minutos\" \/>\n<script type=\"application\/ld+json\" class=\"yoast-schema-graph\">{\"@context\":\"https:\\\/\\\/schema.org\",\"@graph\":[{\"@type\":\"Article\",\"@id\":\"https:\\\/\\\/mont-roig.cat\\\/es\\\/actualitat\\\/noticies\\\/4a-feria-de-la-tapa-y-verbena-de-san-juan\\\/#article\",\"isPartOf\":{\"@id\":\"https:\\\/\\\/mont-roig.cat\\\/es\\\/actualitat\\\/noticies\\\/4a-feria-de-la-tapa-y-verbena-de-san-juan\\\/\"},\"author\":{\"name\":\"administrador\",\"@id\":\"https:\\\/\\\/mont-roig.cat\\\/es\\\/#\\\/schema\\\/person\\\/f2b111789f22b7d0c3bd6786c9128cba\"},\"headline\":\"4\u00aa Feria de la Tapa y Verbena de San Juan\",\"datePublished\":\"2015-06-10T08:46:28+00:00\",\"mainEntityOfPage\":{\"@id\":\"https:\\\/\\\/mont-roig.cat\\\/es\\\/actualitat\\\/noticies\\\/4a-feria-de-la-tapa-y-verbena-de-san-juan\\\/\"},\"wordCount\":469,\"commentCount\":0,\"image\":{\"@id\":\"https:\\\/\\\/mont-roig.cat\\\/es\\\/actualitat\\\/noticies\\\/4a-feria-de-la-tapa-y-verbena-de-san-juan\\\/#primaryimage\"},\"thumbnailUrl\":\"https:\\\/\\\/mont-roig.cat\\\/wp-content\\\/uploads\\\/cartell_fira_tapa_stjoan_2015_ok_1_1.jpg\",\"articleSection\":[\"Festes\"],\"inLanguage\":\"es\"},{\"@type\":\"WebPage\",\"@id\":\"https:\\\/\\\/mont-roig.cat\\\/es\\\/actualitat\\\/noticies\\\/4a-feria-de-la-tapa-y-verbena-de-san-juan\\\/\",\"url\":\"https:\\\/\\\/mont-roig.cat\\\/es\\\/actualitat\\\/noticies\\\/4a-feria-de-la-tapa-y-verbena-de-san-juan\\\/\",\"name\":\"4\u00aa Feria de la Tapa y Verbena de San Juan - Ajuntament de Mont-roig del Camp\",\"isPartOf\":{\"@id\":\"https:\\\/\\\/mont-roig.cat\\\/es\\\/#website\"},\"primaryImageOfPage\":{\"@id\":\"https:\\\/\\\/mont-roig.cat\\\/es\\\/actualitat\\\/noticies\\\/4a-feria-de-la-tapa-y-verbena-de-san-juan\\\/#primaryimage\"},\"image\":{\"@id\":\"https:\\\/\\\/mont-roig.cat\\\/es\\\/actualitat\\\/noticies\\\/4a-feria-de-la-tapa-y-verbena-de-san-juan\\\/#primaryimage\"},\"thumbnailUrl\":\"https:\\\/\\\/mont-roig.cat\\\/wp-content\\\/uploads\\\/cartell_fira_tapa_stjoan_2015_ok_1_1.jpg\",\"datePublished\":\"2015-06-10T08:46:28+00:00\",\"author\":{\"@id\":\"https:\\\/\\\/mont-roig.cat\\\/es\\\/#\\\/schema\\\/person\\\/f2b111789f22b7d0c3bd6786c9128cba\"},\"breadcrumb\":{\"@id\":\"https:\\\/\\\/mont-roig.cat\\\/es\\\/actualitat\\\/noticies\\\/4a-feria-de-la-tapa-y-verbena-de-san-juan\\\/#breadcrumb\"},\"inLanguage\":\"es\",\"potentialAction\":[{\"@type\":\"ReadAction\",\"target\":[\"https:\\\/\\\/mont-roig.cat\\\/es\\\/actualitat\\\/noticies\\\/4a-feria-de-la-tapa-y-verbena-de-san-juan\\\/\"]}]},{\"@type\":\"ImageObject\",\"inLanguage\":\"es\",\"@id\":\"https:\\\/\\\/mont-roig.cat\\\/es\\\/actualitat\\\/noticies\\\/4a-feria-de-la-tapa-y-verbena-de-san-juan\\\/#primaryimage\",\"url\":\"https:\\\/\\\/mont-roig.cat\\\/wp-content\\\/uploads\\\/cartell_fira_tapa_stjoan_2015_ok_1_1.jpg\",\"contentUrl\":\"https:\\\/\\\/mont-roig.cat\\\/wp-content\\\/uploads\\\/cartell_fira_tapa_stjoan_2015_ok_1_1.jpg\",\"width\":724,\"height\":1024},{\"@type\":\"BreadcrumbList\",\"@id\":\"https:\\\/\\\/mont-roig.cat\\\/es\\\/actualitat\\\/noticies\\\/4a-feria-de-la-tapa-y-verbena-de-san-juan\\\/#breadcrumb\",\"itemListElement\":[{\"@type\":\"ListItem\",\"position\":1,\"name\":\"Inici\",\"item\":\"https:\\\/\\\/mont-roig.cat\\\/es\\\/pagina-de-inicio\\\/\"},{\"@type\":\"ListItem\",\"position\":2,\"name\":\"4\u00aa Feria de la Tapa y Verbena de San Juan\"}]},{\"@type\":\"WebSite\",\"@id\":\"https:\\\/\\\/mont-roig.cat\\\/es\\\/#website\",\"url\":\"https:\\\/\\\/mont-roig.cat\\\/es\\\/\",\"name\":\"Ajuntament de Mont-roig del Camp\",\"description\":\"Tota la informaci\u00f3 sobre la instituci\u00f3, els seus \u00f2rgans de govern, actualitat, serveis i molt m\u00e9s.\",\"potentialAction\":[{\"@type\":\"SearchAction\",\"target\":{\"@type\":\"EntryPoint\",\"urlTemplate\":\"https:\\\/\\\/mont-roig.cat\\\/es\\\/?s={search_term_string}\"},\"query-input\":{\"@type\":\"PropertyValueSpecification\",\"valueRequired\":true,\"valueName\":\"search_term_string\"}}],\"inLanguage\":\"es\"},{\"@type\":\"Person\",\"@id\":\"https:\\\/\\\/mont-roig.cat\\\/es\\\/#\\\/schema\\\/person\\\/f2b111789f22b7d0c3bd6786c9128cba\",\"name\":\"administrador\",\"image\":{\"@type\":\"ImageObject\",\"inLanguage\":\"es\",\"@id\":\"https:\\\/\\\/secure.gravatar.com\\\/avatar\\\/9137aac6891e2595c9d3036fd83bcb653b4db3c946db4c7d9b9be193c3c944bb?s=96&d=mm&r=g\",\"url\":\"https:\\\/\\\/secure.gravatar.com\\\/avatar\\\/9137aac6891e2595c9d3036fd83bcb653b4db3c946db4c7d9b9be193c3c944bb?s=96&d=mm&r=g\",\"contentUrl\":\"https:\\\/\\\/secure.gravatar.com\\\/avatar\\\/9137aac6891e2595c9d3036fd83bcb653b4db3c946db4c7d9b9be193c3c944bb?s=96&d=mm&r=g\",\"caption\":\"administrador\"},\"url\":\"https:\\\/\\\/mont-roig.cat\\\/es\\\/actualitat\\\/noticies\\\/author\\\/administrador\\\/\"}]}<\/script>\n<!-- \/ Yoast SEO plugin. -->","yoast_head_json":{"title":"4\u00aa Feria de la Tapa y Verbena de San Juan - Ajuntament de Mont-roig del Camp","robots":{"index":"index","follow":"follow","max-snippet":"max-snippet:-1","max-image-preview":"max-image-preview:large","max-video-preview":"max-video-preview:-1"},"canonical":"https:\/\/mont-roig.cat\/es\/actualitat\/noticies\/4a-feria-de-la-tapa-y-verbena-de-san-juan\/","og_locale":"es_ES","og_type":"article","og_title":"4\u00aa Feria de la Tapa y Verbena de San Juan - Ajuntament de Mont-roig del Camp","og_description":"Domingo a las 20h se realizar\u00e1 el sorteo de la Ruta de la Tapa y se dar\u00e1 a conocer la tapa ganadora La plaza Girona de Miami Platja acoger\u00e1 los d\u00edas 20 y 21 de junio la cuarta edici\u00f3n de la Feria de la Tapa. El certamen comenzar\u00e1 con un preg\u00f3n de homenaje al sr. [&hellip;]","og_url":"https:\/\/mont-roig.cat\/es\/actualitat\/noticies\/4a-feria-de-la-tapa-y-verbena-de-san-juan\/","og_site_name":"Ajuntament de Mont-roig del Camp","article_published_time":"2015-06-10T08:46:28+00:00","og_image":[{"width":724,"height":1024,"url":"https:\/\/mont-roig.cat\/wp-content\/uploads\/cartell_fira_tapa_stjoan_2015_ok_1_1.jpg","type":"image\/jpeg"}],"author":"administrador","twitter_card":"summary_large_image","twitter_misc":{"Escrito por":"administrador","Tiempo de lectura":"2 minutos"},"schema":{"@context":"https:\/\/schema.org","@graph":[{"@type":"Article","@id":"https:\/\/mont-roig.cat\/es\/actualitat\/noticies\/4a-feria-de-la-tapa-y-verbena-de-san-juan\/#article","isPartOf":{"@id":"https:\/\/mont-roig.cat\/es\/actualitat\/noticies\/4a-feria-de-la-tapa-y-verbena-de-san-juan\/"},"author":{"name":"administrador","@id":"https:\/\/mont-roig.cat\/es\/#\/schema\/person\/f2b111789f22b7d0c3bd6786c9128cba"},"headline":"4\u00aa Feria de la Tapa y Verbena de San Juan","datePublished":"2015-06-10T08:46:28+00:00","mainEntityOfPage":{"@id":"https:\/\/mont-roig.cat\/es\/actualitat\/noticies\/4a-feria-de-la-tapa-y-verbena-de-san-juan\/"},"wordCount":469,"commentCount":0,"image":{"@id":"https:\/\/mont-roig.cat\/es\/actualitat\/noticies\/4a-feria-de-la-tapa-y-verbena-de-san-juan\/#primaryimage"},"thumbnailUrl":"https:\/\/mont-roig.cat\/wp-content\/uploads\/cartell_fira_tapa_stjoan_2015_ok_1_1.jpg","articleSection":["Festes"],"inLanguage":"es"},{"@type":"WebPage","@id":"https:\/\/mont-roig.cat\/es\/actualitat\/noticies\/4a-feria-de-la-tapa-y-verbena-de-san-juan\/","url":"https:\/\/mont-roig.cat\/es\/actualitat\/noticies\/4a-feria-de-la-tapa-y-verbena-de-san-juan\/","name":"4\u00aa Feria de la Tapa y Verbena de San Juan - Ajuntament de Mont-roig del Camp","isPartOf":{"@id":"https:\/\/mont-roig.cat\/es\/#website"},"primaryImageOfPage":{"@id":"https:\/\/mont-roig.cat\/es\/actualitat\/noticies\/4a-feria-de-la-tapa-y-verbena-de-san-juan\/#primaryimage"},"image":{"@id":"https:\/\/mont-roig.cat\/es\/actualitat\/noticies\/4a-feria-de-la-tapa-y-verbena-de-san-juan\/#primaryimage"},"thumbnailUrl":"https:\/\/mont-roig.cat\/wp-content\/uploads\/cartell_fira_tapa_stjoan_2015_ok_1_1.jpg","datePublished":"2015-06-10T08:46:28+00:00","author":{"@id":"https:\/\/mont-roig.cat\/es\/#\/schema\/person\/f2b111789f22b7d0c3bd6786c9128cba"},"breadcrumb":{"@id":"https:\/\/mont-roig.cat\/es\/actualitat\/noticies\/4a-feria-de-la-tapa-y-verbena-de-san-juan\/#breadcrumb"},"inLanguage":"es","potentialAction":[{"@type":"ReadAction","target":["https:\/\/mont-roig.cat\/es\/actualitat\/noticies\/4a-feria-de-la-tapa-y-verbena-de-san-juan\/"]}]},{"@type":"ImageObject","inLanguage":"es","@id":"https:\/\/mont-roig.cat\/es\/actualitat\/noticies\/4a-feria-de-la-tapa-y-verbena-de-san-juan\/#primaryimage","url":"https:\/\/mont-roig.cat\/wp-content\/uploads\/cartell_fira_tapa_stjoan_2015_ok_1_1.jpg","contentUrl":"https:\/\/mont-roig.cat\/wp-content\/uploads\/cartell_fira_tapa_stjoan_2015_ok_1_1.jpg","width":724,"height":1024},{"@type":"BreadcrumbList","@id":"https:\/\/mont-roig.cat\/es\/actualitat\/noticies\/4a-feria-de-la-tapa-y-verbena-de-san-juan\/#breadcrumb","itemListElement":[{"@type":"ListItem","position":1,"name":"Inici","item":"https:\/\/mont-roig.cat\/es\/pagina-de-inicio\/"},{"@type":"ListItem","position":2,"name":"4\u00aa Feria de la Tapa y Verbena de San Juan"}]},{"@type":"WebSite","@id":"https:\/\/mont-roig.cat\/es\/#website","url":"https:\/\/mont-roig.cat\/es\/","name":"Ajuntament de Mont-roig del Camp","description":"Tota la informaci\u00f3 sobre la instituci\u00f3, els seus \u00f2rgans de govern, actualitat, serveis i molt m\u00e9s.","potentialAction":[{"@type":"SearchAction","target":{"@type":"EntryPoint","urlTemplate":"https:\/\/mont-roig.cat\/es\/?s={search_term_string}"},"query-input":{"@type":"PropertyValueSpecification","valueRequired":true,"valueName":"search_term_string"}}],"inLanguage":"es"},{"@type":"Person","@id":"https:\/\/mont-roig.cat\/es\/#\/schema\/person\/f2b111789f22b7d0c3bd6786c9128cba","name":"administrador","image":{"@type":"ImageObject","inLanguage":"es","@id":"https:\/\/secure.gravatar.com\/avatar\/9137aac6891e2595c9d3036fd83bcb653b4db3c946db4c7d9b9be193c3c944bb?s=96&d=mm&r=g","url":"https:\/\/secure.gravatar.com\/avatar\/9137aac6891e2595c9d3036fd83bcb653b4db3c946db4c7d9b9be193c3c944bb?s=96&d=mm&r=g","contentUrl":"https:\/\/secure.gravatar.com\/avatar\/9137aac6891e2595c9d3036fd83bcb653b4db3c946db4c7d9b9be193c3c944bb?s=96&d=mm&r=g","caption":"administrador"},"url":"https:\/\/mont-roig.cat\/es\/actualitat\/noticies\/author\/administrador\/"}]}},"_links":{"self":[{"href":"https:\/\/mont-roig.cat\/es\/wp-json\/wp\/v2\/posts\/4521","targetHints":{"allow":["GET"]}}],"collection":[{"href":"https:\/\/mont-roig.cat\/es\/wp-json\/wp\/v2\/posts"}],"about":[{"href":"https:\/\/mont-roig.cat\/es\/wp-json\/wp\/v2\/types\/post"}],"author":[{"embeddable":true,"href":"https:\/\/mont-roig.cat\/es\/wp-json\/wp\/v2\/users\/4"}],"replies":[{"embeddable":true,"href":"https:\/\/mont-roig.cat\/es\/wp-json\/wp\/v2\/comments?post=4521"}],"version-history":[{"count":0,"href":"https:\/\/mont-roig.cat\/es\/wp-json\/wp\/v2\/posts\/4521\/revisions"}],"wp:featuredmedia":[{"embeddable":true,"href":"https:\/\/mont-roig.cat\/es\/wp-json\/wp\/v2\/media\/6803"}],"wp:attachment":[{"href":"https:\/\/mont-roig.cat\/es\/wp-json\/wp\/v2\/media?parent=4521"}],"wp:term":[{"taxonomy":"category","embeddable":true,"href":"https:\/\/mont-roig.cat\/es\/wp-json\/wp\/v2\/categories?post=4521"},{"taxonomy":"post_tag","embeddable":true,"href":"https:\/\/mont-roig.cat\/es\/wp-json\/wp\/v2\/tags?post=4521"}],"curies":[{"name":"wp","href":"https:\/\/api.w.org\/{rel}","templated":true}]}}