{"id":45239,"date":"2020-04-11T13:26:51","date_gmt":"2020-04-11T11:26:51","guid":{"rendered":"https:\/\/mont-roig.cat\/actualitat\/noticies\/la-policia-local-mante-dia-i-nit-els-controls-dacces-al-municipi-i-a-les-entrades-dels-supermercats\/"},"modified":"2020-04-11T16:51:09","modified_gmt":"2020-04-11T14:51:09","slug":"la-policia-local-mante-dia-i-nit-els-controls-dacces-al-municipi-i-a-les-entrades-dels-supermercats","status":"publish","type":"post","link":"https:\/\/mont-roig.cat\/es\/actualitat\/noticies\/la-policia-local-mante-dia-i-nit-els-controls-dacces-al-municipi-i-a-les-entrades-dels-supermercats\/","title":{"rendered":"La Polic\u00eda Local mantiene d\u00eda y noche los controles de acceso al municipio y en las entradas de los supermercados"},"content":{"rendered":"<ul>\n<li><strong><a href=\"https:\/\/mont-roig.cat\/wp-content\/uploads\/636a3a34-b9cd-4a4d-aa5e-3c729ac728a0.jpg\"><img loading=\"lazy\" decoding=\"async\" class=\"alignright wp-image-45231\" src=\"https:\/\/mont-roig.cat\/wp-content\/uploads\/636a3a34-b9cd-4a4d-aa5e-3c729ac728a0-500x375.jpg\" alt=\"\" width=\"303\" height=\"227\" srcset=\"https:\/\/mont-roig.cat\/wp-content\/uploads\/636a3a34-b9cd-4a4d-aa5e-3c729ac728a0-500x375.jpg 500w, https:\/\/mont-roig.cat\/wp-content\/uploads\/636a3a34-b9cd-4a4d-aa5e-3c729ac728a0-1024x768.jpg 1024w, https:\/\/mont-roig.cat\/wp-content\/uploads\/636a3a34-b9cd-4a4d-aa5e-3c729ac728a0-768x576.jpg 768w, https:\/\/mont-roig.cat\/wp-content\/uploads\/636a3a34-b9cd-4a4d-aa5e-3c729ac728a0-1536x1152.jpg 1536w, https:\/\/mont-roig.cat\/wp-content\/uploads\/636a3a34-b9cd-4a4d-aa5e-3c729ac728a0-463x348.jpg 463w, https:\/\/mont-roig.cat\/wp-content\/uploads\/636a3a34-b9cd-4a4d-aa5e-3c729ac728a0.jpg 2016w\" sizes=\"auto, (max-width: 303px) 100vw, 303px\" \/><\/a>El operativo ha detectado desde el pasado 16 de marzo hasta ahora cerca de 300 personas que han desobedecido el decreto de confinamiento.<br \/>\n<\/strong><\/li>\n<\/ul>\n<p>La Polic\u00eda Local de Mont-roig del Camp intensifica durante los d\u00edas de Semana Santa los controles policiales para evitar que las personas que tengan segunda residencia en nuestro municipio lleguen a sus hogares.<\/p>\n<p>El operativo especial conjunto con polic\u00edas locales de municipios lim\u00edtrofes y Mossos se realiza con m\u00e1s intensidad desde el jueves por la ma\u00f1ana cuando se restringi\u00f3 el paso por algunas v\u00edas de circulaci\u00f3n. En las \u00faltimas horas se han montado operativos especiales durante la noche, para evitar que algunas personas puedan llegar a nuestro municipio durante estas horas. Asimismo, tambi\u00e9n se han montado varios controles para identificar a las personas que van a los supermercados, donde se pide el carn\u00e9 de identidad para confirmar su residencia habitual.<\/p>\n<p><a href=\"https:\/\/mont-roig.cat\/wp-content\/uploads\/a65c3144-3999-418f-9458-5b95704a6f27.jpg\"><img loading=\"lazy\" decoding=\"async\" class=\"alignright wp-image-45234\" src=\"https:\/\/mont-roig.cat\/wp-content\/uploads\/a65c3144-3999-418f-9458-5b95704a6f27-500x375.jpg\" alt=\"\" width=\"300\" height=\"225\" srcset=\"https:\/\/mont-roig.cat\/wp-content\/uploads\/a65c3144-3999-418f-9458-5b95704a6f27-500x375.jpg 500w, https:\/\/mont-roig.cat\/wp-content\/uploads\/a65c3144-3999-418f-9458-5b95704a6f27-1024x768.jpg 1024w, https:\/\/mont-roig.cat\/wp-content\/uploads\/a65c3144-3999-418f-9458-5b95704a6f27-768x576.jpg 768w, https:\/\/mont-roig.cat\/wp-content\/uploads\/a65c3144-3999-418f-9458-5b95704a6f27-1536x1152.jpg 1536w, https:\/\/mont-roig.cat\/wp-content\/uploads\/a65c3144-3999-418f-9458-5b95704a6f27-463x348.jpg 463w, https:\/\/mont-roig.cat\/wp-content\/uploads\/a65c3144-3999-418f-9458-5b95704a6f27.jpg 1600w\" sizes=\"auto, (max-width: 300px) 100vw, 300px\" \/><\/a>Desde el inicio de inicio del confinamiento, el pasado 16 de marzo, la Polic\u00eda Local de nuestro municipio ha impuesto 285 denuncias por incumplimiento del confinamiento por el estado de alarma decretado por la crisis del Covid-19. S\u00f3lo el 2% de todos estos casos de personas que han desobedecido el confinamiento son de segunda residencia. En estos casos, si se les detecta en ruta, se les obliga a volver a casa despu\u00e9s de la propuesta de sanci\u00f3n que les impondr\u00e1 y, si se detecta que ya se encuentran en la segunda residencia, se les obliga a confinamiento en este domicilio a partir de este momento y tambi\u00e9n se denuncia el incumplimiento del confinamiento.<\/p>\n<p><strong>Cortes de v\u00edas de circulaci\u00f3n<\/strong><\/p>\n<p>Desde el jueves por la ma\u00f1ana, en nuestro municipio ya se restringi\u00f3 la circulaci\u00f3n con cortes y en algunos puntos de acceso a los principales n\u00facleos tur\u00edsticos o de comunicaci\u00f3n. En concreto se han cortado mediante elementos de hormig\u00f3n y vallas, adem\u00e1s de la correspondiente se\u00f1alizaci\u00f3n de tr\u00e1fico, los siguientes puntos:<\/p>\n<p>\u2013 Carretera T-310 km 21, de acceso a la urbanizaci\u00f3n Bonmont Terres Noves<br \/>\n\u2013 Carretera T-318 km 22, Acceso norte Casalot<br \/>\n\u2013 Carretera N-340 Km 1.139 Camino Caseta Reloj de acceso a la playa<br \/>\n\u2013 Calle Oleastrum con el Puente del R\u00edo Llastres de acceso al Hospitalet de l\u2019Infant<br \/>\n\u2013 Urbanizaci\u00f3n Solemio, calle Alicia de la Rocha con el puente de la A-7<br \/>\n\u2013 Caminos entre la N-340 y la desembocadura riera Riudecanyes, para evitar el acceso a la zona de Jardines de Para\u00edso<\/p>\n<p>Este operativo est\u00e1 coordinado con la polic\u00eda local de Vandell\u00f2s i l\u2019Hospitalet de l\u2019Infant y Mossos d\u2019Esquadra y contempla tambi\u00e9n controles policiales de accesos. Adem\u00e1s, en el caso de nuestro municipio se cuenta con el apoyo del dron para identificar posibles veh\u00edculos que quieran esquivar estos controles y acceder a sus residencias por caminos secundarios y menos habituales.<\/p>\n<p>&nbsp;<\/p>\n<p>&nbsp;<\/p>\n","protected":false},"excerpt":{"rendered":"<p>El operativo ha detectado desde el pasado 16 de marzo hasta ahora cerca de 300 personas que han desobedecido el decreto de confinamiento. La Polic\u00eda Local de Mont-roig del Camp intensifica durante los d\u00edas de Semana Santa los controles policiales para evitar que las personas que tengan segunda residencia en nuestro municipio lleguen a sus [&hellip;]<\/p>\n","protected":false},"author":4,"featured_media":45232,"comment_status":"closed","ping_status":"closed","sticky":false,"template":"","format":"standard","meta":{"inline_featured_image":false,"_monsterinsights_skip_tracking":false,"_monsterinsights_sitenote_active":false,"_monsterinsights_sitenote_note":"","_monsterinsights_sitenote_category":0,"footnotes":""},"categories":[98,178,186,113],"tags":[],"class_list":["post-45239","post","type-post","status-publish","format-standard","has-post-thumbnail","hentry","category-ayuntamiento","category-coronavirus","category-coronavirus-otras","category-seguridad"],"yoast_head":"<!-- This site is optimized with the Yoast SEO plugin v27.4 - https:\/\/yoast.com\/product\/yoast-seo-wordpress\/ -->\n<title>La Polic\u00eda Local mantiene d\u00eda y noche los controles de acceso al municipio y en las entradas de los supermercados - Ajuntament de Mont-roig del Camp<\/title>\n<meta name=\"robots\" content=\"index, follow, max-snippet:-1, max-image-preview:large, max-video-preview:-1\" \/>\n<link rel=\"canonical\" href=\"https:\/\/mont-roig.cat\/es\/actualitat\/noticies\/la-policia-local-mante-dia-i-nit-els-controls-dacces-al-municipi-i-a-les-entrades-dels-supermercats\/\" \/>\n<meta property=\"og:locale\" content=\"es_ES\" \/>\n<meta property=\"og:type\" content=\"article\" \/>\n<meta property=\"og:title\" content=\"La Polic\u00eda Local mantiene d\u00eda y noche los controles de acceso al municipio y en las entradas de los supermercados - Ajuntament de Mont-roig del Camp\" \/>\n<meta property=\"og:description\" content=\"El operativo ha detectado desde el pasado 16 de marzo hasta ahora cerca de 300 personas que han desobedecido el decreto de confinamiento. La Polic\u00eda Local de Mont-roig del Camp intensifica durante los d\u00edas de Semana Santa los controles policiales para evitar que las personas que tengan segunda residencia en nuestro municipio lleguen a sus [&hellip;]\" \/>\n<meta property=\"og:url\" content=\"https:\/\/mont-roig.cat\/es\/actualitat\/noticies\/la-policia-local-mante-dia-i-nit-els-controls-dacces-al-municipi-i-a-les-entrades-dels-supermercats\/\" \/>\n<meta property=\"og:site_name\" content=\"Ajuntament de Mont-roig del Camp\" \/>\n<meta property=\"article:published_time\" content=\"2020-04-11T11:26:51+00:00\" \/>\n<meta property=\"article:modified_time\" content=\"2020-04-11T14:51:09+00:00\" \/>\n<meta property=\"og:image\" content=\"https:\/\/mont-roig.cat\/wp-content\/uploads\/636a3a34-b9cd-4a4d-aa5e-3c729ac728a0.jpg\" \/>\n\t<meta property=\"og:image:width\" content=\"2016\" \/>\n\t<meta property=\"og:image:height\" content=\"1512\" \/>\n\t<meta property=\"og:image:type\" content=\"image\/jpeg\" \/>\n<meta name=\"author\" content=\"administrador\" \/>\n<meta name=\"twitter:card\" content=\"summary_large_image\" \/>\n<meta name=\"twitter:label1\" content=\"Escrito por\" \/>\n\t<meta name=\"twitter:data1\" content=\"administrador\" \/>\n\t<meta name=\"twitter:label2\" content=\"Tiempo de lectura\" \/>\n\t<meta name=\"twitter:data2\" content=\"2 minutos\" \/>\n<script type=\"application\/ld+json\" class=\"yoast-schema-graph\">{\"@context\":\"https:\\\/\\\/schema.org\",\"@graph\":[{\"@type\":\"Article\",\"@id\":\"https:\\\/\\\/mont-roig.cat\\\/es\\\/actualitat\\\/noticies\\\/la-policia-local-mante-dia-i-nit-els-controls-dacces-al-municipi-i-a-les-entrades-dels-supermercats\\\/#article\",\"isPartOf\":{\"@id\":\"https:\\\/\\\/mont-roig.cat\\\/es\\\/actualitat\\\/noticies\\\/la-policia-local-mante-dia-i-nit-els-controls-dacces-al-municipi-i-a-les-entrades-dels-supermercats\\\/\"},\"author\":{\"name\":\"administrador\",\"@id\":\"https:\\\/\\\/mont-roig.cat\\\/es\\\/#\\\/schema\\\/person\\\/f2b111789f22b7d0c3bd6786c9128cba\"},\"headline\":\"La Polic\u00eda Local mantiene d\u00eda y noche los controles de acceso al municipio y en las entradas de los supermercados\",\"datePublished\":\"2020-04-11T11:26:51+00:00\",\"dateModified\":\"2020-04-11T14:51:09+00:00\",\"mainEntityOfPage\":{\"@id\":\"https:\\\/\\\/mont-roig.cat\\\/es\\\/actualitat\\\/noticies\\\/la-policia-local-mante-dia-i-nit-els-controls-dacces-al-municipi-i-a-les-entrades-dels-supermercats\\\/\"},\"wordCount\":503,\"image\":{\"@id\":\"https:\\\/\\\/mont-roig.cat\\\/es\\\/actualitat\\\/noticies\\\/la-policia-local-mante-dia-i-nit-els-controls-dacces-al-municipi-i-a-les-entrades-dels-supermercats\\\/#primaryimage\"},\"thumbnailUrl\":\"https:\\\/\\\/mont-roig.cat\\\/wp-content\\\/uploads\\\/636a3a34-b9cd-4a4d-aa5e-3c729ac728a0.jpg\",\"articleSection\":[\"Ayuntamiento\",\"Coronavirus\",\"Coronavirus - otras medidas\",\"Seguridad\"],\"inLanguage\":\"es\"},{\"@type\":\"WebPage\",\"@id\":\"https:\\\/\\\/mont-roig.cat\\\/es\\\/actualitat\\\/noticies\\\/la-policia-local-mante-dia-i-nit-els-controls-dacces-al-municipi-i-a-les-entrades-dels-supermercats\\\/\",\"url\":\"https:\\\/\\\/mont-roig.cat\\\/es\\\/actualitat\\\/noticies\\\/la-policia-local-mante-dia-i-nit-els-controls-dacces-al-municipi-i-a-les-entrades-dels-supermercats\\\/\",\"name\":\"La Polic\u00eda Local mantiene d\u00eda y noche los controles de acceso al municipio y en las entradas de los supermercados - Ajuntament de Mont-roig del Camp\",\"isPartOf\":{\"@id\":\"https:\\\/\\\/mont-roig.cat\\\/es\\\/#website\"},\"primaryImageOfPage\":{\"@id\":\"https:\\\/\\\/mont-roig.cat\\\/es\\\/actualitat\\\/noticies\\\/la-policia-local-mante-dia-i-nit-els-controls-dacces-al-municipi-i-a-les-entrades-dels-supermercats\\\/#primaryimage\"},\"image\":{\"@id\":\"https:\\\/\\\/mont-roig.cat\\\/es\\\/actualitat\\\/noticies\\\/la-policia-local-mante-dia-i-nit-els-controls-dacces-al-municipi-i-a-les-entrades-dels-supermercats\\\/#primaryimage\"},\"thumbnailUrl\":\"https:\\\/\\\/mont-roig.cat\\\/wp-content\\\/uploads\\\/636a3a34-b9cd-4a4d-aa5e-3c729ac728a0.jpg\",\"datePublished\":\"2020-04-11T11:26:51+00:00\",\"dateModified\":\"2020-04-11T14:51:09+00:00\",\"author\":{\"@id\":\"https:\\\/\\\/mont-roig.cat\\\/es\\\/#\\\/schema\\\/person\\\/f2b111789f22b7d0c3bd6786c9128cba\"},\"breadcrumb\":{\"@id\":\"https:\\\/\\\/mont-roig.cat\\\/es\\\/actualitat\\\/noticies\\\/la-policia-local-mante-dia-i-nit-els-controls-dacces-al-municipi-i-a-les-entrades-dels-supermercats\\\/#breadcrumb\"},\"inLanguage\":\"es\",\"potentialAction\":[{\"@type\":\"ReadAction\",\"target\":[\"https:\\\/\\\/mont-roig.cat\\\/es\\\/actualitat\\\/noticies\\\/la-policia-local-mante-dia-i-nit-els-controls-dacces-al-municipi-i-a-les-entrades-dels-supermercats\\\/\"]}]},{\"@type\":\"ImageObject\",\"inLanguage\":\"es\",\"@id\":\"https:\\\/\\\/mont-roig.cat\\\/es\\\/actualitat\\\/noticies\\\/la-policia-local-mante-dia-i-nit-els-controls-dacces-al-municipi-i-a-les-entrades-dels-supermercats\\\/#primaryimage\",\"url\":\"https:\\\/\\\/mont-roig.cat\\\/wp-content\\\/uploads\\\/636a3a34-b9cd-4a4d-aa5e-3c729ac728a0.jpg\",\"contentUrl\":\"https:\\\/\\\/mont-roig.cat\\\/wp-content\\\/uploads\\\/636a3a34-b9cd-4a4d-aa5e-3c729ac728a0.jpg\",\"width\":2016,\"height\":1512},{\"@type\":\"BreadcrumbList\",\"@id\":\"https:\\\/\\\/mont-roig.cat\\\/es\\\/actualitat\\\/noticies\\\/la-policia-local-mante-dia-i-nit-els-controls-dacces-al-municipi-i-a-les-entrades-dels-supermercats\\\/#breadcrumb\",\"itemListElement\":[{\"@type\":\"ListItem\",\"position\":1,\"name\":\"Inici\",\"item\":\"https:\\\/\\\/mont-roig.cat\\\/es\\\/pagina-de-inicio\\\/\"},{\"@type\":\"ListItem\",\"position\":2,\"name\":\"La Polic\u00eda Local mantiene d\u00eda y noche los controles de acceso al municipio y en las entradas de los supermercados\"}]},{\"@type\":\"WebSite\",\"@id\":\"https:\\\/\\\/mont-roig.cat\\\/es\\\/#website\",\"url\":\"https:\\\/\\\/mont-roig.cat\\\/es\\\/\",\"name\":\"Ajuntament de Mont-roig del Camp\",\"description\":\"Tota la informaci\u00f3 sobre la instituci\u00f3, els seus \u00f2rgans de govern, actualitat, serveis i molt m\u00e9s.\",\"potentialAction\":[{\"@type\":\"SearchAction\",\"target\":{\"@type\":\"EntryPoint\",\"urlTemplate\":\"https:\\\/\\\/mont-roig.cat\\\/es\\\/?s={search_term_string}\"},\"query-input\":{\"@type\":\"PropertyValueSpecification\",\"valueRequired\":true,\"valueName\":\"search_term_string\"}}],\"inLanguage\":\"es\"},{\"@type\":\"Person\",\"@id\":\"https:\\\/\\\/mont-roig.cat\\\/es\\\/#\\\/schema\\\/person\\\/f2b111789f22b7d0c3bd6786c9128cba\",\"name\":\"administrador\",\"image\":{\"@type\":\"ImageObject\",\"inLanguage\":\"es\",\"@id\":\"https:\\\/\\\/secure.gravatar.com\\\/avatar\\\/9137aac6891e2595c9d3036fd83bcb653b4db3c946db4c7d9b9be193c3c944bb?s=96&d=mm&r=g\",\"url\":\"https:\\\/\\\/secure.gravatar.com\\\/avatar\\\/9137aac6891e2595c9d3036fd83bcb653b4db3c946db4c7d9b9be193c3c944bb?s=96&d=mm&r=g\",\"contentUrl\":\"https:\\\/\\\/secure.gravatar.com\\\/avatar\\\/9137aac6891e2595c9d3036fd83bcb653b4db3c946db4c7d9b9be193c3c944bb?s=96&d=mm&r=g\",\"caption\":\"administrador\"},\"url\":\"https:\\\/\\\/mont-roig.cat\\\/es\\\/actualitat\\\/noticies\\\/author\\\/administrador\\\/\"}]}<\/script>\n<!-- \/ Yoast SEO plugin. -->","yoast_head_json":{"title":"La Polic\u00eda Local mantiene d\u00eda y noche los controles de acceso al municipio y en las entradas de los supermercados - Ajuntament de Mont-roig del Camp","robots":{"index":"index","follow":"follow","max-snippet":"max-snippet:-1","max-image-preview":"max-image-preview:large","max-video-preview":"max-video-preview:-1"},"canonical":"https:\/\/mont-roig.cat\/es\/actualitat\/noticies\/la-policia-local-mante-dia-i-nit-els-controls-dacces-al-municipi-i-a-les-entrades-dels-supermercats\/","og_locale":"es_ES","og_type":"article","og_title":"La Polic\u00eda Local mantiene d\u00eda y noche los controles de acceso al municipio y en las entradas de los supermercados - Ajuntament de Mont-roig del Camp","og_description":"El operativo ha detectado desde el pasado 16 de marzo hasta ahora cerca de 300 personas que han desobedecido el decreto de confinamiento. La Polic\u00eda Local de Mont-roig del Camp intensifica durante los d\u00edas de Semana Santa los controles policiales para evitar que las personas que tengan segunda residencia en nuestro municipio lleguen a sus [&hellip;]","og_url":"https:\/\/mont-roig.cat\/es\/actualitat\/noticies\/la-policia-local-mante-dia-i-nit-els-controls-dacces-al-municipi-i-a-les-entrades-dels-supermercats\/","og_site_name":"Ajuntament de Mont-roig del Camp","article_published_time":"2020-04-11T11:26:51+00:00","article_modified_time":"2020-04-11T14:51:09+00:00","og_image":[{"width":2016,"height":1512,"url":"https:\/\/mont-roig.cat\/wp-content\/uploads\/636a3a34-b9cd-4a4d-aa5e-3c729ac728a0.jpg","type":"image\/jpeg"}],"author":"administrador","twitter_card":"summary_large_image","twitter_misc":{"Escrito por":"administrador","Tiempo de lectura":"2 minutos"},"schema":{"@context":"https:\/\/schema.org","@graph":[{"@type":"Article","@id":"https:\/\/mont-roig.cat\/es\/actualitat\/noticies\/la-policia-local-mante-dia-i-nit-els-controls-dacces-al-municipi-i-a-les-entrades-dels-supermercats\/#article","isPartOf":{"@id":"https:\/\/mont-roig.cat\/es\/actualitat\/noticies\/la-policia-local-mante-dia-i-nit-els-controls-dacces-al-municipi-i-a-les-entrades-dels-supermercats\/"},"author":{"name":"administrador","@id":"https:\/\/mont-roig.cat\/es\/#\/schema\/person\/f2b111789f22b7d0c3bd6786c9128cba"},"headline":"La Polic\u00eda Local mantiene d\u00eda y noche los controles de acceso al municipio y en las entradas de los supermercados","datePublished":"2020-04-11T11:26:51+00:00","dateModified":"2020-04-11T14:51:09+00:00","mainEntityOfPage":{"@id":"https:\/\/mont-roig.cat\/es\/actualitat\/noticies\/la-policia-local-mante-dia-i-nit-els-controls-dacces-al-municipi-i-a-les-entrades-dels-supermercats\/"},"wordCount":503,"image":{"@id":"https:\/\/mont-roig.cat\/es\/actualitat\/noticies\/la-policia-local-mante-dia-i-nit-els-controls-dacces-al-municipi-i-a-les-entrades-dels-supermercats\/#primaryimage"},"thumbnailUrl":"https:\/\/mont-roig.cat\/wp-content\/uploads\/636a3a34-b9cd-4a4d-aa5e-3c729ac728a0.jpg","articleSection":["Ayuntamiento","Coronavirus","Coronavirus - otras medidas","Seguridad"],"inLanguage":"es"},{"@type":"WebPage","@id":"https:\/\/mont-roig.cat\/es\/actualitat\/noticies\/la-policia-local-mante-dia-i-nit-els-controls-dacces-al-municipi-i-a-les-entrades-dels-supermercats\/","url":"https:\/\/mont-roig.cat\/es\/actualitat\/noticies\/la-policia-local-mante-dia-i-nit-els-controls-dacces-al-municipi-i-a-les-entrades-dels-supermercats\/","name":"La Polic\u00eda Local mantiene d\u00eda y noche los controles de acceso al municipio y en las entradas de los supermercados - Ajuntament de Mont-roig del Camp","isPartOf":{"@id":"https:\/\/mont-roig.cat\/es\/#website"},"primaryImageOfPage":{"@id":"https:\/\/mont-roig.cat\/es\/actualitat\/noticies\/la-policia-local-mante-dia-i-nit-els-controls-dacces-al-municipi-i-a-les-entrades-dels-supermercats\/#primaryimage"},"image":{"@id":"https:\/\/mont-roig.cat\/es\/actualitat\/noticies\/la-policia-local-mante-dia-i-nit-els-controls-dacces-al-municipi-i-a-les-entrades-dels-supermercats\/#primaryimage"},"thumbnailUrl":"https:\/\/mont-roig.cat\/wp-content\/uploads\/636a3a34-b9cd-4a4d-aa5e-3c729ac728a0.jpg","datePublished":"2020-04-11T11:26:51+00:00","dateModified":"2020-04-11T14:51:09+00:00","author":{"@id":"https:\/\/mont-roig.cat\/es\/#\/schema\/person\/f2b111789f22b7d0c3bd6786c9128cba"},"breadcrumb":{"@id":"https:\/\/mont-roig.cat\/es\/actualitat\/noticies\/la-policia-local-mante-dia-i-nit-els-controls-dacces-al-municipi-i-a-les-entrades-dels-supermercats\/#breadcrumb"},"inLanguage":"es","potentialAction":[{"@type":"ReadAction","target":["https:\/\/mont-roig.cat\/es\/actualitat\/noticies\/la-policia-local-mante-dia-i-nit-els-controls-dacces-al-municipi-i-a-les-entrades-dels-supermercats\/"]}]},{"@type":"ImageObject","inLanguage":"es","@id":"https:\/\/mont-roig.cat\/es\/actualitat\/noticies\/la-policia-local-mante-dia-i-nit-els-controls-dacces-al-municipi-i-a-les-entrades-dels-supermercats\/#primaryimage","url":"https:\/\/mont-roig.cat\/wp-content\/uploads\/636a3a34-b9cd-4a4d-aa5e-3c729ac728a0.jpg","contentUrl":"https:\/\/mont-roig.cat\/wp-content\/uploads\/636a3a34-b9cd-4a4d-aa5e-3c729ac728a0.jpg","width":2016,"height":1512},{"@type":"BreadcrumbList","@id":"https:\/\/mont-roig.cat\/es\/actualitat\/noticies\/la-policia-local-mante-dia-i-nit-els-controls-dacces-al-municipi-i-a-les-entrades-dels-supermercats\/#breadcrumb","itemListElement":[{"@type":"ListItem","position":1,"name":"Inici","item":"https:\/\/mont-roig.cat\/es\/pagina-de-inicio\/"},{"@type":"ListItem","position":2,"name":"La Polic\u00eda Local mantiene d\u00eda y noche los controles de acceso al municipio y en las entradas de los supermercados"}]},{"@type":"WebSite","@id":"https:\/\/mont-roig.cat\/es\/#website","url":"https:\/\/mont-roig.cat\/es\/","name":"Ajuntament de Mont-roig del Camp","description":"Tota la informaci\u00f3 sobre la instituci\u00f3, els seus \u00f2rgans de govern, actualitat, serveis i molt m\u00e9s.","potentialAction":[{"@type":"SearchAction","target":{"@type":"EntryPoint","urlTemplate":"https:\/\/mont-roig.cat\/es\/?s={search_term_string}"},"query-input":{"@type":"PropertyValueSpecification","valueRequired":true,"valueName":"search_term_string"}}],"inLanguage":"es"},{"@type":"Person","@id":"https:\/\/mont-roig.cat\/es\/#\/schema\/person\/f2b111789f22b7d0c3bd6786c9128cba","name":"administrador","image":{"@type":"ImageObject","inLanguage":"es","@id":"https:\/\/secure.gravatar.com\/avatar\/9137aac6891e2595c9d3036fd83bcb653b4db3c946db4c7d9b9be193c3c944bb?s=96&d=mm&r=g","url":"https:\/\/secure.gravatar.com\/avatar\/9137aac6891e2595c9d3036fd83bcb653b4db3c946db4c7d9b9be193c3c944bb?s=96&d=mm&r=g","contentUrl":"https:\/\/secure.gravatar.com\/avatar\/9137aac6891e2595c9d3036fd83bcb653b4db3c946db4c7d9b9be193c3c944bb?s=96&d=mm&r=g","caption":"administrador"},"url":"https:\/\/mont-roig.cat\/es\/actualitat\/noticies\/author\/administrador\/"}]}},"_links":{"self":[{"href":"https:\/\/mont-roig.cat\/es\/wp-json\/wp\/v2\/posts\/45239","targetHints":{"allow":["GET"]}}],"collection":[{"href":"https:\/\/mont-roig.cat\/es\/wp-json\/wp\/v2\/posts"}],"about":[{"href":"https:\/\/mont-roig.cat\/es\/wp-json\/wp\/v2\/types\/post"}],"author":[{"embeddable":true,"href":"https:\/\/mont-roig.cat\/es\/wp-json\/wp\/v2\/users\/4"}],"replies":[{"embeddable":true,"href":"https:\/\/mont-roig.cat\/es\/wp-json\/wp\/v2\/comments?post=45239"}],"version-history":[{"count":3,"href":"https:\/\/mont-roig.cat\/es\/wp-json\/wp\/v2\/posts\/45239\/revisions"}],"predecessor-version":[{"id":45248,"href":"https:\/\/mont-roig.cat\/es\/wp-json\/wp\/v2\/posts\/45239\/revisions\/45248"}],"wp:featuredmedia":[{"embeddable":true,"href":"https:\/\/mont-roig.cat\/es\/wp-json\/wp\/v2\/media\/45232"}],"wp:attachment":[{"href":"https:\/\/mont-roig.cat\/es\/wp-json\/wp\/v2\/media?parent=45239"}],"wp:term":[{"taxonomy":"category","embeddable":true,"href":"https:\/\/mont-roig.cat\/es\/wp-json\/wp\/v2\/categories?post=45239"},{"taxonomy":"post_tag","embeddable":true,"href":"https:\/\/mont-roig.cat\/es\/wp-json\/wp\/v2\/tags?post=45239"}],"curies":[{"name":"wp","href":"https:\/\/api.w.org\/{rel}","templated":true}]}}