{"id":4538,"date":"2015-06-29T12:30:13","date_gmt":"2015-06-29T12:30:13","guid":{"rendered":""},"modified":"2015-06-29T12:30:13","modified_gmt":"2015-06-29T12:30:13","slug":"campana-para-controlar-el-mosquito-tigre","status":"publish","type":"post","link":"https:\/\/mont-roig.cat\/es\/actualitat\/noticies\/campana-para-controlar-el-mosquito-tigre\/","title":{"rendered":"Campa\u00f1a para controlar el mosquito tigre"},"content":{"rendered":"<div class=\"body\">\n<div>\n<p><img decoding=\"async\" alt=\"Mosquito tigre \" class=\"requadre\" src=\"http:\/\/mont-roig.cat\/wp-content\/uploads\/mosquito-tigre_0.jpg\" style=\"width: 215px; height: 187px; margin: 10px; float: right;\" title=\"Mosquito tigre \" \/><\/p>\n<p>La Concejal\u00eda de Sanidad P\u00fablica del Ayuntamiento de Mont-roig del Camp hace un llamamiento a los propietarios de viviendas con jard\u00edn y solares del municipio, para que limpien las piscinas y vac\u00eden de agua todos los recipientes y cubos que puedan tener en los jardines.<\/p>\n<p>El objetivo es evitar la proliferaci\u00f3n de plagas de mosquitos en el municipio: el m\u00e9todo m\u00e1s efectivo para hacerlo es evitar la puesta de huevos y el crecimiento de las larvas de mosquito, mediante la eliminaci\u00f3n de los puntos de agua necesarios para su desarrollo y supervivencia.<\/p>\n<p>La Concejal\u00eda recuerda a la ciudadan\u00eda que las larvas de mosquito se desarrollan en el agua y las lluvias ca\u00eddas en los \u00faltimos d\u00edas en el territorio, junto con las c\u00e1lidas temperaturas, facilitan la reproducci\u00f3n y el desarrollo de este insecto, uno de los que m\u00e1s molestias originan a la poblaci\u00f3n durante las temporadas estivales.<\/p>\n<p><strong>Actuaci\u00f3n municipal y colaboraci\u00f3n ciudadana<\/strong><\/p>\n<p>La campa\u00f1a informativa complementa los trabajos de control y mantenimiento de plagas que el Ayuntamiento realiza cada a\u00f1o en zonas h\u00famedas del municipio susceptibles a la aparici\u00f3n de focos, como puede ser <em>l\u2019Estany Gelat<\/em>, las Ruinas de Miramar, la <em>Punta del Riu<\/em>&nbsp;y las depuradoras.<\/p>\n<p>La Diputaci\u00f3n de Tarragona, dentro de su programa de Protecci\u00f3n de la Salud P\u00fablica, ha subvencionado una parte de los trabajos de control del mosquito tigre y la mosca negra durante los a\u00f1os.<\/p>\n<p>Este 2015, se inici\u00f3 la campa\u00f1a de control de larvas de mosquito a finales de marzo con motivo de las altas temperaturas que hab\u00eda por estas fechas y, posteriormente, se realiza un control quincenal para controlar las larvas.<\/p>\n<p>Sin embargo, para que esta actuaci\u00f3n p\u00fablica sea efectiva es necesario que los vecinos se conciencien de la importancia de sus actos en la lucha contra la proliferaci\u00f3n de esta plaga y colaboren en la limpieza de sus piscinas y jardines particulares, donde la acci\u00f3n del Ayuntamiento no llega.<\/p>\n<p>Desde el Departamento de Sanidad se tramitan todos los avisos que nos hacen llegar los ciudadanos inform\u00e1ndonos de casas particulares abandonadas donde se puede generar un problema, ya sea por piscinas o jardines sin mantenimiento, para localizar los propietarios y requerirles la limpieza y mantenimiento.<\/p>\n<p>Entre las especies de mosquitos detectadas sobresale el mosquito tigre (<em>Aedes albopictus<\/em>), un insecto originario del sudeste asi\u00e1tico que se detect\u00f3 por primera vez en Catalu\u00f1a el a\u00f1o 2004, y que lleg\u00f3 al municipio de Mont-roig del Camp del a\u00f1o 2009. Este mosquito provoca una erupci\u00f3n cut\u00e1nea muy dolorosa con sus picaduras.<\/p>\n<p><strong>Recomendaciones a seguir:<\/strong><\/p>\n<p>Para evitar la proliferaci\u00f3n de este insecto, desde la Concejal\u00eda de Sanidad P\u00fablica se recomienda:<br \/>\n&#8211; Vaciar dos veces por semana, retirar o voltear los recipientes del exterior que puedan acumular agua: juguetes, ceniceros, jarrones, cubos, platos bajo las macetas, platos de animales dom\u00e9sticos, piscinas de pl\u00e1stico, etc.<br \/>\n&#8211; Vaciar dos veces por semana o tapar con tela mosquitera el lavadero y las balsas peque\u00f1as.<br \/>\n&#8211; Evitar acumulaciones de agua en zonas de drenaje o canales de desag\u00fce.<br \/>\n&#8211; Evitar los agujeros y las depresiones del terreno donde se pueda acumular agua y tapar los agujeros de los troncos de \u00e1rboles llen\u00e1ndolos de arena.<br \/>\n&#8211; Eliminar el agua de los recipientes donde encontramos larvas de mosquitos.<br \/>\n&#8211; Cubrir los peque\u00f1os agujeros y depresiones del terreno que acumulen agua.<br \/>\n&#8211; Mantener cubiertas las piscinas mientras no se utilicen, evitando que los pl\u00e1sticos instalados acumulen agua.<br \/>\n&#8211; Realizar el mantenimiento del agua de las piscinas para evitar que el agua se corrompa.<\/p>\n<p>El Ayuntamiento conf\u00eda en la implicaci\u00f3n del vecindario para potenciar la protecci\u00f3n de la salud p\u00fablica y el medio ambiente, incrementando la calidad de vida de los ciudadanos.<\/p>\n<p>Para m\u00e1s informaci\u00f3n, consulte las indicaciones que se dan en la web de la Generalidad de Catalu\u00f1a en el enlace <a href=\"http:\/\/www.gencat.cat\/web\/multimedia\/cat\/mosquit\/index_htm.htm\">http:\/\/www.gencat.cat\/web\/multimedia\/cat\/mosquit\/index_htm.htm<\/a><\/p>\n<\/div>\n<\/div>\n<div class=\"field_noticia_img_portada\">\n<div>Imatge portada<\/div>\n<p><img decoding=\"async\" src=\"http:\/\/mont-roig.cat\/wp-content\/uploads\/mosquito-tigre_0.jpg\" title=\"mosquito-tigre_0.jpg\" alt=\"mosquito-tigre_0.jpg\" \/><\/div>\n","protected":false},"excerpt":{"rendered":"<p>La Concejal\u00eda de Sanidad P\u00fablica del Ayuntamiento de Mont-roig del Camp hace un llamamiento a los propietarios de viviendas con jard\u00edn y solares del municipio, para que limpien las piscinas y vac\u00eden de agua todos los recipientes y cubos que puedan tener en los jardines. El objetivo es evitar la proliferaci\u00f3n de plagas de mosquitos [&hellip;]<\/p>\n","protected":false},"author":4,"featured_media":6848,"comment_status":"open","ping_status":"open","sticky":false,"template":"","format":"standard","meta":{"inline_featured_image":false,"_monsterinsights_skip_tracking":false,"_monsterinsights_sitenote_active":false,"_monsterinsights_sitenote_note":"","_monsterinsights_sitenote_category":0,"footnotes":""},"categories":[112],"tags":[],"class_list":["post-4538","post","type-post","status-publish","format-standard","has-post-thumbnail","hentry","category-sanidad-y-salud-publica"],"yoast_head":"<!-- This site is optimized with the Yoast SEO plugin v27.4 - https:\/\/yoast.com\/product\/yoast-seo-wordpress\/ -->\n<title>Campa\u00f1a para controlar el mosquito tigre  - Ajuntament de Mont-roig del Camp<\/title>\n<meta name=\"robots\" content=\"index, follow, max-snippet:-1, max-image-preview:large, max-video-preview:-1\" \/>\n<link rel=\"canonical\" href=\"https:\/\/mont-roig.cat\/es\/actualitat\/noticies\/campana-para-controlar-el-mosquito-tigre\/\" \/>\n<meta property=\"og:locale\" content=\"es_ES\" \/>\n<meta property=\"og:type\" content=\"article\" \/>\n<meta property=\"og:title\" content=\"Campa\u00f1a para controlar el mosquito tigre  - Ajuntament de Mont-roig del Camp\" \/>\n<meta property=\"og:description\" content=\"La Concejal\u00eda de Sanidad P\u00fablica del Ayuntamiento de Mont-roig del Camp hace un llamamiento a los propietarios de viviendas con jard\u00edn y solares del municipio, para que limpien las piscinas y vac\u00eden de agua todos los recipientes y cubos que puedan tener en los jardines. El objetivo es evitar la proliferaci\u00f3n de plagas de mosquitos [&hellip;]\" \/>\n<meta property=\"og:url\" content=\"https:\/\/mont-roig.cat\/es\/actualitat\/noticies\/campana-para-controlar-el-mosquito-tigre\/\" \/>\n<meta property=\"og:site_name\" content=\"Ajuntament de Mont-roig del Camp\" \/>\n<meta property=\"article:published_time\" content=\"2015-06-29T12:30:13+00:00\" \/>\n<meta property=\"og:image\" content=\"https:\/\/mont-roig.cat\/wp-content\/uploads\/mosquito-tigre_0.jpg\" \/>\n\t<meta property=\"og:image:width\" content=\"215\" \/>\n\t<meta property=\"og:image:height\" content=\"187\" \/>\n\t<meta property=\"og:image:type\" content=\"image\/jpeg\" \/>\n<meta name=\"author\" content=\"administrador\" \/>\n<meta name=\"twitter:card\" content=\"summary_large_image\" \/>\n<meta name=\"twitter:label1\" content=\"Escrito por\" \/>\n\t<meta name=\"twitter:data1\" content=\"administrador\" \/>\n\t<meta name=\"twitter:label2\" content=\"Tiempo de lectura\" \/>\n\t<meta name=\"twitter:data2\" content=\"3 minutos\" \/>\n<script type=\"application\/ld+json\" class=\"yoast-schema-graph\">{\"@context\":\"https:\\\/\\\/schema.org\",\"@graph\":[{\"@type\":\"Article\",\"@id\":\"https:\\\/\\\/mont-roig.cat\\\/es\\\/actualitat\\\/noticies\\\/campana-para-controlar-el-mosquito-tigre\\\/#article\",\"isPartOf\":{\"@id\":\"https:\\\/\\\/mont-roig.cat\\\/es\\\/actualitat\\\/noticies\\\/campana-para-controlar-el-mosquito-tigre\\\/\"},\"author\":{\"name\":\"administrador\",\"@id\":\"https:\\\/\\\/mont-roig.cat\\\/es\\\/#\\\/schema\\\/person\\\/f2b111789f22b7d0c3bd6786c9128cba\"},\"headline\":\"Campa\u00f1a para controlar el mosquito tigre\",\"datePublished\":\"2015-06-29T12:30:13+00:00\",\"mainEntityOfPage\":{\"@id\":\"https:\\\/\\\/mont-roig.cat\\\/es\\\/actualitat\\\/noticies\\\/campana-para-controlar-el-mosquito-tigre\\\/\"},\"wordCount\":700,\"commentCount\":0,\"image\":{\"@id\":\"https:\\\/\\\/mont-roig.cat\\\/es\\\/actualitat\\\/noticies\\\/campana-para-controlar-el-mosquito-tigre\\\/#primaryimage\"},\"thumbnailUrl\":\"https:\\\/\\\/mont-roig.cat\\\/wp-content\\\/uploads\\\/mosquito-tigre_0.jpg\",\"articleSection\":[\"Sanidad y Salud p\u00fablica\"],\"inLanguage\":\"es\"},{\"@type\":\"WebPage\",\"@id\":\"https:\\\/\\\/mont-roig.cat\\\/es\\\/actualitat\\\/noticies\\\/campana-para-controlar-el-mosquito-tigre\\\/\",\"url\":\"https:\\\/\\\/mont-roig.cat\\\/es\\\/actualitat\\\/noticies\\\/campana-para-controlar-el-mosquito-tigre\\\/\",\"name\":\"Campa\u00f1a para controlar el mosquito tigre - Ajuntament de Mont-roig del Camp\",\"isPartOf\":{\"@id\":\"https:\\\/\\\/mont-roig.cat\\\/es\\\/#website\"},\"primaryImageOfPage\":{\"@id\":\"https:\\\/\\\/mont-roig.cat\\\/es\\\/actualitat\\\/noticies\\\/campana-para-controlar-el-mosquito-tigre\\\/#primaryimage\"},\"image\":{\"@id\":\"https:\\\/\\\/mont-roig.cat\\\/es\\\/actualitat\\\/noticies\\\/campana-para-controlar-el-mosquito-tigre\\\/#primaryimage\"},\"thumbnailUrl\":\"https:\\\/\\\/mont-roig.cat\\\/wp-content\\\/uploads\\\/mosquito-tigre_0.jpg\",\"datePublished\":\"2015-06-29T12:30:13+00:00\",\"author\":{\"@id\":\"https:\\\/\\\/mont-roig.cat\\\/es\\\/#\\\/schema\\\/person\\\/f2b111789f22b7d0c3bd6786c9128cba\"},\"breadcrumb\":{\"@id\":\"https:\\\/\\\/mont-roig.cat\\\/es\\\/actualitat\\\/noticies\\\/campana-para-controlar-el-mosquito-tigre\\\/#breadcrumb\"},\"inLanguage\":\"es\",\"potentialAction\":[{\"@type\":\"ReadAction\",\"target\":[\"https:\\\/\\\/mont-roig.cat\\\/es\\\/actualitat\\\/noticies\\\/campana-para-controlar-el-mosquito-tigre\\\/\"]}]},{\"@type\":\"ImageObject\",\"inLanguage\":\"es\",\"@id\":\"https:\\\/\\\/mont-roig.cat\\\/es\\\/actualitat\\\/noticies\\\/campana-para-controlar-el-mosquito-tigre\\\/#primaryimage\",\"url\":\"https:\\\/\\\/mont-roig.cat\\\/wp-content\\\/uploads\\\/mosquito-tigre_0.jpg\",\"contentUrl\":\"https:\\\/\\\/mont-roig.cat\\\/wp-content\\\/uploads\\\/mosquito-tigre_0.jpg\",\"width\":215,\"height\":187},{\"@type\":\"BreadcrumbList\",\"@id\":\"https:\\\/\\\/mont-roig.cat\\\/es\\\/actualitat\\\/noticies\\\/campana-para-controlar-el-mosquito-tigre\\\/#breadcrumb\",\"itemListElement\":[{\"@type\":\"ListItem\",\"position\":1,\"name\":\"Inici\",\"item\":\"https:\\\/\\\/mont-roig.cat\\\/es\\\/pagina-de-inicio\\\/\"},{\"@type\":\"ListItem\",\"position\":2,\"name\":\"Campa\u00f1a para controlar el mosquito tigre\"}]},{\"@type\":\"WebSite\",\"@id\":\"https:\\\/\\\/mont-roig.cat\\\/es\\\/#website\",\"url\":\"https:\\\/\\\/mont-roig.cat\\\/es\\\/\",\"name\":\"Ajuntament de Mont-roig del Camp\",\"description\":\"Tota la informaci\u00f3 sobre la instituci\u00f3, els seus \u00f2rgans de govern, actualitat, serveis i molt m\u00e9s.\",\"potentialAction\":[{\"@type\":\"SearchAction\",\"target\":{\"@type\":\"EntryPoint\",\"urlTemplate\":\"https:\\\/\\\/mont-roig.cat\\\/es\\\/?s={search_term_string}\"},\"query-input\":{\"@type\":\"PropertyValueSpecification\",\"valueRequired\":true,\"valueName\":\"search_term_string\"}}],\"inLanguage\":\"es\"},{\"@type\":\"Person\",\"@id\":\"https:\\\/\\\/mont-roig.cat\\\/es\\\/#\\\/schema\\\/person\\\/f2b111789f22b7d0c3bd6786c9128cba\",\"name\":\"administrador\",\"image\":{\"@type\":\"ImageObject\",\"inLanguage\":\"es\",\"@id\":\"https:\\\/\\\/secure.gravatar.com\\\/avatar\\\/9137aac6891e2595c9d3036fd83bcb653b4db3c946db4c7d9b9be193c3c944bb?s=96&d=mm&r=g\",\"url\":\"https:\\\/\\\/secure.gravatar.com\\\/avatar\\\/9137aac6891e2595c9d3036fd83bcb653b4db3c946db4c7d9b9be193c3c944bb?s=96&d=mm&r=g\",\"contentUrl\":\"https:\\\/\\\/secure.gravatar.com\\\/avatar\\\/9137aac6891e2595c9d3036fd83bcb653b4db3c946db4c7d9b9be193c3c944bb?s=96&d=mm&r=g\",\"caption\":\"administrador\"},\"url\":\"https:\\\/\\\/mont-roig.cat\\\/es\\\/actualitat\\\/noticies\\\/author\\\/administrador\\\/\"}]}<\/script>\n<!-- \/ Yoast SEO plugin. -->","yoast_head_json":{"title":"Campa\u00f1a para controlar el mosquito tigre  - Ajuntament de Mont-roig del Camp","robots":{"index":"index","follow":"follow","max-snippet":"max-snippet:-1","max-image-preview":"max-image-preview:large","max-video-preview":"max-video-preview:-1"},"canonical":"https:\/\/mont-roig.cat\/es\/actualitat\/noticies\/campana-para-controlar-el-mosquito-tigre\/","og_locale":"es_ES","og_type":"article","og_title":"Campa\u00f1a para controlar el mosquito tigre  - Ajuntament de Mont-roig del Camp","og_description":"La Concejal\u00eda de Sanidad P\u00fablica del Ayuntamiento de Mont-roig del Camp hace un llamamiento a los propietarios de viviendas con jard\u00edn y solares del municipio, para que limpien las piscinas y vac\u00eden de agua todos los recipientes y cubos que puedan tener en los jardines. El objetivo es evitar la proliferaci\u00f3n de plagas de mosquitos [&hellip;]","og_url":"https:\/\/mont-roig.cat\/es\/actualitat\/noticies\/campana-para-controlar-el-mosquito-tigre\/","og_site_name":"Ajuntament de Mont-roig del Camp","article_published_time":"2015-06-29T12:30:13+00:00","og_image":[{"width":215,"height":187,"url":"https:\/\/mont-roig.cat\/wp-content\/uploads\/mosquito-tigre_0.jpg","type":"image\/jpeg"}],"author":"administrador","twitter_card":"summary_large_image","twitter_misc":{"Escrito por":"administrador","Tiempo de lectura":"3 minutos"},"schema":{"@context":"https:\/\/schema.org","@graph":[{"@type":"Article","@id":"https:\/\/mont-roig.cat\/es\/actualitat\/noticies\/campana-para-controlar-el-mosquito-tigre\/#article","isPartOf":{"@id":"https:\/\/mont-roig.cat\/es\/actualitat\/noticies\/campana-para-controlar-el-mosquito-tigre\/"},"author":{"name":"administrador","@id":"https:\/\/mont-roig.cat\/es\/#\/schema\/person\/f2b111789f22b7d0c3bd6786c9128cba"},"headline":"Campa\u00f1a para controlar el mosquito tigre","datePublished":"2015-06-29T12:30:13+00:00","mainEntityOfPage":{"@id":"https:\/\/mont-roig.cat\/es\/actualitat\/noticies\/campana-para-controlar-el-mosquito-tigre\/"},"wordCount":700,"commentCount":0,"image":{"@id":"https:\/\/mont-roig.cat\/es\/actualitat\/noticies\/campana-para-controlar-el-mosquito-tigre\/#primaryimage"},"thumbnailUrl":"https:\/\/mont-roig.cat\/wp-content\/uploads\/mosquito-tigre_0.jpg","articleSection":["Sanidad y Salud p\u00fablica"],"inLanguage":"es"},{"@type":"WebPage","@id":"https:\/\/mont-roig.cat\/es\/actualitat\/noticies\/campana-para-controlar-el-mosquito-tigre\/","url":"https:\/\/mont-roig.cat\/es\/actualitat\/noticies\/campana-para-controlar-el-mosquito-tigre\/","name":"Campa\u00f1a para controlar el mosquito tigre - Ajuntament de Mont-roig del Camp","isPartOf":{"@id":"https:\/\/mont-roig.cat\/es\/#website"},"primaryImageOfPage":{"@id":"https:\/\/mont-roig.cat\/es\/actualitat\/noticies\/campana-para-controlar-el-mosquito-tigre\/#primaryimage"},"image":{"@id":"https:\/\/mont-roig.cat\/es\/actualitat\/noticies\/campana-para-controlar-el-mosquito-tigre\/#primaryimage"},"thumbnailUrl":"https:\/\/mont-roig.cat\/wp-content\/uploads\/mosquito-tigre_0.jpg","datePublished":"2015-06-29T12:30:13+00:00","author":{"@id":"https:\/\/mont-roig.cat\/es\/#\/schema\/person\/f2b111789f22b7d0c3bd6786c9128cba"},"breadcrumb":{"@id":"https:\/\/mont-roig.cat\/es\/actualitat\/noticies\/campana-para-controlar-el-mosquito-tigre\/#breadcrumb"},"inLanguage":"es","potentialAction":[{"@type":"ReadAction","target":["https:\/\/mont-roig.cat\/es\/actualitat\/noticies\/campana-para-controlar-el-mosquito-tigre\/"]}]},{"@type":"ImageObject","inLanguage":"es","@id":"https:\/\/mont-roig.cat\/es\/actualitat\/noticies\/campana-para-controlar-el-mosquito-tigre\/#primaryimage","url":"https:\/\/mont-roig.cat\/wp-content\/uploads\/mosquito-tigre_0.jpg","contentUrl":"https:\/\/mont-roig.cat\/wp-content\/uploads\/mosquito-tigre_0.jpg","width":215,"height":187},{"@type":"BreadcrumbList","@id":"https:\/\/mont-roig.cat\/es\/actualitat\/noticies\/campana-para-controlar-el-mosquito-tigre\/#breadcrumb","itemListElement":[{"@type":"ListItem","position":1,"name":"Inici","item":"https:\/\/mont-roig.cat\/es\/pagina-de-inicio\/"},{"@type":"ListItem","position":2,"name":"Campa\u00f1a para controlar el mosquito tigre"}]},{"@type":"WebSite","@id":"https:\/\/mont-roig.cat\/es\/#website","url":"https:\/\/mont-roig.cat\/es\/","name":"Ajuntament de Mont-roig del Camp","description":"Tota la informaci\u00f3 sobre la instituci\u00f3, els seus \u00f2rgans de govern, actualitat, serveis i molt m\u00e9s.","potentialAction":[{"@type":"SearchAction","target":{"@type":"EntryPoint","urlTemplate":"https:\/\/mont-roig.cat\/es\/?s={search_term_string}"},"query-input":{"@type":"PropertyValueSpecification","valueRequired":true,"valueName":"search_term_string"}}],"inLanguage":"es"},{"@type":"Person","@id":"https:\/\/mont-roig.cat\/es\/#\/schema\/person\/f2b111789f22b7d0c3bd6786c9128cba","name":"administrador","image":{"@type":"ImageObject","inLanguage":"es","@id":"https:\/\/secure.gravatar.com\/avatar\/9137aac6891e2595c9d3036fd83bcb653b4db3c946db4c7d9b9be193c3c944bb?s=96&d=mm&r=g","url":"https:\/\/secure.gravatar.com\/avatar\/9137aac6891e2595c9d3036fd83bcb653b4db3c946db4c7d9b9be193c3c944bb?s=96&d=mm&r=g","contentUrl":"https:\/\/secure.gravatar.com\/avatar\/9137aac6891e2595c9d3036fd83bcb653b4db3c946db4c7d9b9be193c3c944bb?s=96&d=mm&r=g","caption":"administrador"},"url":"https:\/\/mont-roig.cat\/es\/actualitat\/noticies\/author\/administrador\/"}]}},"_links":{"self":[{"href":"https:\/\/mont-roig.cat\/es\/wp-json\/wp\/v2\/posts\/4538","targetHints":{"allow":["GET"]}}],"collection":[{"href":"https:\/\/mont-roig.cat\/es\/wp-json\/wp\/v2\/posts"}],"about":[{"href":"https:\/\/mont-roig.cat\/es\/wp-json\/wp\/v2\/types\/post"}],"author":[{"embeddable":true,"href":"https:\/\/mont-roig.cat\/es\/wp-json\/wp\/v2\/users\/4"}],"replies":[{"embeddable":true,"href":"https:\/\/mont-roig.cat\/es\/wp-json\/wp\/v2\/comments?post=4538"}],"version-history":[{"count":0,"href":"https:\/\/mont-roig.cat\/es\/wp-json\/wp\/v2\/posts\/4538\/revisions"}],"wp:featuredmedia":[{"embeddable":true,"href":"https:\/\/mont-roig.cat\/es\/wp-json\/wp\/v2\/media\/6848"}],"wp:attachment":[{"href":"https:\/\/mont-roig.cat\/es\/wp-json\/wp\/v2\/media?parent=4538"}],"wp:term":[{"taxonomy":"category","embeddable":true,"href":"https:\/\/mont-roig.cat\/es\/wp-json\/wp\/v2\/categories?post=4538"},{"taxonomy":"post_tag","embeddable":true,"href":"https:\/\/mont-roig.cat\/es\/wp-json\/wp\/v2\/tags?post=4538"}],"curies":[{"name":"wp","href":"https:\/\/api.w.org\/{rel}","templated":true}]}}