{"id":4548,"date":"2015-07-08T15:00:29","date_gmt":"2015-07-08T15:00:29","guid":{"rendered":""},"modified":"2015-07-08T15:00:29","modified_gmt":"2015-07-08T15:00:29","slug":"el-pleno-del-ayuntamiento-debate-la-problematica-de-la-via-del-tren","status":"publish","type":"post","link":"https:\/\/mont-roig.cat\/es\/actualitat\/noticies\/el-pleno-del-ayuntamiento-debate-la-problematica-de-la-via-del-tren\/","title":{"rendered":"El Pleno del Ayuntamiento debate la problem\u00e1tica de la v\u00eda del tren"},"content":{"rendered":"<div class=\"body\">\n<div>\n<p><img decoding=\"async\" alt=\"Sessi\u00f3n plenaria ordinaria celebrada el 8 de julio de 2015\" class=\"requadre\" src=\"http:\/\/mont-roig.cat\/wp-content\/uploads\/dscn6935.jpg\" style=\"width: 300px; height: 225px; margin: 10px; float: right;\" title=\"Sessi\u00f3n plenaria ordinaria celebrada el 8 de julio de 2015\" \/>El Ayuntamiento de Mont-roig del Camp ha celebrado este mediod\u00eda el Pleno Ordinario del mes de julio. La sesi\u00f3n, que ha servido para aprobar diversos temas administrativos, ha tenido en el turno de ruegos y preguntas el momento de m\u00e1s debate. En este punto se ha lamentado la muerte de la joven belga atropellada en la v\u00eda del tren a su paso por Miami Platja, este pasado lunes y se ha analizado la situaci\u00f3n.<\/p>\n<p>El Grupo Municipal de Ciudadanos ha preguntado por las soluciones que Adif ha dado al consistorio para evitar m\u00e1s accidentes y ha hecho la propuesta de vallar la v\u00eda del tren a su paso por el n\u00facleo de Miami Platja. El alcalde de Mont-roig, Fran Morancho, ha explicado que el consistorio tiene programada una reuni\u00f3n con Adif para conocer la situaci\u00f3n real de previsi\u00f3n de la entrada en funcionamiento de la nueva infraestructura del Corredor del Mediterr\u00e1neo y que en funci\u00f3n de la respuesta tomar\u00e1n una decisi\u00f3n sobre la v\u00eda actual. Tambi\u00e9n el concejal de urbanismo y planificaci\u00f3n de territorio, Vicente P\u00e9rez ha apuntado que en las zonas con edificaciones m\u00e1s actuales, donde la normativa exige la construcci\u00f3n de vallas y tela met\u00e1lica, muchos ciudadanos tienen la costumbre hist\u00f3rica de atravesar las v\u00edas por el mismo punto y han llegado a cortar estas vallas. En este sentido se ha puesto sobre la mesa una problem\u00e1tica derivada tambi\u00e9n de una cuesti\u00f3n de h\u00e1bitos, costumbres y imprudencias muy dif\u00edcil de solucionar.<\/p>\n<p>Otro de los temas planteados, por parte del Grupo Municipal de ERC, ha sido el estado de las inversiones de las remodelaciones de las instalaciones deportivas. El Alcalde ha explicado que se han aprobado las bases de licitaci\u00f3n de los 3 proyectos (uno por el polideportivo de Miami Platja y dos por el de Mont-roig), que ya est\u00e1n publicadas y que est\u00e1n a la espera de recibir ofertas para adjudicarlas y empezar lo antes posible. En esta l\u00ednea, desde el Grupo Municipal de CiU se ha preguntado tambi\u00e9n por los plazos de estas obras, debido a que las entidades deportivas tienen en septiembre el inicio de la temporada. El equipo de gobierno ha respondido que una vez se conozcan las fechas se analizar\u00e1 en qu\u00e9 medida afectan las obras a las entidades y se buscar\u00e1n las alternativas. Tambi\u00e9n desde CIU se han dado a conocer los robos y el vandalismo que se ha producido en los \u00faltimos tiempos en estas zonas deportivas y se ha acordado que, a pesar de ser hechos aislados, se tratar\u00e1 de intensificar la vigilancia por parte de la Polic\u00eda Local.<\/p>\n<p>Finalmente desde Ciudadanos se ha preguntado sobre la anulaci\u00f3n de la bolsa de trabajo de auxiliar administrativo convocada por las empresas municipales. Fran Morancho ha explicado que se definir\u00e1 una forma m\u00e1s participativa para la creaci\u00f3n de bolsas de trabajo y contrataci\u00f3n de personal.<\/p>\n<\/div>\n<\/div>\n<div class=\"field_noticia_img_portada\">\n<div>Imatge portada<\/div>\n<p><img decoding=\"async\" src=\"http:\/\/mont-roig.cat\/wp-content\/uploads\/dscn6935.jpg\" title=\"dscn6935.jpg\" alt=\"dscn6935.jpg\" \/><\/div>\n","protected":false},"excerpt":{"rendered":"<p>El Ayuntamiento de Mont-roig del Camp ha celebrado este mediod\u00eda el Pleno Ordinario del mes de julio. La sesi\u00f3n, que ha servido para aprobar diversos temas administrativos, ha tenido en el turno de ruegos y preguntas el momento de m\u00e1s debate. En este punto se ha lamentado la muerte de la joven belga atropellada en [&hellip;]<\/p>\n","protected":false},"author":4,"featured_media":6871,"comment_status":"open","ping_status":"open","sticky":false,"template":"","format":"standard","meta":{"inline_featured_image":false,"_monsterinsights_skip_tracking":false,"_monsterinsights_sitenote_active":false,"_monsterinsights_sitenote_note":"","_monsterinsights_sitenote_category":0,"footnotes":""},"categories":[98],"tags":[],"class_list":["post-4548","post","type-post","status-publish","format-standard","has-post-thumbnail","hentry","category-ayuntamiento"],"yoast_head":"<!-- This site is optimized with the Yoast SEO plugin v27.4 - https:\/\/yoast.com\/product\/yoast-seo-wordpress\/ -->\n<title>El Pleno del Ayuntamiento debate la problem\u00e1tica de la v\u00eda del tren - Ajuntament de Mont-roig del Camp<\/title>\n<meta name=\"robots\" content=\"index, follow, max-snippet:-1, max-image-preview:large, max-video-preview:-1\" \/>\n<link rel=\"canonical\" href=\"https:\/\/mont-roig.cat\/es\/actualitat\/noticies\/el-pleno-del-ayuntamiento-debate-la-problematica-de-la-via-del-tren\/\" \/>\n<meta property=\"og:locale\" content=\"es_ES\" \/>\n<meta property=\"og:type\" content=\"article\" \/>\n<meta property=\"og:title\" content=\"El Pleno del Ayuntamiento debate la problem\u00e1tica de la v\u00eda del tren - Ajuntament de Mont-roig del Camp\" \/>\n<meta property=\"og:description\" content=\"El Ayuntamiento de Mont-roig del Camp ha celebrado este mediod\u00eda el Pleno Ordinario del mes de julio. La sesi\u00f3n, que ha servido para aprobar diversos temas administrativos, ha tenido en el turno de ruegos y preguntas el momento de m\u00e1s debate. En este punto se ha lamentado la muerte de la joven belga atropellada en [&hellip;]\" \/>\n<meta property=\"og:url\" content=\"https:\/\/mont-roig.cat\/es\/actualitat\/noticies\/el-pleno-del-ayuntamiento-debate-la-problematica-de-la-via-del-tren\/\" \/>\n<meta property=\"og:site_name\" content=\"Ajuntament de Mont-roig del Camp\" \/>\n<meta property=\"article:published_time\" content=\"2015-07-08T15:00:29+00:00\" \/>\n<meta property=\"og:image\" content=\"https:\/\/mont-roig.cat\/wp-content\/uploads\/dscn6935.jpg\" \/>\n\t<meta property=\"og:image:width\" content=\"3264\" \/>\n\t<meta property=\"og:image:height\" content=\"2448\" \/>\n\t<meta property=\"og:image:type\" content=\"image\/jpeg\" \/>\n<meta name=\"author\" content=\"administrador\" \/>\n<meta name=\"twitter:card\" content=\"summary_large_image\" \/>\n<meta name=\"twitter:label1\" content=\"Escrito por\" \/>\n\t<meta name=\"twitter:data1\" content=\"administrador\" \/>\n\t<meta name=\"twitter:label2\" content=\"Tiempo de lectura\" \/>\n\t<meta name=\"twitter:data2\" content=\"3 minutos\" \/>\n<script type=\"application\/ld+json\" class=\"yoast-schema-graph\">{\"@context\":\"https:\\\/\\\/schema.org\",\"@graph\":[{\"@type\":\"Article\",\"@id\":\"https:\\\/\\\/mont-roig.cat\\\/es\\\/actualitat\\\/noticies\\\/el-pleno-del-ayuntamiento-debate-la-problematica-de-la-via-del-tren\\\/#article\",\"isPartOf\":{\"@id\":\"https:\\\/\\\/mont-roig.cat\\\/es\\\/actualitat\\\/noticies\\\/el-pleno-del-ayuntamiento-debate-la-problematica-de-la-via-del-tren\\\/\"},\"author\":{\"name\":\"administrador\",\"@id\":\"https:\\\/\\\/mont-roig.cat\\\/es\\\/#\\\/schema\\\/person\\\/f2b111789f22b7d0c3bd6786c9128cba\"},\"headline\":\"El Pleno del Ayuntamiento debate la problem\u00e1tica de la v\u00eda del tren\",\"datePublished\":\"2015-07-08T15:00:29+00:00\",\"mainEntityOfPage\":{\"@id\":\"https:\\\/\\\/mont-roig.cat\\\/es\\\/actualitat\\\/noticies\\\/el-pleno-del-ayuntamiento-debate-la-problematica-de-la-via-del-tren\\\/\"},\"wordCount\":528,\"commentCount\":0,\"image\":{\"@id\":\"https:\\\/\\\/mont-roig.cat\\\/es\\\/actualitat\\\/noticies\\\/el-pleno-del-ayuntamiento-debate-la-problematica-de-la-via-del-tren\\\/#primaryimage\"},\"thumbnailUrl\":\"https:\\\/\\\/mont-roig.cat\\\/wp-content\\\/uploads\\\/dscn6935.jpg\",\"articleSection\":[\"Ayuntamiento\"],\"inLanguage\":\"es\"},{\"@type\":\"WebPage\",\"@id\":\"https:\\\/\\\/mont-roig.cat\\\/es\\\/actualitat\\\/noticies\\\/el-pleno-del-ayuntamiento-debate-la-problematica-de-la-via-del-tren\\\/\",\"url\":\"https:\\\/\\\/mont-roig.cat\\\/es\\\/actualitat\\\/noticies\\\/el-pleno-del-ayuntamiento-debate-la-problematica-de-la-via-del-tren\\\/\",\"name\":\"El Pleno del Ayuntamiento debate la problem\u00e1tica de la v\u00eda del tren - Ajuntament de Mont-roig del Camp\",\"isPartOf\":{\"@id\":\"https:\\\/\\\/mont-roig.cat\\\/es\\\/#website\"},\"primaryImageOfPage\":{\"@id\":\"https:\\\/\\\/mont-roig.cat\\\/es\\\/actualitat\\\/noticies\\\/el-pleno-del-ayuntamiento-debate-la-problematica-de-la-via-del-tren\\\/#primaryimage\"},\"image\":{\"@id\":\"https:\\\/\\\/mont-roig.cat\\\/es\\\/actualitat\\\/noticies\\\/el-pleno-del-ayuntamiento-debate-la-problematica-de-la-via-del-tren\\\/#primaryimage\"},\"thumbnailUrl\":\"https:\\\/\\\/mont-roig.cat\\\/wp-content\\\/uploads\\\/dscn6935.jpg\",\"datePublished\":\"2015-07-08T15:00:29+00:00\",\"author\":{\"@id\":\"https:\\\/\\\/mont-roig.cat\\\/es\\\/#\\\/schema\\\/person\\\/f2b111789f22b7d0c3bd6786c9128cba\"},\"breadcrumb\":{\"@id\":\"https:\\\/\\\/mont-roig.cat\\\/es\\\/actualitat\\\/noticies\\\/el-pleno-del-ayuntamiento-debate-la-problematica-de-la-via-del-tren\\\/#breadcrumb\"},\"inLanguage\":\"es\",\"potentialAction\":[{\"@type\":\"ReadAction\",\"target\":[\"https:\\\/\\\/mont-roig.cat\\\/es\\\/actualitat\\\/noticies\\\/el-pleno-del-ayuntamiento-debate-la-problematica-de-la-via-del-tren\\\/\"]}]},{\"@type\":\"ImageObject\",\"inLanguage\":\"es\",\"@id\":\"https:\\\/\\\/mont-roig.cat\\\/es\\\/actualitat\\\/noticies\\\/el-pleno-del-ayuntamiento-debate-la-problematica-de-la-via-del-tren\\\/#primaryimage\",\"url\":\"https:\\\/\\\/mont-roig.cat\\\/wp-content\\\/uploads\\\/dscn6935.jpg\",\"contentUrl\":\"https:\\\/\\\/mont-roig.cat\\\/wp-content\\\/uploads\\\/dscn6935.jpg\",\"width\":3264,\"height\":2448},{\"@type\":\"BreadcrumbList\",\"@id\":\"https:\\\/\\\/mont-roig.cat\\\/es\\\/actualitat\\\/noticies\\\/el-pleno-del-ayuntamiento-debate-la-problematica-de-la-via-del-tren\\\/#breadcrumb\",\"itemListElement\":[{\"@type\":\"ListItem\",\"position\":1,\"name\":\"Inici\",\"item\":\"https:\\\/\\\/mont-roig.cat\\\/es\\\/pagina-de-inicio\\\/\"},{\"@type\":\"ListItem\",\"position\":2,\"name\":\"El Pleno del Ayuntamiento debate la problem\u00e1tica de la v\u00eda del tren\"}]},{\"@type\":\"WebSite\",\"@id\":\"https:\\\/\\\/mont-roig.cat\\\/es\\\/#website\",\"url\":\"https:\\\/\\\/mont-roig.cat\\\/es\\\/\",\"name\":\"Ajuntament de Mont-roig del Camp\",\"description\":\"Tota la informaci\u00f3 sobre la instituci\u00f3, els seus \u00f2rgans de govern, actualitat, serveis i molt m\u00e9s.\",\"potentialAction\":[{\"@type\":\"SearchAction\",\"target\":{\"@type\":\"EntryPoint\",\"urlTemplate\":\"https:\\\/\\\/mont-roig.cat\\\/es\\\/?s={search_term_string}\"},\"query-input\":{\"@type\":\"PropertyValueSpecification\",\"valueRequired\":true,\"valueName\":\"search_term_string\"}}],\"inLanguage\":\"es\"},{\"@type\":\"Person\",\"@id\":\"https:\\\/\\\/mont-roig.cat\\\/es\\\/#\\\/schema\\\/person\\\/f2b111789f22b7d0c3bd6786c9128cba\",\"name\":\"administrador\",\"image\":{\"@type\":\"ImageObject\",\"inLanguage\":\"es\",\"@id\":\"https:\\\/\\\/secure.gravatar.com\\\/avatar\\\/9137aac6891e2595c9d3036fd83bcb653b4db3c946db4c7d9b9be193c3c944bb?s=96&d=mm&r=g\",\"url\":\"https:\\\/\\\/secure.gravatar.com\\\/avatar\\\/9137aac6891e2595c9d3036fd83bcb653b4db3c946db4c7d9b9be193c3c944bb?s=96&d=mm&r=g\",\"contentUrl\":\"https:\\\/\\\/secure.gravatar.com\\\/avatar\\\/9137aac6891e2595c9d3036fd83bcb653b4db3c946db4c7d9b9be193c3c944bb?s=96&d=mm&r=g\",\"caption\":\"administrador\"},\"url\":\"https:\\\/\\\/mont-roig.cat\\\/es\\\/actualitat\\\/noticies\\\/author\\\/administrador\\\/\"}]}<\/script>\n<!-- \/ Yoast SEO plugin. -->","yoast_head_json":{"title":"El Pleno del Ayuntamiento debate la problem\u00e1tica de la v\u00eda del tren - Ajuntament de Mont-roig del Camp","robots":{"index":"index","follow":"follow","max-snippet":"max-snippet:-1","max-image-preview":"max-image-preview:large","max-video-preview":"max-video-preview:-1"},"canonical":"https:\/\/mont-roig.cat\/es\/actualitat\/noticies\/el-pleno-del-ayuntamiento-debate-la-problematica-de-la-via-del-tren\/","og_locale":"es_ES","og_type":"article","og_title":"El Pleno del Ayuntamiento debate la problem\u00e1tica de la v\u00eda del tren - Ajuntament de Mont-roig del Camp","og_description":"El Ayuntamiento de Mont-roig del Camp ha celebrado este mediod\u00eda el Pleno Ordinario del mes de julio. La sesi\u00f3n, que ha servido para aprobar diversos temas administrativos, ha tenido en el turno de ruegos y preguntas el momento de m\u00e1s debate. En este punto se ha lamentado la muerte de la joven belga atropellada en [&hellip;]","og_url":"https:\/\/mont-roig.cat\/es\/actualitat\/noticies\/el-pleno-del-ayuntamiento-debate-la-problematica-de-la-via-del-tren\/","og_site_name":"Ajuntament de Mont-roig del Camp","article_published_time":"2015-07-08T15:00:29+00:00","og_image":[{"width":3264,"height":2448,"url":"https:\/\/mont-roig.cat\/wp-content\/uploads\/dscn6935.jpg","type":"image\/jpeg"}],"author":"administrador","twitter_card":"summary_large_image","twitter_misc":{"Escrito por":"administrador","Tiempo de lectura":"3 minutos"},"schema":{"@context":"https:\/\/schema.org","@graph":[{"@type":"Article","@id":"https:\/\/mont-roig.cat\/es\/actualitat\/noticies\/el-pleno-del-ayuntamiento-debate-la-problematica-de-la-via-del-tren\/#article","isPartOf":{"@id":"https:\/\/mont-roig.cat\/es\/actualitat\/noticies\/el-pleno-del-ayuntamiento-debate-la-problematica-de-la-via-del-tren\/"},"author":{"name":"administrador","@id":"https:\/\/mont-roig.cat\/es\/#\/schema\/person\/f2b111789f22b7d0c3bd6786c9128cba"},"headline":"El Pleno del Ayuntamiento debate la problem\u00e1tica de la v\u00eda del tren","datePublished":"2015-07-08T15:00:29+00:00","mainEntityOfPage":{"@id":"https:\/\/mont-roig.cat\/es\/actualitat\/noticies\/el-pleno-del-ayuntamiento-debate-la-problematica-de-la-via-del-tren\/"},"wordCount":528,"commentCount":0,"image":{"@id":"https:\/\/mont-roig.cat\/es\/actualitat\/noticies\/el-pleno-del-ayuntamiento-debate-la-problematica-de-la-via-del-tren\/#primaryimage"},"thumbnailUrl":"https:\/\/mont-roig.cat\/wp-content\/uploads\/dscn6935.jpg","articleSection":["Ayuntamiento"],"inLanguage":"es"},{"@type":"WebPage","@id":"https:\/\/mont-roig.cat\/es\/actualitat\/noticies\/el-pleno-del-ayuntamiento-debate-la-problematica-de-la-via-del-tren\/","url":"https:\/\/mont-roig.cat\/es\/actualitat\/noticies\/el-pleno-del-ayuntamiento-debate-la-problematica-de-la-via-del-tren\/","name":"El Pleno del Ayuntamiento debate la problem\u00e1tica de la v\u00eda del tren - Ajuntament de Mont-roig del Camp","isPartOf":{"@id":"https:\/\/mont-roig.cat\/es\/#website"},"primaryImageOfPage":{"@id":"https:\/\/mont-roig.cat\/es\/actualitat\/noticies\/el-pleno-del-ayuntamiento-debate-la-problematica-de-la-via-del-tren\/#primaryimage"},"image":{"@id":"https:\/\/mont-roig.cat\/es\/actualitat\/noticies\/el-pleno-del-ayuntamiento-debate-la-problematica-de-la-via-del-tren\/#primaryimage"},"thumbnailUrl":"https:\/\/mont-roig.cat\/wp-content\/uploads\/dscn6935.jpg","datePublished":"2015-07-08T15:00:29+00:00","author":{"@id":"https:\/\/mont-roig.cat\/es\/#\/schema\/person\/f2b111789f22b7d0c3bd6786c9128cba"},"breadcrumb":{"@id":"https:\/\/mont-roig.cat\/es\/actualitat\/noticies\/el-pleno-del-ayuntamiento-debate-la-problematica-de-la-via-del-tren\/#breadcrumb"},"inLanguage":"es","potentialAction":[{"@type":"ReadAction","target":["https:\/\/mont-roig.cat\/es\/actualitat\/noticies\/el-pleno-del-ayuntamiento-debate-la-problematica-de-la-via-del-tren\/"]}]},{"@type":"ImageObject","inLanguage":"es","@id":"https:\/\/mont-roig.cat\/es\/actualitat\/noticies\/el-pleno-del-ayuntamiento-debate-la-problematica-de-la-via-del-tren\/#primaryimage","url":"https:\/\/mont-roig.cat\/wp-content\/uploads\/dscn6935.jpg","contentUrl":"https:\/\/mont-roig.cat\/wp-content\/uploads\/dscn6935.jpg","width":3264,"height":2448},{"@type":"BreadcrumbList","@id":"https:\/\/mont-roig.cat\/es\/actualitat\/noticies\/el-pleno-del-ayuntamiento-debate-la-problematica-de-la-via-del-tren\/#breadcrumb","itemListElement":[{"@type":"ListItem","position":1,"name":"Inici","item":"https:\/\/mont-roig.cat\/es\/pagina-de-inicio\/"},{"@type":"ListItem","position":2,"name":"El Pleno del Ayuntamiento debate la problem\u00e1tica de la v\u00eda del tren"}]},{"@type":"WebSite","@id":"https:\/\/mont-roig.cat\/es\/#website","url":"https:\/\/mont-roig.cat\/es\/","name":"Ajuntament de Mont-roig del Camp","description":"Tota la informaci\u00f3 sobre la instituci\u00f3, els seus \u00f2rgans de govern, actualitat, serveis i molt m\u00e9s.","potentialAction":[{"@type":"SearchAction","target":{"@type":"EntryPoint","urlTemplate":"https:\/\/mont-roig.cat\/es\/?s={search_term_string}"},"query-input":{"@type":"PropertyValueSpecification","valueRequired":true,"valueName":"search_term_string"}}],"inLanguage":"es"},{"@type":"Person","@id":"https:\/\/mont-roig.cat\/es\/#\/schema\/person\/f2b111789f22b7d0c3bd6786c9128cba","name":"administrador","image":{"@type":"ImageObject","inLanguage":"es","@id":"https:\/\/secure.gravatar.com\/avatar\/9137aac6891e2595c9d3036fd83bcb653b4db3c946db4c7d9b9be193c3c944bb?s=96&d=mm&r=g","url":"https:\/\/secure.gravatar.com\/avatar\/9137aac6891e2595c9d3036fd83bcb653b4db3c946db4c7d9b9be193c3c944bb?s=96&d=mm&r=g","contentUrl":"https:\/\/secure.gravatar.com\/avatar\/9137aac6891e2595c9d3036fd83bcb653b4db3c946db4c7d9b9be193c3c944bb?s=96&d=mm&r=g","caption":"administrador"},"url":"https:\/\/mont-roig.cat\/es\/actualitat\/noticies\/author\/administrador\/"}]}},"_links":{"self":[{"href":"https:\/\/mont-roig.cat\/es\/wp-json\/wp\/v2\/posts\/4548","targetHints":{"allow":["GET"]}}],"collection":[{"href":"https:\/\/mont-roig.cat\/es\/wp-json\/wp\/v2\/posts"}],"about":[{"href":"https:\/\/mont-roig.cat\/es\/wp-json\/wp\/v2\/types\/post"}],"author":[{"embeddable":true,"href":"https:\/\/mont-roig.cat\/es\/wp-json\/wp\/v2\/users\/4"}],"replies":[{"embeddable":true,"href":"https:\/\/mont-roig.cat\/es\/wp-json\/wp\/v2\/comments?post=4548"}],"version-history":[{"count":0,"href":"https:\/\/mont-roig.cat\/es\/wp-json\/wp\/v2\/posts\/4548\/revisions"}],"wp:featuredmedia":[{"embeddable":true,"href":"https:\/\/mont-roig.cat\/es\/wp-json\/wp\/v2\/media\/6871"}],"wp:attachment":[{"href":"https:\/\/mont-roig.cat\/es\/wp-json\/wp\/v2\/media?parent=4548"}],"wp:term":[{"taxonomy":"category","embeddable":true,"href":"https:\/\/mont-roig.cat\/es\/wp-json\/wp\/v2\/categories?post=4548"},{"taxonomy":"post_tag","embeddable":true,"href":"https:\/\/mont-roig.cat\/es\/wp-json\/wp\/v2\/tags?post=4548"}],"curies":[{"name":"wp","href":"https:\/\/api.w.org\/{rel}","templated":true}]}}