{"id":45487,"date":"2020-04-15T16:54:52","date_gmt":"2020-04-15T14:54:52","guid":{"rendered":"https:\/\/mont-roig.cat\/actualitat\/noticies\/lajuntament-de-mont-roig-del-camp-celebra-dema-la-primera-sessio-plenaria-per-via-telematica\/"},"modified":"2020-04-15T17:00:36","modified_gmt":"2020-04-15T15:00:36","slug":"el-ayuntamiento-de-mont-roig-del-camp-celebra-manana-la-primera-sesion-plenaria-por-via-telematica","status":"publish","type":"post","link":"https:\/\/mont-roig.cat\/es\/actualitat\/noticies\/el-ayuntamiento-de-mont-roig-del-camp-celebra-manana-la-primera-sesion-plenaria-por-via-telematica\/","title":{"rendered":"El Ayuntamiento de Mont-roig del Camp celebra ma\u00f1ana la primera sesi\u00f3n plenaria por v\u00eda telem\u00e1tica"},"content":{"rendered":"<ul>\n<li><strong>Se trata de un pleno extraordinario y urgente, con los concejales conectados en l\u00ednea desde sus domicilios, dadas las circunstancias excepcionales provocadas por el Covid-19<\/strong><\/li>\n<li><strong>El Pleno, que se retransmitir\u00e1 en directo a trav\u00e9s del <a href=\"https:\/\/www.youtube.com\/channel\/UCJ0clv6JlulrdOvRXHjAgKA?view_as=subscriber\" target=\"_blank\" rel=\"noopener noreferrer\">Canal Youtube del Ayuntamiento<\/a>, tiene previsto aprobar la celebraci\u00f3n de las sesiones plenarias telem\u00e1ticas durante la vigencia del estado de alarma, as\u00ed como avanzar en temas estrat\u00e9gicos para el funcionamiento del municipio<\/strong><\/li>\n<\/ul>\n<p><a href=\"https:\/\/mont-roig.cat\/wp-content\/uploads\/mont-roig_logotip_2tintes.jpg\"><img loading=\"lazy\" decoding=\"async\" class=\"alignright wp-image-36962\" src=\"https:\/\/mont-roig.cat\/wp-content\/uploads\/mont-roig_logotip_2tintes-500x355.jpg\" alt=\"\" width=\"315\" height=\"224\" \/><\/a>El Ayuntamiento de Mont-roig del Camp celebrar\u00e1 ma\u00f1ana jueves 16 de abril, a las 12 h, una sesi\u00f3n plenaria extraordinaria y urgente, que se efectuar\u00e1, por primera vez, de forma telem\u00e1tica.<\/p>\n<p>El Pleno se podr\u00e1 seguir en directo a trav\u00e9s del\u00a0<a href=\"https:\/\/www.youtube.com\/channel\/UCJ0clv6JlulrdOvRXHjAgKA?view_as=subscriber\" target=\"_blank\" rel=\"noopener noreferrer\">Canal Youtube del Ayuntamiento<\/a> y contar\u00e1 con la participaci\u00f3n de los concejales conectados en l\u00ednea desde sus domicilios.<\/p>\n<p>El objetivo es poder avanzar en aquellos t\u00e9rminos que son estrat\u00e9gicos para el funcionamiento del municipio y no detener las decisiones durante el tiempo que pueda estar vigente el estado de alarma o las restricciones de movilidad y contacto social debido a la emergencia sanitaria provocada por Covid-19.<\/p>\n<p><strong>Luz verde a las sesiones telem\u00e1ticas<\/strong><\/p>\n<p>El primer punto del orden del d\u00eda ser\u00e1, precisamente, aprobar la celebraci\u00f3n y adopci\u00f3n de los acuerdos del Pleno a distancia, por v\u00eda telem\u00e1tica, durante la vigencia del estado de alarma. Esta propuesta llega coincidiendo con el reciente cambio normativo que se ha producido en la Ley de Bases del R\u00e9gimen Local y que da luz verde, de forma expl\u00edcita, a la celebraci\u00f3n de estos \u00f3rganos de gobierno a trav\u00e9s de la teleasistencia de sus concejales\/as.<\/p>\n<p><strong>Temas estrat\u00e9gicos para el funcionamiento del municipio<\/strong><\/p>\n<p>La sesi\u00f3n plenaria servir\u00e1 tambi\u00e9n para dar continuidad a la aprobaci\u00f3n del presupuesto general del ejercicio 2020. Recordemos que el presupuesto municipal para este a\u00f1o se aprob\u00f3 inicialmente en la sesi\u00f3n plenaria del d\u00eda 21 de febrero y estaba en periodo de exposici\u00f3n p\u00fablica cuando se decret\u00f3 el estado de alarma. Este hecho paraliz\u00f3 el c\u00f3mputo de d\u00edas en que debe permanecer en exposici\u00f3n p\u00fablica, antes de quedar definitivamente aprobado en caso de no haber alegaciones.<\/p>\n<p>En esta ocasi\u00f3n el plenario tiene previsto levantar esta suspensi\u00f3n de los plazos, teniendo en cuenta que el mismo decreto de estado de alarma permite, de forma motivada, que los \u00f3rganos de gobierno puedan levantar la suspensi\u00f3n por razones de inter\u00e9s general. En este sentido, la aprobaci\u00f3n del presupuesto de 2020 de forma definitiva es un requerimiento necesario para poder normalizar los gastos que se est\u00e1n originando relacionados con la emergencia sanitaria, econ\u00f3mica y social del coronavirus, entre otras cuestiones. As\u00ed pues, una vez efectuado este tr\u00e1mite, en pocos d\u00edas el presupuesto de 2020 quedar\u00e1 definitivamente aprobado.<\/p>\n<p>Finalmente, el tercer punto del orden del d\u00eda ser\u00e1 levantar tambi\u00e9n la suspensi\u00f3n del plazo de informaci\u00f3n p\u00fablica en relaci\u00f3n con la cesi\u00f3n a la Generalitat de los terrenos del Instituto de Ense\u00f1anza Secundaria de Miami Platja. Este punto permitir\u00e1 avanzar en esta tramitaci\u00f3n por el hecho de tratarse tambi\u00e9n de otro tema estrat\u00e9gico para el futuro desarrollo del municipio.<\/p>\n<p>Pod\u00e9is consultar el orden del d\u00eda <a href=\"https:\/\/mont-roig.cat\/wp-content\/uploads\/20200415_Resoluci\u00f3_DECRET-2020-0950-MODIFICAR-DECRET-CONVOCAT\u00d2RIA-PLE-EXTRAORDINARI-I-URGENT.pdf\" target=\"_blank\" rel=\"noopener noreferrer\">en este enlace<\/a>.<\/p>\n","protected":false},"excerpt":{"rendered":"<p>Se trata de un pleno extraordinario y urgente, con los concejales conectados en l\u00ednea desde sus domicilios, dadas las circunstancias excepcionales provocadas por el Covid-19 El Pleno, que se retransmitir\u00e1 en directo a trav\u00e9s del Canal Youtube del Ayuntamiento, tiene previsto aprobar la celebraci\u00f3n de las sesiones plenarias telem\u00e1ticas durante la vigencia del estado de [&hellip;]<\/p>\n","protected":false},"author":4,"featured_media":0,"comment_status":"closed","ping_status":"closed","sticky":false,"template":"","format":"standard","meta":{"inline_featured_image":false,"_monsterinsights_skip_tracking":false,"_monsterinsights_sitenote_active":false,"_monsterinsights_sitenote_note":"","_monsterinsights_sitenote_category":0,"footnotes":""},"categories":[98,178,186],"tags":[],"class_list":["post-45487","post","type-post","status-publish","format-standard","hentry","category-ayuntamiento","category-coronavirus","category-coronavirus-otras"],"yoast_head":"<!-- This site is optimized with the Yoast SEO plugin v27.4 - https:\/\/yoast.com\/product\/yoast-seo-wordpress\/ -->\n<title>El Ayuntamiento de Mont-roig del Camp celebra ma\u00f1ana la primera sesi\u00f3n plenaria por v\u00eda telem\u00e1tica - Ajuntament de Mont-roig del Camp<\/title>\n<meta name=\"robots\" content=\"index, follow, max-snippet:-1, max-image-preview:large, max-video-preview:-1\" \/>\n<link rel=\"canonical\" href=\"https:\/\/mont-roig.cat\/es\/actualitat\/noticies\/el-ayuntamiento-de-mont-roig-del-camp-celebra-manana-la-primera-sesion-plenaria-por-via-telematica\/\" \/>\n<meta property=\"og:locale\" content=\"es_ES\" \/>\n<meta property=\"og:type\" content=\"article\" \/>\n<meta property=\"og:title\" content=\"El Ayuntamiento de Mont-roig del Camp celebra ma\u00f1ana la primera sesi\u00f3n plenaria por v\u00eda telem\u00e1tica - Ajuntament de Mont-roig del Camp\" \/>\n<meta property=\"og:description\" content=\"Se trata de un pleno extraordinario y urgente, con los concejales conectados en l\u00ednea desde sus domicilios, dadas las circunstancias excepcionales provocadas por el Covid-19 El Pleno, que se retransmitir\u00e1 en directo a trav\u00e9s del Canal Youtube del Ayuntamiento, tiene previsto aprobar la celebraci\u00f3n de las sesiones plenarias telem\u00e1ticas durante la vigencia del estado de [&hellip;]\" \/>\n<meta property=\"og:url\" content=\"https:\/\/mont-roig.cat\/es\/actualitat\/noticies\/el-ayuntamiento-de-mont-roig-del-camp-celebra-manana-la-primera-sesion-plenaria-por-via-telematica\/\" \/>\n<meta property=\"og:site_name\" content=\"Ajuntament de Mont-roig del Camp\" \/>\n<meta property=\"article:published_time\" content=\"2020-04-15T14:54:52+00:00\" \/>\n<meta property=\"article:modified_time\" content=\"2020-04-15T15:00:36+00:00\" \/>\n<meta property=\"og:image\" content=\"https:\/\/mont-roig.cat\/wp-content\/uploads\/mont-roig_logotip_2tintes.jpg\" \/>\n\t<meta property=\"og:image:width\" content=\"1134\" \/>\n\t<meta property=\"og:image:height\" content=\"806\" \/>\n\t<meta property=\"og:image:type\" content=\"image\/jpeg\" \/>\n<meta name=\"author\" content=\"administrador\" \/>\n<meta name=\"twitter:card\" content=\"summary_large_image\" \/>\n<meta name=\"twitter:label1\" content=\"Escrito por\" \/>\n\t<meta name=\"twitter:data1\" content=\"administrador\" \/>\n\t<meta name=\"twitter:label2\" content=\"Tiempo de lectura\" \/>\n\t<meta name=\"twitter:data2\" content=\"3 minutos\" \/>\n<script type=\"application\/ld+json\" class=\"yoast-schema-graph\">{\"@context\":\"https:\\\/\\\/schema.org\",\"@graph\":[{\"@type\":\"Article\",\"@id\":\"https:\\\/\\\/mont-roig.cat\\\/es\\\/actualitat\\\/noticies\\\/el-ayuntamiento-de-mont-roig-del-camp-celebra-manana-la-primera-sesion-plenaria-por-via-telematica\\\/#article\",\"isPartOf\":{\"@id\":\"https:\\\/\\\/mont-roig.cat\\\/es\\\/actualitat\\\/noticies\\\/el-ayuntamiento-de-mont-roig-del-camp-celebra-manana-la-primera-sesion-plenaria-por-via-telematica\\\/\"},\"author\":{\"name\":\"administrador\",\"@id\":\"https:\\\/\\\/mont-roig.cat\\\/es\\\/#\\\/schema\\\/person\\\/f2b111789f22b7d0c3bd6786c9128cba\"},\"headline\":\"El Ayuntamiento de Mont-roig del Camp celebra ma\u00f1ana la primera sesi\u00f3n plenaria por v\u00eda telem\u00e1tica\",\"datePublished\":\"2020-04-15T14:54:52+00:00\",\"dateModified\":\"2020-04-15T15:00:36+00:00\",\"mainEntityOfPage\":{\"@id\":\"https:\\\/\\\/mont-roig.cat\\\/es\\\/actualitat\\\/noticies\\\/el-ayuntamiento-de-mont-roig-del-camp-celebra-manana-la-primera-sesion-plenaria-por-via-telematica\\\/\"},\"wordCount\":577,\"image\":{\"@id\":\"https:\\\/\\\/mont-roig.cat\\\/es\\\/actualitat\\\/noticies\\\/el-ayuntamiento-de-mont-roig-del-camp-celebra-manana-la-primera-sesion-plenaria-por-via-telematica\\\/#primaryimage\"},\"thumbnailUrl\":\"https:\\\/\\\/mont-roig.cat\\\/wp-content\\\/uploads\\\/mont-roig_logotip_2tintes-500x355.jpg\",\"articleSection\":[\"Ayuntamiento\",\"Coronavirus\",\"Coronavirus - otras medidas\"],\"inLanguage\":\"es\"},{\"@type\":\"WebPage\",\"@id\":\"https:\\\/\\\/mont-roig.cat\\\/es\\\/actualitat\\\/noticies\\\/el-ayuntamiento-de-mont-roig-del-camp-celebra-manana-la-primera-sesion-plenaria-por-via-telematica\\\/\",\"url\":\"https:\\\/\\\/mont-roig.cat\\\/es\\\/actualitat\\\/noticies\\\/el-ayuntamiento-de-mont-roig-del-camp-celebra-manana-la-primera-sesion-plenaria-por-via-telematica\\\/\",\"name\":\"El Ayuntamiento de Mont-roig del Camp celebra ma\u00f1ana la primera sesi\u00f3n plenaria por v\u00eda telem\u00e1tica - Ajuntament de Mont-roig del Camp\",\"isPartOf\":{\"@id\":\"https:\\\/\\\/mont-roig.cat\\\/es\\\/#website\"},\"primaryImageOfPage\":{\"@id\":\"https:\\\/\\\/mont-roig.cat\\\/es\\\/actualitat\\\/noticies\\\/el-ayuntamiento-de-mont-roig-del-camp-celebra-manana-la-primera-sesion-plenaria-por-via-telematica\\\/#primaryimage\"},\"image\":{\"@id\":\"https:\\\/\\\/mont-roig.cat\\\/es\\\/actualitat\\\/noticies\\\/el-ayuntamiento-de-mont-roig-del-camp-celebra-manana-la-primera-sesion-plenaria-por-via-telematica\\\/#primaryimage\"},\"thumbnailUrl\":\"https:\\\/\\\/mont-roig.cat\\\/wp-content\\\/uploads\\\/mont-roig_logotip_2tintes-500x355.jpg\",\"datePublished\":\"2020-04-15T14:54:52+00:00\",\"dateModified\":\"2020-04-15T15:00:36+00:00\",\"author\":{\"@id\":\"https:\\\/\\\/mont-roig.cat\\\/es\\\/#\\\/schema\\\/person\\\/f2b111789f22b7d0c3bd6786c9128cba\"},\"breadcrumb\":{\"@id\":\"https:\\\/\\\/mont-roig.cat\\\/es\\\/actualitat\\\/noticies\\\/el-ayuntamiento-de-mont-roig-del-camp-celebra-manana-la-primera-sesion-plenaria-por-via-telematica\\\/#breadcrumb\"},\"inLanguage\":\"es\",\"potentialAction\":[{\"@type\":\"ReadAction\",\"target\":[\"https:\\\/\\\/mont-roig.cat\\\/es\\\/actualitat\\\/noticies\\\/el-ayuntamiento-de-mont-roig-del-camp-celebra-manana-la-primera-sesion-plenaria-por-via-telematica\\\/\"]}]},{\"@type\":\"ImageObject\",\"inLanguage\":\"es\",\"@id\":\"https:\\\/\\\/mont-roig.cat\\\/es\\\/actualitat\\\/noticies\\\/el-ayuntamiento-de-mont-roig-del-camp-celebra-manana-la-primera-sesion-plenaria-por-via-telematica\\\/#primaryimage\",\"url\":\"https:\\\/\\\/mont-roig.cat\\\/wp-content\\\/uploads\\\/mont-roig_logotip_2tintes-500x355.jpg\",\"contentUrl\":\"https:\\\/\\\/mont-roig.cat\\\/wp-content\\\/uploads\\\/mont-roig_logotip_2tintes-500x355.jpg\"},{\"@type\":\"BreadcrumbList\",\"@id\":\"https:\\\/\\\/mont-roig.cat\\\/es\\\/actualitat\\\/noticies\\\/el-ayuntamiento-de-mont-roig-del-camp-celebra-manana-la-primera-sesion-plenaria-por-via-telematica\\\/#breadcrumb\",\"itemListElement\":[{\"@type\":\"ListItem\",\"position\":1,\"name\":\"Inici\",\"item\":\"https:\\\/\\\/mont-roig.cat\\\/es\\\/pagina-de-inicio\\\/\"},{\"@type\":\"ListItem\",\"position\":2,\"name\":\"El Ayuntamiento de Mont-roig del Camp celebra ma\u00f1ana la primera sesi\u00f3n plenaria por v\u00eda telem\u00e1tica\"}]},{\"@type\":\"WebSite\",\"@id\":\"https:\\\/\\\/mont-roig.cat\\\/es\\\/#website\",\"url\":\"https:\\\/\\\/mont-roig.cat\\\/es\\\/\",\"name\":\"Ajuntament de Mont-roig del Camp\",\"description\":\"Tota la informaci\u00f3 sobre la instituci\u00f3, els seus \u00f2rgans de govern, actualitat, serveis i molt m\u00e9s.\",\"potentialAction\":[{\"@type\":\"SearchAction\",\"target\":{\"@type\":\"EntryPoint\",\"urlTemplate\":\"https:\\\/\\\/mont-roig.cat\\\/es\\\/?s={search_term_string}\"},\"query-input\":{\"@type\":\"PropertyValueSpecification\",\"valueRequired\":true,\"valueName\":\"search_term_string\"}}],\"inLanguage\":\"es\"},{\"@type\":\"Person\",\"@id\":\"https:\\\/\\\/mont-roig.cat\\\/es\\\/#\\\/schema\\\/person\\\/f2b111789f22b7d0c3bd6786c9128cba\",\"name\":\"administrador\",\"image\":{\"@type\":\"ImageObject\",\"inLanguage\":\"es\",\"@id\":\"https:\\\/\\\/secure.gravatar.com\\\/avatar\\\/9137aac6891e2595c9d3036fd83bcb653b4db3c946db4c7d9b9be193c3c944bb?s=96&d=mm&r=g\",\"url\":\"https:\\\/\\\/secure.gravatar.com\\\/avatar\\\/9137aac6891e2595c9d3036fd83bcb653b4db3c946db4c7d9b9be193c3c944bb?s=96&d=mm&r=g\",\"contentUrl\":\"https:\\\/\\\/secure.gravatar.com\\\/avatar\\\/9137aac6891e2595c9d3036fd83bcb653b4db3c946db4c7d9b9be193c3c944bb?s=96&d=mm&r=g\",\"caption\":\"administrador\"},\"url\":\"https:\\\/\\\/mont-roig.cat\\\/es\\\/actualitat\\\/noticies\\\/author\\\/administrador\\\/\"}]}<\/script>\n<!-- \/ Yoast SEO plugin. -->","yoast_head_json":{"title":"El Ayuntamiento de Mont-roig del Camp celebra ma\u00f1ana la primera sesi\u00f3n plenaria por v\u00eda telem\u00e1tica - Ajuntament de Mont-roig del Camp","robots":{"index":"index","follow":"follow","max-snippet":"max-snippet:-1","max-image-preview":"max-image-preview:large","max-video-preview":"max-video-preview:-1"},"canonical":"https:\/\/mont-roig.cat\/es\/actualitat\/noticies\/el-ayuntamiento-de-mont-roig-del-camp-celebra-manana-la-primera-sesion-plenaria-por-via-telematica\/","og_locale":"es_ES","og_type":"article","og_title":"El Ayuntamiento de Mont-roig del Camp celebra ma\u00f1ana la primera sesi\u00f3n plenaria por v\u00eda telem\u00e1tica - Ajuntament de Mont-roig del Camp","og_description":"Se trata de un pleno extraordinario y urgente, con los concejales conectados en l\u00ednea desde sus domicilios, dadas las circunstancias excepcionales provocadas por el Covid-19 El Pleno, que se retransmitir\u00e1 en directo a trav\u00e9s del Canal Youtube del Ayuntamiento, tiene previsto aprobar la celebraci\u00f3n de las sesiones plenarias telem\u00e1ticas durante la vigencia del estado de [&hellip;]","og_url":"https:\/\/mont-roig.cat\/es\/actualitat\/noticies\/el-ayuntamiento-de-mont-roig-del-camp-celebra-manana-la-primera-sesion-plenaria-por-via-telematica\/","og_site_name":"Ajuntament de Mont-roig del Camp","article_published_time":"2020-04-15T14:54:52+00:00","article_modified_time":"2020-04-15T15:00:36+00:00","og_image":[{"width":1134,"height":806,"url":"https:\/\/mont-roig.cat\/wp-content\/uploads\/mont-roig_logotip_2tintes.jpg","type":"image\/jpeg"}],"author":"administrador","twitter_card":"summary_large_image","twitter_misc":{"Escrito por":"administrador","Tiempo de lectura":"3 minutos"},"schema":{"@context":"https:\/\/schema.org","@graph":[{"@type":"Article","@id":"https:\/\/mont-roig.cat\/es\/actualitat\/noticies\/el-ayuntamiento-de-mont-roig-del-camp-celebra-manana-la-primera-sesion-plenaria-por-via-telematica\/#article","isPartOf":{"@id":"https:\/\/mont-roig.cat\/es\/actualitat\/noticies\/el-ayuntamiento-de-mont-roig-del-camp-celebra-manana-la-primera-sesion-plenaria-por-via-telematica\/"},"author":{"name":"administrador","@id":"https:\/\/mont-roig.cat\/es\/#\/schema\/person\/f2b111789f22b7d0c3bd6786c9128cba"},"headline":"El Ayuntamiento de Mont-roig del Camp celebra ma\u00f1ana la primera sesi\u00f3n plenaria por v\u00eda telem\u00e1tica","datePublished":"2020-04-15T14:54:52+00:00","dateModified":"2020-04-15T15:00:36+00:00","mainEntityOfPage":{"@id":"https:\/\/mont-roig.cat\/es\/actualitat\/noticies\/el-ayuntamiento-de-mont-roig-del-camp-celebra-manana-la-primera-sesion-plenaria-por-via-telematica\/"},"wordCount":577,"image":{"@id":"https:\/\/mont-roig.cat\/es\/actualitat\/noticies\/el-ayuntamiento-de-mont-roig-del-camp-celebra-manana-la-primera-sesion-plenaria-por-via-telematica\/#primaryimage"},"thumbnailUrl":"https:\/\/mont-roig.cat\/wp-content\/uploads\/mont-roig_logotip_2tintes-500x355.jpg","articleSection":["Ayuntamiento","Coronavirus","Coronavirus - otras medidas"],"inLanguage":"es"},{"@type":"WebPage","@id":"https:\/\/mont-roig.cat\/es\/actualitat\/noticies\/el-ayuntamiento-de-mont-roig-del-camp-celebra-manana-la-primera-sesion-plenaria-por-via-telematica\/","url":"https:\/\/mont-roig.cat\/es\/actualitat\/noticies\/el-ayuntamiento-de-mont-roig-del-camp-celebra-manana-la-primera-sesion-plenaria-por-via-telematica\/","name":"El Ayuntamiento de Mont-roig del Camp celebra ma\u00f1ana la primera sesi\u00f3n plenaria por v\u00eda telem\u00e1tica - Ajuntament de Mont-roig del Camp","isPartOf":{"@id":"https:\/\/mont-roig.cat\/es\/#website"},"primaryImageOfPage":{"@id":"https:\/\/mont-roig.cat\/es\/actualitat\/noticies\/el-ayuntamiento-de-mont-roig-del-camp-celebra-manana-la-primera-sesion-plenaria-por-via-telematica\/#primaryimage"},"image":{"@id":"https:\/\/mont-roig.cat\/es\/actualitat\/noticies\/el-ayuntamiento-de-mont-roig-del-camp-celebra-manana-la-primera-sesion-plenaria-por-via-telematica\/#primaryimage"},"thumbnailUrl":"https:\/\/mont-roig.cat\/wp-content\/uploads\/mont-roig_logotip_2tintes-500x355.jpg","datePublished":"2020-04-15T14:54:52+00:00","dateModified":"2020-04-15T15:00:36+00:00","author":{"@id":"https:\/\/mont-roig.cat\/es\/#\/schema\/person\/f2b111789f22b7d0c3bd6786c9128cba"},"breadcrumb":{"@id":"https:\/\/mont-roig.cat\/es\/actualitat\/noticies\/el-ayuntamiento-de-mont-roig-del-camp-celebra-manana-la-primera-sesion-plenaria-por-via-telematica\/#breadcrumb"},"inLanguage":"es","potentialAction":[{"@type":"ReadAction","target":["https:\/\/mont-roig.cat\/es\/actualitat\/noticies\/el-ayuntamiento-de-mont-roig-del-camp-celebra-manana-la-primera-sesion-plenaria-por-via-telematica\/"]}]},{"@type":"ImageObject","inLanguage":"es","@id":"https:\/\/mont-roig.cat\/es\/actualitat\/noticies\/el-ayuntamiento-de-mont-roig-del-camp-celebra-manana-la-primera-sesion-plenaria-por-via-telematica\/#primaryimage","url":"https:\/\/mont-roig.cat\/wp-content\/uploads\/mont-roig_logotip_2tintes-500x355.jpg","contentUrl":"https:\/\/mont-roig.cat\/wp-content\/uploads\/mont-roig_logotip_2tintes-500x355.jpg"},{"@type":"BreadcrumbList","@id":"https:\/\/mont-roig.cat\/es\/actualitat\/noticies\/el-ayuntamiento-de-mont-roig-del-camp-celebra-manana-la-primera-sesion-plenaria-por-via-telematica\/#breadcrumb","itemListElement":[{"@type":"ListItem","position":1,"name":"Inici","item":"https:\/\/mont-roig.cat\/es\/pagina-de-inicio\/"},{"@type":"ListItem","position":2,"name":"El Ayuntamiento de Mont-roig del Camp celebra ma\u00f1ana la primera sesi\u00f3n plenaria por v\u00eda telem\u00e1tica"}]},{"@type":"WebSite","@id":"https:\/\/mont-roig.cat\/es\/#website","url":"https:\/\/mont-roig.cat\/es\/","name":"Ajuntament de Mont-roig del Camp","description":"Tota la informaci\u00f3 sobre la instituci\u00f3, els seus \u00f2rgans de govern, actualitat, serveis i molt m\u00e9s.","potentialAction":[{"@type":"SearchAction","target":{"@type":"EntryPoint","urlTemplate":"https:\/\/mont-roig.cat\/es\/?s={search_term_string}"},"query-input":{"@type":"PropertyValueSpecification","valueRequired":true,"valueName":"search_term_string"}}],"inLanguage":"es"},{"@type":"Person","@id":"https:\/\/mont-roig.cat\/es\/#\/schema\/person\/f2b111789f22b7d0c3bd6786c9128cba","name":"administrador","image":{"@type":"ImageObject","inLanguage":"es","@id":"https:\/\/secure.gravatar.com\/avatar\/9137aac6891e2595c9d3036fd83bcb653b4db3c946db4c7d9b9be193c3c944bb?s=96&d=mm&r=g","url":"https:\/\/secure.gravatar.com\/avatar\/9137aac6891e2595c9d3036fd83bcb653b4db3c946db4c7d9b9be193c3c944bb?s=96&d=mm&r=g","contentUrl":"https:\/\/secure.gravatar.com\/avatar\/9137aac6891e2595c9d3036fd83bcb653b4db3c946db4c7d9b9be193c3c944bb?s=96&d=mm&r=g","caption":"administrador"},"url":"https:\/\/mont-roig.cat\/es\/actualitat\/noticies\/author\/administrador\/"}]}},"_links":{"self":[{"href":"https:\/\/mont-roig.cat\/es\/wp-json\/wp\/v2\/posts\/45487","targetHints":{"allow":["GET"]}}],"collection":[{"href":"https:\/\/mont-roig.cat\/es\/wp-json\/wp\/v2\/posts"}],"about":[{"href":"https:\/\/mont-roig.cat\/es\/wp-json\/wp\/v2\/types\/post"}],"author":[{"embeddable":true,"href":"https:\/\/mont-roig.cat\/es\/wp-json\/wp\/v2\/users\/4"}],"replies":[{"embeddable":true,"href":"https:\/\/mont-roig.cat\/es\/wp-json\/wp\/v2\/comments?post=45487"}],"version-history":[{"count":2,"href":"https:\/\/mont-roig.cat\/es\/wp-json\/wp\/v2\/posts\/45487\/revisions"}],"predecessor-version":[{"id":45488,"href":"https:\/\/mont-roig.cat\/es\/wp-json\/wp\/v2\/posts\/45487\/revisions\/45488"}],"wp:attachment":[{"href":"https:\/\/mont-roig.cat\/es\/wp-json\/wp\/v2\/media?parent=45487"}],"wp:term":[{"taxonomy":"category","embeddable":true,"href":"https:\/\/mont-roig.cat\/es\/wp-json\/wp\/v2\/categories?post=45487"},{"taxonomy":"post_tag","embeddable":true,"href":"https:\/\/mont-roig.cat\/es\/wp-json\/wp\/v2\/tags?post=45487"}],"curies":[{"name":"wp","href":"https:\/\/api.w.org\/{rel}","templated":true}]}}